{"id":26355,"date":"2025-08-21T17:28:13","date_gmt":"2025-08-21T20:28:13","guid":{"rendered":"https:\/\/sulsc.com\/?p=26355"},"modified":"2025-08-21T17:28:13","modified_gmt":"2025-08-21T20:28:13","slug":"capivari-de-baixo-codema-realiza-reuniao-extraordinaria-para-fortalecer-estrutura-ambiental-na-cidade","status":"publish","type":"post","link":"https:\/\/sulsc.com\/index.php\/2025\/08\/21\/capivari-de-baixo-codema-realiza-reuniao-extraordinaria-para-fortalecer-estrutura-ambiental-na-cidade\/","title":{"rendered":"Capivari de Baixo &#8211; CODEMA realiza reuni\u00e3o extraordin\u00e1ria para fortalecer estrutura ambiental na cidade"},"content":{"rendered":"<p>Prestes a completar 33 anos, o Conselho Municipal de Defesa do Meio Ambiente (CONDEMA) \u00e9 um \u00f3rg\u00e3o deliberativo, fiscalizador e de assessoramento ao Poder Executivo, com a miss\u00e3o de promover o desenvolvimento sustent\u00e1vel do munic\u00edpio.<\/p>\n<p>Na manh\u00e3 da \u00faltima quarta-feira (20), o Conselho Municipal de Meio Ambiente de Capivari de Baixo \u2013 CONDEMA promoveu uma reuni\u00e3o extraordin\u00e1ria para tratar do aprimoramento do funcionamento do pr\u00f3prio Conselho e tratativas a respeito do Fundo Municipal de Meio Ambiente.<\/p>\n<p>Durante o encontro, foram discutidas propostas voltadas \u00e0 melhoria da estrutura administrativa e or\u00e7ament\u00e1ria dos \u00f3rg\u00e3os, com o objetivo de otimizar a gest\u00e3o dos recursos ambientais do munic\u00edpio. Os conselheiros refor\u00e7aram a necessidade de implantar mecanismos que garantam o pleno funcionamento do CONDEMA e do Fundo, solicitando ainda a inclus\u00e3o dessas demandas no Plano Plurianual (PPA) 2026\u20132029, que est\u00e1 em elabora\u00e7\u00e3o no munic\u00edpio.<\/p>\n<div id=\"metaslider-id-25573\" style=\"width: 100%;\" class=\"ml-slider-3-99-0 metaslider metaslider-flex metaslider-25573 ml-slider has-onhover-arrows ms-theme-default-base has-dots-nav\" role=\"region\" aria-label=\"Meio\" data-width=\"1200\">\n    <div id=\"metaslider_container_25573\">\n        <div id=\"metaslider_25573\">\n            <ul class='slides'>\n                <li style=\"display: block; width: 100%;\" class=\"slide-25684 ms-image \" aria-roledescription=\"slide\" data-date=\"2025-07-24 07:55:40\"><img src=\"https:\/\/sulsc.com\/wp-content\/uploads\/2025\/07\/Marr-2-1000x166.jpg\" height=\"200\" width=\"1200\" alt=\"\" class=\"slider-25573 slide-25684 msDefaultImage\" title=\"Marr 2\" \/><\/li>\n                <li style=\"display: none; width: 100%;\" class=\"slide-32412 ms-image \" aria-roledescription=\"slide\" data-date=\"2026-02-18 13:59:46\"><img src=\"https:\/\/sulsc.com\/wp-content\/uploads\/2026\/02\/40dc1580-cad5-4867-bc58-c4243821ad38-1000x166.jpeg\" height=\"200\" width=\"1200\" alt=\"\" class=\"slider-25573 slide-32412 msDefaultImage\" title=\"40dc1580-cad5-4867-bc58-c4243821ad38\" \/><\/li>\n                <li style=\"display: none; width: 100%;\" class=\"slide-32766 ms-image \" aria-roledescription=\"slide\" data-date=\"2026-03-03 17:22:59\"><img src=\"https:\/\/sulsc.com\/wp-content\/uploads\/2026\/03\/271ce739-f268-41c5-8051-3de1a1750359-1000x166.jpeg\" height=\"200\" width=\"1200\" alt=\"\" class=\"slider-25573 slide-32766 msDefaultImage\" title=\"271ce739-f268-41c5-8051-3de1a1750359\" \/><\/li>\n            <\/ul>\n        <\/div>\n        \n    <\/div>\n<\/div>\n<p>A iniciativa busca assegurar o cumprimento das obriga\u00e7\u00f5es legais e responder de forma estruturada \u00e0s crescentes demandas ambientais de Capivari de Baixo. Estiveram no encontro os representantes das seguintes entidades: C\u00e2mara de Dirigentes Lojistas de Capivari de Baixo; Centro Universit\u00e1rio Univinte; Associa\u00e7\u00e3o Regional de Engenheiros e Arquitetos do Vale do Rio Tubar\u00e3o \u2013 AREA\/TB; Conselho Regional de Engenharia- CREA\/SC; Policia Militar Ambiental \u2013 PMA; Cons\u00f3rcio Saneamento Capivari; Empresa de Pesquisa Agropecu\u00e1ria e Extens\u00e3o Rural de SC \u2013 EPAGRI; Secretaria de Desenvolvimento Econ\u00f4mico e Tecnologia; Secretaria Municipal de Infraestrutura, Mobilidade e Seguran\u00e7a; Secretaria Municipal de Sa\u00fade; Secretaria Municipal de Gest\u00e3o e Fazenda.<\/p>\n<p>Prestes a completar 33 anos, o Conselho Municipal de Defesa do Meio Ambiente (CONDEMA) \u00e9 um \u00f3rg\u00e3o deliberativo, fiscalizador e de assessoramento ao Poder Executivo, com a miss\u00e3o de promover o desenvolvimento sustent\u00e1vel do munic\u00edpio.<\/p>\n<p><strong>A presidente do CONDEMA,<\/strong> Renata Porto Morais, refor\u00e7a a import\u00e2ncia da atua\u00e7\u00e3o do \u00f3rg\u00e3o. <strong>\u201c<\/strong>Para que possa cumprir plenamente seu papel e contribuir de forma efetiva com a gest\u00e3o ambiental municipal, \u00e9 fundamental que o CONDEMA tenha sua estrutura de funcionamento fortalecida e garantida. Da mesma forma, o Fundo Municipal de Meio Ambiente (FMA) precisa de aten\u00e7\u00e3o e aprimoramento, para que possa ser um instrumento eficaz de apoio \u00e0s pol\u00edticas p\u00fablicas ambientais<strong>\u201d, refor\u00e7a Renata.<\/strong><\/p>\n<p><img fetchpriority=\"high\" decoding=\"async\" class=\"aligncenter size-full wp-image-26356\" src=\"http:\/\/sulsc.com\/wp-content\/uploads\/2025\/08\/a-19.png\" alt=\"\" width=\"800\" height=\"445\" srcset=\"https:\/\/sulsc.com\/wp-content\/uploads\/2025\/08\/a-19.png 800w, https:\/\/sulsc.com\/wp-content\/uploads\/2025\/08\/a-19-300x167.png 300w, https:\/\/sulsc.com\/wp-content\/uploads\/2025\/08\/a-19-768x427.png 768w\" sizes=\"(max-width: 800px) 100vw, 800px\" \/><\/p>\n<p style=\"text-align: center;\"><strong>Divulga\u00e7\u00e3o\/SulSC<\/strong><\/p>\n<p>Fonte: Assessoria de Comunica\u00e7\u00e3o PMCB<\/p>\n","protected":false},"excerpt":{"rendered":"<p>Prestes a completar 33 anos, o Conselho Municipal de Defesa do Meio Ambiente (CONDEMA) \u00e9 um \u00f3rg\u00e3o deliberativo, fiscalizador e de assessoramento ao Poder Executivo, com a miss\u00e3o de promover o desenvolvimento sustent\u00e1vel do munic\u00edpio. Na manh\u00e3 da \u00faltima quarta-feira (20), o Conselho Municipal de Meio Ambiente de Capivari de Baixo \u2013 CONDEMA promoveu uma &hellip;<\/p>\n<p class=\"read-more\"> <a class=\"\" href=\"https:\/\/sulsc.com\/index.php\/2025\/08\/21\/capivari-de-baixo-codema-realiza-reuniao-extraordinaria-para-fortalecer-estrutura-ambiental-na-cidade\/\"> <span class=\"screen-reader-text\">Capivari de Baixo &#8211; CODEMA realiza reuni\u00e3o extraordin\u00e1ria para fortalecer estrutura ambiental na cidade<\/span> Read More &raquo;<\/a><\/p>\n","protected":false},"author":3,"featured_media":26356,"comment_status":"open","ping_status":"open","sticky":false,"template":"","format":"standard","meta":{"site-sidebar-layout":"default","site-content-layout":"","ast-site-content-layout":"default","site-content-style":"default","site-sidebar-style":"default","ast-global-header-display":"","ast-banner-title-visibility":"","ast-main-header-display":"","ast-hfb-above-header-display":"","ast-hfb-below-header-display":"","ast-hfb-mobile-header-display":"","site-post-title":"","ast-breadcrumbs-content":"","ast-featured-img":"","footer-sml-layout":"","theme-transparent-header-meta":"default","adv-header-id-meta":"","stick-header-meta":"","header-above-stick-meta":"","header-main-stick-meta":"","header-below-stick-meta":"","astra-migrate-meta-layouts":"set","footnotes":""},"categories":[42,17],"tags":[1527],"yoast_head":"<!-- This site is optimized with the Yoast SEO plugin v21.4 - https:\/\/yoast.com\/wordpress\/plugins\/seo\/ -->\n<title>Capivari de Baixo - CODEMA realiza reuni\u00e3o extraordin\u00e1ria para fortalecer estrutura ambiental na cidade -<\/title>\n<meta name=\"description\" content=\"Prestes a completar 33 anos o CONDEMA \u00e9 um \u00f3rg\u00e3o deliberativo, fiscalizador e de assessoramento ao Poder Executivo\" \/>\n<meta name=\"robots\" content=\"index, follow, max-snippet:-1, max-image-preview:large, max-video-preview:-1\" \/>\n<link rel=\"canonical\" href=\"https:\/\/sulsc.com\/index.php\/2025\/08\/21\/capivari-de-baixo-codema-realiza-reuniao-extraordinaria-para-fortalecer-estrutura-ambiental-na-cidade\/\" \/>\n<meta property=\"og:locale\" content=\"en_US\" \/>\n<meta property=\"og:type\" content=\"article\" \/>\n<meta property=\"og:title\" content=\"Capivari de Baixo - CODEMA realiza reuni\u00e3o extraordin\u00e1ria para fortalecer estrutura ambiental na cidade -\" \/>\n<meta property=\"og:description\" content=\"Prestes a completar 33 anos o CONDEMA \u00e9 um \u00f3rg\u00e3o deliberativo, fiscalizador e de assessoramento ao Poder Executivo\" \/>\n<meta property=\"og:url\" content=\"https:\/\/sulsc.com\/index.php\/2025\/08\/21\/capivari-de-baixo-codema-realiza-reuniao-extraordinaria-para-fortalecer-estrutura-ambiental-na-cidade\/\" \/>\n<meta property=\"article:author\" content=\"https:\/\/www.facebook.com\/profile.php?id=61559278119680\" \/>\n<meta property=\"article:published_time\" content=\"2025-08-21T20:28:13+00:00\" \/>\n<meta property=\"og:image\" content=\"http:\/\/sulsc.com\/wp-content\/uploads\/2025\/08\/a-19.png\" \/>\n\t<meta property=\"og:image:width\" content=\"800\" \/>\n\t<meta property=\"og:image:height\" content=\"445\" \/>\n\t<meta property=\"og:image:type\" content=\"image\/png\" \/>\n<meta name=\"author\" content=\"Reda\u00e7\u00e3o Sul SC\" \/>\n<meta name=\"twitter:card\" content=\"summary_large_image\" \/>\n<meta name=\"twitter:creator\" content=\"@https:\/\/twitter.com\/PortalSulSC\" \/>\n<meta name=\"twitter:label1\" content=\"Written by\" \/>\n\t<meta name=\"twitter:data1\" content=\"Reda\u00e7\u00e3o Sul SC\" \/>\n\t<meta name=\"twitter:label2\" content=\"Est. reading time\" \/>\n\t<meta name=\"twitter:data2\" content=\"2 minutes\" \/>\n<script type=\"application\/ld+json\" class=\"yoast-schema-graph\">{\"@context\":\"https:\/\/schema.org\",\"@graph\":[{\"@type\":\"WebPage\",\"@id\":\"https:\/\/sulsc.com\/index.php\/2025\/08\/21\/capivari-de-baixo-codema-realiza-reuniao-extraordinaria-para-fortalecer-estrutura-ambiental-na-cidade\/\",\"url\":\"https:\/\/sulsc.com\/index.php\/2025\/08\/21\/capivari-de-baixo-codema-realiza-reuniao-extraordinaria-para-fortalecer-estrutura-ambiental-na-cidade\/\",\"name\":\"Capivari de Baixo - CODEMA realiza reuni\u00e3o extraordin\u00e1ria para fortalecer estrutura ambiental na cidade -\",\"isPartOf\":{\"@id\":\"https:\/\/sulsc.com\/#website\"},\"datePublished\":\"2025-08-21T20:28:13+00:00\",\"dateModified\":\"2025-08-21T20:28:13+00:00\",\"author\":{\"@id\":\"https:\/\/sulsc.com\/#\/schema\/person\/84d2fc571684f6248ba83092f07750a3\"},\"description\":\"Prestes a completar 33 anos o CONDEMA \u00e9 um \u00f3rg\u00e3o deliberativo, fiscalizador e de assessoramento ao Poder Executivo\",\"breadcrumb\":{\"@id\":\"https:\/\/sulsc.com\/index.php\/2025\/08\/21\/capivari-de-baixo-codema-realiza-reuniao-extraordinaria-para-fortalecer-estrutura-ambiental-na-cidade\/#breadcrumb\"},\"inLanguage\":\"en-US\",\"potentialAction\":[{\"@type\":\"ReadAction\",\"target\":[\"https:\/\/sulsc.com\/index.php\/2025\/08\/21\/capivari-de-baixo-codema-realiza-reuniao-extraordinaria-para-fortalecer-estrutura-ambiental-na-cidade\/\"]}]},{\"@type\":\"BreadcrumbList\",\"@id\":\"https:\/\/sulsc.com\/index.php\/2025\/08\/21\/capivari-de-baixo-codema-realiza-reuniao-extraordinaria-para-fortalecer-estrutura-ambiental-na-cidade\/#breadcrumb\",\"itemListElement\":[{\"@type\":\"ListItem\",\"position\":1,\"name\":\"In\u00edcio\",\"item\":\"https:\/\/sulsc.com\/\"},{\"@type\":\"ListItem\",\"position\":2,\"name\":\"Capivari de Baixo &#8211; CODEMA realiza reuni\u00e3o extraordin\u00e1ria para fortalecer estrutura ambiental na cidade\"}]},{\"@type\":\"WebSite\",\"@id\":\"https:\/\/sulsc.com\/#website\",\"url\":\"https:\/\/sulsc.com\/\",\"name\":\"\",\"description\":\"\",\"potentialAction\":[{\"@type\":\"SearchAction\",\"target\":{\"@type\":\"EntryPoint\",\"urlTemplate\":\"https:\/\/sulsc.com\/?s={search_term_string}\"},\"query-input\":\"required name=search_term_string\"}],\"inLanguage\":\"en-US\"},{\"@type\":\"Person\",\"@id\":\"https:\/\/sulsc.com\/#\/schema\/person\/84d2fc571684f6248ba83092f07750a3\",\"name\":\"Reda\u00e7\u00e3o Sul SC\",\"image\":{\"@type\":\"ImageObject\",\"inLanguage\":\"en-US\",\"@id\":\"https:\/\/sulsc.com\/#\/schema\/person\/image\/e08d7fe2cc4ed596372063bbe852b8d0\",\"url\":\"https:\/\/sulsc.com\/wp-content\/uploads\/2023\/09\/redacao.png\",\"contentUrl\":\"https:\/\/sulsc.com\/wp-content\/uploads\/2023\/09\/redacao.png\",\"caption\":\"Reda\u00e7\u00e3o Sul SC\"},\"description\":\"Foco em um jornalismo imparcial, voltado \u00e0 qualidade dos seus conte\u00fados e, assim, levar informa\u00e7\u00e3o de valor que agregue \u00e0 vida dos leitores. Esta \u00e9 grande miss\u00e3o do Portal de Not\u00edcias Sul SC. N\u00e3o \u00e9 quantidade que muda o mundo, sempre foi e seguir\u00e1 sendo qualidade!\",\"sameAs\":[\"https:\/\/sulsc.com\/\",\"https:\/\/www.facebook.com\/profile.php?id=61559278119680\",\"https:\/\/www.instagram.com\/sulscportal\/?hl=pt-br\",\"https:\/\/twitter.com\/https:\/\/twitter.com\/PortalSulSC\",\"https:\/\/www.youtube.com\/channel\/UCv_BE8GeySluDov2n8qhVmw\"],\"url\":\"https:\/\/sulsc.com\/index.php\/author\/redacao\/\"}]}<\/script>\n<!-- \/ Yoast SEO plugin. -->","yoast_head_json":{"title":"Capivari de Baixo - CODEMA realiza reuni\u00e3o extraordin\u00e1ria para fortalecer estrutura ambiental na cidade -","description":"Prestes a completar 33 anos o CONDEMA \u00e9 um \u00f3rg\u00e3o deliberativo, fiscalizador e de assessoramento ao Poder Executivo","robots":{"index":"index","follow":"follow","max-snippet":"max-snippet:-1","max-image-preview":"max-image-preview:large","max-video-preview":"max-video-preview:-1"},"canonical":"https:\/\/sulsc.com\/index.php\/2025\/08\/21\/capivari-de-baixo-codema-realiza-reuniao-extraordinaria-para-fortalecer-estrutura-ambiental-na-cidade\/","og_locale":"en_US","og_type":"article","og_title":"Capivari de Baixo - CODEMA realiza reuni\u00e3o extraordin\u00e1ria para fortalecer estrutura ambiental na cidade -","og_description":"Prestes a completar 33 anos o CONDEMA \u00e9 um \u00f3rg\u00e3o deliberativo, fiscalizador e de assessoramento ao Poder Executivo","og_url":"https:\/\/sulsc.com\/index.php\/2025\/08\/21\/capivari-de-baixo-codema-realiza-reuniao-extraordinaria-para-fortalecer-estrutura-ambiental-na-cidade\/","article_author":"https:\/\/www.facebook.com\/profile.php?id=61559278119680","article_published_time":"2025-08-21T20:28:13+00:00","og_image":[{"width":800,"height":445,"url":"http:\/\/sulsc.com\/wp-content\/uploads\/2025\/08\/a-19.png","type":"image\/png"}],"author":"Reda\u00e7\u00e3o Sul SC","twitter_card":"summary_large_image","twitter_creator":"@https:\/\/twitter.com\/PortalSulSC","twitter_misc":{"Written by":"Reda\u00e7\u00e3o Sul SC","Est. reading time":"2 minutes"},"schema":{"@context":"https:\/\/schema.org","@graph":[{"@type":"WebPage","@id":"https:\/\/sulsc.com\/index.php\/2025\/08\/21\/capivari-de-baixo-codema-realiza-reuniao-extraordinaria-para-fortalecer-estrutura-ambiental-na-cidade\/","url":"https:\/\/sulsc.com\/index.php\/2025\/08\/21\/capivari-de-baixo-codema-realiza-reuniao-extraordinaria-para-fortalecer-estrutura-ambiental-na-cidade\/","name":"Capivari de Baixo - CODEMA realiza reuni\u00e3o extraordin\u00e1ria para fortalecer estrutura ambiental na cidade -","isPartOf":{"@id":"https:\/\/sulsc.com\/#website"},"datePublished":"2025-08-21T20:28:13+00:00","dateModified":"2025-08-21T20:28:13+00:00","author":{"@id":"https:\/\/sulsc.com\/#\/schema\/person\/84d2fc571684f6248ba83092f07750a3"},"description":"Prestes a completar 33 anos o CONDEMA \u00e9 um \u00f3rg\u00e3o deliberativo, fiscalizador e de assessoramento ao Poder Executivo","breadcrumb":{"@id":"https:\/\/sulsc.com\/index.php\/2025\/08\/21\/capivari-de-baixo-codema-realiza-reuniao-extraordinaria-para-fortalecer-estrutura-ambiental-na-cidade\/#breadcrumb"},"inLanguage":"en-US","potentialAction":[{"@type":"ReadAction","target":["https:\/\/sulsc.com\/index.php\/2025\/08\/21\/capivari-de-baixo-codema-realiza-reuniao-extraordinaria-para-fortalecer-estrutura-ambiental-na-cidade\/"]}]},{"@type":"BreadcrumbList","@id":"https:\/\/sulsc.com\/index.php\/2025\/08\/21\/capivari-de-baixo-codema-realiza-reuniao-extraordinaria-para-fortalecer-estrutura-ambiental-na-cidade\/#breadcrumb","itemListElement":[{"@type":"ListItem","position":1,"name":"In\u00edcio","item":"https:\/\/sulsc.com\/"},{"@type":"ListItem","position":2,"name":"Capivari de Baixo &#8211; CODEMA realiza reuni\u00e3o extraordin\u00e1ria para fortalecer estrutura ambiental na cidade"}]},{"@type":"WebSite","@id":"https:\/\/sulsc.com\/#website","url":"https:\/\/sulsc.com\/","name":"","description":"","potentialAction":[{"@type":"SearchAction","target":{"@type":"EntryPoint","urlTemplate":"https:\/\/sulsc.com\/?s={search_term_string}"},"query-input":"required name=search_term_string"}],"inLanguage":"en-US"},{"@type":"Person","@id":"https:\/\/sulsc.com\/#\/schema\/person\/84d2fc571684f6248ba83092f07750a3","name":"Reda\u00e7\u00e3o Sul SC","image":{"@type":"ImageObject","inLanguage":"en-US","@id":"https:\/\/sulsc.com\/#\/schema\/person\/image\/e08d7fe2cc4ed596372063bbe852b8d0","url":"https:\/\/sulsc.com\/wp-content\/uploads\/2023\/09\/redacao.png","contentUrl":"https:\/\/sulsc.com\/wp-content\/uploads\/2023\/09\/redacao.png","caption":"Reda\u00e7\u00e3o Sul SC"},"description":"Foco em um jornalismo imparcial, voltado \u00e0 qualidade dos seus conte\u00fados e, assim, levar informa\u00e7\u00e3o de valor que agregue \u00e0 vida dos leitores. Esta \u00e9 grande miss\u00e3o do Portal de Not\u00edcias Sul SC. N\u00e3o \u00e9 quantidade que muda o mundo, sempre foi e seguir\u00e1 sendo qualidade!","sameAs":["https:\/\/sulsc.com\/","https:\/\/www.facebook.com\/profile.php?id=61559278119680","https:\/\/www.instagram.com\/sulscportal\/?hl=pt-br","https:\/\/twitter.com\/https:\/\/twitter.com\/PortalSulSC","https:\/\/www.youtube.com\/channel\/UCv_BE8GeySluDov2n8qhVmw"],"url":"https:\/\/sulsc.com\/index.php\/author\/redacao\/"}]}},"authors":[],"_links":{"self":[{"href":"https:\/\/sulsc.com\/index.php\/wp-json\/wp\/v2\/posts\/26355"}],"collection":[{"href":"https:\/\/sulsc.com\/index.php\/wp-json\/wp\/v2\/posts"}],"about":[{"href":"https:\/\/sulsc.com\/index.php\/wp-json\/wp\/v2\/types\/post"}],"author":[{"embeddable":true,"href":"https:\/\/sulsc.com\/index.php\/wp-json\/wp\/v2\/users\/3"}],"replies":[{"embeddable":true,"href":"https:\/\/sulsc.com\/index.php\/wp-json\/wp\/v2\/comments?post=26355"}],"version-history":[{"count":1,"href":"https:\/\/sulsc.com\/index.php\/wp-json\/wp\/v2\/posts\/26355\/revisions"}],"predecessor-version":[{"id":26357,"href":"https:\/\/sulsc.com\/index.php\/wp-json\/wp\/v2\/posts\/26355\/revisions\/26357"}],"wp:featuredmedia":[{"embeddable":true,"href":"https:\/\/sulsc.com\/index.php\/wp-json\/wp\/v2\/media\/26356"}],"wp:attachment":[{"href":"https:\/\/sulsc.com\/index.php\/wp-json\/wp\/v2\/media?parent=26355"}],"wp:term":[{"taxonomy":"category","embeddable":true,"href":"https:\/\/sulsc.com\/index.php\/wp-json\/wp\/v2\/categories?post=26355"},{"taxonomy":"post_tag","embeddable":true,"href":"https:\/\/sulsc.com\/index.php\/wp-json\/wp\/v2\/tags?post=26355"}],"curies":[{"name":"wp","href":"https:\/\/api.w.org\/{rel}","templated":true}]}}