{"id":26375,"date":"2025-08-22T07:36:20","date_gmt":"2025-08-22T10:36:20","guid":{"rendered":"https:\/\/sulsc.com\/?p=26375"},"modified":"2025-08-22T07:37:14","modified_gmt":"2025-08-22T10:37:14","slug":"sexta-feira-22-com-sol-entre-nuvens-e-temperaturas-acima-dos-25oc","status":"publish","type":"post","link":"https:\/\/sulsc.com\/index.php\/2025\/08\/22\/sexta-feira-22-com-sol-entre-nuvens-e-temperaturas-acima-dos-25oc\/","title":{"rendered":"Sexta-feira (22) com sol entre nuvens e temperaturas acima dos 25\u00baC"},"content":{"rendered":"<p><span dir=\"auto\" style=\"vertical-align: inherit;\"><span dir=\"auto\" style=\"vertical-align: inherit;\">A sexta-feira (22) come\u00e7a com condi\u00e7\u00f5es para pancadas de chuva e trovoadas isoladas, nas \u00e1reas de divis\u00e3o com o RS, sobretudo entre o Planalto Sul e o Litoral Sul, devido \u00e0 instabilidade associada \u00e0 forma\u00e7\u00e3o de uma frente fria no estado vizinho. No decorrer da manh\u00e3 a instabilidade diminui nessas \u00e1reas e o sol aparece entre nuvens, assim como ocorre nas demais regi\u00f5es desde o in\u00edcio do dia.<\/span><\/span><\/p>\n<p><strong><span dir=\"auto\" style=\"vertical-align: inherit;\"><span dir=\"auto\" style=\"vertical-align: inherit;\">Temperaturas<\/span><\/span><\/strong><\/p>\n<p><span dir=\"auto\" style=\"vertical-align: inherit;\"><span dir=\"auto\" style=\"vertical-align: inherit;\">As temperaturas ficam altas \u00e0 tarde, com m\u00e1ximas superando 30\u00b0C no Grande Oeste, Litoral Norte e Litoral Sul e variando entre 25 e 28\u00b0C nas demais regi\u00f5es. O vento do quadrante norte\/noroeste, ganha for\u00e7a a partir da tarde, com rajadas entre 50 e 70km\/h, do Extremo Oeste at\u00e9 o Litoral Sul.<\/span><\/span><\/p>\n<div id=\"metaslider-id-25573\" style=\"width: 100%;\" class=\"ml-slider-3-99-0 metaslider metaslider-flex metaslider-25573 ml-slider has-onhover-arrows ms-theme-default-base has-dots-nav\" role=\"region\" aria-label=\"Meio\" data-width=\"1200\">\n    <div id=\"metaslider_container_25573\">\n        <div id=\"metaslider_25573\">\n            <ul class='slides'>\n                <li style=\"display: block; width: 100%;\" class=\"slide-25684 ms-image \" aria-roledescription=\"slide\" data-date=\"2025-07-24 07:55:40\"><img src=\"https:\/\/sulsc.com\/wp-content\/uploads\/2025\/07\/Marr-2-1000x166.jpg\" height=\"200\" width=\"1200\" alt=\"\" class=\"slider-25573 slide-25684 msDefaultImage\" title=\"Marr 2\" \/><\/li>\n                <li style=\"display: none; width: 100%;\" class=\"slide-32412 ms-image \" aria-roledescription=\"slide\" data-date=\"2026-02-18 13:59:46\"><img src=\"https:\/\/sulsc.com\/wp-content\/uploads\/2026\/02\/40dc1580-cad5-4867-bc58-c4243821ad38-1000x166.jpeg\" height=\"200\" width=\"1200\" alt=\"\" class=\"slider-25573 slide-32412 msDefaultImage\" title=\"40dc1580-cad5-4867-bc58-c4243821ad38\" \/><\/li>\n                <li style=\"display: none; width: 100%;\" class=\"slide-32766 ms-image \" aria-roledescription=\"slide\" data-date=\"2026-03-03 17:22:59\"><img src=\"https:\/\/sulsc.com\/wp-content\/uploads\/2026\/03\/271ce739-f268-41c5-8051-3de1a1750359-1000x166.jpeg\" height=\"200\" width=\"1200\" alt=\"\" class=\"slider-25573 slide-32766 msDefaultImage\" title=\"271ce739-f268-41c5-8051-3de1a1750359\" \/><\/li>\n            <\/ul>\n        <\/div>\n        \n    <\/div>\n<\/div>\n<p><strong><span dir=\"auto\" style=\"vertical-align: inherit;\"><span dir=\"auto\" style=\"vertical-align: inherit;\">N\u00e3o mar<\/span><\/span><\/strong><\/p>\n<p><span dir=\"auto\" style=\"vertical-align: inherit;\"><span dir=\"auto\" style=\"vertical-align: inherit;\">O vento predomina de nordeste e volta a causar toxicidade localizada, com ondas de nordeste entre 2,0 e 2,5m no Litoral Sul. O risco \u00e9 baixo a moderado para ocorr\u00eancias associadas ao vento forte e \u00e0 tempestade do mar.<\/span><\/span><\/p>\n<p><img fetchpriority=\"high\" decoding=\"async\" class=\"aligncenter size-full wp-image-26376\" src=\"http:\/\/sulsc.com\/wp-content\/uploads\/2025\/08\/a-20.png\" alt=\"\" width=\"1024\" height=\"701\" srcset=\"https:\/\/sulsc.com\/wp-content\/uploads\/2025\/08\/a-20.png 1024w, https:\/\/sulsc.com\/wp-content\/uploads\/2025\/08\/a-20-300x205.png 300w, https:\/\/sulsc.com\/wp-content\/uploads\/2025\/08\/a-20-768x526.png 768w\" sizes=\"(max-width: 1024px) 100vw, 1024px\" \/><\/p>\n<p><img decoding=\"async\" class=\"aligncenter size-full wp-image-22836\" src=\"http:\/\/sulsc.com\/wp-content\/uploads\/2025\/04\/Tempo-2.png\" alt=\"\" width=\"1024\" height=\"189\" srcset=\"https:\/\/sulsc.com\/wp-content\/uploads\/2025\/04\/Tempo-2.png 1024w, https:\/\/sulsc.com\/wp-content\/uploads\/2025\/04\/Tempo-2-300x55.png 300w, https:\/\/sulsc.com\/wp-content\/uploads\/2025\/04\/Tempo-2-768x142.png 768w\" sizes=\"(max-width: 1024px) 100vw, 1024px\" \/><\/p>\n<p><strong><span dir=\"auto\" style=\"vertical-align: inherit;\"><span dir=\"auto\" style=\"vertical-align: inherit;\">Vento:<\/span><\/span><\/strong><span dir=\"auto\" style=\"vertical-align: inherit;\"><span dir=\"auto\" style=\"vertical-align: inherit;\"> nordeste a norte, fraco a moderado, com rajadas, mais intensas de 50 a 70km\/h no oeste e sul do estado, e na Grande Florian\u00f3polis. <\/span><\/span><br \/>\n<strong><span dir=\"auto\" style=\"vertical-align: inherit;\"><span dir=\"auto\" style=\"vertical-align: inherit;\">Sistema predominante:<\/span><\/span><\/strong><span dir=\"auto\" style=\"vertical-align: inherit;\"><span dir=\"auto\" style=\"vertical-align: inherit;\"> frente fria em forma\u00e7\u00e3o no RS.<\/span><\/span><\/p>\n<p><strong><span dir=\"auto\" style=\"vertical-align: inherit;\"><span dir=\"auto\" style=\"vertical-align: inherit;\">Amanh\u00e3 S\u00e1bado (23),<\/span><\/span><\/strong><span dir=\"auto\" style=\"vertical-align: inherit;\"><span dir=\"auto\" style=\"vertical-align: inherit;\"> o tempo fica inst\u00e1vel com chuva e temporais isolados no oeste e sul do estado, especialmente a partir da tarde, devido \u00e0 proximidade de uma frente fria. Nas demais regi\u00f5es, sol entre muitas nuvens. As temperaturas se elevam, com m\u00e1ximas de 25 a 30\u00b0C, chegando a 34\u00b0C no Vale do Itaja\u00ed e Litoral Norte.<\/span><\/span><\/p>\n<p><span dir=\"auto\" style=\"vertical-align: inherit;\"><span dir=\"auto\" style=\"vertical-align: inherit;\">Fonte: Defesa Civil SC\/Epagri-Ciram<\/span><\/span><\/p>\n","protected":false},"excerpt":{"rendered":"<p>A sexta-feira (22) come\u00e7a com condi\u00e7\u00f5es para pancadas de chuva e trovoadas isoladas, nas \u00e1reas de divis\u00e3o com o RS, sobretudo entre o Planalto Sul e o Litoral Sul, devido \u00e0 instabilidade associada \u00e0 forma\u00e7\u00e3o de uma frente fria no estado vizinho. No decorrer da manh\u00e3 a instabilidade diminui nessas \u00e1reas e o sol aparece &hellip;<\/p>\n<p class=\"read-more\"> <a class=\"\" href=\"https:\/\/sulsc.com\/index.php\/2025\/08\/22\/sexta-feira-22-com-sol-entre-nuvens-e-temperaturas-acima-dos-25oc\/\"> <span class=\"screen-reader-text\">Sexta-feira (22) com sol entre nuvens e temperaturas acima dos 25\u00baC<\/span> Read More &raquo;<\/a><\/p>\n","protected":false},"author":3,"featured_media":18447,"comment_status":"open","ping_status":"open","sticky":false,"template":"","format":"standard","meta":{"site-sidebar-layout":"default","site-content-layout":"","ast-site-content-layout":"default","site-content-style":"default","site-sidebar-style":"default","ast-global-header-display":"","ast-banner-title-visibility":"","ast-main-header-display":"","ast-hfb-above-header-display":"","ast-hfb-below-header-display":"","ast-hfb-mobile-header-display":"","site-post-title":"","ast-breadcrumbs-content":"","ast-featured-img":"","footer-sml-layout":"","theme-transparent-header-meta":"default","adv-header-id-meta":"","stick-header-meta":"","header-above-stick-meta":"","header-main-stick-meta":"","header-below-stick-meta":"","astra-migrate-meta-layouts":"set","footnotes":""},"categories":[38],"tags":[90],"yoast_head":"<!-- This site is optimized with the Yoast SEO plugin v21.4 - https:\/\/yoast.com\/wordpress\/plugins\/seo\/ -->\n<title>Sexta-feira (22) com sol entre nuvens e temperaturas acima dos 25\u00baC -<\/title>\n<meta name=\"description\" content=\"O vento do quadrante norte noroeste ganha for\u00e7a a partir da tarde com rajadas entre 50 e 70km\/h do Extremo Oeste at\u00e9 o Litoral Sul\" \/>\n<meta name=\"robots\" content=\"index, follow, max-snippet:-1, max-image-preview:large, max-video-preview:-1\" \/>\n<link rel=\"canonical\" href=\"https:\/\/sulsc.com\/index.php\/2025\/08\/22\/sexta-feira-22-com-sol-entre-nuvens-e-temperaturas-acima-dos-25oc\/\" \/>\n<meta property=\"og:locale\" content=\"en_US\" \/>\n<meta property=\"og:type\" content=\"article\" \/>\n<meta property=\"og:title\" content=\"Sexta-feira (22) com sol entre nuvens e temperaturas acima dos 25\u00baC -\" \/>\n<meta property=\"og:description\" content=\"O vento do quadrante norte noroeste ganha for\u00e7a a partir da tarde com rajadas entre 50 e 70km\/h do Extremo Oeste at\u00e9 o Litoral Sul\" \/>\n<meta property=\"og:url\" content=\"https:\/\/sulsc.com\/index.php\/2025\/08\/22\/sexta-feira-22-com-sol-entre-nuvens-e-temperaturas-acima-dos-25oc\/\" \/>\n<meta property=\"article:author\" content=\"https:\/\/www.facebook.com\/profile.php?id=61559278119680\" \/>\n<meta property=\"article:published_time\" content=\"2025-08-22T10:36:20+00:00\" \/>\n<meta property=\"article:modified_time\" content=\"2025-08-22T10:37:14+00:00\" \/>\n<meta property=\"og:image\" content=\"http:\/\/sulsc.com\/wp-content\/uploads\/2024\/12\/Sol-tempo-previsao-calor-10.11.19.jpg\" \/>\n\t<meta property=\"og:image:width\" content=\"750\" \/>\n\t<meta property=\"og:image:height\" content=\"500\" \/>\n\t<meta property=\"og:image:type\" content=\"image\/jpeg\" \/>\n<meta name=\"author\" content=\"Reda\u00e7\u00e3o Sul SC\" \/>\n<meta name=\"twitter:card\" content=\"summary_large_image\" \/>\n<meta name=\"twitter:creator\" content=\"@https:\/\/twitter.com\/PortalSulSC\" \/>\n<meta name=\"twitter:label1\" content=\"Written by\" \/>\n\t<meta name=\"twitter:data1\" content=\"Reda\u00e7\u00e3o Sul SC\" \/>\n\t<meta name=\"twitter:label2\" content=\"Est. reading time\" \/>\n\t<meta name=\"twitter:data2\" content=\"2 minutes\" \/>\n<script type=\"application\/ld+json\" class=\"yoast-schema-graph\">{\"@context\":\"https:\/\/schema.org\",\"@graph\":[{\"@type\":\"WebPage\",\"@id\":\"https:\/\/sulsc.com\/index.php\/2025\/08\/22\/sexta-feira-22-com-sol-entre-nuvens-e-temperaturas-acima-dos-25oc\/\",\"url\":\"https:\/\/sulsc.com\/index.php\/2025\/08\/22\/sexta-feira-22-com-sol-entre-nuvens-e-temperaturas-acima-dos-25oc\/\",\"name\":\"Sexta-feira (22) com sol entre nuvens e temperaturas acima dos 25\u00baC -\",\"isPartOf\":{\"@id\":\"https:\/\/sulsc.com\/#website\"},\"datePublished\":\"2025-08-22T10:36:20+00:00\",\"dateModified\":\"2025-08-22T10:37:14+00:00\",\"author\":{\"@id\":\"https:\/\/sulsc.com\/#\/schema\/person\/84d2fc571684f6248ba83092f07750a3\"},\"description\":\"O vento do quadrante norte noroeste ganha for\u00e7a a partir da tarde com rajadas entre 50 e 70km\/h do Extremo Oeste at\u00e9 o Litoral Sul\",\"breadcrumb\":{\"@id\":\"https:\/\/sulsc.com\/index.php\/2025\/08\/22\/sexta-feira-22-com-sol-entre-nuvens-e-temperaturas-acima-dos-25oc\/#breadcrumb\"},\"inLanguage\":\"en-US\",\"potentialAction\":[{\"@type\":\"ReadAction\",\"target\":[\"https:\/\/sulsc.com\/index.php\/2025\/08\/22\/sexta-feira-22-com-sol-entre-nuvens-e-temperaturas-acima-dos-25oc\/\"]}]},{\"@type\":\"BreadcrumbList\",\"@id\":\"https:\/\/sulsc.com\/index.php\/2025\/08\/22\/sexta-feira-22-com-sol-entre-nuvens-e-temperaturas-acima-dos-25oc\/#breadcrumb\",\"itemListElement\":[{\"@type\":\"ListItem\",\"position\":1,\"name\":\"In\u00edcio\",\"item\":\"https:\/\/sulsc.com\/\"},{\"@type\":\"ListItem\",\"position\":2,\"name\":\"Sexta-feira (22) com sol entre nuvens e temperaturas acima dos 25\u00baC\"}]},{\"@type\":\"WebSite\",\"@id\":\"https:\/\/sulsc.com\/#website\",\"url\":\"https:\/\/sulsc.com\/\",\"name\":\"\",\"description\":\"\",\"potentialAction\":[{\"@type\":\"SearchAction\",\"target\":{\"@type\":\"EntryPoint\",\"urlTemplate\":\"https:\/\/sulsc.com\/?s={search_term_string}\"},\"query-input\":\"required name=search_term_string\"}],\"inLanguage\":\"en-US\"},{\"@type\":\"Person\",\"@id\":\"https:\/\/sulsc.com\/#\/schema\/person\/84d2fc571684f6248ba83092f07750a3\",\"name\":\"Reda\u00e7\u00e3o Sul SC\",\"image\":{\"@type\":\"ImageObject\",\"inLanguage\":\"en-US\",\"@id\":\"https:\/\/sulsc.com\/#\/schema\/person\/image\/e08d7fe2cc4ed596372063bbe852b8d0\",\"url\":\"https:\/\/sulsc.com\/wp-content\/uploads\/2023\/09\/redacao.png\",\"contentUrl\":\"https:\/\/sulsc.com\/wp-content\/uploads\/2023\/09\/redacao.png\",\"caption\":\"Reda\u00e7\u00e3o Sul SC\"},\"description\":\"Foco em um jornalismo imparcial, voltado \u00e0 qualidade dos seus conte\u00fados e, assim, levar informa\u00e7\u00e3o de valor que agregue \u00e0 vida dos leitores. Esta \u00e9 grande miss\u00e3o do Portal de Not\u00edcias Sul SC. N\u00e3o \u00e9 quantidade que muda o mundo, sempre foi e seguir\u00e1 sendo qualidade!\",\"sameAs\":[\"https:\/\/sulsc.com\/\",\"https:\/\/www.facebook.com\/profile.php?id=61559278119680\",\"https:\/\/www.instagram.com\/sulscportal\/?hl=pt-br\",\"https:\/\/twitter.com\/https:\/\/twitter.com\/PortalSulSC\",\"https:\/\/www.youtube.com\/channel\/UCv_BE8GeySluDov2n8qhVmw\"],\"url\":\"https:\/\/sulsc.com\/index.php\/author\/redacao\/\"}]}<\/script>\n<!-- \/ Yoast SEO plugin. -->","yoast_head_json":{"title":"Sexta-feira (22) com sol entre nuvens e temperaturas acima dos 25\u00baC -","description":"O vento do quadrante norte noroeste ganha for\u00e7a a partir da tarde com rajadas entre 50 e 70km\/h do Extremo Oeste at\u00e9 o Litoral Sul","robots":{"index":"index","follow":"follow","max-snippet":"max-snippet:-1","max-image-preview":"max-image-preview:large","max-video-preview":"max-video-preview:-1"},"canonical":"https:\/\/sulsc.com\/index.php\/2025\/08\/22\/sexta-feira-22-com-sol-entre-nuvens-e-temperaturas-acima-dos-25oc\/","og_locale":"en_US","og_type":"article","og_title":"Sexta-feira (22) com sol entre nuvens e temperaturas acima dos 25\u00baC -","og_description":"O vento do quadrante norte noroeste ganha for\u00e7a a partir da tarde com rajadas entre 50 e 70km\/h do Extremo Oeste at\u00e9 o Litoral Sul","og_url":"https:\/\/sulsc.com\/index.php\/2025\/08\/22\/sexta-feira-22-com-sol-entre-nuvens-e-temperaturas-acima-dos-25oc\/","article_author":"https:\/\/www.facebook.com\/profile.php?id=61559278119680","article_published_time":"2025-08-22T10:36:20+00:00","article_modified_time":"2025-08-22T10:37:14+00:00","og_image":[{"width":750,"height":500,"url":"http:\/\/sulsc.com\/wp-content\/uploads\/2024\/12\/Sol-tempo-previsao-calor-10.11.19.jpg","type":"image\/jpeg"}],"author":"Reda\u00e7\u00e3o Sul SC","twitter_card":"summary_large_image","twitter_creator":"@https:\/\/twitter.com\/PortalSulSC","twitter_misc":{"Written by":"Reda\u00e7\u00e3o Sul SC","Est. reading time":"2 minutes"},"schema":{"@context":"https:\/\/schema.org","@graph":[{"@type":"WebPage","@id":"https:\/\/sulsc.com\/index.php\/2025\/08\/22\/sexta-feira-22-com-sol-entre-nuvens-e-temperaturas-acima-dos-25oc\/","url":"https:\/\/sulsc.com\/index.php\/2025\/08\/22\/sexta-feira-22-com-sol-entre-nuvens-e-temperaturas-acima-dos-25oc\/","name":"Sexta-feira (22) com sol entre nuvens e temperaturas acima dos 25\u00baC -","isPartOf":{"@id":"https:\/\/sulsc.com\/#website"},"datePublished":"2025-08-22T10:36:20+00:00","dateModified":"2025-08-22T10:37:14+00:00","author":{"@id":"https:\/\/sulsc.com\/#\/schema\/person\/84d2fc571684f6248ba83092f07750a3"},"description":"O vento do quadrante norte noroeste ganha for\u00e7a a partir da tarde com rajadas entre 50 e 70km\/h do Extremo Oeste at\u00e9 o Litoral Sul","breadcrumb":{"@id":"https:\/\/sulsc.com\/index.php\/2025\/08\/22\/sexta-feira-22-com-sol-entre-nuvens-e-temperaturas-acima-dos-25oc\/#breadcrumb"},"inLanguage":"en-US","potentialAction":[{"@type":"ReadAction","target":["https:\/\/sulsc.com\/index.php\/2025\/08\/22\/sexta-feira-22-com-sol-entre-nuvens-e-temperaturas-acima-dos-25oc\/"]}]},{"@type":"BreadcrumbList","@id":"https:\/\/sulsc.com\/index.php\/2025\/08\/22\/sexta-feira-22-com-sol-entre-nuvens-e-temperaturas-acima-dos-25oc\/#breadcrumb","itemListElement":[{"@type":"ListItem","position":1,"name":"In\u00edcio","item":"https:\/\/sulsc.com\/"},{"@type":"ListItem","position":2,"name":"Sexta-feira (22) com sol entre nuvens e temperaturas acima dos 25\u00baC"}]},{"@type":"WebSite","@id":"https:\/\/sulsc.com\/#website","url":"https:\/\/sulsc.com\/","name":"","description":"","potentialAction":[{"@type":"SearchAction","target":{"@type":"EntryPoint","urlTemplate":"https:\/\/sulsc.com\/?s={search_term_string}"},"query-input":"required name=search_term_string"}],"inLanguage":"en-US"},{"@type":"Person","@id":"https:\/\/sulsc.com\/#\/schema\/person\/84d2fc571684f6248ba83092f07750a3","name":"Reda\u00e7\u00e3o Sul SC","image":{"@type":"ImageObject","inLanguage":"en-US","@id":"https:\/\/sulsc.com\/#\/schema\/person\/image\/e08d7fe2cc4ed596372063bbe852b8d0","url":"https:\/\/sulsc.com\/wp-content\/uploads\/2023\/09\/redacao.png","contentUrl":"https:\/\/sulsc.com\/wp-content\/uploads\/2023\/09\/redacao.png","caption":"Reda\u00e7\u00e3o Sul SC"},"description":"Foco em um jornalismo imparcial, voltado \u00e0 qualidade dos seus conte\u00fados e, assim, levar informa\u00e7\u00e3o de valor que agregue \u00e0 vida dos leitores. Esta \u00e9 grande miss\u00e3o do Portal de Not\u00edcias Sul SC. N\u00e3o \u00e9 quantidade que muda o mundo, sempre foi e seguir\u00e1 sendo qualidade!","sameAs":["https:\/\/sulsc.com\/","https:\/\/www.facebook.com\/profile.php?id=61559278119680","https:\/\/www.instagram.com\/sulscportal\/?hl=pt-br","https:\/\/twitter.com\/https:\/\/twitter.com\/PortalSulSC","https:\/\/www.youtube.com\/channel\/UCv_BE8GeySluDov2n8qhVmw"],"url":"https:\/\/sulsc.com\/index.php\/author\/redacao\/"}]}},"authors":[],"_links":{"self":[{"href":"https:\/\/sulsc.com\/index.php\/wp-json\/wp\/v2\/posts\/26375"}],"collection":[{"href":"https:\/\/sulsc.com\/index.php\/wp-json\/wp\/v2\/posts"}],"about":[{"href":"https:\/\/sulsc.com\/index.php\/wp-json\/wp\/v2\/types\/post"}],"author":[{"embeddable":true,"href":"https:\/\/sulsc.com\/index.php\/wp-json\/wp\/v2\/users\/3"}],"replies":[{"embeddable":true,"href":"https:\/\/sulsc.com\/index.php\/wp-json\/wp\/v2\/comments?post=26375"}],"version-history":[{"count":2,"href":"https:\/\/sulsc.com\/index.php\/wp-json\/wp\/v2\/posts\/26375\/revisions"}],"predecessor-version":[{"id":26378,"href":"https:\/\/sulsc.com\/index.php\/wp-json\/wp\/v2\/posts\/26375\/revisions\/26378"}],"wp:featuredmedia":[{"embeddable":true,"href":"https:\/\/sulsc.com\/index.php\/wp-json\/wp\/v2\/media\/18447"}],"wp:attachment":[{"href":"https:\/\/sulsc.com\/index.php\/wp-json\/wp\/v2\/media?parent=26375"}],"wp:term":[{"taxonomy":"category","embeddable":true,"href":"https:\/\/sulsc.com\/index.php\/wp-json\/wp\/v2\/categories?post=26375"},{"taxonomy":"post_tag","embeddable":true,"href":"https:\/\/sulsc.com\/index.php\/wp-json\/wp\/v2\/tags?post=26375"}],"curies":[{"name":"wp","href":"https:\/\/api.w.org\/{rel}","templated":true}]}}