{"id":26403,"date":"2025-08-23T09:24:19","date_gmt":"2025-08-23T12:24:19","guid":{"rendered":"https:\/\/sulsc.com\/?p=26403"},"modified":"2025-08-23T09:24:19","modified_gmt":"2025-08-23T12:24:19","slug":"sabado-23-com-mudancas-no-tempo-com-temperaturas-chegando-aos-30oc-chuva-e-ventos-acima-de-65-km-h","status":"publish","type":"post","link":"https:\/\/sulsc.com\/index.php\/2025\/08\/23\/sabado-23-com-mudancas-no-tempo-com-temperaturas-chegando-aos-30oc-chuva-e-ventos-acima-de-65-km-h\/","title":{"rendered":"S\u00e1bado (23) com mudan\u00e7as no tempo com temperaturas chegando aos 30\u00baC chuva e ventos acima de 65 Km\/h"},"content":{"rendered":"<p><span dir=\"auto\" style=\"vertical-align: inherit;\"><span dir=\"auto\" style=\"vertical-align: inherit;\">Neste s\u00e1bado (23), o tempo muda em SC com a chegada de uma frente fria somada a um sistema de baixa press\u00e3o no interior do continente. H\u00e1 condi\u00e7\u00f5es para temporais isolados, ganham for\u00e7a durante a manh\u00e3 e v\u00eam acompanhados por raios, rajadas de vento, queda de granizo e chuva intensa nas regi\u00f5es do Oeste e nas \u00e1reas que fazem divis\u00e3o com o RS.<\/span><\/span><\/p>\n<p><span dir=\"auto\" style=\"vertical-align: inherit;\"><span dir=\"auto\" style=\"vertical-align: inherit;\">O risco \u00e9 moderado a pontualmente alto para ocorr\u00eancias associadas a destelhamentos, danos na rede el\u00e9trica, queda de galhos e \u00e1rvores e alagamentos. Ao longo do dia, a nebulosidade aumenta em muitas regi\u00f5es do estado e as instabilidades tendem a chegar nessas \u00e1reas durante a noite.<\/span><\/span><\/p>\n<div id=\"metaslider-id-25573\" style=\"width: 100%;\" class=\"ml-slider-3-99-0 metaslider metaslider-flex metaslider-25573 ml-slider has-onhover-arrows ms-theme-default-base has-dots-nav\" role=\"region\" aria-label=\"Meio\" data-width=\"1200\">\n    <div id=\"metaslider_container_25573\">\n        <div id=\"metaslider_25573\">\n            <ul class='slides'>\n                <li style=\"display: block; width: 100%;\" class=\"slide-25684 ms-image \" aria-roledescription=\"slide\" data-date=\"2025-07-24 07:55:40\"><img src=\"https:\/\/sulsc.com\/wp-content\/uploads\/2025\/07\/Marr-2-1000x166.jpg\" height=\"200\" width=\"1200\" alt=\"\" class=\"slider-25573 slide-25684 msDefaultImage\" title=\"Marr 2\" \/><\/li>\n                <li style=\"display: none; width: 100%;\" class=\"slide-32412 ms-image \" aria-roledescription=\"slide\" data-date=\"2026-02-18 13:59:46\"><img src=\"https:\/\/sulsc.com\/wp-content\/uploads\/2026\/02\/40dc1580-cad5-4867-bc58-c4243821ad38-1000x166.jpeg\" height=\"200\" width=\"1200\" alt=\"\" class=\"slider-25573 slide-32412 msDefaultImage\" title=\"40dc1580-cad5-4867-bc58-c4243821ad38\" \/><\/li>\n                <li style=\"display: none; width: 100%;\" class=\"slide-32766 ms-image \" aria-roledescription=\"slide\" data-date=\"2026-03-03 17:22:59\"><img src=\"https:\/\/sulsc.com\/wp-content\/uploads\/2026\/03\/271ce739-f268-41c5-8051-3de1a1750359-1000x166.jpeg\" height=\"200\" width=\"1200\" alt=\"\" class=\"slider-25573 slide-32766 msDefaultImage\" title=\"271ce739-f268-41c5-8051-3de1a1750359\" \/><\/li>\n            <\/ul>\n        <\/div>\n        \n    <\/div>\n<\/div>\n<p><strong><span dir=\"auto\" style=\"vertical-align: inherit;\"><span dir=\"auto\" style=\"vertical-align: inherit;\">Temperaturas<\/span><\/span><\/strong><\/p>\n<p><span dir=\"auto\" style=\"vertical-align: inherit;\"><span dir=\"auto\" style=\"vertical-align: inherit;\">Os ventos predominam de norte\/noroeste para a eleva\u00e7\u00e3o das temperaturas e, \u00e0 tarde, as m\u00e1ximas oscilam em torno de 30\u00b0C na maioria das regi\u00f5es, exceto nas \u00e1reas mais pr\u00f3ximas \u00e0 divisa com o RS.<\/span><\/span><\/p>\n<p><strong><span dir=\"auto\" style=\"vertical-align: inherit;\"><span dir=\"auto\" style=\"vertical-align: inherit;\">vento:<\/span><\/span><\/strong><span dir=\"auto\" style=\"vertical-align: inherit;\"><span dir=\"auto\" style=\"vertical-align: inherit;\"> tende a virar para sul \u00e0 tarde, com rajadas intensas no Litoral (entre 50 e 70km\/h).<\/span><\/span><\/p>\n<p><img fetchpriority=\"high\" decoding=\"async\" class=\"aligncenter size-full wp-image-26407\" src=\"http:\/\/sulsc.com\/wp-content\/uploads\/2025\/08\/a-21.png\" alt=\"\" width=\"1651\" height=\"1123\" srcset=\"https:\/\/sulsc.com\/wp-content\/uploads\/2025\/08\/a-21.png 1651w, https:\/\/sulsc.com\/wp-content\/uploads\/2025\/08\/a-21-300x204.png 300w, https:\/\/sulsc.com\/wp-content\/uploads\/2025\/08\/a-21-1024x697.png 1024w, https:\/\/sulsc.com\/wp-content\/uploads\/2025\/08\/a-21-768x522.png 768w, https:\/\/sulsc.com\/wp-content\/uploads\/2025\/08\/a-21-1536x1045.png 1536w\" sizes=\"(max-width: 1651px) 100vw, 1651px\" \/><\/p>\n<p><img decoding=\"async\" class=\"aligncenter size-full wp-image-22836\" src=\"http:\/\/sulsc.com\/wp-content\/uploads\/2025\/04\/Tempo-2.png\" alt=\"\" width=\"1024\" height=\"189\" srcset=\"https:\/\/sulsc.com\/wp-content\/uploads\/2025\/04\/Tempo-2.png 1024w, https:\/\/sulsc.com\/wp-content\/uploads\/2025\/04\/Tempo-2-300x55.png 300w, https:\/\/sulsc.com\/wp-content\/uploads\/2025\/04\/Tempo-2-768x142.png 768w\" sizes=\"(max-width: 1024px) 100vw, 1024px\" \/><\/p>\n<p><strong>Condi\u00e7\u00f5es mar\u00edtimas:\u00a0<\/strong><span dir=\"auto\" style=\"vertical-align: inherit;\"><span dir=\"auto\" style=\"vertical-align: inherit;\">Com isso o mar fica agitado a partir da noite, com ondas do sul se aproximando de 3,0m. O risco \u00e9 moderado de ocorr\u00eancias associadas a mar\u00edtimas. \u00c0 noite, as temperaturas caem bruscamente e a sensa\u00e7\u00e3o \u00e9 de frio em grande parte do estado.<\/span><\/span><\/p>\n<p><strong>Sistema predominante:<\/strong> frente fria no Litoral Sul de SC e avan\u00e7o de massa de ar frio a partir da tarde.<\/p>\n<p><strong>Domingo (24):<\/strong> ser\u00e1 de tempo inst\u00e1vel com chuva e maiores acumulados no oeste e sul do estado, chegando as demais regi\u00f5es de forma mais isolada no decorrer do dia. No norte do estado a chance de chuva \u00e9 menor. Com temperatura baixa, m\u00ednimas abaixo de 11\u00b0C e m\u00e1ximas n\u00e3o passando de 16\u00b0C no estado.\u00a0Vento de sudoeste a sudeste, fraco a moderado, com rajadas no Litoral.<\/p>\n<p>Fonte: Defesa Civil SC\/Epagri-Ciram<\/p>\n","protected":false},"excerpt":{"rendered":"<p>Neste s\u00e1bado (23), o tempo muda em SC com a chegada de uma frente fria somada a um sistema de baixa press\u00e3o no interior do continente. H\u00e1 condi\u00e7\u00f5es para temporais isolados, ganham for\u00e7a durante a manh\u00e3 e v\u00eam acompanhados por raios, rajadas de vento, queda de granizo e chuva intensa nas regi\u00f5es do Oeste e &hellip;<\/p>\n<p class=\"read-more\"> <a class=\"\" href=\"https:\/\/sulsc.com\/index.php\/2025\/08\/23\/sabado-23-com-mudancas-no-tempo-com-temperaturas-chegando-aos-30oc-chuva-e-ventos-acima-de-65-km-h\/\"> <span class=\"screen-reader-text\">S\u00e1bado (23) com mudan\u00e7as no tempo com temperaturas chegando aos 30\u00baC chuva e ventos acima de 65 Km\/h<\/span> Read More &raquo;<\/a><\/p>\n","protected":false},"author":3,"featured_media":16995,"comment_status":"open","ping_status":"open","sticky":false,"template":"","format":"standard","meta":{"site-sidebar-layout":"default","site-content-layout":"","ast-site-content-layout":"default","site-content-style":"default","site-sidebar-style":"default","ast-global-header-display":"","ast-banner-title-visibility":"","ast-main-header-display":"","ast-hfb-above-header-display":"","ast-hfb-below-header-display":"","ast-hfb-mobile-header-display":"","site-post-title":"","ast-breadcrumbs-content":"","ast-featured-img":"","footer-sml-layout":"","theme-transparent-header-meta":"default","adv-header-id-meta":"","stick-header-meta":"","header-above-stick-meta":"","header-main-stick-meta":"","header-below-stick-meta":"","astra-migrate-meta-layouts":"set","footnotes":""},"categories":[38,12],"tags":[90],"yoast_head":"<!-- This site is optimized with the Yoast SEO plugin v21.4 - https:\/\/yoast.com\/wordpress\/plugins\/seo\/ -->\n<title>S\u00e1bado (23) com mudan\u00e7as no tempo com temperaturas chegando aos 30\u00baC chuva e ventos acima de 65 Km\/h -<\/title>\n<meta name=\"description\" content=\"Na noite deste s\u00e1bado 23 as temperaturas caem bruscamente e a sensa\u00e7\u00e3o \u00e9 de frio em grande parte do estado.\" \/>\n<meta name=\"robots\" content=\"index, follow, max-snippet:-1, max-image-preview:large, max-video-preview:-1\" \/>\n<link rel=\"canonical\" href=\"https:\/\/sulsc.com\/index.php\/2025\/08\/23\/sabado-23-com-mudancas-no-tempo-com-temperaturas-chegando-aos-30oc-chuva-e-ventos-acima-de-65-km-h\/\" \/>\n<meta property=\"og:locale\" content=\"en_US\" \/>\n<meta property=\"og:type\" content=\"article\" \/>\n<meta property=\"og:title\" content=\"S\u00e1bado (23) com mudan\u00e7as no tempo com temperaturas chegando aos 30\u00baC chuva e ventos acima de 65 Km\/h -\" \/>\n<meta property=\"og:description\" content=\"Na noite deste s\u00e1bado 23 as temperaturas caem bruscamente e a sensa\u00e7\u00e3o \u00e9 de frio em grande parte do estado.\" \/>\n<meta property=\"og:url\" content=\"https:\/\/sulsc.com\/index.php\/2025\/08\/23\/sabado-23-com-mudancas-no-tempo-com-temperaturas-chegando-aos-30oc-chuva-e-ventos-acima-de-65-km-h\/\" \/>\n<meta property=\"article:author\" content=\"https:\/\/www.facebook.com\/profile.php?id=61559278119680\" \/>\n<meta property=\"article:published_time\" content=\"2025-08-23T12:24:19+00:00\" \/>\n<meta property=\"og:image\" content=\"http:\/\/sulsc.com\/wp-content\/uploads\/2024\/11\/Tempo-1-e1754044562783.jpg\" \/>\n\t<meta property=\"og:image:width\" content=\"893\" \/>\n\t<meta property=\"og:image:height\" content=\"754\" \/>\n\t<meta property=\"og:image:type\" content=\"image\/jpeg\" \/>\n<meta name=\"author\" content=\"Reda\u00e7\u00e3o Sul SC\" \/>\n<meta name=\"twitter:card\" content=\"summary_large_image\" \/>\n<meta name=\"twitter:creator\" content=\"@https:\/\/twitter.com\/PortalSulSC\" \/>\n<meta name=\"twitter:label1\" content=\"Written by\" \/>\n\t<meta name=\"twitter:data1\" content=\"Reda\u00e7\u00e3o Sul SC\" \/>\n\t<meta name=\"twitter:label2\" content=\"Est. reading time\" \/>\n\t<meta name=\"twitter:data2\" content=\"2 minutes\" \/>\n<script type=\"application\/ld+json\" class=\"yoast-schema-graph\">{\"@context\":\"https:\/\/schema.org\",\"@graph\":[{\"@type\":\"WebPage\",\"@id\":\"https:\/\/sulsc.com\/index.php\/2025\/08\/23\/sabado-23-com-mudancas-no-tempo-com-temperaturas-chegando-aos-30oc-chuva-e-ventos-acima-de-65-km-h\/\",\"url\":\"https:\/\/sulsc.com\/index.php\/2025\/08\/23\/sabado-23-com-mudancas-no-tempo-com-temperaturas-chegando-aos-30oc-chuva-e-ventos-acima-de-65-km-h\/\",\"name\":\"S\u00e1bado (23) com mudan\u00e7as no tempo com temperaturas chegando aos 30\u00baC chuva e ventos acima de 65 Km\/h -\",\"isPartOf\":{\"@id\":\"https:\/\/sulsc.com\/#website\"},\"datePublished\":\"2025-08-23T12:24:19+00:00\",\"dateModified\":\"2025-08-23T12:24:19+00:00\",\"author\":{\"@id\":\"https:\/\/sulsc.com\/#\/schema\/person\/84d2fc571684f6248ba83092f07750a3\"},\"description\":\"Na noite deste s\u00e1bado 23 as temperaturas caem bruscamente e a sensa\u00e7\u00e3o \u00e9 de frio em grande parte do estado.\",\"breadcrumb\":{\"@id\":\"https:\/\/sulsc.com\/index.php\/2025\/08\/23\/sabado-23-com-mudancas-no-tempo-com-temperaturas-chegando-aos-30oc-chuva-e-ventos-acima-de-65-km-h\/#breadcrumb\"},\"inLanguage\":\"en-US\",\"potentialAction\":[{\"@type\":\"ReadAction\",\"target\":[\"https:\/\/sulsc.com\/index.php\/2025\/08\/23\/sabado-23-com-mudancas-no-tempo-com-temperaturas-chegando-aos-30oc-chuva-e-ventos-acima-de-65-km-h\/\"]}]},{\"@type\":\"BreadcrumbList\",\"@id\":\"https:\/\/sulsc.com\/index.php\/2025\/08\/23\/sabado-23-com-mudancas-no-tempo-com-temperaturas-chegando-aos-30oc-chuva-e-ventos-acima-de-65-km-h\/#breadcrumb\",\"itemListElement\":[{\"@type\":\"ListItem\",\"position\":1,\"name\":\"In\u00edcio\",\"item\":\"https:\/\/sulsc.com\/\"},{\"@type\":\"ListItem\",\"position\":2,\"name\":\"S\u00e1bado (23) com mudan\u00e7as no tempo com temperaturas chegando aos 30\u00baC chuva e ventos acima de 65 Km\/h\"}]},{\"@type\":\"WebSite\",\"@id\":\"https:\/\/sulsc.com\/#website\",\"url\":\"https:\/\/sulsc.com\/\",\"name\":\"\",\"description\":\"\",\"potentialAction\":[{\"@type\":\"SearchAction\",\"target\":{\"@type\":\"EntryPoint\",\"urlTemplate\":\"https:\/\/sulsc.com\/?s={search_term_string}\"},\"query-input\":\"required name=search_term_string\"}],\"inLanguage\":\"en-US\"},{\"@type\":\"Person\",\"@id\":\"https:\/\/sulsc.com\/#\/schema\/person\/84d2fc571684f6248ba83092f07750a3\",\"name\":\"Reda\u00e7\u00e3o Sul SC\",\"image\":{\"@type\":\"ImageObject\",\"inLanguage\":\"en-US\",\"@id\":\"https:\/\/sulsc.com\/#\/schema\/person\/image\/e08d7fe2cc4ed596372063bbe852b8d0\",\"url\":\"https:\/\/sulsc.com\/wp-content\/uploads\/2023\/09\/redacao.png\",\"contentUrl\":\"https:\/\/sulsc.com\/wp-content\/uploads\/2023\/09\/redacao.png\",\"caption\":\"Reda\u00e7\u00e3o Sul SC\"},\"description\":\"Foco em um jornalismo imparcial, voltado \u00e0 qualidade dos seus conte\u00fados e, assim, levar informa\u00e7\u00e3o de valor que agregue \u00e0 vida dos leitores. Esta \u00e9 grande miss\u00e3o do Portal de Not\u00edcias Sul SC. N\u00e3o \u00e9 quantidade que muda o mundo, sempre foi e seguir\u00e1 sendo qualidade!\",\"sameAs\":[\"https:\/\/sulsc.com\/\",\"https:\/\/www.facebook.com\/profile.php?id=61559278119680\",\"https:\/\/www.instagram.com\/sulscportal\/?hl=pt-br\",\"https:\/\/twitter.com\/https:\/\/twitter.com\/PortalSulSC\",\"https:\/\/www.youtube.com\/channel\/UCv_BE8GeySluDov2n8qhVmw\"],\"url\":\"https:\/\/sulsc.com\/index.php\/author\/redacao\/\"}]}<\/script>\n<!-- \/ Yoast SEO plugin. -->","yoast_head_json":{"title":"S\u00e1bado (23) com mudan\u00e7as no tempo com temperaturas chegando aos 30\u00baC chuva e ventos acima de 65 Km\/h -","description":"Na noite deste s\u00e1bado 23 as temperaturas caem bruscamente e a sensa\u00e7\u00e3o \u00e9 de frio em grande parte do estado.","robots":{"index":"index","follow":"follow","max-snippet":"max-snippet:-1","max-image-preview":"max-image-preview:large","max-video-preview":"max-video-preview:-1"},"canonical":"https:\/\/sulsc.com\/index.php\/2025\/08\/23\/sabado-23-com-mudancas-no-tempo-com-temperaturas-chegando-aos-30oc-chuva-e-ventos-acima-de-65-km-h\/","og_locale":"en_US","og_type":"article","og_title":"S\u00e1bado (23) com mudan\u00e7as no tempo com temperaturas chegando aos 30\u00baC chuva e ventos acima de 65 Km\/h -","og_description":"Na noite deste s\u00e1bado 23 as temperaturas caem bruscamente e a sensa\u00e7\u00e3o \u00e9 de frio em grande parte do estado.","og_url":"https:\/\/sulsc.com\/index.php\/2025\/08\/23\/sabado-23-com-mudancas-no-tempo-com-temperaturas-chegando-aos-30oc-chuva-e-ventos-acima-de-65-km-h\/","article_author":"https:\/\/www.facebook.com\/profile.php?id=61559278119680","article_published_time":"2025-08-23T12:24:19+00:00","og_image":[{"width":893,"height":754,"url":"http:\/\/sulsc.com\/wp-content\/uploads\/2024\/11\/Tempo-1-e1754044562783.jpg","type":"image\/jpeg"}],"author":"Reda\u00e7\u00e3o Sul SC","twitter_card":"summary_large_image","twitter_creator":"@https:\/\/twitter.com\/PortalSulSC","twitter_misc":{"Written by":"Reda\u00e7\u00e3o Sul SC","Est. reading time":"2 minutes"},"schema":{"@context":"https:\/\/schema.org","@graph":[{"@type":"WebPage","@id":"https:\/\/sulsc.com\/index.php\/2025\/08\/23\/sabado-23-com-mudancas-no-tempo-com-temperaturas-chegando-aos-30oc-chuva-e-ventos-acima-de-65-km-h\/","url":"https:\/\/sulsc.com\/index.php\/2025\/08\/23\/sabado-23-com-mudancas-no-tempo-com-temperaturas-chegando-aos-30oc-chuva-e-ventos-acima-de-65-km-h\/","name":"S\u00e1bado (23) com mudan\u00e7as no tempo com temperaturas chegando aos 30\u00baC chuva e ventos acima de 65 Km\/h -","isPartOf":{"@id":"https:\/\/sulsc.com\/#website"},"datePublished":"2025-08-23T12:24:19+00:00","dateModified":"2025-08-23T12:24:19+00:00","author":{"@id":"https:\/\/sulsc.com\/#\/schema\/person\/84d2fc571684f6248ba83092f07750a3"},"description":"Na noite deste s\u00e1bado 23 as temperaturas caem bruscamente e a sensa\u00e7\u00e3o \u00e9 de frio em grande parte do estado.","breadcrumb":{"@id":"https:\/\/sulsc.com\/index.php\/2025\/08\/23\/sabado-23-com-mudancas-no-tempo-com-temperaturas-chegando-aos-30oc-chuva-e-ventos-acima-de-65-km-h\/#breadcrumb"},"inLanguage":"en-US","potentialAction":[{"@type":"ReadAction","target":["https:\/\/sulsc.com\/index.php\/2025\/08\/23\/sabado-23-com-mudancas-no-tempo-com-temperaturas-chegando-aos-30oc-chuva-e-ventos-acima-de-65-km-h\/"]}]},{"@type":"BreadcrumbList","@id":"https:\/\/sulsc.com\/index.php\/2025\/08\/23\/sabado-23-com-mudancas-no-tempo-com-temperaturas-chegando-aos-30oc-chuva-e-ventos-acima-de-65-km-h\/#breadcrumb","itemListElement":[{"@type":"ListItem","position":1,"name":"In\u00edcio","item":"https:\/\/sulsc.com\/"},{"@type":"ListItem","position":2,"name":"S\u00e1bado (23) com mudan\u00e7as no tempo com temperaturas chegando aos 30\u00baC chuva e ventos acima de 65 Km\/h"}]},{"@type":"WebSite","@id":"https:\/\/sulsc.com\/#website","url":"https:\/\/sulsc.com\/","name":"","description":"","potentialAction":[{"@type":"SearchAction","target":{"@type":"EntryPoint","urlTemplate":"https:\/\/sulsc.com\/?s={search_term_string}"},"query-input":"required name=search_term_string"}],"inLanguage":"en-US"},{"@type":"Person","@id":"https:\/\/sulsc.com\/#\/schema\/person\/84d2fc571684f6248ba83092f07750a3","name":"Reda\u00e7\u00e3o Sul SC","image":{"@type":"ImageObject","inLanguage":"en-US","@id":"https:\/\/sulsc.com\/#\/schema\/person\/image\/e08d7fe2cc4ed596372063bbe852b8d0","url":"https:\/\/sulsc.com\/wp-content\/uploads\/2023\/09\/redacao.png","contentUrl":"https:\/\/sulsc.com\/wp-content\/uploads\/2023\/09\/redacao.png","caption":"Reda\u00e7\u00e3o Sul SC"},"description":"Foco em um jornalismo imparcial, voltado \u00e0 qualidade dos seus conte\u00fados e, assim, levar informa\u00e7\u00e3o de valor que agregue \u00e0 vida dos leitores. Esta \u00e9 grande miss\u00e3o do Portal de Not\u00edcias Sul SC. N\u00e3o \u00e9 quantidade que muda o mundo, sempre foi e seguir\u00e1 sendo qualidade!","sameAs":["https:\/\/sulsc.com\/","https:\/\/www.facebook.com\/profile.php?id=61559278119680","https:\/\/www.instagram.com\/sulscportal\/?hl=pt-br","https:\/\/twitter.com\/https:\/\/twitter.com\/PortalSulSC","https:\/\/www.youtube.com\/channel\/UCv_BE8GeySluDov2n8qhVmw"],"url":"https:\/\/sulsc.com\/index.php\/author\/redacao\/"}]}},"authors":[],"_links":{"self":[{"href":"https:\/\/sulsc.com\/index.php\/wp-json\/wp\/v2\/posts\/26403"}],"collection":[{"href":"https:\/\/sulsc.com\/index.php\/wp-json\/wp\/v2\/posts"}],"about":[{"href":"https:\/\/sulsc.com\/index.php\/wp-json\/wp\/v2\/types\/post"}],"author":[{"embeddable":true,"href":"https:\/\/sulsc.com\/index.php\/wp-json\/wp\/v2\/users\/3"}],"replies":[{"embeddable":true,"href":"https:\/\/sulsc.com\/index.php\/wp-json\/wp\/v2\/comments?post=26403"}],"version-history":[{"count":1,"href":"https:\/\/sulsc.com\/index.php\/wp-json\/wp\/v2\/posts\/26403\/revisions"}],"predecessor-version":[{"id":26408,"href":"https:\/\/sulsc.com\/index.php\/wp-json\/wp\/v2\/posts\/26403\/revisions\/26408"}],"wp:featuredmedia":[{"embeddable":true,"href":"https:\/\/sulsc.com\/index.php\/wp-json\/wp\/v2\/media\/16995"}],"wp:attachment":[{"href":"https:\/\/sulsc.com\/index.php\/wp-json\/wp\/v2\/media?parent=26403"}],"wp:term":[{"taxonomy":"category","embeddable":true,"href":"https:\/\/sulsc.com\/index.php\/wp-json\/wp\/v2\/categories?post=26403"},{"taxonomy":"post_tag","embeddable":true,"href":"https:\/\/sulsc.com\/index.php\/wp-json\/wp\/v2\/tags?post=26403"}],"curies":[{"name":"wp","href":"https:\/\/api.w.org\/{rel}","templated":true}]}}