{"id":2646,"date":"2023-10-20T09:00:48","date_gmt":"2023-10-20T12:00:48","guid":{"rendered":"https:\/\/sulsc.com\/?p=2646"},"modified":"2023-10-20T07:54:04","modified_gmt":"2023-10-20T10:54:04","slug":"motociclista-atropela-gestante-em-sangao","status":"publish","type":"post","link":"https:\/\/sulsc.com\/index.php\/2023\/10\/20\/motociclista-atropela-gestante-em-sangao\/","title":{"rendered":"Motociclista atropela gestante, em Sang\u00e3o"},"content":{"rendered":"<p>Uma mulher de 34 anos foi ferida ao ser atropelada por uma motocicleta. O acidente de tr\u00e2nsito ocorreu na manh\u00e3 desta quinta-feira (19), por volta das 7h30, na rodovia Greg\u00f3rio Esp\u00edndola (SC-443), em Sang\u00e3o. O motociclista, um jovem de 18 anos, tamb\u00e9m ficou ferido.<\/p>\n<p>De acordo com informa\u00e7\u00f5es dos Bombeiros Volunt\u00e1rios de Jaguaruna, a v\u00edtima, gr\u00e1vida de tr\u00eas meses, sofreu ferimentos nas pernas, abd\u00f4men e rosto. O motociclista teve escoria\u00e7\u00f5es nas m\u00e3os. Ambos foram levados ao Hospital de Caridade de Jaguaruna (HCJ) para receberem atendimento m\u00e9dico.<\/p>\n<p>As circunst\u00e2ncias do acidente n\u00e3o foram divulgadas.<\/p>\n<p><img fetchpriority=\"high\" decoding=\"async\" class=\"alignnone size-large wp-image-2647\" src=\"http:\/\/sulsc.com\/wp-content\/uploads\/2023\/10\/Motociclista-atropela-gestante-em-Sangao-01-1024x768.jpg\" alt=\"\" width=\"1024\" height=\"768\" srcset=\"https:\/\/sulsc.com\/wp-content\/uploads\/2023\/10\/Motociclista-atropela-gestante-em-Sangao-01-1024x768.jpg 1024w, https:\/\/sulsc.com\/wp-content\/uploads\/2023\/10\/Motociclista-atropela-gestante-em-Sangao-01-300x225.jpg 300w, https:\/\/sulsc.com\/wp-content\/uploads\/2023\/10\/Motociclista-atropela-gestante-em-Sangao-01-768x576.jpg 768w, https:\/\/sulsc.com\/wp-content\/uploads\/2023\/10\/Motociclista-atropela-gestante-em-Sangao-01-1536x1152.jpg 1536w, https:\/\/sulsc.com\/wp-content\/uploads\/2023\/10\/Motociclista-atropela-gestante-em-Sangao-01.jpg 1600w\" sizes=\"(max-width: 1024px) 100vw, 1024px\" \/><\/p>\n","protected":false},"excerpt":{"rendered":"<p>Uma mulher de 34 anos foi ferida ao ser atropelada por uma motocicleta. O acidente de tr\u00e2nsito ocorreu na manh\u00e3 desta quinta-feira (19), por volta das 7h30, na rodovia Greg\u00f3rio Esp\u00edndola (SC-443), em Sang\u00e3o. O motociclista, um jovem de 18 anos, tamb\u00e9m ficou ferido. De acordo com informa\u00e7\u00f5es dos Bombeiros Volunt\u00e1rios de Jaguaruna, a v\u00edtima, &hellip;<\/p>\n<p class=\"read-more\"> <a class=\"\" href=\"https:\/\/sulsc.com\/index.php\/2023\/10\/20\/motociclista-atropela-gestante-em-sangao\/\"> <span class=\"screen-reader-text\">Motociclista atropela gestante, em Sang\u00e3o<\/span> Read More &raquo;<\/a><\/p>\n","protected":false},"author":3,"featured_media":2648,"comment_status":"open","ping_status":"open","sticky":false,"template":"","format":"standard","meta":{"site-sidebar-layout":"default","site-content-layout":"","ast-site-content-layout":"default","site-content-style":"default","site-sidebar-style":"default","ast-global-header-display":"","ast-banner-title-visibility":"","ast-main-header-display":"","ast-hfb-above-header-display":"","ast-hfb-below-header-display":"","ast-hfb-mobile-header-display":"","site-post-title":"","ast-breadcrumbs-content":"","ast-featured-img":"","footer-sml-layout":"","theme-transparent-header-meta":"default","adv-header-id-meta":"","stick-header-meta":"","header-above-stick-meta":"","header-main-stick-meta":"","header-below-stick-meta":"","astra-migrate-meta-layouts":"set","footnotes":""},"categories":[8],"tags":[],"yoast_head":"<!-- This site is optimized with the Yoast SEO plugin v21.4 - https:\/\/yoast.com\/wordpress\/plugins\/seo\/ -->\n<title>Motociclista atropela gestante, em Sang\u00e3o -<\/title>\n<meta name=\"robots\" content=\"index, follow, max-snippet:-1, max-image-preview:large, max-video-preview:-1\" \/>\n<link rel=\"canonical\" href=\"https:\/\/sulsc.com\/index.php\/2023\/10\/20\/motociclista-atropela-gestante-em-sangao\/\" \/>\n<meta property=\"og:locale\" content=\"en_US\" \/>\n<meta property=\"og:type\" content=\"article\" \/>\n<meta property=\"og:title\" content=\"Motociclista atropela gestante, em Sang\u00e3o -\" \/>\n<meta property=\"og:description\" content=\"Uma mulher de 34 anos foi ferida ao ser atropelada por uma motocicleta. O acidente de tr\u00e2nsito ocorreu na manh\u00e3 desta quinta-feira (19), por volta das 7h30, na rodovia Greg\u00f3rio Esp\u00edndola (SC-443), em Sang\u00e3o. O motociclista, um jovem de 18 anos, tamb\u00e9m ficou ferido. De acordo com informa\u00e7\u00f5es dos Bombeiros Volunt\u00e1rios de Jaguaruna, a v\u00edtima, &hellip; Motociclista atropela gestante, em Sang\u00e3o Read More &raquo;\" \/>\n<meta property=\"og:url\" content=\"https:\/\/sulsc.com\/index.php\/2023\/10\/20\/motociclista-atropela-gestante-em-sangao\/\" \/>\n<meta property=\"article:author\" content=\"https:\/\/www.facebook.com\/profile.php?id=61559278119680\" \/>\n<meta property=\"article:published_time\" content=\"2023-10-20T12:00:48+00:00\" \/>\n<meta property=\"article:modified_time\" content=\"2023-10-20T10:54:04+00:00\" \/>\n<meta property=\"og:image\" content=\"https:\/\/sulsc.com\/wp-content\/uploads\/2023\/10\/Motociclista-atropela-gestante-em-Sangao-02-e1697799181711.jpg\" \/>\n\t<meta property=\"og:image:width\" content=\"1200\" \/>\n\t<meta property=\"og:image:height\" content=\"1480\" \/>\n\t<meta property=\"og:image:type\" content=\"image\/jpeg\" \/>\n<meta name=\"author\" content=\"Reda\u00e7\u00e3o Sul SC\" \/>\n<meta name=\"twitter:card\" content=\"summary_large_image\" \/>\n<meta name=\"twitter:creator\" content=\"@https:\/\/twitter.com\/PortalSulSC\" \/>\n<meta name=\"twitter:label1\" content=\"Written by\" \/>\n\t<meta name=\"twitter:data1\" content=\"Reda\u00e7\u00e3o Sul SC\" \/>\n\t<meta name=\"twitter:label2\" content=\"Est. reading time\" \/>\n\t<meta name=\"twitter:data2\" content=\"1 minute\" \/>\n<script type=\"application\/ld+json\" class=\"yoast-schema-graph\">{\"@context\":\"https:\/\/schema.org\",\"@graph\":[{\"@type\":\"WebPage\",\"@id\":\"https:\/\/sulsc.com\/index.php\/2023\/10\/20\/motociclista-atropela-gestante-em-sangao\/\",\"url\":\"https:\/\/sulsc.com\/index.php\/2023\/10\/20\/motociclista-atropela-gestante-em-sangao\/\",\"name\":\"Motociclista atropela gestante, em Sang\u00e3o -\",\"isPartOf\":{\"@id\":\"https:\/\/sulsc.com\/#website\"},\"datePublished\":\"2023-10-20T12:00:48+00:00\",\"dateModified\":\"2023-10-20T10:54:04+00:00\",\"author\":{\"@id\":\"https:\/\/sulsc.com\/#\/schema\/person\/84d2fc571684f6248ba83092f07750a3\"},\"breadcrumb\":{\"@id\":\"https:\/\/sulsc.com\/index.php\/2023\/10\/20\/motociclista-atropela-gestante-em-sangao\/#breadcrumb\"},\"inLanguage\":\"en-US\",\"potentialAction\":[{\"@type\":\"ReadAction\",\"target\":[\"https:\/\/sulsc.com\/index.php\/2023\/10\/20\/motociclista-atropela-gestante-em-sangao\/\"]}]},{\"@type\":\"BreadcrumbList\",\"@id\":\"https:\/\/sulsc.com\/index.php\/2023\/10\/20\/motociclista-atropela-gestante-em-sangao\/#breadcrumb\",\"itemListElement\":[{\"@type\":\"ListItem\",\"position\":1,\"name\":\"In\u00edcio\",\"item\":\"https:\/\/sulsc.com\/\"},{\"@type\":\"ListItem\",\"position\":2,\"name\":\"Motociclista atropela gestante, em Sang\u00e3o\"}]},{\"@type\":\"WebSite\",\"@id\":\"https:\/\/sulsc.com\/#website\",\"url\":\"https:\/\/sulsc.com\/\",\"name\":\"\",\"description\":\"\",\"potentialAction\":[{\"@type\":\"SearchAction\",\"target\":{\"@type\":\"EntryPoint\",\"urlTemplate\":\"https:\/\/sulsc.com\/?s={search_term_string}\"},\"query-input\":\"required name=search_term_string\"}],\"inLanguage\":\"en-US\"},{\"@type\":\"Person\",\"@id\":\"https:\/\/sulsc.com\/#\/schema\/person\/84d2fc571684f6248ba83092f07750a3\",\"name\":\"Reda\u00e7\u00e3o Sul SC\",\"image\":{\"@type\":\"ImageObject\",\"inLanguage\":\"en-US\",\"@id\":\"https:\/\/sulsc.com\/#\/schema\/person\/image\/e08d7fe2cc4ed596372063bbe852b8d0\",\"url\":\"https:\/\/sulsc.com\/wp-content\/uploads\/2023\/09\/redacao.png\",\"contentUrl\":\"https:\/\/sulsc.com\/wp-content\/uploads\/2023\/09\/redacao.png\",\"caption\":\"Reda\u00e7\u00e3o Sul SC\"},\"description\":\"Foco em um jornalismo imparcial, voltado \u00e0 qualidade dos seus conte\u00fados e, assim, levar informa\u00e7\u00e3o de valor que agregue \u00e0 vida dos leitores. Esta \u00e9 grande miss\u00e3o do Portal de Not\u00edcias Sul SC. N\u00e3o \u00e9 quantidade que muda o mundo, sempre foi e seguir\u00e1 sendo qualidade!\",\"sameAs\":[\"https:\/\/sulsc.com\/\",\"https:\/\/www.facebook.com\/profile.php?id=61559278119680\",\"https:\/\/www.instagram.com\/sulscportal\/?hl=pt-br\",\"https:\/\/twitter.com\/https:\/\/twitter.com\/PortalSulSC\",\"https:\/\/www.youtube.com\/channel\/UCv_BE8GeySluDov2n8qhVmw\"],\"url\":\"https:\/\/sulsc.com\/index.php\/author\/redacao\/\"}]}<\/script>\n<!-- \/ Yoast SEO plugin. -->","yoast_head_json":{"title":"Motociclista atropela gestante, em Sang\u00e3o -","robots":{"index":"index","follow":"follow","max-snippet":"max-snippet:-1","max-image-preview":"max-image-preview:large","max-video-preview":"max-video-preview:-1"},"canonical":"https:\/\/sulsc.com\/index.php\/2023\/10\/20\/motociclista-atropela-gestante-em-sangao\/","og_locale":"en_US","og_type":"article","og_title":"Motociclista atropela gestante, em Sang\u00e3o -","og_description":"Uma mulher de 34 anos foi ferida ao ser atropelada por uma motocicleta. O acidente de tr\u00e2nsito ocorreu na manh\u00e3 desta quinta-feira (19), por volta das 7h30, na rodovia Greg\u00f3rio Esp\u00edndola (SC-443), em Sang\u00e3o. O motociclista, um jovem de 18 anos, tamb\u00e9m ficou ferido. De acordo com informa\u00e7\u00f5es dos Bombeiros Volunt\u00e1rios de Jaguaruna, a v\u00edtima, &hellip; Motociclista atropela gestante, em Sang\u00e3o Read More &raquo;","og_url":"https:\/\/sulsc.com\/index.php\/2023\/10\/20\/motociclista-atropela-gestante-em-sangao\/","article_author":"https:\/\/www.facebook.com\/profile.php?id=61559278119680","article_published_time":"2023-10-20T12:00:48+00:00","article_modified_time":"2023-10-20T10:54:04+00:00","og_image":[{"width":1200,"height":1480,"url":"https:\/\/sulsc.com\/wp-content\/uploads\/2023\/10\/Motociclista-atropela-gestante-em-Sangao-02-e1697799181711.jpg","type":"image\/jpeg"}],"author":"Reda\u00e7\u00e3o Sul SC","twitter_card":"summary_large_image","twitter_creator":"@https:\/\/twitter.com\/PortalSulSC","twitter_misc":{"Written by":"Reda\u00e7\u00e3o Sul SC","Est. reading time":"1 minute"},"schema":{"@context":"https:\/\/schema.org","@graph":[{"@type":"WebPage","@id":"https:\/\/sulsc.com\/index.php\/2023\/10\/20\/motociclista-atropela-gestante-em-sangao\/","url":"https:\/\/sulsc.com\/index.php\/2023\/10\/20\/motociclista-atropela-gestante-em-sangao\/","name":"Motociclista atropela gestante, em Sang\u00e3o -","isPartOf":{"@id":"https:\/\/sulsc.com\/#website"},"datePublished":"2023-10-20T12:00:48+00:00","dateModified":"2023-10-20T10:54:04+00:00","author":{"@id":"https:\/\/sulsc.com\/#\/schema\/person\/84d2fc571684f6248ba83092f07750a3"},"breadcrumb":{"@id":"https:\/\/sulsc.com\/index.php\/2023\/10\/20\/motociclista-atropela-gestante-em-sangao\/#breadcrumb"},"inLanguage":"en-US","potentialAction":[{"@type":"ReadAction","target":["https:\/\/sulsc.com\/index.php\/2023\/10\/20\/motociclista-atropela-gestante-em-sangao\/"]}]},{"@type":"BreadcrumbList","@id":"https:\/\/sulsc.com\/index.php\/2023\/10\/20\/motociclista-atropela-gestante-em-sangao\/#breadcrumb","itemListElement":[{"@type":"ListItem","position":1,"name":"In\u00edcio","item":"https:\/\/sulsc.com\/"},{"@type":"ListItem","position":2,"name":"Motociclista atropela gestante, em Sang\u00e3o"}]},{"@type":"WebSite","@id":"https:\/\/sulsc.com\/#website","url":"https:\/\/sulsc.com\/","name":"","description":"","potentialAction":[{"@type":"SearchAction","target":{"@type":"EntryPoint","urlTemplate":"https:\/\/sulsc.com\/?s={search_term_string}"},"query-input":"required name=search_term_string"}],"inLanguage":"en-US"},{"@type":"Person","@id":"https:\/\/sulsc.com\/#\/schema\/person\/84d2fc571684f6248ba83092f07750a3","name":"Reda\u00e7\u00e3o Sul SC","image":{"@type":"ImageObject","inLanguage":"en-US","@id":"https:\/\/sulsc.com\/#\/schema\/person\/image\/e08d7fe2cc4ed596372063bbe852b8d0","url":"https:\/\/sulsc.com\/wp-content\/uploads\/2023\/09\/redacao.png","contentUrl":"https:\/\/sulsc.com\/wp-content\/uploads\/2023\/09\/redacao.png","caption":"Reda\u00e7\u00e3o Sul SC"},"description":"Foco em um jornalismo imparcial, voltado \u00e0 qualidade dos seus conte\u00fados e, assim, levar informa\u00e7\u00e3o de valor que agregue \u00e0 vida dos leitores. Esta \u00e9 grande miss\u00e3o do Portal de Not\u00edcias Sul SC. N\u00e3o \u00e9 quantidade que muda o mundo, sempre foi e seguir\u00e1 sendo qualidade!","sameAs":["https:\/\/sulsc.com\/","https:\/\/www.facebook.com\/profile.php?id=61559278119680","https:\/\/www.instagram.com\/sulscportal\/?hl=pt-br","https:\/\/twitter.com\/https:\/\/twitter.com\/PortalSulSC","https:\/\/www.youtube.com\/channel\/UCv_BE8GeySluDov2n8qhVmw"],"url":"https:\/\/sulsc.com\/index.php\/author\/redacao\/"}]}},"authors":[],"_links":{"self":[{"href":"https:\/\/sulsc.com\/index.php\/wp-json\/wp\/v2\/posts\/2646"}],"collection":[{"href":"https:\/\/sulsc.com\/index.php\/wp-json\/wp\/v2\/posts"}],"about":[{"href":"https:\/\/sulsc.com\/index.php\/wp-json\/wp\/v2\/types\/post"}],"author":[{"embeddable":true,"href":"https:\/\/sulsc.com\/index.php\/wp-json\/wp\/v2\/users\/3"}],"replies":[{"embeddable":true,"href":"https:\/\/sulsc.com\/index.php\/wp-json\/wp\/v2\/comments?post=2646"}],"version-history":[{"count":1,"href":"https:\/\/sulsc.com\/index.php\/wp-json\/wp\/v2\/posts\/2646\/revisions"}],"predecessor-version":[{"id":2649,"href":"https:\/\/sulsc.com\/index.php\/wp-json\/wp\/v2\/posts\/2646\/revisions\/2649"}],"wp:featuredmedia":[{"embeddable":true,"href":"https:\/\/sulsc.com\/index.php\/wp-json\/wp\/v2\/media\/2648"}],"wp:attachment":[{"href":"https:\/\/sulsc.com\/index.php\/wp-json\/wp\/v2\/media?parent=2646"}],"wp:term":[{"taxonomy":"category","embeddable":true,"href":"https:\/\/sulsc.com\/index.php\/wp-json\/wp\/v2\/categories?post=2646"},{"taxonomy":"post_tag","embeddable":true,"href":"https:\/\/sulsc.com\/index.php\/wp-json\/wp\/v2\/tags?post=2646"}],"curies":[{"name":"wp","href":"https:\/\/api.w.org\/{rel}","templated":true}]}}