{"id":26477,"date":"2025-08-26T07:57:41","date_gmt":"2025-08-26T10:57:41","guid":{"rendered":"https:\/\/sulsc.com\/?p=26477"},"modified":"2025-08-26T07:57:41","modified_gmt":"2025-08-26T10:57:41","slug":"tempo-segue-instavel-em-toda-santa-catarina-nesta-terca-feira-26","status":"publish","type":"post","link":"https:\/\/sulsc.com\/index.php\/2025\/08\/26\/tempo-segue-instavel-em-toda-santa-catarina-nesta-terca-feira-26\/","title":{"rendered":"Tempo segue inst\u00e1vel em toda Santa Catarina nesta ter\u00e7a-feira (26)"},"content":{"rendered":"<p>O dia segue inst\u00e1vel nesta ter\u00e7a-feira (26) em todo estado, com predom\u00ednio de nuvens e condi\u00e7\u00f5es para chuva a qualquer momento. Nas \u00e1reas da metade leste catarinense , especialmente no Planalto Norte, no Vale do Itaja\u00ed, no Litoral Norte e na Grande Florian\u00f3polis, a chuva ocorre de maneira persistente e intensa ao longo de todo o dia. O risco \u00e9 moderado a alto para ocorr\u00eancias associadas a alagamentos, enxurradas e eventuais deslizamentos.<\/p>\n<p><strong>Temperaturas<\/strong><\/p>\n<p>Nas primeiras horas da manh\u00e3, as temperaturas m\u00ednimas ficam abaixo de 10\u00b0C em grande parte do estado. No Litoral e em \u00e1reas pr\u00f3ximas, se aproximam dos 13\u00b0C. \u00c0 tarde as m\u00e1ximas continuam amenas e n\u00e3o ultrapassam os 15\u00b0C dos Planaltos ao Litoral e variam entre 15 e 18\u00b0C no Grande Oeste.<\/p>\n<p><img fetchpriority=\"high\" decoding=\"async\" class=\"aligncenter size-full wp-image-26479\" src=\"http:\/\/sulsc.com\/wp-content\/uploads\/2025\/08\/aaa.png\" alt=\"\" width=\"1656\" height=\"1132\" srcset=\"https:\/\/sulsc.com\/wp-content\/uploads\/2025\/08\/aaa.png 1656w, https:\/\/sulsc.com\/wp-content\/uploads\/2025\/08\/aaa-300x205.png 300w, https:\/\/sulsc.com\/wp-content\/uploads\/2025\/08\/aaa-1024x700.png 1024w, https:\/\/sulsc.com\/wp-content\/uploads\/2025\/08\/aaa-768x525.png 768w, https:\/\/sulsc.com\/wp-content\/uploads\/2025\/08\/aaa-1536x1050.png 1536w\" sizes=\"(max-width: 1656px) 100vw, 1656px\" \/><\/p>\n<p><img decoding=\"async\" class=\"aligncenter size-full wp-image-22836\" src=\"http:\/\/sulsc.com\/wp-content\/uploads\/2025\/04\/Tempo-2.png\" alt=\"\" width=\"1024\" height=\"189\" srcset=\"https:\/\/sulsc.com\/wp-content\/uploads\/2025\/04\/Tempo-2.png 1024w, https:\/\/sulsc.com\/wp-content\/uploads\/2025\/04\/Tempo-2-300x55.png 300w, https:\/\/sulsc.com\/wp-content\/uploads\/2025\/04\/Tempo-2-768x142.png 768w\" sizes=\"(max-width: 1024px) 100vw, 1024px\" \/><\/p>\n<p><strong>Vento:<\/strong> sul a sudeste, fraco a moderado, com rajadas mais intensas no Litoral.<br \/>\n<strong>Sistema predominante:<\/strong> cavado em SC com sistema de baixa press\u00e3o no oceano, na altura do Litoral de SC.<\/p>\n<div id=\"metaslider-id-25573\" style=\"width: 100%;\" class=\"ml-slider-3-99-0 metaslider metaslider-flex metaslider-25573 ml-slider has-onhover-arrows ms-theme-default-base has-dots-nav\" role=\"region\" aria-label=\"Meio\" data-width=\"1200\">\n    <div id=\"metaslider_container_25573\">\n        <div id=\"metaslider_25573\">\n            <ul class='slides'>\n                <li style=\"display: block; width: 100%;\" class=\"slide-25684 ms-image \" aria-roledescription=\"slide\" data-date=\"2025-07-24 07:55:40\"><img src=\"https:\/\/sulsc.com\/wp-content\/uploads\/2025\/07\/Marr-2-1000x166.jpg\" height=\"200\" width=\"1200\" alt=\"\" class=\"slider-25573 slide-25684 msDefaultImage\" title=\"Marr 2\" \/><\/li>\n                <li style=\"display: none; width: 100%;\" class=\"slide-32412 ms-image \" aria-roledescription=\"slide\" data-date=\"2026-02-18 13:59:46\"><img src=\"https:\/\/sulsc.com\/wp-content\/uploads\/2026\/02\/40dc1580-cad5-4867-bc58-c4243821ad38-1000x166.jpeg\" height=\"200\" width=\"1200\" alt=\"\" class=\"slider-25573 slide-32412 msDefaultImage\" title=\"40dc1580-cad5-4867-bc58-c4243821ad38\" \/><\/li>\n                <li style=\"display: none; width: 100%;\" class=\"slide-32766 ms-image \" aria-roledescription=\"slide\" data-date=\"2026-03-03 17:22:59\"><img src=\"https:\/\/sulsc.com\/wp-content\/uploads\/2026\/03\/271ce739-f268-41c5-8051-3de1a1750359-1000x166.jpeg\" height=\"200\" width=\"1200\" alt=\"\" class=\"slider-25573 slide-32766 msDefaultImage\" title=\"271ce739-f268-41c5-8051-3de1a1750359\" \/><\/li>\n            <\/ul>\n        <\/div>\n        \n    <\/div>\n<\/div>\n<p><strong>Quarta-feira (27),<\/strong> o tempo no Oeste, sol com algumas nuvens e mais nuvens no Meio-Oeste. Do Planalto ao Litoral de SC, segue com chuva isolada alternando com per\u00edodo de melhoria. Com gradativa eleva\u00e7\u00e3o nas temperaturas, com a massa de ar frio afastando-se de SC.\u00a0 E as m\u00e1ximas ficando entre 18\u00b0C a 22\u00b0C.<\/p>\n<p>Fonte: Defesa Civil-SC\/Epagri-Ciram<\/p>\n","protected":false},"excerpt":{"rendered":"<p>O dia segue inst\u00e1vel nesta ter\u00e7a-feira (26) em todo estado, com predom\u00ednio de nuvens e condi\u00e7\u00f5es para chuva a qualquer momento. Nas \u00e1reas da metade leste catarinense , especialmente no Planalto Norte, no Vale do Itaja\u00ed, no Litoral Norte e na Grande Florian\u00f3polis, a chuva ocorre de maneira persistente e intensa ao longo de todo &hellip;<\/p>\n<p class=\"read-more\"> <a class=\"\" href=\"https:\/\/sulsc.com\/index.php\/2025\/08\/26\/tempo-segue-instavel-em-toda-santa-catarina-nesta-terca-feira-26\/\"> <span class=\"screen-reader-text\">Tempo segue inst\u00e1vel em toda Santa Catarina nesta ter\u00e7a-feira (26)<\/span> Read More &raquo;<\/a><\/p>\n","protected":false},"author":3,"featured_media":13306,"comment_status":"open","ping_status":"open","sticky":false,"template":"","format":"standard","meta":{"site-sidebar-layout":"default","site-content-layout":"","ast-site-content-layout":"default","site-content-style":"default","site-sidebar-style":"default","ast-global-header-display":"","ast-banner-title-visibility":"","ast-main-header-display":"","ast-hfb-above-header-display":"","ast-hfb-below-header-display":"","ast-hfb-mobile-header-display":"","site-post-title":"","ast-breadcrumbs-content":"","ast-featured-img":"","footer-sml-layout":"","theme-transparent-header-meta":"default","adv-header-id-meta":"","stick-header-meta":"","header-above-stick-meta":"","header-main-stick-meta":"","header-below-stick-meta":"","astra-migrate-meta-layouts":"set","footnotes":""},"categories":[2231,38,12],"tags":[90],"yoast_head":"<!-- This site is optimized with the Yoast SEO plugin v21.4 - https:\/\/yoast.com\/wordpress\/plugins\/seo\/ -->\n<title>Tempo segue inst\u00e1vel em toda Santa Catarina nesta ter\u00e7a-feira (26) -<\/title>\n<meta name=\"description\" content=\"Planalto Norte no Vale do Itaja\u00ed no Litoral Norte e na Grande Florian\u00f3polis a chuva ocorre e intensa no decorrer do dia\" \/>\n<meta name=\"robots\" content=\"index, follow, max-snippet:-1, max-image-preview:large, max-video-preview:-1\" \/>\n<link rel=\"canonical\" href=\"https:\/\/sulsc.com\/index.php\/2025\/08\/26\/tempo-segue-instavel-em-toda-santa-catarina-nesta-terca-feira-26\/\" \/>\n<meta property=\"og:locale\" content=\"en_US\" \/>\n<meta property=\"og:type\" content=\"article\" \/>\n<meta property=\"og:title\" content=\"Tempo segue inst\u00e1vel em toda Santa Catarina nesta ter\u00e7a-feira (26) -\" \/>\n<meta property=\"og:description\" content=\"Planalto Norte no Vale do Itaja\u00ed no Litoral Norte e na Grande Florian\u00f3polis a chuva ocorre e intensa no decorrer do dia\" \/>\n<meta property=\"og:url\" content=\"https:\/\/sulsc.com\/index.php\/2025\/08\/26\/tempo-segue-instavel-em-toda-santa-catarina-nesta-terca-feira-26\/\" \/>\n<meta property=\"article:author\" content=\"https:\/\/www.facebook.com\/profile.php?id=61559278119680\" \/>\n<meta property=\"article:published_time\" content=\"2025-08-26T10:57:41+00:00\" \/>\n<meta property=\"og:image\" content=\"http:\/\/sulsc.com\/wp-content\/uploads\/2024\/06\/tempo.jpg\" \/>\n\t<meta property=\"og:image:width\" content=\"1500\" \/>\n\t<meta property=\"og:image:height\" content=\"1000\" \/>\n\t<meta property=\"og:image:type\" content=\"image\/jpeg\" \/>\n<meta name=\"author\" content=\"Reda\u00e7\u00e3o Sul SC\" \/>\n<meta name=\"twitter:card\" content=\"summary_large_image\" \/>\n<meta name=\"twitter:creator\" content=\"@https:\/\/twitter.com\/PortalSulSC\" \/>\n<meta name=\"twitter:label1\" content=\"Written by\" \/>\n\t<meta name=\"twitter:data1\" content=\"Reda\u00e7\u00e3o Sul SC\" \/>\n\t<meta name=\"twitter:label2\" content=\"Est. reading time\" \/>\n\t<meta name=\"twitter:data2\" content=\"2 minutes\" \/>\n<script type=\"application\/ld+json\" class=\"yoast-schema-graph\">{\"@context\":\"https:\/\/schema.org\",\"@graph\":[{\"@type\":\"WebPage\",\"@id\":\"https:\/\/sulsc.com\/index.php\/2025\/08\/26\/tempo-segue-instavel-em-toda-santa-catarina-nesta-terca-feira-26\/\",\"url\":\"https:\/\/sulsc.com\/index.php\/2025\/08\/26\/tempo-segue-instavel-em-toda-santa-catarina-nesta-terca-feira-26\/\",\"name\":\"Tempo segue inst\u00e1vel em toda Santa Catarina nesta ter\u00e7a-feira (26) -\",\"isPartOf\":{\"@id\":\"https:\/\/sulsc.com\/#website\"},\"datePublished\":\"2025-08-26T10:57:41+00:00\",\"dateModified\":\"2025-08-26T10:57:41+00:00\",\"author\":{\"@id\":\"https:\/\/sulsc.com\/#\/schema\/person\/84d2fc571684f6248ba83092f07750a3\"},\"description\":\"Planalto Norte no Vale do Itaja\u00ed no Litoral Norte e na Grande Florian\u00f3polis a chuva ocorre e intensa no decorrer do dia\",\"breadcrumb\":{\"@id\":\"https:\/\/sulsc.com\/index.php\/2025\/08\/26\/tempo-segue-instavel-em-toda-santa-catarina-nesta-terca-feira-26\/#breadcrumb\"},\"inLanguage\":\"en-US\",\"potentialAction\":[{\"@type\":\"ReadAction\",\"target\":[\"https:\/\/sulsc.com\/index.php\/2025\/08\/26\/tempo-segue-instavel-em-toda-santa-catarina-nesta-terca-feira-26\/\"]}]},{\"@type\":\"BreadcrumbList\",\"@id\":\"https:\/\/sulsc.com\/index.php\/2025\/08\/26\/tempo-segue-instavel-em-toda-santa-catarina-nesta-terca-feira-26\/#breadcrumb\",\"itemListElement\":[{\"@type\":\"ListItem\",\"position\":1,\"name\":\"In\u00edcio\",\"item\":\"https:\/\/sulsc.com\/\"},{\"@type\":\"ListItem\",\"position\":2,\"name\":\"Tempo segue inst\u00e1vel em toda Santa Catarina nesta ter\u00e7a-feira (26)\"}]},{\"@type\":\"WebSite\",\"@id\":\"https:\/\/sulsc.com\/#website\",\"url\":\"https:\/\/sulsc.com\/\",\"name\":\"\",\"description\":\"\",\"potentialAction\":[{\"@type\":\"SearchAction\",\"target\":{\"@type\":\"EntryPoint\",\"urlTemplate\":\"https:\/\/sulsc.com\/?s={search_term_string}\"},\"query-input\":\"required name=search_term_string\"}],\"inLanguage\":\"en-US\"},{\"@type\":\"Person\",\"@id\":\"https:\/\/sulsc.com\/#\/schema\/person\/84d2fc571684f6248ba83092f07750a3\",\"name\":\"Reda\u00e7\u00e3o Sul SC\",\"image\":{\"@type\":\"ImageObject\",\"inLanguage\":\"en-US\",\"@id\":\"https:\/\/sulsc.com\/#\/schema\/person\/image\/e08d7fe2cc4ed596372063bbe852b8d0\",\"url\":\"https:\/\/sulsc.com\/wp-content\/uploads\/2023\/09\/redacao.png\",\"contentUrl\":\"https:\/\/sulsc.com\/wp-content\/uploads\/2023\/09\/redacao.png\",\"caption\":\"Reda\u00e7\u00e3o Sul SC\"},\"description\":\"Foco em um jornalismo imparcial, voltado \u00e0 qualidade dos seus conte\u00fados e, assim, levar informa\u00e7\u00e3o de valor que agregue \u00e0 vida dos leitores. Esta \u00e9 grande miss\u00e3o do Portal de Not\u00edcias Sul SC. N\u00e3o \u00e9 quantidade que muda o mundo, sempre foi e seguir\u00e1 sendo qualidade!\",\"sameAs\":[\"https:\/\/sulsc.com\/\",\"https:\/\/www.facebook.com\/profile.php?id=61559278119680\",\"https:\/\/www.instagram.com\/sulscportal\/?hl=pt-br\",\"https:\/\/twitter.com\/https:\/\/twitter.com\/PortalSulSC\",\"https:\/\/www.youtube.com\/channel\/UCv_BE8GeySluDov2n8qhVmw\"],\"url\":\"https:\/\/sulsc.com\/index.php\/author\/redacao\/\"}]}<\/script>\n<!-- \/ Yoast SEO plugin. -->","yoast_head_json":{"title":"Tempo segue inst\u00e1vel em toda Santa Catarina nesta ter\u00e7a-feira (26) -","description":"Planalto Norte no Vale do Itaja\u00ed no Litoral Norte e na Grande Florian\u00f3polis a chuva ocorre e intensa no decorrer do dia","robots":{"index":"index","follow":"follow","max-snippet":"max-snippet:-1","max-image-preview":"max-image-preview:large","max-video-preview":"max-video-preview:-1"},"canonical":"https:\/\/sulsc.com\/index.php\/2025\/08\/26\/tempo-segue-instavel-em-toda-santa-catarina-nesta-terca-feira-26\/","og_locale":"en_US","og_type":"article","og_title":"Tempo segue inst\u00e1vel em toda Santa Catarina nesta ter\u00e7a-feira (26) -","og_description":"Planalto Norte no Vale do Itaja\u00ed no Litoral Norte e na Grande Florian\u00f3polis a chuva ocorre e intensa no decorrer do dia","og_url":"https:\/\/sulsc.com\/index.php\/2025\/08\/26\/tempo-segue-instavel-em-toda-santa-catarina-nesta-terca-feira-26\/","article_author":"https:\/\/www.facebook.com\/profile.php?id=61559278119680","article_published_time":"2025-08-26T10:57:41+00:00","og_image":[{"width":1500,"height":1000,"url":"http:\/\/sulsc.com\/wp-content\/uploads\/2024\/06\/tempo.jpg","type":"image\/jpeg"}],"author":"Reda\u00e7\u00e3o Sul SC","twitter_card":"summary_large_image","twitter_creator":"@https:\/\/twitter.com\/PortalSulSC","twitter_misc":{"Written by":"Reda\u00e7\u00e3o Sul SC","Est. reading time":"2 minutes"},"schema":{"@context":"https:\/\/schema.org","@graph":[{"@type":"WebPage","@id":"https:\/\/sulsc.com\/index.php\/2025\/08\/26\/tempo-segue-instavel-em-toda-santa-catarina-nesta-terca-feira-26\/","url":"https:\/\/sulsc.com\/index.php\/2025\/08\/26\/tempo-segue-instavel-em-toda-santa-catarina-nesta-terca-feira-26\/","name":"Tempo segue inst\u00e1vel em toda Santa Catarina nesta ter\u00e7a-feira (26) -","isPartOf":{"@id":"https:\/\/sulsc.com\/#website"},"datePublished":"2025-08-26T10:57:41+00:00","dateModified":"2025-08-26T10:57:41+00:00","author":{"@id":"https:\/\/sulsc.com\/#\/schema\/person\/84d2fc571684f6248ba83092f07750a3"},"description":"Planalto Norte no Vale do Itaja\u00ed no Litoral Norte e na Grande Florian\u00f3polis a chuva ocorre e intensa no decorrer do dia","breadcrumb":{"@id":"https:\/\/sulsc.com\/index.php\/2025\/08\/26\/tempo-segue-instavel-em-toda-santa-catarina-nesta-terca-feira-26\/#breadcrumb"},"inLanguage":"en-US","potentialAction":[{"@type":"ReadAction","target":["https:\/\/sulsc.com\/index.php\/2025\/08\/26\/tempo-segue-instavel-em-toda-santa-catarina-nesta-terca-feira-26\/"]}]},{"@type":"BreadcrumbList","@id":"https:\/\/sulsc.com\/index.php\/2025\/08\/26\/tempo-segue-instavel-em-toda-santa-catarina-nesta-terca-feira-26\/#breadcrumb","itemListElement":[{"@type":"ListItem","position":1,"name":"In\u00edcio","item":"https:\/\/sulsc.com\/"},{"@type":"ListItem","position":2,"name":"Tempo segue inst\u00e1vel em toda Santa Catarina nesta ter\u00e7a-feira (26)"}]},{"@type":"WebSite","@id":"https:\/\/sulsc.com\/#website","url":"https:\/\/sulsc.com\/","name":"","description":"","potentialAction":[{"@type":"SearchAction","target":{"@type":"EntryPoint","urlTemplate":"https:\/\/sulsc.com\/?s={search_term_string}"},"query-input":"required name=search_term_string"}],"inLanguage":"en-US"},{"@type":"Person","@id":"https:\/\/sulsc.com\/#\/schema\/person\/84d2fc571684f6248ba83092f07750a3","name":"Reda\u00e7\u00e3o Sul SC","image":{"@type":"ImageObject","inLanguage":"en-US","@id":"https:\/\/sulsc.com\/#\/schema\/person\/image\/e08d7fe2cc4ed596372063bbe852b8d0","url":"https:\/\/sulsc.com\/wp-content\/uploads\/2023\/09\/redacao.png","contentUrl":"https:\/\/sulsc.com\/wp-content\/uploads\/2023\/09\/redacao.png","caption":"Reda\u00e7\u00e3o Sul SC"},"description":"Foco em um jornalismo imparcial, voltado \u00e0 qualidade dos seus conte\u00fados e, assim, levar informa\u00e7\u00e3o de valor que agregue \u00e0 vida dos leitores. Esta \u00e9 grande miss\u00e3o do Portal de Not\u00edcias Sul SC. N\u00e3o \u00e9 quantidade que muda o mundo, sempre foi e seguir\u00e1 sendo qualidade!","sameAs":["https:\/\/sulsc.com\/","https:\/\/www.facebook.com\/profile.php?id=61559278119680","https:\/\/www.instagram.com\/sulscportal\/?hl=pt-br","https:\/\/twitter.com\/https:\/\/twitter.com\/PortalSulSC","https:\/\/www.youtube.com\/channel\/UCv_BE8GeySluDov2n8qhVmw"],"url":"https:\/\/sulsc.com\/index.php\/author\/redacao\/"}]}},"authors":[],"_links":{"self":[{"href":"https:\/\/sulsc.com\/index.php\/wp-json\/wp\/v2\/posts\/26477"}],"collection":[{"href":"https:\/\/sulsc.com\/index.php\/wp-json\/wp\/v2\/posts"}],"about":[{"href":"https:\/\/sulsc.com\/index.php\/wp-json\/wp\/v2\/types\/post"}],"author":[{"embeddable":true,"href":"https:\/\/sulsc.com\/index.php\/wp-json\/wp\/v2\/users\/3"}],"replies":[{"embeddable":true,"href":"https:\/\/sulsc.com\/index.php\/wp-json\/wp\/v2\/comments?post=26477"}],"version-history":[{"count":1,"href":"https:\/\/sulsc.com\/index.php\/wp-json\/wp\/v2\/posts\/26477\/revisions"}],"predecessor-version":[{"id":26480,"href":"https:\/\/sulsc.com\/index.php\/wp-json\/wp\/v2\/posts\/26477\/revisions\/26480"}],"wp:featuredmedia":[{"embeddable":true,"href":"https:\/\/sulsc.com\/index.php\/wp-json\/wp\/v2\/media\/13306"}],"wp:attachment":[{"href":"https:\/\/sulsc.com\/index.php\/wp-json\/wp\/v2\/media?parent=26477"}],"wp:term":[{"taxonomy":"category","embeddable":true,"href":"https:\/\/sulsc.com\/index.php\/wp-json\/wp\/v2\/categories?post=26477"},{"taxonomy":"post_tag","embeddable":true,"href":"https:\/\/sulsc.com\/index.php\/wp-json\/wp\/v2\/tags?post=26477"}],"curies":[{"name":"wp","href":"https:\/\/api.w.org\/{rel}","templated":true}]}}