{"id":26502,"date":"2025-08-27T07:28:10","date_gmt":"2025-08-27T10:28:10","guid":{"rendered":"https:\/\/sulsc.com\/?p=26502"},"modified":"2025-08-27T07:28:10","modified_gmt":"2025-08-27T10:28:10","slug":"quarta-feira-27-o-sol-volta-aparecer-entre-nuvens-na-regiao-sul","status":"publish","type":"post","link":"https:\/\/sulsc.com\/index.php\/2025\/08\/27\/quarta-feira-27-o-sol-volta-aparecer-entre-nuvens-na-regiao-sul\/","title":{"rendered":"Quarta-feira (27) o sol volta aparecer entre nuvens na regi\u00e3o Sul"},"content":{"rendered":"<p>A quarta-feira (27), ser\u00e1 mais um dia de tempo inst\u00e1vel em parte do estado, com grande quantidade de nuvens e condi\u00e7\u00f5es para pancadas de chuva, por vezes persistente, especialmente entre o litoral e Vale do Itaja\u00ed com risco baixo a moderado para ocorr\u00eancias relacionadas \u00e0 alagamentos e enxurradas pontuais e moderado a alto para eventuais deslizamentos. J\u00e1 na regi\u00e3o Sul o sol volta aparecer entre nuvens.<\/p>\n<p><strong>Temperaturas<\/strong><\/p>\n<p>Durante o amanhecer, as temperaturas m\u00ednimas variam entre 9 e 13\u00b0C na maior parte do estado com valores menores nas \u00e1reas serranas. Em \u00e1reas do Grande Oeste e Sul, as temperaturas m\u00e1ximas se aproximam dos 24\u00b0C durante a tarde, enquanto nas demais regi\u00f5es ainda variam de 15\u00b0C a 22\u00b0C, com valores menores nas \u00e1reas serranas.<\/p>\n<p><img fetchpriority=\"high\" decoding=\"async\" class=\"aligncenter size-full wp-image-26503\" src=\"http:\/\/sulsc.com\/wp-content\/uploads\/2025\/08\/unnamed-1.png\" alt=\"\" width=\"1639\" height=\"1123\" srcset=\"https:\/\/sulsc.com\/wp-content\/uploads\/2025\/08\/unnamed-1.png 1639w, https:\/\/sulsc.com\/wp-content\/uploads\/2025\/08\/unnamed-1-300x206.png 300w, https:\/\/sulsc.com\/wp-content\/uploads\/2025\/08\/unnamed-1-1024x702.png 1024w, https:\/\/sulsc.com\/wp-content\/uploads\/2025\/08\/unnamed-1-768x526.png 768w, https:\/\/sulsc.com\/wp-content\/uploads\/2025\/08\/unnamed-1-1536x1052.png 1536w\" sizes=\"(max-width: 1639px) 100vw, 1639px\" \/><\/p>\n<p><img decoding=\"async\" class=\"aligncenter size-full wp-image-22836\" src=\"http:\/\/sulsc.com\/wp-content\/uploads\/2025\/04\/Tempo-2.png\" alt=\"\" width=\"1024\" height=\"189\" srcset=\"https:\/\/sulsc.com\/wp-content\/uploads\/2025\/04\/Tempo-2.png 1024w, https:\/\/sulsc.com\/wp-content\/uploads\/2025\/04\/Tempo-2-300x55.png 300w, https:\/\/sulsc.com\/wp-content\/uploads\/2025\/04\/Tempo-2-768x142.png 768w\" sizes=\"(max-width: 1024px) 100vw, 1024px\" \/><\/p>\n<p><strong>Vento:<\/strong> sul a sudeste no litoral e leste a nordeste no interior, fraco a moderado.<\/p>\n<p><strong>Sistema predominante:<\/strong> VCAN (V\u00f3rtice Cicl\u00f4nico de Altos N\u00edveis) afasta-se do litoral, bem como a massa de ar frio que atua em SC.<\/p>\n<div id=\"metaslider-id-25573\" style=\"width: 100%;\" class=\"ml-slider-3-99-0 metaslider metaslider-flex metaslider-25573 ml-slider has-onhover-arrows ms-theme-default-base has-dots-nav\" role=\"region\" aria-label=\"Meio\" data-width=\"1200\">\n    <div id=\"metaslider_container_25573\">\n        <div id=\"metaslider_25573\">\n            <ul class='slides'>\n                <li style=\"display: block; width: 100%;\" class=\"slide-25684 ms-image \" aria-roledescription=\"slide\" data-date=\"2025-07-24 07:55:40\"><img src=\"https:\/\/sulsc.com\/wp-content\/uploads\/2025\/07\/Marr-2-1000x166.jpg\" height=\"200\" width=\"1200\" alt=\"\" class=\"slider-25573 slide-25684 msDefaultImage\" title=\"Marr 2\" \/><\/li>\n                <li style=\"display: none; width: 100%;\" class=\"slide-32412 ms-image \" aria-roledescription=\"slide\" data-date=\"2026-02-18 13:59:46\"><img src=\"https:\/\/sulsc.com\/wp-content\/uploads\/2026\/02\/40dc1580-cad5-4867-bc58-c4243821ad38-1000x166.jpeg\" height=\"200\" width=\"1200\" alt=\"\" class=\"slider-25573 slide-32412 msDefaultImage\" title=\"40dc1580-cad5-4867-bc58-c4243821ad38\" \/><\/li>\n                <li style=\"display: none; width: 100%;\" class=\"slide-32766 ms-image \" aria-roledescription=\"slide\" data-date=\"2026-03-03 17:22:59\"><img src=\"https:\/\/sulsc.com\/wp-content\/uploads\/2026\/03\/271ce739-f268-41c5-8051-3de1a1750359-1000x166.jpeg\" height=\"200\" width=\"1200\" alt=\"\" class=\"slider-25573 slide-32766 msDefaultImage\" title=\"271ce739-f268-41c5-8051-3de1a1750359\" \/><\/li>\n            <\/ul>\n        <\/div>\n        \n    <\/div>\n<\/div>\n<p><strong>Quinta-feira (28),<\/strong> tempo com sol entre nuvens em parte de SC. No Litoral, Grande Florian\u00f3polis e Vale do Itaja\u00ed, chuva isolada associada a circula\u00e7\u00e3o mar\u00edtima, alternando com per\u00edodos de melhoria. Temperatura mais elevada, com m\u00e1ximas entre 18\u00b0C e 25\u00b0C.<\/p>\n<p>Fonte: Defesa Civil-SC\/Epagri-Ciram<\/p>\n","protected":false},"excerpt":{"rendered":"<p>A quarta-feira (27), ser\u00e1 mais um dia de tempo inst\u00e1vel em parte do estado, com grande quantidade de nuvens e condi\u00e7\u00f5es para pancadas de chuva, por vezes persistente, especialmente entre o litoral e Vale do Itaja\u00ed com risco baixo a moderado para ocorr\u00eancias relacionadas \u00e0 alagamentos e enxurradas pontuais e moderado a alto para eventuais &hellip;<\/p>\n<p class=\"read-more\"> <a class=\"\" href=\"https:\/\/sulsc.com\/index.php\/2025\/08\/27\/quarta-feira-27-o-sol-volta-aparecer-entre-nuvens-na-regiao-sul\/\"> <span class=\"screen-reader-text\">Quarta-feira (27) o sol volta aparecer entre nuvens na regi\u00e3o Sul<\/span> Read More &raquo;<\/a><\/p>\n","protected":false},"author":3,"featured_media":14267,"comment_status":"open","ping_status":"open","sticky":false,"template":"","format":"standard","meta":{"site-sidebar-layout":"default","site-content-layout":"","ast-site-content-layout":"default","site-content-style":"default","site-sidebar-style":"default","ast-global-header-display":"","ast-banner-title-visibility":"","ast-main-header-display":"","ast-hfb-above-header-display":"","ast-hfb-below-header-display":"","ast-hfb-mobile-header-display":"","site-post-title":"","ast-breadcrumbs-content":"","ast-featured-img":"","footer-sml-layout":"","theme-transparent-header-meta":"default","adv-header-id-meta":"","stick-header-meta":"","header-above-stick-meta":"","header-main-stick-meta":"","header-below-stick-meta":"","astra-migrate-meta-layouts":"set","footnotes":""},"categories":[38,12],"tags":[90],"yoast_head":"<!-- This site is optimized with the Yoast SEO plugin v21.4 - https:\/\/yoast.com\/wordpress\/plugins\/seo\/ -->\n<title>Quarta-feira (27) o sol volta aparecer entre nuvens na regi\u00e3o Sul -<\/title>\n<meta name=\"description\" content=\"O sol volta a aparecer entre nuvens em \u00e1reas do Grande Oeste e Sul onde as temperaturas m\u00e1ximas se aproximam dos 24\u00b0C\" \/>\n<meta name=\"robots\" content=\"index, follow, max-snippet:-1, max-image-preview:large, max-video-preview:-1\" \/>\n<link rel=\"canonical\" href=\"https:\/\/sulsc.com\/index.php\/2025\/08\/27\/quarta-feira-27-o-sol-volta-aparecer-entre-nuvens-na-regiao-sul\/\" \/>\n<meta property=\"og:locale\" content=\"en_US\" \/>\n<meta property=\"og:type\" content=\"article\" \/>\n<meta property=\"og:title\" content=\"Quarta-feira (27) o sol volta aparecer entre nuvens na regi\u00e3o Sul -\" \/>\n<meta property=\"og:description\" content=\"O sol volta a aparecer entre nuvens em \u00e1reas do Grande Oeste e Sul onde as temperaturas m\u00e1ximas se aproximam dos 24\u00b0C\" \/>\n<meta property=\"og:url\" content=\"https:\/\/sulsc.com\/index.php\/2025\/08\/27\/quarta-feira-27-o-sol-volta-aparecer-entre-nuvens-na-regiao-sul\/\" \/>\n<meta property=\"article:author\" content=\"https:\/\/www.facebook.com\/profile.php?id=61559278119680\" \/>\n<meta property=\"article:published_time\" content=\"2025-08-27T10:28:10+00:00\" \/>\n<meta property=\"og:image\" content=\"http:\/\/sulsc.com\/wp-content\/uploads\/2024\/07\/tempo-nublado-5.jpeg\" \/>\n\t<meta property=\"og:image:width\" content=\"1600\" \/>\n\t<meta property=\"og:image:height\" content=\"719\" \/>\n\t<meta property=\"og:image:type\" content=\"image\/jpeg\" \/>\n<meta name=\"author\" content=\"Reda\u00e7\u00e3o Sul SC\" \/>\n<meta name=\"twitter:card\" content=\"summary_large_image\" \/>\n<meta name=\"twitter:creator\" content=\"@https:\/\/twitter.com\/PortalSulSC\" \/>\n<meta name=\"twitter:label1\" content=\"Written by\" \/>\n\t<meta name=\"twitter:data1\" content=\"Reda\u00e7\u00e3o Sul SC\" \/>\n\t<meta name=\"twitter:label2\" content=\"Est. reading time\" \/>\n\t<meta name=\"twitter:data2\" content=\"2 minutes\" \/>\n<script type=\"application\/ld+json\" class=\"yoast-schema-graph\">{\"@context\":\"https:\/\/schema.org\",\"@graph\":[{\"@type\":\"WebPage\",\"@id\":\"https:\/\/sulsc.com\/index.php\/2025\/08\/27\/quarta-feira-27-o-sol-volta-aparecer-entre-nuvens-na-regiao-sul\/\",\"url\":\"https:\/\/sulsc.com\/index.php\/2025\/08\/27\/quarta-feira-27-o-sol-volta-aparecer-entre-nuvens-na-regiao-sul\/\",\"name\":\"Quarta-feira (27) o sol volta aparecer entre nuvens na regi\u00e3o Sul -\",\"isPartOf\":{\"@id\":\"https:\/\/sulsc.com\/#website\"},\"datePublished\":\"2025-08-27T10:28:10+00:00\",\"dateModified\":\"2025-08-27T10:28:10+00:00\",\"author\":{\"@id\":\"https:\/\/sulsc.com\/#\/schema\/person\/84d2fc571684f6248ba83092f07750a3\"},\"description\":\"O sol volta a aparecer entre nuvens em \u00e1reas do Grande Oeste e Sul onde as temperaturas m\u00e1ximas se aproximam dos 24\u00b0C\",\"breadcrumb\":{\"@id\":\"https:\/\/sulsc.com\/index.php\/2025\/08\/27\/quarta-feira-27-o-sol-volta-aparecer-entre-nuvens-na-regiao-sul\/#breadcrumb\"},\"inLanguage\":\"en-US\",\"potentialAction\":[{\"@type\":\"ReadAction\",\"target\":[\"https:\/\/sulsc.com\/index.php\/2025\/08\/27\/quarta-feira-27-o-sol-volta-aparecer-entre-nuvens-na-regiao-sul\/\"]}]},{\"@type\":\"BreadcrumbList\",\"@id\":\"https:\/\/sulsc.com\/index.php\/2025\/08\/27\/quarta-feira-27-o-sol-volta-aparecer-entre-nuvens-na-regiao-sul\/#breadcrumb\",\"itemListElement\":[{\"@type\":\"ListItem\",\"position\":1,\"name\":\"In\u00edcio\",\"item\":\"https:\/\/sulsc.com\/\"},{\"@type\":\"ListItem\",\"position\":2,\"name\":\"Quarta-feira (27) o sol volta aparecer entre nuvens na regi\u00e3o Sul\"}]},{\"@type\":\"WebSite\",\"@id\":\"https:\/\/sulsc.com\/#website\",\"url\":\"https:\/\/sulsc.com\/\",\"name\":\"\",\"description\":\"\",\"potentialAction\":[{\"@type\":\"SearchAction\",\"target\":{\"@type\":\"EntryPoint\",\"urlTemplate\":\"https:\/\/sulsc.com\/?s={search_term_string}\"},\"query-input\":\"required name=search_term_string\"}],\"inLanguage\":\"en-US\"},{\"@type\":\"Person\",\"@id\":\"https:\/\/sulsc.com\/#\/schema\/person\/84d2fc571684f6248ba83092f07750a3\",\"name\":\"Reda\u00e7\u00e3o Sul SC\",\"image\":{\"@type\":\"ImageObject\",\"inLanguage\":\"en-US\",\"@id\":\"https:\/\/sulsc.com\/#\/schema\/person\/image\/e08d7fe2cc4ed596372063bbe852b8d0\",\"url\":\"https:\/\/sulsc.com\/wp-content\/uploads\/2023\/09\/redacao.png\",\"contentUrl\":\"https:\/\/sulsc.com\/wp-content\/uploads\/2023\/09\/redacao.png\",\"caption\":\"Reda\u00e7\u00e3o Sul SC\"},\"description\":\"Foco em um jornalismo imparcial, voltado \u00e0 qualidade dos seus conte\u00fados e, assim, levar informa\u00e7\u00e3o de valor que agregue \u00e0 vida dos leitores. Esta \u00e9 grande miss\u00e3o do Portal de Not\u00edcias Sul SC. N\u00e3o \u00e9 quantidade que muda o mundo, sempre foi e seguir\u00e1 sendo qualidade!\",\"sameAs\":[\"https:\/\/sulsc.com\/\",\"https:\/\/www.facebook.com\/profile.php?id=61559278119680\",\"https:\/\/www.instagram.com\/sulscportal\/?hl=pt-br\",\"https:\/\/twitter.com\/https:\/\/twitter.com\/PortalSulSC\",\"https:\/\/www.youtube.com\/channel\/UCv_BE8GeySluDov2n8qhVmw\"],\"url\":\"https:\/\/sulsc.com\/index.php\/author\/redacao\/\"}]}<\/script>\n<!-- \/ Yoast SEO plugin. -->","yoast_head_json":{"title":"Quarta-feira (27) o sol volta aparecer entre nuvens na regi\u00e3o Sul -","description":"O sol volta a aparecer entre nuvens em \u00e1reas do Grande Oeste e Sul onde as temperaturas m\u00e1ximas se aproximam dos 24\u00b0C","robots":{"index":"index","follow":"follow","max-snippet":"max-snippet:-1","max-image-preview":"max-image-preview:large","max-video-preview":"max-video-preview:-1"},"canonical":"https:\/\/sulsc.com\/index.php\/2025\/08\/27\/quarta-feira-27-o-sol-volta-aparecer-entre-nuvens-na-regiao-sul\/","og_locale":"en_US","og_type":"article","og_title":"Quarta-feira (27) o sol volta aparecer entre nuvens na regi\u00e3o Sul -","og_description":"O sol volta a aparecer entre nuvens em \u00e1reas do Grande Oeste e Sul onde as temperaturas m\u00e1ximas se aproximam dos 24\u00b0C","og_url":"https:\/\/sulsc.com\/index.php\/2025\/08\/27\/quarta-feira-27-o-sol-volta-aparecer-entre-nuvens-na-regiao-sul\/","article_author":"https:\/\/www.facebook.com\/profile.php?id=61559278119680","article_published_time":"2025-08-27T10:28:10+00:00","og_image":[{"width":1600,"height":719,"url":"http:\/\/sulsc.com\/wp-content\/uploads\/2024\/07\/tempo-nublado-5.jpeg","type":"image\/jpeg"}],"author":"Reda\u00e7\u00e3o Sul SC","twitter_card":"summary_large_image","twitter_creator":"@https:\/\/twitter.com\/PortalSulSC","twitter_misc":{"Written by":"Reda\u00e7\u00e3o Sul SC","Est. reading time":"2 minutes"},"schema":{"@context":"https:\/\/schema.org","@graph":[{"@type":"WebPage","@id":"https:\/\/sulsc.com\/index.php\/2025\/08\/27\/quarta-feira-27-o-sol-volta-aparecer-entre-nuvens-na-regiao-sul\/","url":"https:\/\/sulsc.com\/index.php\/2025\/08\/27\/quarta-feira-27-o-sol-volta-aparecer-entre-nuvens-na-regiao-sul\/","name":"Quarta-feira (27) o sol volta aparecer entre nuvens na regi\u00e3o Sul -","isPartOf":{"@id":"https:\/\/sulsc.com\/#website"},"datePublished":"2025-08-27T10:28:10+00:00","dateModified":"2025-08-27T10:28:10+00:00","author":{"@id":"https:\/\/sulsc.com\/#\/schema\/person\/84d2fc571684f6248ba83092f07750a3"},"description":"O sol volta a aparecer entre nuvens em \u00e1reas do Grande Oeste e Sul onde as temperaturas m\u00e1ximas se aproximam dos 24\u00b0C","breadcrumb":{"@id":"https:\/\/sulsc.com\/index.php\/2025\/08\/27\/quarta-feira-27-o-sol-volta-aparecer-entre-nuvens-na-regiao-sul\/#breadcrumb"},"inLanguage":"en-US","potentialAction":[{"@type":"ReadAction","target":["https:\/\/sulsc.com\/index.php\/2025\/08\/27\/quarta-feira-27-o-sol-volta-aparecer-entre-nuvens-na-regiao-sul\/"]}]},{"@type":"BreadcrumbList","@id":"https:\/\/sulsc.com\/index.php\/2025\/08\/27\/quarta-feira-27-o-sol-volta-aparecer-entre-nuvens-na-regiao-sul\/#breadcrumb","itemListElement":[{"@type":"ListItem","position":1,"name":"In\u00edcio","item":"https:\/\/sulsc.com\/"},{"@type":"ListItem","position":2,"name":"Quarta-feira (27) o sol volta aparecer entre nuvens na regi\u00e3o Sul"}]},{"@type":"WebSite","@id":"https:\/\/sulsc.com\/#website","url":"https:\/\/sulsc.com\/","name":"","description":"","potentialAction":[{"@type":"SearchAction","target":{"@type":"EntryPoint","urlTemplate":"https:\/\/sulsc.com\/?s={search_term_string}"},"query-input":"required name=search_term_string"}],"inLanguage":"en-US"},{"@type":"Person","@id":"https:\/\/sulsc.com\/#\/schema\/person\/84d2fc571684f6248ba83092f07750a3","name":"Reda\u00e7\u00e3o Sul SC","image":{"@type":"ImageObject","inLanguage":"en-US","@id":"https:\/\/sulsc.com\/#\/schema\/person\/image\/e08d7fe2cc4ed596372063bbe852b8d0","url":"https:\/\/sulsc.com\/wp-content\/uploads\/2023\/09\/redacao.png","contentUrl":"https:\/\/sulsc.com\/wp-content\/uploads\/2023\/09\/redacao.png","caption":"Reda\u00e7\u00e3o Sul SC"},"description":"Foco em um jornalismo imparcial, voltado \u00e0 qualidade dos seus conte\u00fados e, assim, levar informa\u00e7\u00e3o de valor que agregue \u00e0 vida dos leitores. Esta \u00e9 grande miss\u00e3o do Portal de Not\u00edcias Sul SC. N\u00e3o \u00e9 quantidade que muda o mundo, sempre foi e seguir\u00e1 sendo qualidade!","sameAs":["https:\/\/sulsc.com\/","https:\/\/www.facebook.com\/profile.php?id=61559278119680","https:\/\/www.instagram.com\/sulscportal\/?hl=pt-br","https:\/\/twitter.com\/https:\/\/twitter.com\/PortalSulSC","https:\/\/www.youtube.com\/channel\/UCv_BE8GeySluDov2n8qhVmw"],"url":"https:\/\/sulsc.com\/index.php\/author\/redacao\/"}]}},"authors":[],"_links":{"self":[{"href":"https:\/\/sulsc.com\/index.php\/wp-json\/wp\/v2\/posts\/26502"}],"collection":[{"href":"https:\/\/sulsc.com\/index.php\/wp-json\/wp\/v2\/posts"}],"about":[{"href":"https:\/\/sulsc.com\/index.php\/wp-json\/wp\/v2\/types\/post"}],"author":[{"embeddable":true,"href":"https:\/\/sulsc.com\/index.php\/wp-json\/wp\/v2\/users\/3"}],"replies":[{"embeddable":true,"href":"https:\/\/sulsc.com\/index.php\/wp-json\/wp\/v2\/comments?post=26502"}],"version-history":[{"count":1,"href":"https:\/\/sulsc.com\/index.php\/wp-json\/wp\/v2\/posts\/26502\/revisions"}],"predecessor-version":[{"id":26504,"href":"https:\/\/sulsc.com\/index.php\/wp-json\/wp\/v2\/posts\/26502\/revisions\/26504"}],"wp:featuredmedia":[{"embeddable":true,"href":"https:\/\/sulsc.com\/index.php\/wp-json\/wp\/v2\/media\/14267"}],"wp:attachment":[{"href":"https:\/\/sulsc.com\/index.php\/wp-json\/wp\/v2\/media?parent=26502"}],"wp:term":[{"taxonomy":"category","embeddable":true,"href":"https:\/\/sulsc.com\/index.php\/wp-json\/wp\/v2\/categories?post=26502"},{"taxonomy":"post_tag","embeddable":true,"href":"https:\/\/sulsc.com\/index.php\/wp-json\/wp\/v2\/tags?post=26502"}],"curies":[{"name":"wp","href":"https:\/\/api.w.org\/{rel}","templated":true}]}}