{"id":2664,"date":"2023-10-20T17:40:52","date_gmt":"2023-10-20T20:40:52","guid":{"rendered":"https:\/\/sulsc.com\/?p=2664"},"modified":"2023-10-20T18:40:16","modified_gmt":"2023-10-20T21:40:16","slug":"sc-390-passa-por-trabalhos-de-recuperacao-e-revitalizacao","status":"publish","type":"post","link":"https:\/\/sulsc.com\/index.php\/2023\/10\/20\/sc-390-passa-por-trabalhos-de-recuperacao-e-revitalizacao\/","title":{"rendered":"SC-390 passa por trabalhos de recupera\u00e7\u00e3o e revitaliza\u00e7\u00e3o"},"content":{"rendered":"<p>Teve in\u00edcio nesta quarta-feira (18), em Tubar\u00e3o, a opera\u00e7\u00e3o tapa buracos, na SC-390. Os trabalhos seguiram por Pedras Grandes e continuam em Orleans. Al\u00e9m desta opera\u00e7\u00e3o, v\u00e1rios trabalhos em cima da ponte tamb\u00e9m ser\u00e3o efetuados. \u201cDa\u00ed seguimos para Lauro M\u00fcller\u201d, detalha o Coordenador Regional de Infraestrutura Sul de SC, Ademir Jos\u00e9 Honorato.<\/p>\n<p>Ele explica que a primeira situa\u00e7\u00e3o \u00e9 referente as chuvas dos \u00faltimos dias. \u201cHouve aquele desabamento na barreira New Jersey, lateral de concreto que desabou, que ficou pendurada na parede da serra com cabos de energia e desceu toda a terra e mato para a pista de baixo. Ficamos uma semana trabalhando ali\u201d, relata.<\/p>\n<p>No mesmo trecho tamb\u00e9m \u00e9 realizada limpeza. \u201cS\u00e3o feitas drenagens em todas as galerias. Limpeza nas calhas da lateral da Serra, aquela manuten\u00e7\u00e3o das tubula\u00e7\u00f5es estavam todas obstru\u00eddas, lotadas de pedras, terras, paus&#8230; enfim, materiais urbanos de tudo que eh tipo. Desde calota de carro, garrafas, o que mais chamou a aten\u00e7\u00e3o foram latinhas de refrigerante com data de validade de 1992, outra de 1996, ou seja, fazia muito tempo que n\u00e3o era feita manuten\u00e7\u00e3o ou nunca havia sido feito\u201d, avalia.<\/p>\n<p><img fetchpriority=\"high\" decoding=\"async\" class=\"alignnone size-large wp-image-2680\" src=\"http:\/\/sulsc.com\/wp-content\/uploads\/2023\/10\/WhatsApp-Image-2023-10-20-at-18.37.24-1024x768.jpeg\" alt=\"\" width=\"1024\" height=\"768\" srcset=\"https:\/\/sulsc.com\/wp-content\/uploads\/2023\/10\/WhatsApp-Image-2023-10-20-at-18.37.24-1024x768.jpeg 1024w, https:\/\/sulsc.com\/wp-content\/uploads\/2023\/10\/WhatsApp-Image-2023-10-20-at-18.37.24-300x225.jpeg 300w, https:\/\/sulsc.com\/wp-content\/uploads\/2023\/10\/WhatsApp-Image-2023-10-20-at-18.37.24-768x576.jpeg 768w, https:\/\/sulsc.com\/wp-content\/uploads\/2023\/10\/WhatsApp-Image-2023-10-20-at-18.37.24.jpeg 1280w\" sizes=\"(max-width: 1024px) 100vw, 1024px\" \/><\/p>\n<p>Al\u00e9m disso, foram retiradas pe\u00e7as de concreto e colocada barreira New Jersey, esse tratamento ocorreu no km 406.150. \u201cAli uns 50 metros, est\u00e1 em meia pista, tanto para quem sobe quanto para quem desce, mas como \u00e9 um ponto com vis\u00e3o, pode-se parar e esperar\u201d, orienta Ademir. Vale ressaltar que caminh\u00e3o pesado est\u00e1 proibido no trecho. \u201cPassam apenas ve\u00edculos com peso bruto total de at\u00e9 7 toneladas\u201d, acrescenta.<\/p>\n<p>Ouro trabalho que deve ser refeito \u00e9 da ilumina\u00e7\u00e3o da Serra do Rio do Rastro. \u201cH\u00e1 quatro meses hav\u00edamos restabelecido a ilumina\u00e7\u00e3o, por\u00e9m, com esse desabamento o tubo de energia estava no meio do concreto e teve que ser partido, ent\u00e3o vamos ter que fazer o concerto tamb\u00e9m da ilumina\u00e7\u00e3o\u201d, ressalta.<\/p>\n<p><img decoding=\"async\" class=\"alignnone size-full wp-image-2672\" src=\"http:\/\/sulsc.com\/wp-content\/uploads\/2023\/10\/WhatsApp-Image-2023-10-20-at-17.20.51.jpeg\" alt=\"\" width=\"295\" height=\"465\" srcset=\"https:\/\/sulsc.com\/wp-content\/uploads\/2023\/10\/WhatsApp-Image-2023-10-20-at-17.20.51.jpeg 295w, https:\/\/sulsc.com\/wp-content\/uploads\/2023\/10\/WhatsApp-Image-2023-10-20-at-17.20.51-190x300.jpeg 190w\" sizes=\"(max-width: 295px) 100vw, 295px\" \/> <img decoding=\"async\" class=\"alignnone size-full wp-image-2673\" src=\"http:\/\/sulsc.com\/wp-content\/uploads\/2023\/10\/WhatsApp-Image-2023-10-20-at-17.20.15.jpeg\" alt=\"\" width=\"311\" height=\"474\" srcset=\"https:\/\/sulsc.com\/wp-content\/uploads\/2023\/10\/WhatsApp-Image-2023-10-20-at-17.20.15.jpeg 311w, https:\/\/sulsc.com\/wp-content\/uploads\/2023\/10\/WhatsApp-Image-2023-10-20-at-17.20.15-197x300.jpeg 197w\" sizes=\"(max-width: 311px) 100vw, 311px\" \/><\/p>\n<p>&nbsp;<\/p>\n<p><strong>Revitaliza\u00e7\u00e3o<\/strong><\/p>\n<p>Outra situa\u00e7\u00e3o diz respeito a revitaliza\u00e7\u00e3o, de um trecho da Serra. \u201cDa sa\u00edda de Lauro M\u00fcller at\u00e9 no Guat\u00e1 j\u00e1 est\u00e1 tudo colocado e come\u00e7ando a pintura da rodovia. Falta colocar aquelas tachinhas reflexivas, placas, revitalizadas novas\u201d, conta o coordenador.<\/p>\n<p>Dos 15 quil\u00f4metros em asfalto e 6 no trecho r\u00edgido, cerca de 5 ou 6 km j\u00e1 est\u00e3o colocados. De acordo com Ademir, desde que foi inaugurada h\u00e1 37 anos, n\u00e3o havia sido feito trabalho de recupera\u00e7\u00e3o, s\u00f3 servi\u00e7os paliativos.<\/p>\n<p>A inten\u00e7\u00e3o \u00e9 de que, os concertos dos estragos causados pela chuva sejam finalizados em um m\u00eas e meio. J\u00e1 os trechos que passam por revitaliza\u00e7\u00e3o, a expectativa \u00e9, caso o tempo colabore, finalizar antes do natal.<\/p>\n<p><img loading=\"lazy\" decoding=\"async\" class=\"alignnone size-full wp-image-2668\" src=\"http:\/\/sulsc.com\/wp-content\/uploads\/2023\/10\/WhatsApp-Image-2023-10-20-at-17.14.49.jpeg\" alt=\"\" width=\"311\" height=\"211\" srcset=\"https:\/\/sulsc.com\/wp-content\/uploads\/2023\/10\/WhatsApp-Image-2023-10-20-at-17.14.49.jpeg 311w, https:\/\/sulsc.com\/wp-content\/uploads\/2023\/10\/WhatsApp-Image-2023-10-20-at-17.14.49-300x204.jpeg 300w\" sizes=\"(max-width: 311px) 100vw, 311px\" \/><\/p>\n","protected":false},"excerpt":{"rendered":"<p>Teve in\u00edcio nesta quarta-feira (18), em Tubar\u00e3o, a opera\u00e7\u00e3o tapa buracos, na SC-390. Os trabalhos seguiram por Pedras Grandes e continuam em Orleans. Al\u00e9m desta opera\u00e7\u00e3o, v\u00e1rios trabalhos em cima da ponte tamb\u00e9m ser\u00e3o efetuados. \u201cDa\u00ed seguimos para Lauro M\u00fcller\u201d, detalha o Coordenador Regional de Infraestrutura Sul de SC, Ademir Jos\u00e9 Honorato. Ele explica que &hellip;<\/p>\n<p class=\"read-more\"> <a class=\"\" href=\"https:\/\/sulsc.com\/index.php\/2023\/10\/20\/sc-390-passa-por-trabalhos-de-recuperacao-e-revitalizacao\/\"> <span class=\"screen-reader-text\">SC-390 passa por trabalhos de recupera\u00e7\u00e3o e revitaliza\u00e7\u00e3o<\/span> Read More &raquo;<\/a><\/p>\n","protected":false},"author":3,"featured_media":2665,"comment_status":"open","ping_status":"open","sticky":false,"template":"","format":"standard","meta":{"site-sidebar-layout":"default","site-content-layout":"","ast-site-content-layout":"default","site-content-style":"default","site-sidebar-style":"default","ast-global-header-display":"","ast-banner-title-visibility":"","ast-main-header-display":"","ast-hfb-above-header-display":"","ast-hfb-below-header-display":"","ast-hfb-mobile-header-display":"","site-post-title":"","ast-breadcrumbs-content":"","ast-featured-img":"","footer-sml-layout":"","theme-transparent-header-meta":"default","adv-header-id-meta":"","stick-header-meta":"","header-above-stick-meta":"","header-main-stick-meta":"","header-below-stick-meta":"","astra-migrate-meta-layouts":"set","footnotes":""},"categories":[1],"tags":[],"yoast_head":"<!-- This site is optimized with the Yoast SEO plugin v21.4 - https:\/\/yoast.com\/wordpress\/plugins\/seo\/ -->\n<title>SC-390 passa por trabalhos de recupera\u00e7\u00e3o e revitaliza\u00e7\u00e3o -<\/title>\n<meta name=\"robots\" content=\"index, follow, max-snippet:-1, max-image-preview:large, max-video-preview:-1\" \/>\n<link rel=\"canonical\" href=\"https:\/\/sulsc.com\/index.php\/2023\/10\/20\/sc-390-passa-por-trabalhos-de-recuperacao-e-revitalizacao\/\" \/>\n<meta property=\"og:locale\" content=\"en_US\" \/>\n<meta property=\"og:type\" content=\"article\" \/>\n<meta property=\"og:title\" content=\"SC-390 passa por trabalhos de recupera\u00e7\u00e3o e revitaliza\u00e7\u00e3o -\" \/>\n<meta property=\"og:description\" content=\"Teve in\u00edcio nesta quarta-feira (18), em Tubar\u00e3o, a opera\u00e7\u00e3o tapa buracos, na SC-390. Os trabalhos seguiram por Pedras Grandes e continuam em Orleans. Al\u00e9m desta opera\u00e7\u00e3o, v\u00e1rios trabalhos em cima da ponte tamb\u00e9m ser\u00e3o efetuados. \u201cDa\u00ed seguimos para Lauro M\u00fcller\u201d, detalha o Coordenador Regional de Infraestrutura Sul de SC, Ademir Jos\u00e9 Honorato. Ele explica que &hellip; SC-390 passa por trabalhos de recupera\u00e7\u00e3o e revitaliza\u00e7\u00e3o Read More &raquo;\" \/>\n<meta property=\"og:url\" content=\"https:\/\/sulsc.com\/index.php\/2023\/10\/20\/sc-390-passa-por-trabalhos-de-recuperacao-e-revitalizacao\/\" \/>\n<meta property=\"article:author\" content=\"https:\/\/www.facebook.com\/profile.php?id=61559278119680\" \/>\n<meta property=\"article:published_time\" content=\"2023-10-20T20:40:52+00:00\" \/>\n<meta property=\"article:modified_time\" content=\"2023-10-20T21:40:16+00:00\" \/>\n<meta property=\"og:image\" content=\"http:\/\/sulsc.com\/wp-content\/uploads\/2023\/10\/WhatsApp-Image-2023-10-18-at-09.53.57-3-1.jpeg\" \/>\n\t<meta property=\"og:image:width\" content=\"1600\" \/>\n\t<meta property=\"og:image:height\" content=\"1200\" \/>\n\t<meta property=\"og:image:type\" content=\"image\/jpeg\" \/>\n<meta name=\"author\" content=\"Reda\u00e7\u00e3o Sul SC\" \/>\n<meta name=\"twitter:card\" content=\"summary_large_image\" \/>\n<meta name=\"twitter:creator\" content=\"@https:\/\/twitter.com\/PortalSulSC\" \/>\n<meta name=\"twitter:label1\" content=\"Written by\" \/>\n\t<meta name=\"twitter:data1\" content=\"Reda\u00e7\u00e3o Sul SC\" \/>\n\t<meta name=\"twitter:label2\" content=\"Est. reading time\" \/>\n\t<meta name=\"twitter:data2\" content=\"4 minutes\" \/>\n<script type=\"application\/ld+json\" class=\"yoast-schema-graph\">{\"@context\":\"https:\/\/schema.org\",\"@graph\":[{\"@type\":\"WebPage\",\"@id\":\"https:\/\/sulsc.com\/index.php\/2023\/10\/20\/sc-390-passa-por-trabalhos-de-recuperacao-e-revitalizacao\/\",\"url\":\"https:\/\/sulsc.com\/index.php\/2023\/10\/20\/sc-390-passa-por-trabalhos-de-recuperacao-e-revitalizacao\/\",\"name\":\"SC-390 passa por trabalhos de recupera\u00e7\u00e3o e revitaliza\u00e7\u00e3o -\",\"isPartOf\":{\"@id\":\"https:\/\/sulsc.com\/#website\"},\"datePublished\":\"2023-10-20T20:40:52+00:00\",\"dateModified\":\"2023-10-20T21:40:16+00:00\",\"author\":{\"@id\":\"https:\/\/sulsc.com\/#\/schema\/person\/84d2fc571684f6248ba83092f07750a3\"},\"breadcrumb\":{\"@id\":\"https:\/\/sulsc.com\/index.php\/2023\/10\/20\/sc-390-passa-por-trabalhos-de-recuperacao-e-revitalizacao\/#breadcrumb\"},\"inLanguage\":\"en-US\",\"potentialAction\":[{\"@type\":\"ReadAction\",\"target\":[\"https:\/\/sulsc.com\/index.php\/2023\/10\/20\/sc-390-passa-por-trabalhos-de-recuperacao-e-revitalizacao\/\"]}]},{\"@type\":\"BreadcrumbList\",\"@id\":\"https:\/\/sulsc.com\/index.php\/2023\/10\/20\/sc-390-passa-por-trabalhos-de-recuperacao-e-revitalizacao\/#breadcrumb\",\"itemListElement\":[{\"@type\":\"ListItem\",\"position\":1,\"name\":\"In\u00edcio\",\"item\":\"https:\/\/sulsc.com\/\"},{\"@type\":\"ListItem\",\"position\":2,\"name\":\"SC-390 passa por trabalhos de recupera\u00e7\u00e3o e revitaliza\u00e7\u00e3o\"}]},{\"@type\":\"WebSite\",\"@id\":\"https:\/\/sulsc.com\/#website\",\"url\":\"https:\/\/sulsc.com\/\",\"name\":\"\",\"description\":\"\",\"potentialAction\":[{\"@type\":\"SearchAction\",\"target\":{\"@type\":\"EntryPoint\",\"urlTemplate\":\"https:\/\/sulsc.com\/?s={search_term_string}\"},\"query-input\":\"required name=search_term_string\"}],\"inLanguage\":\"en-US\"},{\"@type\":\"Person\",\"@id\":\"https:\/\/sulsc.com\/#\/schema\/person\/84d2fc571684f6248ba83092f07750a3\",\"name\":\"Reda\u00e7\u00e3o Sul SC\",\"image\":{\"@type\":\"ImageObject\",\"inLanguage\":\"en-US\",\"@id\":\"https:\/\/sulsc.com\/#\/schema\/person\/image\/e08d7fe2cc4ed596372063bbe852b8d0\",\"url\":\"https:\/\/sulsc.com\/wp-content\/uploads\/2023\/09\/redacao.png\",\"contentUrl\":\"https:\/\/sulsc.com\/wp-content\/uploads\/2023\/09\/redacao.png\",\"caption\":\"Reda\u00e7\u00e3o Sul SC\"},\"description\":\"Foco em um jornalismo imparcial, voltado \u00e0 qualidade dos seus conte\u00fados e, assim, levar informa\u00e7\u00e3o de valor que agregue \u00e0 vida dos leitores. Esta \u00e9 grande miss\u00e3o do Portal de Not\u00edcias Sul SC. N\u00e3o \u00e9 quantidade que muda o mundo, sempre foi e seguir\u00e1 sendo qualidade!\",\"sameAs\":[\"https:\/\/sulsc.com\/\",\"https:\/\/www.facebook.com\/profile.php?id=61559278119680\",\"https:\/\/www.instagram.com\/sulscportal\/?hl=pt-br\",\"https:\/\/twitter.com\/https:\/\/twitter.com\/PortalSulSC\",\"https:\/\/www.youtube.com\/channel\/UCv_BE8GeySluDov2n8qhVmw\"],\"url\":\"https:\/\/sulsc.com\/index.php\/author\/redacao\/\"}]}<\/script>\n<!-- \/ Yoast SEO plugin. -->","yoast_head_json":{"title":"SC-390 passa por trabalhos de recupera\u00e7\u00e3o e revitaliza\u00e7\u00e3o -","robots":{"index":"index","follow":"follow","max-snippet":"max-snippet:-1","max-image-preview":"max-image-preview:large","max-video-preview":"max-video-preview:-1"},"canonical":"https:\/\/sulsc.com\/index.php\/2023\/10\/20\/sc-390-passa-por-trabalhos-de-recuperacao-e-revitalizacao\/","og_locale":"en_US","og_type":"article","og_title":"SC-390 passa por trabalhos de recupera\u00e7\u00e3o e revitaliza\u00e7\u00e3o -","og_description":"Teve in\u00edcio nesta quarta-feira (18), em Tubar\u00e3o, a opera\u00e7\u00e3o tapa buracos, na SC-390. Os trabalhos seguiram por Pedras Grandes e continuam em Orleans. Al\u00e9m desta opera\u00e7\u00e3o, v\u00e1rios trabalhos em cima da ponte tamb\u00e9m ser\u00e3o efetuados. \u201cDa\u00ed seguimos para Lauro M\u00fcller\u201d, detalha o Coordenador Regional de Infraestrutura Sul de SC, Ademir Jos\u00e9 Honorato. Ele explica que &hellip; SC-390 passa por trabalhos de recupera\u00e7\u00e3o e revitaliza\u00e7\u00e3o Read More &raquo;","og_url":"https:\/\/sulsc.com\/index.php\/2023\/10\/20\/sc-390-passa-por-trabalhos-de-recuperacao-e-revitalizacao\/","article_author":"https:\/\/www.facebook.com\/profile.php?id=61559278119680","article_published_time":"2023-10-20T20:40:52+00:00","article_modified_time":"2023-10-20T21:40:16+00:00","og_image":[{"width":1600,"height":1200,"url":"http:\/\/sulsc.com\/wp-content\/uploads\/2023\/10\/WhatsApp-Image-2023-10-18-at-09.53.57-3-1.jpeg","type":"image\/jpeg"}],"author":"Reda\u00e7\u00e3o Sul SC","twitter_card":"summary_large_image","twitter_creator":"@https:\/\/twitter.com\/PortalSulSC","twitter_misc":{"Written by":"Reda\u00e7\u00e3o Sul SC","Est. reading time":"4 minutes"},"schema":{"@context":"https:\/\/schema.org","@graph":[{"@type":"WebPage","@id":"https:\/\/sulsc.com\/index.php\/2023\/10\/20\/sc-390-passa-por-trabalhos-de-recuperacao-e-revitalizacao\/","url":"https:\/\/sulsc.com\/index.php\/2023\/10\/20\/sc-390-passa-por-trabalhos-de-recuperacao-e-revitalizacao\/","name":"SC-390 passa por trabalhos de recupera\u00e7\u00e3o e revitaliza\u00e7\u00e3o -","isPartOf":{"@id":"https:\/\/sulsc.com\/#website"},"datePublished":"2023-10-20T20:40:52+00:00","dateModified":"2023-10-20T21:40:16+00:00","author":{"@id":"https:\/\/sulsc.com\/#\/schema\/person\/84d2fc571684f6248ba83092f07750a3"},"breadcrumb":{"@id":"https:\/\/sulsc.com\/index.php\/2023\/10\/20\/sc-390-passa-por-trabalhos-de-recuperacao-e-revitalizacao\/#breadcrumb"},"inLanguage":"en-US","potentialAction":[{"@type":"ReadAction","target":["https:\/\/sulsc.com\/index.php\/2023\/10\/20\/sc-390-passa-por-trabalhos-de-recuperacao-e-revitalizacao\/"]}]},{"@type":"BreadcrumbList","@id":"https:\/\/sulsc.com\/index.php\/2023\/10\/20\/sc-390-passa-por-trabalhos-de-recuperacao-e-revitalizacao\/#breadcrumb","itemListElement":[{"@type":"ListItem","position":1,"name":"In\u00edcio","item":"https:\/\/sulsc.com\/"},{"@type":"ListItem","position":2,"name":"SC-390 passa por trabalhos de recupera\u00e7\u00e3o e revitaliza\u00e7\u00e3o"}]},{"@type":"WebSite","@id":"https:\/\/sulsc.com\/#website","url":"https:\/\/sulsc.com\/","name":"","description":"","potentialAction":[{"@type":"SearchAction","target":{"@type":"EntryPoint","urlTemplate":"https:\/\/sulsc.com\/?s={search_term_string}"},"query-input":"required name=search_term_string"}],"inLanguage":"en-US"},{"@type":"Person","@id":"https:\/\/sulsc.com\/#\/schema\/person\/84d2fc571684f6248ba83092f07750a3","name":"Reda\u00e7\u00e3o Sul SC","image":{"@type":"ImageObject","inLanguage":"en-US","@id":"https:\/\/sulsc.com\/#\/schema\/person\/image\/e08d7fe2cc4ed596372063bbe852b8d0","url":"https:\/\/sulsc.com\/wp-content\/uploads\/2023\/09\/redacao.png","contentUrl":"https:\/\/sulsc.com\/wp-content\/uploads\/2023\/09\/redacao.png","caption":"Reda\u00e7\u00e3o Sul SC"},"description":"Foco em um jornalismo imparcial, voltado \u00e0 qualidade dos seus conte\u00fados e, assim, levar informa\u00e7\u00e3o de valor que agregue \u00e0 vida dos leitores. Esta \u00e9 grande miss\u00e3o do Portal de Not\u00edcias Sul SC. N\u00e3o \u00e9 quantidade que muda o mundo, sempre foi e seguir\u00e1 sendo qualidade!","sameAs":["https:\/\/sulsc.com\/","https:\/\/www.facebook.com\/profile.php?id=61559278119680","https:\/\/www.instagram.com\/sulscportal\/?hl=pt-br","https:\/\/twitter.com\/https:\/\/twitter.com\/PortalSulSC","https:\/\/www.youtube.com\/channel\/UCv_BE8GeySluDov2n8qhVmw"],"url":"https:\/\/sulsc.com\/index.php\/author\/redacao\/"}]}},"authors":[],"_links":{"self":[{"href":"https:\/\/sulsc.com\/index.php\/wp-json\/wp\/v2\/posts\/2664"}],"collection":[{"href":"https:\/\/sulsc.com\/index.php\/wp-json\/wp\/v2\/posts"}],"about":[{"href":"https:\/\/sulsc.com\/index.php\/wp-json\/wp\/v2\/types\/post"}],"author":[{"embeddable":true,"href":"https:\/\/sulsc.com\/index.php\/wp-json\/wp\/v2\/users\/3"}],"replies":[{"embeddable":true,"href":"https:\/\/sulsc.com\/index.php\/wp-json\/wp\/v2\/comments?post=2664"}],"version-history":[{"count":4,"href":"https:\/\/sulsc.com\/index.php\/wp-json\/wp\/v2\/posts\/2664\/revisions"}],"predecessor-version":[{"id":2681,"href":"https:\/\/sulsc.com\/index.php\/wp-json\/wp\/v2\/posts\/2664\/revisions\/2681"}],"wp:featuredmedia":[{"embeddable":true,"href":"https:\/\/sulsc.com\/index.php\/wp-json\/wp\/v2\/media\/2665"}],"wp:attachment":[{"href":"https:\/\/sulsc.com\/index.php\/wp-json\/wp\/v2\/media?parent=2664"}],"wp:term":[{"taxonomy":"category","embeddable":true,"href":"https:\/\/sulsc.com\/index.php\/wp-json\/wp\/v2\/categories?post=2664"},{"taxonomy":"post_tag","embeddable":true,"href":"https:\/\/sulsc.com\/index.php\/wp-json\/wp\/v2\/tags?post=2664"}],"curies":[{"name":"wp","href":"https:\/\/api.w.org\/{rel}","templated":true}]}}