{"id":26656,"date":"2025-09-02T21:18:55","date_gmt":"2025-09-03T00:18:55","guid":{"rendered":"https:\/\/sulsc.com\/?p=26656"},"modified":"2025-09-02T21:18:55","modified_gmt":"2025-09-03T00:18:55","slug":"fatos-na-cidade-secretario-de-saude-de-laguna-pede-exoneracao-apos-8-meses-no-comando","status":"publish","type":"post","link":"https:\/\/sulsc.com\/index.php\/2025\/09\/02\/fatos-na-cidade-secretario-de-saude-de-laguna-pede-exoneracao-apos-8-meses-no-comando\/","title":{"rendered":"Fatos na Cidade: Secret\u00e1rio de Sa\u00fade de Laguna pede exonera\u00e7\u00e3o ap\u00f3s 8 Meses no comando"},"content":{"rendered":"<p><span dir=\"auto\" style=\"vertical-align: inherit;\"><span dir=\"auto\" style=\"vertical-align: inherit;\">O secret\u00e1rio de Sa\u00fade de Laguna, Rodrigo da Rosa Guimar\u00e3es, pediu exonera\u00e7\u00e3o do cargo ap\u00f3s oito meses \u00e0 frente da pasta. A sa\u00edda, oficializada nesta segunda-feira (01), ocorre em um momento em que a secretaria tem sido alvo de den\u00fancias que est\u00e3o sob investiga\u00e7\u00e3o.<\/span><\/span><\/p>\n<p><span dir=\"auto\" style=\"vertical-align: inherit;\"><span dir=\"auto\" style=\"vertical-align: inherit;\">Fontes obtidas pelo portal SulSC indicam que o descontentamento do agora ex-secret\u00e1rio estaria ligado \u00e0 perman\u00eancia de uma pessoa que, apesar de prestar servi\u00e7os volunt\u00e1rios, exerce poderes considerados superiores ao pr\u00f3prio secret\u00e1rio dentro da Secretaria de Sa\u00fade. Essa situa\u00e7\u00e3o teria gerado um clima de insatisfa\u00e7\u00e3o e minado a autonomia de gest\u00e3o de Rodrigo da Rosa Guimar\u00e3es.<\/span><\/span><\/p>\n<div id=\"metaslider-id-25573\" style=\"width: 100%;\" class=\"ml-slider-3-99-0 metaslider metaslider-flex metaslider-25573 ml-slider has-onhover-arrows ms-theme-default-base has-dots-nav\" role=\"region\" aria-label=\"Meio\" data-width=\"1200\">\n    <div id=\"metaslider_container_25573\">\n        <div id=\"metaslider_25573\">\n            <ul class='slides'>\n                <li style=\"display: block; width: 100%;\" class=\"slide-25684 ms-image \" aria-roledescription=\"slide\" data-date=\"2025-07-24 07:55:40\"><img src=\"https:\/\/sulsc.com\/wp-content\/uploads\/2025\/07\/Marr-2-1000x166.jpg\" height=\"200\" width=\"1200\" alt=\"\" class=\"slider-25573 slide-25684 msDefaultImage\" title=\"Marr 2\" \/><\/li>\n                <li style=\"display: none; width: 100%;\" class=\"slide-32412 ms-image \" aria-roledescription=\"slide\" data-date=\"2026-02-18 13:59:46\"><img src=\"https:\/\/sulsc.com\/wp-content\/uploads\/2026\/02\/40dc1580-cad5-4867-bc58-c4243821ad38-1000x166.jpeg\" height=\"200\" width=\"1200\" alt=\"\" class=\"slider-25573 slide-32412 msDefaultImage\" title=\"40dc1580-cad5-4867-bc58-c4243821ad38\" \/><\/li>\n                <li style=\"display: none; width: 100%;\" class=\"slide-32766 ms-image \" aria-roledescription=\"slide\" data-date=\"2026-03-03 17:22:59\"><img src=\"https:\/\/sulsc.com\/wp-content\/uploads\/2026\/03\/271ce739-f268-41c5-8051-3de1a1750359-1000x166.jpeg\" height=\"200\" width=\"1200\" alt=\"\" class=\"slider-25573 slide-32766 msDefaultImage\" title=\"271ce739-f268-41c5-8051-3de1a1750359\" \/><\/li>\n            <\/ul>\n        <\/div>\n        \n    <\/div>\n<\/div>\n<p><span dir=\"auto\" style=\"vertical-align: inherit;\"><span dir=\"auto\" style=\"vertical-align: inherit;\">A Secretaria de Sa\u00fade de Laguna tem enfrentado um per\u00edodo de apura\u00e7\u00e3o de den\u00fancias, onde detalhes das a\u00e7\u00f5es da volunt\u00e1ria indicam arbitrariedades graves que ainda n\u00e3o foram totalmente divulgadas. A sa\u00edda do secret\u00e1rio levanta questionamentos sobre a estrutura de comando e a din\u00e2mica interna da pasta municipal.<\/span><\/span><\/p>\n<p><span dir=\"auto\" style=\"vertical-align: inherit;\"><span dir=\"auto\" style=\"vertical-align: inherit;\">Ainda n\u00e3o h\u00e1 informa\u00e7\u00f5es sobre quem assumir\u00e1 a Secretaria de Sa\u00fade de Laguna, nem sobre os desdobramentos das apura\u00e7\u00f5es em curso.<\/span><\/span><\/p>\n<p><img fetchpriority=\"high\" decoding=\"async\" class=\"aligncenter size-full wp-image-26657\" src=\"http:\/\/sulsc.com\/wp-content\/uploads\/2025\/09\/13c97d55-38b7-4581-8f74-a2a44f3dfc52.jpg\" alt=\"\" width=\"739\" height=\"415\" srcset=\"https:\/\/sulsc.com\/wp-content\/uploads\/2025\/09\/13c97d55-38b7-4581-8f74-a2a44f3dfc52.jpg 739w, https:\/\/sulsc.com\/wp-content\/uploads\/2025\/09\/13c97d55-38b7-4581-8f74-a2a44f3dfc52-300x168.jpg 300w\" sizes=\"(max-width: 739px) 100vw, 739px\" \/><\/p>\n<p style=\"text-align: center;\"><strong><span dir=\"auto\" style=\"vertical-align: inherit;\"><span dir=\"auto\" style=\"vertical-align: inherit;\">Divulga\u00e7\u00e3o\/SulSC<\/span><\/span><\/strong><\/p>\n","protected":false},"excerpt":{"rendered":"<p>O secret\u00e1rio de Sa\u00fade de Laguna, Rodrigo da Rosa Guimar\u00e3es, pediu exonera\u00e7\u00e3o do cargo ap\u00f3s oito meses \u00e0 frente da pasta. A sa\u00edda, oficializada nesta segunda-feira (01), ocorre em um momento em que a secretaria tem sido alvo de den\u00fancias que est\u00e3o sob investiga\u00e7\u00e3o. Fontes obtidas pelo portal SulSC indicam que o descontentamento do agora &hellip;<\/p>\n<p class=\"read-more\"> <a class=\"\" href=\"https:\/\/sulsc.com\/index.php\/2025\/09\/02\/fatos-na-cidade-secretario-de-saude-de-laguna-pede-exoneracao-apos-8-meses-no-comando\/\"> <span class=\"screen-reader-text\">Fatos na Cidade: Secret\u00e1rio de Sa\u00fade de Laguna pede exonera\u00e7\u00e3o ap\u00f3s 8 Meses no comando<\/span> Read More &raquo;<\/a><\/p>\n","protected":false},"author":3,"featured_media":26657,"comment_status":"open","ping_status":"open","sticky":false,"template":"","format":"standard","meta":{"site-sidebar-layout":"default","site-content-layout":"","ast-site-content-layout":"default","site-content-style":"default","site-sidebar-style":"default","ast-global-header-display":"","ast-banner-title-visibility":"","ast-main-header-display":"","ast-hfb-above-header-display":"","ast-hfb-below-header-display":"","ast-hfb-mobile-header-display":"","site-post-title":"","ast-breadcrumbs-content":"","ast-featured-img":"","footer-sml-layout":"","theme-transparent-header-meta":"default","adv-header-id-meta":"","stick-header-meta":"","header-above-stick-meta":"","header-main-stick-meta":"","header-below-stick-meta":"","astra-migrate-meta-layouts":"set","footnotes":""},"categories":[13,12],"tags":[],"yoast_head":"<!-- This site is optimized with the Yoast SEO plugin v21.4 - https:\/\/yoast.com\/wordpress\/plugins\/seo\/ -->\n<title>Fatos na Cidade: Secret\u00e1rio de Sa\u00fade de Laguna pede exonera\u00e7\u00e3o ap\u00f3s 8 Meses no comando -<\/title>\n<meta name=\"robots\" content=\"index, follow, max-snippet:-1, max-image-preview:large, max-video-preview:-1\" \/>\n<link rel=\"canonical\" href=\"https:\/\/sulsc.com\/index.php\/2025\/09\/02\/fatos-na-cidade-secretario-de-saude-de-laguna-pede-exoneracao-apos-8-meses-no-comando\/\" \/>\n<meta property=\"og:locale\" content=\"en_US\" \/>\n<meta property=\"og:type\" content=\"article\" \/>\n<meta property=\"og:title\" content=\"Fatos na Cidade: Secret\u00e1rio de Sa\u00fade de Laguna pede exonera\u00e7\u00e3o ap\u00f3s 8 Meses no comando -\" \/>\n<meta property=\"og:description\" content=\"O secret\u00e1rio de Sa\u00fade de Laguna, Rodrigo da Rosa Guimar\u00e3es, pediu exonera\u00e7\u00e3o do cargo ap\u00f3s oito meses \u00e0 frente da pasta. A sa\u00edda, oficializada nesta segunda-feira (01), ocorre em um momento em que a secretaria tem sido alvo de den\u00fancias que est\u00e3o sob investiga\u00e7\u00e3o. Fontes obtidas pelo portal SulSC indicam que o descontentamento do agora &hellip; Fatos na Cidade: Secret\u00e1rio de Sa\u00fade de Laguna pede exonera\u00e7\u00e3o ap\u00f3s 8 Meses no comando Read More &raquo;\" \/>\n<meta property=\"og:url\" content=\"https:\/\/sulsc.com\/index.php\/2025\/09\/02\/fatos-na-cidade-secretario-de-saude-de-laguna-pede-exoneracao-apos-8-meses-no-comando\/\" \/>\n<meta property=\"article:author\" content=\"https:\/\/www.facebook.com\/profile.php?id=61559278119680\" \/>\n<meta property=\"article:published_time\" content=\"2025-09-03T00:18:55+00:00\" \/>\n<meta property=\"og:image\" content=\"http:\/\/sulsc.com\/wp-content\/uploads\/2025\/09\/13c97d55-38b7-4581-8f74-a2a44f3dfc52.jpg\" \/>\n\t<meta property=\"og:image:width\" content=\"739\" \/>\n\t<meta property=\"og:image:height\" content=\"415\" \/>\n\t<meta property=\"og:image:type\" content=\"image\/jpeg\" \/>\n<meta name=\"author\" content=\"Reda\u00e7\u00e3o Sul SC\" \/>\n<meta name=\"twitter:card\" content=\"summary_large_image\" \/>\n<meta name=\"twitter:creator\" content=\"@https:\/\/twitter.com\/PortalSulSC\" \/>\n<meta name=\"twitter:label1\" content=\"Written by\" \/>\n\t<meta name=\"twitter:data1\" content=\"Reda\u00e7\u00e3o Sul SC\" \/>\n\t<meta name=\"twitter:label2\" content=\"Est. reading time\" \/>\n\t<meta name=\"twitter:data2\" content=\"1 minute\" \/>\n<script type=\"application\/ld+json\" class=\"yoast-schema-graph\">{\"@context\":\"https:\/\/schema.org\",\"@graph\":[{\"@type\":\"WebPage\",\"@id\":\"https:\/\/sulsc.com\/index.php\/2025\/09\/02\/fatos-na-cidade-secretario-de-saude-de-laguna-pede-exoneracao-apos-8-meses-no-comando\/\",\"url\":\"https:\/\/sulsc.com\/index.php\/2025\/09\/02\/fatos-na-cidade-secretario-de-saude-de-laguna-pede-exoneracao-apos-8-meses-no-comando\/\",\"name\":\"Fatos na Cidade: Secret\u00e1rio de Sa\u00fade de Laguna pede exonera\u00e7\u00e3o ap\u00f3s 8 Meses no comando -\",\"isPartOf\":{\"@id\":\"https:\/\/sulsc.com\/#website\"},\"datePublished\":\"2025-09-03T00:18:55+00:00\",\"dateModified\":\"2025-09-03T00:18:55+00:00\",\"author\":{\"@id\":\"https:\/\/sulsc.com\/#\/schema\/person\/84d2fc571684f6248ba83092f07750a3\"},\"breadcrumb\":{\"@id\":\"https:\/\/sulsc.com\/index.php\/2025\/09\/02\/fatos-na-cidade-secretario-de-saude-de-laguna-pede-exoneracao-apos-8-meses-no-comando\/#breadcrumb\"},\"inLanguage\":\"en-US\",\"potentialAction\":[{\"@type\":\"ReadAction\",\"target\":[\"https:\/\/sulsc.com\/index.php\/2025\/09\/02\/fatos-na-cidade-secretario-de-saude-de-laguna-pede-exoneracao-apos-8-meses-no-comando\/\"]}]},{\"@type\":\"BreadcrumbList\",\"@id\":\"https:\/\/sulsc.com\/index.php\/2025\/09\/02\/fatos-na-cidade-secretario-de-saude-de-laguna-pede-exoneracao-apos-8-meses-no-comando\/#breadcrumb\",\"itemListElement\":[{\"@type\":\"ListItem\",\"position\":1,\"name\":\"In\u00edcio\",\"item\":\"https:\/\/sulsc.com\/\"},{\"@type\":\"ListItem\",\"position\":2,\"name\":\"Fatos na Cidade: Secret\u00e1rio de Sa\u00fade de Laguna pede exonera\u00e7\u00e3o ap\u00f3s 8 Meses no comando\"}]},{\"@type\":\"WebSite\",\"@id\":\"https:\/\/sulsc.com\/#website\",\"url\":\"https:\/\/sulsc.com\/\",\"name\":\"\",\"description\":\"\",\"potentialAction\":[{\"@type\":\"SearchAction\",\"target\":{\"@type\":\"EntryPoint\",\"urlTemplate\":\"https:\/\/sulsc.com\/?s={search_term_string}\"},\"query-input\":\"required name=search_term_string\"}],\"inLanguage\":\"en-US\"},{\"@type\":\"Person\",\"@id\":\"https:\/\/sulsc.com\/#\/schema\/person\/84d2fc571684f6248ba83092f07750a3\",\"name\":\"Reda\u00e7\u00e3o Sul SC\",\"image\":{\"@type\":\"ImageObject\",\"inLanguage\":\"en-US\",\"@id\":\"https:\/\/sulsc.com\/#\/schema\/person\/image\/e08d7fe2cc4ed596372063bbe852b8d0\",\"url\":\"https:\/\/sulsc.com\/wp-content\/uploads\/2023\/09\/redacao.png\",\"contentUrl\":\"https:\/\/sulsc.com\/wp-content\/uploads\/2023\/09\/redacao.png\",\"caption\":\"Reda\u00e7\u00e3o Sul SC\"},\"description\":\"Foco em um jornalismo imparcial, voltado \u00e0 qualidade dos seus conte\u00fados e, assim, levar informa\u00e7\u00e3o de valor que agregue \u00e0 vida dos leitores. Esta \u00e9 grande miss\u00e3o do Portal de Not\u00edcias Sul SC. N\u00e3o \u00e9 quantidade que muda o mundo, sempre foi e seguir\u00e1 sendo qualidade!\",\"sameAs\":[\"https:\/\/sulsc.com\/\",\"https:\/\/www.facebook.com\/profile.php?id=61559278119680\",\"https:\/\/www.instagram.com\/sulscportal\/?hl=pt-br\",\"https:\/\/twitter.com\/https:\/\/twitter.com\/PortalSulSC\",\"https:\/\/www.youtube.com\/channel\/UCv_BE8GeySluDov2n8qhVmw\"],\"url\":\"https:\/\/sulsc.com\/index.php\/author\/redacao\/\"}]}<\/script>\n<!-- \/ Yoast SEO plugin. -->","yoast_head_json":{"title":"Fatos na Cidade: Secret\u00e1rio de Sa\u00fade de Laguna pede exonera\u00e7\u00e3o ap\u00f3s 8 Meses no comando -","robots":{"index":"index","follow":"follow","max-snippet":"max-snippet:-1","max-image-preview":"max-image-preview:large","max-video-preview":"max-video-preview:-1"},"canonical":"https:\/\/sulsc.com\/index.php\/2025\/09\/02\/fatos-na-cidade-secretario-de-saude-de-laguna-pede-exoneracao-apos-8-meses-no-comando\/","og_locale":"en_US","og_type":"article","og_title":"Fatos na Cidade: Secret\u00e1rio de Sa\u00fade de Laguna pede exonera\u00e7\u00e3o ap\u00f3s 8 Meses no comando -","og_description":"O secret\u00e1rio de Sa\u00fade de Laguna, Rodrigo da Rosa Guimar\u00e3es, pediu exonera\u00e7\u00e3o do cargo ap\u00f3s oito meses \u00e0 frente da pasta. A sa\u00edda, oficializada nesta segunda-feira (01), ocorre em um momento em que a secretaria tem sido alvo de den\u00fancias que est\u00e3o sob investiga\u00e7\u00e3o. Fontes obtidas pelo portal SulSC indicam que o descontentamento do agora &hellip; Fatos na Cidade: Secret\u00e1rio de Sa\u00fade de Laguna pede exonera\u00e7\u00e3o ap\u00f3s 8 Meses no comando Read More &raquo;","og_url":"https:\/\/sulsc.com\/index.php\/2025\/09\/02\/fatos-na-cidade-secretario-de-saude-de-laguna-pede-exoneracao-apos-8-meses-no-comando\/","article_author":"https:\/\/www.facebook.com\/profile.php?id=61559278119680","article_published_time":"2025-09-03T00:18:55+00:00","og_image":[{"width":739,"height":415,"url":"http:\/\/sulsc.com\/wp-content\/uploads\/2025\/09\/13c97d55-38b7-4581-8f74-a2a44f3dfc52.jpg","type":"image\/jpeg"}],"author":"Reda\u00e7\u00e3o Sul SC","twitter_card":"summary_large_image","twitter_creator":"@https:\/\/twitter.com\/PortalSulSC","twitter_misc":{"Written by":"Reda\u00e7\u00e3o Sul SC","Est. reading time":"1 minute"},"schema":{"@context":"https:\/\/schema.org","@graph":[{"@type":"WebPage","@id":"https:\/\/sulsc.com\/index.php\/2025\/09\/02\/fatos-na-cidade-secretario-de-saude-de-laguna-pede-exoneracao-apos-8-meses-no-comando\/","url":"https:\/\/sulsc.com\/index.php\/2025\/09\/02\/fatos-na-cidade-secretario-de-saude-de-laguna-pede-exoneracao-apos-8-meses-no-comando\/","name":"Fatos na Cidade: Secret\u00e1rio de Sa\u00fade de Laguna pede exonera\u00e7\u00e3o ap\u00f3s 8 Meses no comando -","isPartOf":{"@id":"https:\/\/sulsc.com\/#website"},"datePublished":"2025-09-03T00:18:55+00:00","dateModified":"2025-09-03T00:18:55+00:00","author":{"@id":"https:\/\/sulsc.com\/#\/schema\/person\/84d2fc571684f6248ba83092f07750a3"},"breadcrumb":{"@id":"https:\/\/sulsc.com\/index.php\/2025\/09\/02\/fatos-na-cidade-secretario-de-saude-de-laguna-pede-exoneracao-apos-8-meses-no-comando\/#breadcrumb"},"inLanguage":"en-US","potentialAction":[{"@type":"ReadAction","target":["https:\/\/sulsc.com\/index.php\/2025\/09\/02\/fatos-na-cidade-secretario-de-saude-de-laguna-pede-exoneracao-apos-8-meses-no-comando\/"]}]},{"@type":"BreadcrumbList","@id":"https:\/\/sulsc.com\/index.php\/2025\/09\/02\/fatos-na-cidade-secretario-de-saude-de-laguna-pede-exoneracao-apos-8-meses-no-comando\/#breadcrumb","itemListElement":[{"@type":"ListItem","position":1,"name":"In\u00edcio","item":"https:\/\/sulsc.com\/"},{"@type":"ListItem","position":2,"name":"Fatos na Cidade: Secret\u00e1rio de Sa\u00fade de Laguna pede exonera\u00e7\u00e3o ap\u00f3s 8 Meses no comando"}]},{"@type":"WebSite","@id":"https:\/\/sulsc.com\/#website","url":"https:\/\/sulsc.com\/","name":"","description":"","potentialAction":[{"@type":"SearchAction","target":{"@type":"EntryPoint","urlTemplate":"https:\/\/sulsc.com\/?s={search_term_string}"},"query-input":"required name=search_term_string"}],"inLanguage":"en-US"},{"@type":"Person","@id":"https:\/\/sulsc.com\/#\/schema\/person\/84d2fc571684f6248ba83092f07750a3","name":"Reda\u00e7\u00e3o Sul SC","image":{"@type":"ImageObject","inLanguage":"en-US","@id":"https:\/\/sulsc.com\/#\/schema\/person\/image\/e08d7fe2cc4ed596372063bbe852b8d0","url":"https:\/\/sulsc.com\/wp-content\/uploads\/2023\/09\/redacao.png","contentUrl":"https:\/\/sulsc.com\/wp-content\/uploads\/2023\/09\/redacao.png","caption":"Reda\u00e7\u00e3o Sul SC"},"description":"Foco em um jornalismo imparcial, voltado \u00e0 qualidade dos seus conte\u00fados e, assim, levar informa\u00e7\u00e3o de valor que agregue \u00e0 vida dos leitores. Esta \u00e9 grande miss\u00e3o do Portal de Not\u00edcias Sul SC. N\u00e3o \u00e9 quantidade que muda o mundo, sempre foi e seguir\u00e1 sendo qualidade!","sameAs":["https:\/\/sulsc.com\/","https:\/\/www.facebook.com\/profile.php?id=61559278119680","https:\/\/www.instagram.com\/sulscportal\/?hl=pt-br","https:\/\/twitter.com\/https:\/\/twitter.com\/PortalSulSC","https:\/\/www.youtube.com\/channel\/UCv_BE8GeySluDov2n8qhVmw"],"url":"https:\/\/sulsc.com\/index.php\/author\/redacao\/"}]}},"authors":[],"_links":{"self":[{"href":"https:\/\/sulsc.com\/index.php\/wp-json\/wp\/v2\/posts\/26656"}],"collection":[{"href":"https:\/\/sulsc.com\/index.php\/wp-json\/wp\/v2\/posts"}],"about":[{"href":"https:\/\/sulsc.com\/index.php\/wp-json\/wp\/v2\/types\/post"}],"author":[{"embeddable":true,"href":"https:\/\/sulsc.com\/index.php\/wp-json\/wp\/v2\/users\/3"}],"replies":[{"embeddable":true,"href":"https:\/\/sulsc.com\/index.php\/wp-json\/wp\/v2\/comments?post=26656"}],"version-history":[{"count":1,"href":"https:\/\/sulsc.com\/index.php\/wp-json\/wp\/v2\/posts\/26656\/revisions"}],"predecessor-version":[{"id":26658,"href":"https:\/\/sulsc.com\/index.php\/wp-json\/wp\/v2\/posts\/26656\/revisions\/26658"}],"wp:featuredmedia":[{"embeddable":true,"href":"https:\/\/sulsc.com\/index.php\/wp-json\/wp\/v2\/media\/26657"}],"wp:attachment":[{"href":"https:\/\/sulsc.com\/index.php\/wp-json\/wp\/v2\/media?parent=26656"}],"wp:term":[{"taxonomy":"category","embeddable":true,"href":"https:\/\/sulsc.com\/index.php\/wp-json\/wp\/v2\/categories?post=26656"},{"taxonomy":"post_tag","embeddable":true,"href":"https:\/\/sulsc.com\/index.php\/wp-json\/wp\/v2\/tags?post=26656"}],"curies":[{"name":"wp","href":"https:\/\/api.w.org\/{rel}","templated":true}]}}