{"id":26659,"date":"2025-09-03T08:22:19","date_gmt":"2025-09-03T11:22:19","guid":{"rendered":"https:\/\/sulsc.com\/?p=26659"},"modified":"2025-09-03T08:22:19","modified_gmt":"2025-09-03T11:22:19","slug":"tempo-firme-e-temperaturas-podendo-chegar-aos-31oc-no-litoral-sul-nesta-quarta-feira-03-09","status":"publish","type":"post","link":"https:\/\/sulsc.com\/index.php\/2025\/09\/03\/tempo-firme-e-temperaturas-podendo-chegar-aos-31oc-no-litoral-sul-nesta-quarta-feira-03-09\/","title":{"rendered":"Tempo firme e temperaturas podendo chegar aos 31\u00baC no litoral Sul nesta quarta-feira (03\/09)"},"content":{"rendered":"<p>Nesta quarta-feira (03\/09), no litoral sul e nas demais regi\u00f5es o tempo permanece firme e com predom\u00ednio de sol durante a maior parte do dia. Mas entre a tarde e a noite no sul do estado, n\u00e3o se descarta pancadas de chuva r\u00e1pidas .<\/p>\n<p><strong>Temperaturas<\/strong><\/p>\n<p>Com o sol e os ventos de norte, o calor aumenta no estado e os term\u00f4metros se aproximam dos 31\u00b0C em diversas cidades do Grande Oeste e do Litoral Sul.<\/p>\n<p><img fetchpriority=\"high\" decoding=\"async\" class=\"aligncenter size-full wp-image-26660\" src=\"http:\/\/sulsc.com\/wp-content\/uploads\/2025\/09\/unnamed.png\" alt=\"\" width=\"1642\" height=\"1129\" srcset=\"https:\/\/sulsc.com\/wp-content\/uploads\/2025\/09\/unnamed.png 1642w, https:\/\/sulsc.com\/wp-content\/uploads\/2025\/09\/unnamed-300x206.png 300w, https:\/\/sulsc.com\/wp-content\/uploads\/2025\/09\/unnamed-1024x704.png 1024w, https:\/\/sulsc.com\/wp-content\/uploads\/2025\/09\/unnamed-768x528.png 768w, https:\/\/sulsc.com\/wp-content\/uploads\/2025\/09\/unnamed-1536x1056.png 1536w\" sizes=\"(max-width: 1642px) 100vw, 1642px\" \/><\/p>\n<p><img decoding=\"async\" class=\"aligncenter size-full wp-image-22836\" src=\"http:\/\/sulsc.com\/wp-content\/uploads\/2025\/04\/Tempo-2.png\" alt=\"\" width=\"1024\" height=\"189\" srcset=\"https:\/\/sulsc.com\/wp-content\/uploads\/2025\/04\/Tempo-2.png 1024w, https:\/\/sulsc.com\/wp-content\/uploads\/2025\/04\/Tempo-2-300x55.png 300w, https:\/\/sulsc.com\/wp-content\/uploads\/2025\/04\/Tempo-2-768x142.png 768w\" sizes=\"(max-width: 1024px) 100vw, 1024px\" \/><\/p>\n<p><strong>Condi\u00e7\u00f5es Mar\u00edtimas\u00a0<\/strong><\/p>\n<p>S\u00e3o esperadas ondas entre 2,0 e 2,5m na Grande Florian\u00f3polis e no Litoral Sul e em torno dos 2,0m no Litoral Norte. O risco \u00e9 baixo para ocorr\u00eancias relacionadas \u00e0s condi\u00e7\u00f5es meteorol\u00f3gicas previstas.<\/p>\n<p><strong>Vento:<\/strong> nordeste, fraco a moderado, com rajadas de 50 a 70km\/h no Litoral Sul.<\/p>\n<p><strong>Sistema Predominante:<\/strong> alta press\u00e3o no litoral de SC e maior parte do RS favorecendo a circula\u00e7\u00e3o mar\u00edtima em SC.<\/p>\n<div id=\"metaslider-id-25573\" style=\"width: 100%;\" class=\"ml-slider-3-99-0 metaslider metaslider-flex metaslider-25573 ml-slider has-onhover-arrows ms-theme-default-base has-dots-nav\" role=\"region\" aria-label=\"Meio\" data-width=\"1200\">\n    <div id=\"metaslider_container_25573\">\n        <div id=\"metaslider_25573\">\n            <ul class='slides'>\n                <li style=\"display: block; width: 100%;\" class=\"slide-25684 ms-image \" aria-roledescription=\"slide\" data-date=\"2025-07-24 07:55:40\"><img src=\"https:\/\/sulsc.com\/wp-content\/uploads\/2025\/07\/Marr-2-1000x166.jpg\" height=\"200\" width=\"1200\" alt=\"\" class=\"slider-25573 slide-25684 msDefaultImage\" title=\"Marr 2\" \/><\/li>\n                <li style=\"display: none; width: 100%;\" class=\"slide-32412 ms-image \" aria-roledescription=\"slide\" data-date=\"2026-02-18 13:59:46\"><img src=\"https:\/\/sulsc.com\/wp-content\/uploads\/2026\/02\/40dc1580-cad5-4867-bc58-c4243821ad38-1000x166.jpeg\" height=\"200\" width=\"1200\" alt=\"\" class=\"slider-25573 slide-32412 msDefaultImage\" title=\"40dc1580-cad5-4867-bc58-c4243821ad38\" \/><\/li>\n                <li style=\"display: none; width: 100%;\" class=\"slide-32766 ms-image \" aria-roledescription=\"slide\" data-date=\"2026-03-03 17:22:59\"><img src=\"https:\/\/sulsc.com\/wp-content\/uploads\/2026\/03\/271ce739-f268-41c5-8051-3de1a1750359-1000x166.jpeg\" height=\"200\" width=\"1200\" alt=\"\" class=\"slider-25573 slide-32766 msDefaultImage\" title=\"271ce739-f268-41c5-8051-3de1a1750359\" \/><\/li>\n            <\/ul>\n        <\/div>\n        \n    <\/div>\n<\/div>\n<p><strong>Quinta-feira (04\/09: <\/strong>o tempo ser\u00e1 com sol com aumento de nuvens em SC, com pancadas de chuva e trovoadas a partir da tarde, do Extremo Oeste ao Litoral Sul devido ao avan\u00e7o de uma frente fria associada a um cavado. Nas demais regi\u00f5es, chuva \u00e0 noite isolada. E temperatura mais amena devido a cobertura de nuvens e chuva.<\/p>\n<p>Fonte: Defesa Civil &#8211; SC\/Epagri-Ciram<\/p>\n","protected":false},"excerpt":{"rendered":"<p>Nesta quarta-feira (03\/09), no litoral sul e nas demais regi\u00f5es o tempo permanece firme e com predom\u00ednio de sol durante a maior parte do dia. Mas entre a tarde e a noite no sul do estado, n\u00e3o se descarta pancadas de chuva r\u00e1pidas . Temperaturas Com o sol e os ventos de norte, o calor &hellip;<\/p>\n<p class=\"read-more\"> <a class=\"\" href=\"https:\/\/sulsc.com\/index.php\/2025\/09\/03\/tempo-firme-e-temperaturas-podendo-chegar-aos-31oc-no-litoral-sul-nesta-quarta-feira-03-09\/\"> <span class=\"screen-reader-text\">Tempo firme e temperaturas podendo chegar aos 31\u00baC no litoral Sul nesta quarta-feira (03\/09)<\/span> Read More &raquo;<\/a><\/p>\n","protected":false},"author":3,"featured_media":26662,"comment_status":"open","ping_status":"open","sticky":false,"template":"","format":"standard","meta":{"site-sidebar-layout":"default","site-content-layout":"","ast-site-content-layout":"default","site-content-style":"default","site-sidebar-style":"default","ast-global-header-display":"","ast-banner-title-visibility":"","ast-main-header-display":"","ast-hfb-above-header-display":"","ast-hfb-below-header-display":"","ast-hfb-mobile-header-display":"","site-post-title":"","ast-breadcrumbs-content":"","ast-featured-img":"","footer-sml-layout":"","theme-transparent-header-meta":"default","adv-header-id-meta":"","stick-header-meta":"","header-above-stick-meta":"","header-main-stick-meta":"","header-below-stick-meta":"","astra-migrate-meta-layouts":"set","footnotes":""},"categories":[2231,38,12],"tags":[90],"yoast_head":"<!-- This site is optimized with the Yoast SEO plugin v21.4 - https:\/\/yoast.com\/wordpress\/plugins\/seo\/ -->\n<title>Tempo firme e temperaturas podendo chegar aos 31\u00baC no litoral Sul nesta quarta-feira (03\/09) -<\/title>\n<meta name=\"description\" content=\"O calor aumenta no estado e os term\u00f4metros se aproximam dos 31\u00b0C em diversas cidades do Grande Oeste e do Litoral Sul\" \/>\n<meta name=\"robots\" content=\"index, follow, max-snippet:-1, max-image-preview:large, max-video-preview:-1\" \/>\n<link rel=\"canonical\" href=\"https:\/\/sulsc.com\/index.php\/2025\/09\/03\/tempo-firme-e-temperaturas-podendo-chegar-aos-31oc-no-litoral-sul-nesta-quarta-feira-03-09\/\" \/>\n<meta property=\"og:locale\" content=\"en_US\" \/>\n<meta property=\"og:type\" content=\"article\" \/>\n<meta property=\"og:title\" content=\"Tempo firme e temperaturas podendo chegar aos 31\u00baC no litoral Sul nesta quarta-feira (03\/09) -\" \/>\n<meta property=\"og:description\" content=\"O calor aumenta no estado e os term\u00f4metros se aproximam dos 31\u00b0C em diversas cidades do Grande Oeste e do Litoral Sul\" \/>\n<meta property=\"og:url\" content=\"https:\/\/sulsc.com\/index.php\/2025\/09\/03\/tempo-firme-e-temperaturas-podendo-chegar-aos-31oc-no-litoral-sul-nesta-quarta-feira-03-09\/\" \/>\n<meta property=\"article:author\" content=\"https:\/\/www.facebook.com\/profile.php?id=61559278119680\" \/>\n<meta property=\"article:published_time\" content=\"2025-09-03T11:22:19+00:00\" \/>\n<meta property=\"og:image\" content=\"http:\/\/sulsc.com\/wp-content\/uploads\/2025\/09\/db84678a-651d-468a-86bf-55782ba63b4d.jpg\" \/>\n\t<meta property=\"og:image:width\" content=\"1060\" \/>\n\t<meta property=\"og:image:height\" content=\"580\" \/>\n\t<meta property=\"og:image:type\" content=\"image\/jpeg\" \/>\n<meta name=\"author\" content=\"Reda\u00e7\u00e3o Sul SC\" \/>\n<meta name=\"twitter:card\" content=\"summary_large_image\" \/>\n<meta name=\"twitter:creator\" content=\"@https:\/\/twitter.com\/PortalSulSC\" \/>\n<meta name=\"twitter:label1\" content=\"Written by\" \/>\n\t<meta name=\"twitter:data1\" content=\"Reda\u00e7\u00e3o Sul SC\" \/>\n\t<meta name=\"twitter:label2\" content=\"Est. reading time\" \/>\n\t<meta name=\"twitter:data2\" content=\"2 minutes\" \/>\n<script type=\"application\/ld+json\" class=\"yoast-schema-graph\">{\"@context\":\"https:\/\/schema.org\",\"@graph\":[{\"@type\":\"WebPage\",\"@id\":\"https:\/\/sulsc.com\/index.php\/2025\/09\/03\/tempo-firme-e-temperaturas-podendo-chegar-aos-31oc-no-litoral-sul-nesta-quarta-feira-03-09\/\",\"url\":\"https:\/\/sulsc.com\/index.php\/2025\/09\/03\/tempo-firme-e-temperaturas-podendo-chegar-aos-31oc-no-litoral-sul-nesta-quarta-feira-03-09\/\",\"name\":\"Tempo firme e temperaturas podendo chegar aos 31\u00baC no litoral Sul nesta quarta-feira (03\/09) -\",\"isPartOf\":{\"@id\":\"https:\/\/sulsc.com\/#website\"},\"datePublished\":\"2025-09-03T11:22:19+00:00\",\"dateModified\":\"2025-09-03T11:22:19+00:00\",\"author\":{\"@id\":\"https:\/\/sulsc.com\/#\/schema\/person\/84d2fc571684f6248ba83092f07750a3\"},\"description\":\"O calor aumenta no estado e os term\u00f4metros se aproximam dos 31\u00b0C em diversas cidades do Grande Oeste e do Litoral Sul\",\"breadcrumb\":{\"@id\":\"https:\/\/sulsc.com\/index.php\/2025\/09\/03\/tempo-firme-e-temperaturas-podendo-chegar-aos-31oc-no-litoral-sul-nesta-quarta-feira-03-09\/#breadcrumb\"},\"inLanguage\":\"en-US\",\"potentialAction\":[{\"@type\":\"ReadAction\",\"target\":[\"https:\/\/sulsc.com\/index.php\/2025\/09\/03\/tempo-firme-e-temperaturas-podendo-chegar-aos-31oc-no-litoral-sul-nesta-quarta-feira-03-09\/\"]}]},{\"@type\":\"BreadcrumbList\",\"@id\":\"https:\/\/sulsc.com\/index.php\/2025\/09\/03\/tempo-firme-e-temperaturas-podendo-chegar-aos-31oc-no-litoral-sul-nesta-quarta-feira-03-09\/#breadcrumb\",\"itemListElement\":[{\"@type\":\"ListItem\",\"position\":1,\"name\":\"In\u00edcio\",\"item\":\"https:\/\/sulsc.com\/\"},{\"@type\":\"ListItem\",\"position\":2,\"name\":\"Tempo firme e temperaturas podendo chegar aos 31\u00baC no litoral Sul nesta quarta-feira (03\/09)\"}]},{\"@type\":\"WebSite\",\"@id\":\"https:\/\/sulsc.com\/#website\",\"url\":\"https:\/\/sulsc.com\/\",\"name\":\"\",\"description\":\"\",\"potentialAction\":[{\"@type\":\"SearchAction\",\"target\":{\"@type\":\"EntryPoint\",\"urlTemplate\":\"https:\/\/sulsc.com\/?s={search_term_string}\"},\"query-input\":\"required name=search_term_string\"}],\"inLanguage\":\"en-US\"},{\"@type\":\"Person\",\"@id\":\"https:\/\/sulsc.com\/#\/schema\/person\/84d2fc571684f6248ba83092f07750a3\",\"name\":\"Reda\u00e7\u00e3o Sul SC\",\"image\":{\"@type\":\"ImageObject\",\"inLanguage\":\"en-US\",\"@id\":\"https:\/\/sulsc.com\/#\/schema\/person\/image\/e08d7fe2cc4ed596372063bbe852b8d0\",\"url\":\"https:\/\/sulsc.com\/wp-content\/uploads\/2023\/09\/redacao.png\",\"contentUrl\":\"https:\/\/sulsc.com\/wp-content\/uploads\/2023\/09\/redacao.png\",\"caption\":\"Reda\u00e7\u00e3o Sul SC\"},\"description\":\"Foco em um jornalismo imparcial, voltado \u00e0 qualidade dos seus conte\u00fados e, assim, levar informa\u00e7\u00e3o de valor que agregue \u00e0 vida dos leitores. Esta \u00e9 grande miss\u00e3o do Portal de Not\u00edcias Sul SC. N\u00e3o \u00e9 quantidade que muda o mundo, sempre foi e seguir\u00e1 sendo qualidade!\",\"sameAs\":[\"https:\/\/sulsc.com\/\",\"https:\/\/www.facebook.com\/profile.php?id=61559278119680\",\"https:\/\/www.instagram.com\/sulscportal\/?hl=pt-br\",\"https:\/\/twitter.com\/https:\/\/twitter.com\/PortalSulSC\",\"https:\/\/www.youtube.com\/channel\/UCv_BE8GeySluDov2n8qhVmw\"],\"url\":\"https:\/\/sulsc.com\/index.php\/author\/redacao\/\"}]}<\/script>\n<!-- \/ Yoast SEO plugin. -->","yoast_head_json":{"title":"Tempo firme e temperaturas podendo chegar aos 31\u00baC no litoral Sul nesta quarta-feira (03\/09) -","description":"O calor aumenta no estado e os term\u00f4metros se aproximam dos 31\u00b0C em diversas cidades do Grande Oeste e do Litoral Sul","robots":{"index":"index","follow":"follow","max-snippet":"max-snippet:-1","max-image-preview":"max-image-preview:large","max-video-preview":"max-video-preview:-1"},"canonical":"https:\/\/sulsc.com\/index.php\/2025\/09\/03\/tempo-firme-e-temperaturas-podendo-chegar-aos-31oc-no-litoral-sul-nesta-quarta-feira-03-09\/","og_locale":"en_US","og_type":"article","og_title":"Tempo firme e temperaturas podendo chegar aos 31\u00baC no litoral Sul nesta quarta-feira (03\/09) -","og_description":"O calor aumenta no estado e os term\u00f4metros se aproximam dos 31\u00b0C em diversas cidades do Grande Oeste e do Litoral Sul","og_url":"https:\/\/sulsc.com\/index.php\/2025\/09\/03\/tempo-firme-e-temperaturas-podendo-chegar-aos-31oc-no-litoral-sul-nesta-quarta-feira-03-09\/","article_author":"https:\/\/www.facebook.com\/profile.php?id=61559278119680","article_published_time":"2025-09-03T11:22:19+00:00","og_image":[{"width":1060,"height":580,"url":"http:\/\/sulsc.com\/wp-content\/uploads\/2025\/09\/db84678a-651d-468a-86bf-55782ba63b4d.jpg","type":"image\/jpeg"}],"author":"Reda\u00e7\u00e3o Sul SC","twitter_card":"summary_large_image","twitter_creator":"@https:\/\/twitter.com\/PortalSulSC","twitter_misc":{"Written by":"Reda\u00e7\u00e3o Sul SC","Est. reading time":"2 minutes"},"schema":{"@context":"https:\/\/schema.org","@graph":[{"@type":"WebPage","@id":"https:\/\/sulsc.com\/index.php\/2025\/09\/03\/tempo-firme-e-temperaturas-podendo-chegar-aos-31oc-no-litoral-sul-nesta-quarta-feira-03-09\/","url":"https:\/\/sulsc.com\/index.php\/2025\/09\/03\/tempo-firme-e-temperaturas-podendo-chegar-aos-31oc-no-litoral-sul-nesta-quarta-feira-03-09\/","name":"Tempo firme e temperaturas podendo chegar aos 31\u00baC no litoral Sul nesta quarta-feira (03\/09) -","isPartOf":{"@id":"https:\/\/sulsc.com\/#website"},"datePublished":"2025-09-03T11:22:19+00:00","dateModified":"2025-09-03T11:22:19+00:00","author":{"@id":"https:\/\/sulsc.com\/#\/schema\/person\/84d2fc571684f6248ba83092f07750a3"},"description":"O calor aumenta no estado e os term\u00f4metros se aproximam dos 31\u00b0C em diversas cidades do Grande Oeste e do Litoral Sul","breadcrumb":{"@id":"https:\/\/sulsc.com\/index.php\/2025\/09\/03\/tempo-firme-e-temperaturas-podendo-chegar-aos-31oc-no-litoral-sul-nesta-quarta-feira-03-09\/#breadcrumb"},"inLanguage":"en-US","potentialAction":[{"@type":"ReadAction","target":["https:\/\/sulsc.com\/index.php\/2025\/09\/03\/tempo-firme-e-temperaturas-podendo-chegar-aos-31oc-no-litoral-sul-nesta-quarta-feira-03-09\/"]}]},{"@type":"BreadcrumbList","@id":"https:\/\/sulsc.com\/index.php\/2025\/09\/03\/tempo-firme-e-temperaturas-podendo-chegar-aos-31oc-no-litoral-sul-nesta-quarta-feira-03-09\/#breadcrumb","itemListElement":[{"@type":"ListItem","position":1,"name":"In\u00edcio","item":"https:\/\/sulsc.com\/"},{"@type":"ListItem","position":2,"name":"Tempo firme e temperaturas podendo chegar aos 31\u00baC no litoral Sul nesta quarta-feira (03\/09)"}]},{"@type":"WebSite","@id":"https:\/\/sulsc.com\/#website","url":"https:\/\/sulsc.com\/","name":"","description":"","potentialAction":[{"@type":"SearchAction","target":{"@type":"EntryPoint","urlTemplate":"https:\/\/sulsc.com\/?s={search_term_string}"},"query-input":"required name=search_term_string"}],"inLanguage":"en-US"},{"@type":"Person","@id":"https:\/\/sulsc.com\/#\/schema\/person\/84d2fc571684f6248ba83092f07750a3","name":"Reda\u00e7\u00e3o Sul SC","image":{"@type":"ImageObject","inLanguage":"en-US","@id":"https:\/\/sulsc.com\/#\/schema\/person\/image\/e08d7fe2cc4ed596372063bbe852b8d0","url":"https:\/\/sulsc.com\/wp-content\/uploads\/2023\/09\/redacao.png","contentUrl":"https:\/\/sulsc.com\/wp-content\/uploads\/2023\/09\/redacao.png","caption":"Reda\u00e7\u00e3o Sul SC"},"description":"Foco em um jornalismo imparcial, voltado \u00e0 qualidade dos seus conte\u00fados e, assim, levar informa\u00e7\u00e3o de valor que agregue \u00e0 vida dos leitores. Esta \u00e9 grande miss\u00e3o do Portal de Not\u00edcias Sul SC. N\u00e3o \u00e9 quantidade que muda o mundo, sempre foi e seguir\u00e1 sendo qualidade!","sameAs":["https:\/\/sulsc.com\/","https:\/\/www.facebook.com\/profile.php?id=61559278119680","https:\/\/www.instagram.com\/sulscportal\/?hl=pt-br","https:\/\/twitter.com\/https:\/\/twitter.com\/PortalSulSC","https:\/\/www.youtube.com\/channel\/UCv_BE8GeySluDov2n8qhVmw"],"url":"https:\/\/sulsc.com\/index.php\/author\/redacao\/"}]}},"authors":[],"_links":{"self":[{"href":"https:\/\/sulsc.com\/index.php\/wp-json\/wp\/v2\/posts\/26659"}],"collection":[{"href":"https:\/\/sulsc.com\/index.php\/wp-json\/wp\/v2\/posts"}],"about":[{"href":"https:\/\/sulsc.com\/index.php\/wp-json\/wp\/v2\/types\/post"}],"author":[{"embeddable":true,"href":"https:\/\/sulsc.com\/index.php\/wp-json\/wp\/v2\/users\/3"}],"replies":[{"embeddable":true,"href":"https:\/\/sulsc.com\/index.php\/wp-json\/wp\/v2\/comments?post=26659"}],"version-history":[{"count":1,"href":"https:\/\/sulsc.com\/index.php\/wp-json\/wp\/v2\/posts\/26659\/revisions"}],"predecessor-version":[{"id":26663,"href":"https:\/\/sulsc.com\/index.php\/wp-json\/wp\/v2\/posts\/26659\/revisions\/26663"}],"wp:featuredmedia":[{"embeddable":true,"href":"https:\/\/sulsc.com\/index.php\/wp-json\/wp\/v2\/media\/26662"}],"wp:attachment":[{"href":"https:\/\/sulsc.com\/index.php\/wp-json\/wp\/v2\/media?parent=26659"}],"wp:term":[{"taxonomy":"category","embeddable":true,"href":"https:\/\/sulsc.com\/index.php\/wp-json\/wp\/v2\/categories?post=26659"},{"taxonomy":"post_tag","embeddable":true,"href":"https:\/\/sulsc.com\/index.php\/wp-json\/wp\/v2\/tags?post=26659"}],"curies":[{"name":"wp","href":"https:\/\/api.w.org\/{rel}","templated":true}]}}