{"id":26684,"date":"2025-09-04T07:24:39","date_gmt":"2025-09-04T10:24:39","guid":{"rendered":"https:\/\/sulsc.com\/?p=26684"},"modified":"2025-09-04T07:39:54","modified_gmt":"2025-09-04T10:39:54","slug":"chegada-de-frente-fria-deixa-o-tempo-instavel-com-condicoes-de-chuva-nesta-quinta-feira-04","status":"publish","type":"post","link":"https:\/\/sulsc.com\/index.php\/2025\/09\/04\/chegada-de-frente-fria-deixa-o-tempo-instavel-com-condicoes-de-chuva-nesta-quinta-feira-04\/","title":{"rendered":"Chegada de frente fria deixa o tempo inst\u00e1vel com condi\u00e7\u00f5es de chuva nesta quinta-feira (04)"},"content":{"rendered":"<p>Na quinta-feira (04), a atua\u00e7\u00e3o de uma frente fria deixa o tempo inst\u00e1vel e com condi\u00e7\u00e3o para temporais isolados acompanhados de chuva pontualmente intensa em toda Santa Catarina, com risco baixo a moderado para ocorr\u00eancias relacionadas a alagamentos, danos na rede el\u00e9trica e destelhamentos.<\/p>\n<p>No decorrer da manh\u00e3 a nebulosidade aumenta no Oeste e \u00e1reas de divisa com o RS, onde j\u00e1 pode haver pancadas de chuva isoladas. Mas, a chuva mais significativa avan\u00e7a por estas \u00e1reas a partir da tarde e se espalha em dire\u00e7\u00e3o ao Vale do Itaja\u00ed e Grande Florian\u00f3polis. No Planalto e Litoral Norte a instabilidade \u00e9 esperada a partir da noite.<\/p>\n<p><img fetchpriority=\"high\" decoding=\"async\" class=\"aligncenter size-full wp-image-26685\" src=\"http:\/\/sulsc.com\/wp-content\/uploads\/2025\/09\/image-14-1024x698-1.png\" alt=\"\" width=\"1024\" height=\"698\" srcset=\"https:\/\/sulsc.com\/wp-content\/uploads\/2025\/09\/image-14-1024x698-1.png 1024w, https:\/\/sulsc.com\/wp-content\/uploads\/2025\/09\/image-14-1024x698-1-300x204.png 300w, https:\/\/sulsc.com\/wp-content\/uploads\/2025\/09\/image-14-1024x698-1-768x524.png 768w\" sizes=\"(max-width: 1024px) 100vw, 1024px\" \/><\/p>\n<p><img decoding=\"async\" class=\"aligncenter size-full wp-image-22836\" src=\"http:\/\/sulsc.com\/wp-content\/uploads\/2025\/04\/Tempo-2.png\" alt=\"\" width=\"1024\" height=\"189\" srcset=\"https:\/\/sulsc.com\/wp-content\/uploads\/2025\/04\/Tempo-2.png 1024w, https:\/\/sulsc.com\/wp-content\/uploads\/2025\/04\/Tempo-2-300x55.png 300w, https:\/\/sulsc.com\/wp-content\/uploads\/2025\/04\/Tempo-2-768x142.png 768w\" sizes=\"(max-width: 1024px) 100vw, 1024px\" \/><\/p>\n<p><strong>Temperaturas<\/strong><\/p>\n<p>Antes da chuva a sensa\u00e7\u00e3o de abafamento continua, sobretudo no centro-norte do estado, onde as temperaturas ficam pr\u00f3ximas dos 30\u00b0C \u00e0 tarde.<\/p>\n<p><strong>Vento:\u00a0<\/strong>noroeste a sudoeste, fraco a moderado, com rajadas.<\/p>\n<div id=\"metaslider-id-25573\" style=\"width: 100%;\" class=\"ml-slider-3-99-0 metaslider metaslider-flex metaslider-25573 ml-slider has-onhover-arrows ms-theme-default-base has-dots-nav\" role=\"region\" aria-label=\"Meio\" data-width=\"1200\">\n    <div id=\"metaslider_container_25573\">\n        <div id=\"metaslider_25573\">\n            <ul class='slides'>\n                <li style=\"display: block; width: 100%;\" class=\"slide-25684 ms-image \" aria-roledescription=\"slide\" data-date=\"2025-07-24 07:55:40\"><img src=\"https:\/\/sulsc.com\/wp-content\/uploads\/2025\/07\/Marr-2-1000x166.jpg\" height=\"200\" width=\"1200\" alt=\"\" class=\"slider-25573 slide-25684 msDefaultImage\" title=\"Marr 2\" \/><\/li>\n                <li style=\"display: none; width: 100%;\" class=\"slide-32412 ms-image \" aria-roledescription=\"slide\" data-date=\"2026-02-18 13:59:46\"><img src=\"https:\/\/sulsc.com\/wp-content\/uploads\/2026\/02\/40dc1580-cad5-4867-bc58-c4243821ad38-1000x166.jpeg\" height=\"200\" width=\"1200\" alt=\"\" class=\"slider-25573 slide-32412 msDefaultImage\" title=\"40dc1580-cad5-4867-bc58-c4243821ad38\" \/><\/li>\n                <li style=\"display: none; width: 100%;\" class=\"slide-32766 ms-image \" aria-roledescription=\"slide\" data-date=\"2026-03-03 17:22:59\"><img src=\"https:\/\/sulsc.com\/wp-content\/uploads\/2026\/03\/271ce739-f268-41c5-8051-3de1a1750359-1000x166.jpeg\" height=\"200\" width=\"1200\" alt=\"\" class=\"slider-25573 slide-32766 msDefaultImage\" title=\"271ce739-f268-41c5-8051-3de1a1750359\" \/><\/li>\n            <\/ul>\n        <\/div>\n        \n    <\/div>\n<\/div>\n<p><strong>Amanh\u00e3 sexta-feira (05)<\/strong>,\u00a0 o tempo continua inst\u00e1vel em Santa Catarina. Com o tempo fechado e avan\u00e7o do ar mais frio, as temperaturas ficam mais baixas em compara\u00e7\u00e3o aos dias anteriores. Os term\u00f4metros variam entre 15 e 18\u00b0C na maioria das \u00e1reas e entre 8 e 13\u00b0C no Planalto Sul e Litoral Sul. Com ventos de sudoeste a sul, com rajadas de 40 a 50km\/k nas \u00e1reas costeiras.<\/p>\n<p><img decoding=\"async\" class=\"aligncenter size-full wp-image-26688\" src=\"http:\/\/sulsc.com\/wp-content\/uploads\/2025\/09\/2fc4e9ac-fb20-4a40-b2f3-1d098e6085f2.jpg\" alt=\"\" width=\"1046\" height=\"766\" srcset=\"https:\/\/sulsc.com\/wp-content\/uploads\/2025\/09\/2fc4e9ac-fb20-4a40-b2f3-1d098e6085f2.jpg 1046w, https:\/\/sulsc.com\/wp-content\/uploads\/2025\/09\/2fc4e9ac-fb20-4a40-b2f3-1d098e6085f2-300x220.jpg 300w, https:\/\/sulsc.com\/wp-content\/uploads\/2025\/09\/2fc4e9ac-fb20-4a40-b2f3-1d098e6085f2-1024x750.jpg 1024w, https:\/\/sulsc.com\/wp-content\/uploads\/2025\/09\/2fc4e9ac-fb20-4a40-b2f3-1d098e6085f2-768x562.jpg 768w\" sizes=\"(max-width: 1046px) 100vw, 1046px\" \/><\/p>\n<p style=\"text-align: center;\"><strong>Charge\/SulSC<\/strong><\/p>\n<p>Fontes: Defesa Civil-SC\/Epagri-Ciram<\/p>\n","protected":false},"excerpt":{"rendered":"<p>Na quinta-feira (04), a atua\u00e7\u00e3o de uma frente fria deixa o tempo inst\u00e1vel e com condi\u00e7\u00e3o para temporais isolados acompanhados de chuva pontualmente intensa em toda Santa Catarina, com risco baixo a moderado para ocorr\u00eancias relacionadas a alagamentos, danos na rede el\u00e9trica e destelhamentos. No decorrer da manh\u00e3 a nebulosidade aumenta no Oeste e \u00e1reas &hellip;<\/p>\n<p class=\"read-more\"> <a class=\"\" href=\"https:\/\/sulsc.com\/index.php\/2025\/09\/04\/chegada-de-frente-fria-deixa-o-tempo-instavel-com-condicoes-de-chuva-nesta-quinta-feira-04\/\"> <span class=\"screen-reader-text\">Chegada de frente fria deixa o tempo inst\u00e1vel com condi\u00e7\u00f5es de chuva nesta quinta-feira (04)<\/span> Read More &raquo;<\/a><\/p>\n","protected":false},"author":3,"featured_media":12162,"comment_status":"open","ping_status":"open","sticky":false,"template":"","format":"standard","meta":{"site-sidebar-layout":"default","site-content-layout":"","ast-site-content-layout":"default","site-content-style":"default","site-sidebar-style":"default","ast-global-header-display":"","ast-banner-title-visibility":"","ast-main-header-display":"","ast-hfb-above-header-display":"","ast-hfb-below-header-display":"","ast-hfb-mobile-header-display":"","site-post-title":"","ast-breadcrumbs-content":"","ast-featured-img":"","footer-sml-layout":"","theme-transparent-header-meta":"default","adv-header-id-meta":"","stick-header-meta":"","header-above-stick-meta":"","header-main-stick-meta":"","header-below-stick-meta":"","astra-migrate-meta-layouts":"set","footnotes":""},"categories":[38,12],"tags":[90],"yoast_head":"<!-- This site is optimized with the Yoast SEO plugin v21.4 - https:\/\/yoast.com\/wordpress\/plugins\/seo\/ -->\n<title>Chegada de frente fria deixa o tempo inst\u00e1vel com condi\u00e7\u00f5es de chuva nesta quinta-feira (04) -<\/title>\n<meta name=\"description\" content=\"Antes da chuva a sensa\u00e7\u00e3o de abafamento continua sobretudo no centro-norte do estado onde as temperaturas ficam pr\u00f3ximas dos 30\u00b0C \u00e0 tarde\" \/>\n<meta name=\"robots\" content=\"index, follow, max-snippet:-1, max-image-preview:large, max-video-preview:-1\" \/>\n<link rel=\"canonical\" href=\"https:\/\/sulsc.com\/index.php\/2025\/09\/04\/chegada-de-frente-fria-deixa-o-tempo-instavel-com-condicoes-de-chuva-nesta-quinta-feira-04\/\" \/>\n<meta property=\"og:locale\" content=\"en_US\" \/>\n<meta property=\"og:type\" content=\"article\" \/>\n<meta property=\"og:title\" content=\"Chegada de frente fria deixa o tempo inst\u00e1vel com condi\u00e7\u00f5es de chuva nesta quinta-feira (04) -\" \/>\n<meta property=\"og:description\" content=\"Antes da chuva a sensa\u00e7\u00e3o de abafamento continua sobretudo no centro-norte do estado onde as temperaturas ficam pr\u00f3ximas dos 30\u00b0C \u00e0 tarde\" \/>\n<meta property=\"og:url\" content=\"https:\/\/sulsc.com\/index.php\/2025\/09\/04\/chegada-de-frente-fria-deixa-o-tempo-instavel-com-condicoes-de-chuva-nesta-quinta-feira-04\/\" \/>\n<meta property=\"article:author\" content=\"https:\/\/www.facebook.com\/profile.php?id=61559278119680\" \/>\n<meta property=\"article:published_time\" content=\"2025-09-04T10:24:39+00:00\" \/>\n<meta property=\"article:modified_time\" content=\"2025-09-04T10:39:54+00:00\" \/>\n<meta property=\"og:image\" content=\"http:\/\/sulsc.com\/wp-content\/uploads\/2024\/05\/mau-tempo.jpeg\" \/>\n\t<meta property=\"og:image:width\" content=\"243\" \/>\n\t<meta property=\"og:image:height\" content=\"208\" \/>\n\t<meta property=\"og:image:type\" content=\"image\/jpeg\" \/>\n<meta name=\"author\" content=\"Reda\u00e7\u00e3o Sul SC\" \/>\n<meta name=\"twitter:card\" content=\"summary_large_image\" \/>\n<meta name=\"twitter:creator\" content=\"@https:\/\/twitter.com\/PortalSulSC\" \/>\n<meta name=\"twitter:label1\" content=\"Written by\" \/>\n\t<meta name=\"twitter:data1\" content=\"Reda\u00e7\u00e3o Sul SC\" \/>\n\t<meta name=\"twitter:label2\" content=\"Est. reading time\" \/>\n\t<meta name=\"twitter:data2\" content=\"2 minutes\" \/>\n<script type=\"application\/ld+json\" class=\"yoast-schema-graph\">{\"@context\":\"https:\/\/schema.org\",\"@graph\":[{\"@type\":\"WebPage\",\"@id\":\"https:\/\/sulsc.com\/index.php\/2025\/09\/04\/chegada-de-frente-fria-deixa-o-tempo-instavel-com-condicoes-de-chuva-nesta-quinta-feira-04\/\",\"url\":\"https:\/\/sulsc.com\/index.php\/2025\/09\/04\/chegada-de-frente-fria-deixa-o-tempo-instavel-com-condicoes-de-chuva-nesta-quinta-feira-04\/\",\"name\":\"Chegada de frente fria deixa o tempo inst\u00e1vel com condi\u00e7\u00f5es de chuva nesta quinta-feira (04) -\",\"isPartOf\":{\"@id\":\"https:\/\/sulsc.com\/#website\"},\"datePublished\":\"2025-09-04T10:24:39+00:00\",\"dateModified\":\"2025-09-04T10:39:54+00:00\",\"author\":{\"@id\":\"https:\/\/sulsc.com\/#\/schema\/person\/84d2fc571684f6248ba83092f07750a3\"},\"description\":\"Antes da chuva a sensa\u00e7\u00e3o de abafamento continua sobretudo no centro-norte do estado onde as temperaturas ficam pr\u00f3ximas dos 30\u00b0C \u00e0 tarde\",\"breadcrumb\":{\"@id\":\"https:\/\/sulsc.com\/index.php\/2025\/09\/04\/chegada-de-frente-fria-deixa-o-tempo-instavel-com-condicoes-de-chuva-nesta-quinta-feira-04\/#breadcrumb\"},\"inLanguage\":\"en-US\",\"potentialAction\":[{\"@type\":\"ReadAction\",\"target\":[\"https:\/\/sulsc.com\/index.php\/2025\/09\/04\/chegada-de-frente-fria-deixa-o-tempo-instavel-com-condicoes-de-chuva-nesta-quinta-feira-04\/\"]}]},{\"@type\":\"BreadcrumbList\",\"@id\":\"https:\/\/sulsc.com\/index.php\/2025\/09\/04\/chegada-de-frente-fria-deixa-o-tempo-instavel-com-condicoes-de-chuva-nesta-quinta-feira-04\/#breadcrumb\",\"itemListElement\":[{\"@type\":\"ListItem\",\"position\":1,\"name\":\"In\u00edcio\",\"item\":\"https:\/\/sulsc.com\/\"},{\"@type\":\"ListItem\",\"position\":2,\"name\":\"Chegada de frente fria deixa o tempo inst\u00e1vel com condi\u00e7\u00f5es de chuva nesta quinta-feira (04)\"}]},{\"@type\":\"WebSite\",\"@id\":\"https:\/\/sulsc.com\/#website\",\"url\":\"https:\/\/sulsc.com\/\",\"name\":\"\",\"description\":\"\",\"potentialAction\":[{\"@type\":\"SearchAction\",\"target\":{\"@type\":\"EntryPoint\",\"urlTemplate\":\"https:\/\/sulsc.com\/?s={search_term_string}\"},\"query-input\":\"required name=search_term_string\"}],\"inLanguage\":\"en-US\"},{\"@type\":\"Person\",\"@id\":\"https:\/\/sulsc.com\/#\/schema\/person\/84d2fc571684f6248ba83092f07750a3\",\"name\":\"Reda\u00e7\u00e3o Sul SC\",\"image\":{\"@type\":\"ImageObject\",\"inLanguage\":\"en-US\",\"@id\":\"https:\/\/sulsc.com\/#\/schema\/person\/image\/e08d7fe2cc4ed596372063bbe852b8d0\",\"url\":\"https:\/\/sulsc.com\/wp-content\/uploads\/2023\/09\/redacao.png\",\"contentUrl\":\"https:\/\/sulsc.com\/wp-content\/uploads\/2023\/09\/redacao.png\",\"caption\":\"Reda\u00e7\u00e3o Sul SC\"},\"description\":\"Foco em um jornalismo imparcial, voltado \u00e0 qualidade dos seus conte\u00fados e, assim, levar informa\u00e7\u00e3o de valor que agregue \u00e0 vida dos leitores. Esta \u00e9 grande miss\u00e3o do Portal de Not\u00edcias Sul SC. N\u00e3o \u00e9 quantidade que muda o mundo, sempre foi e seguir\u00e1 sendo qualidade!\",\"sameAs\":[\"https:\/\/sulsc.com\/\",\"https:\/\/www.facebook.com\/profile.php?id=61559278119680\",\"https:\/\/www.instagram.com\/sulscportal\/?hl=pt-br\",\"https:\/\/twitter.com\/https:\/\/twitter.com\/PortalSulSC\",\"https:\/\/www.youtube.com\/channel\/UCv_BE8GeySluDov2n8qhVmw\"],\"url\":\"https:\/\/sulsc.com\/index.php\/author\/redacao\/\"}]}<\/script>\n<!-- \/ Yoast SEO plugin. -->","yoast_head_json":{"title":"Chegada de frente fria deixa o tempo inst\u00e1vel com condi\u00e7\u00f5es de chuva nesta quinta-feira (04) -","description":"Antes da chuva a sensa\u00e7\u00e3o de abafamento continua sobretudo no centro-norte do estado onde as temperaturas ficam pr\u00f3ximas dos 30\u00b0C \u00e0 tarde","robots":{"index":"index","follow":"follow","max-snippet":"max-snippet:-1","max-image-preview":"max-image-preview:large","max-video-preview":"max-video-preview:-1"},"canonical":"https:\/\/sulsc.com\/index.php\/2025\/09\/04\/chegada-de-frente-fria-deixa-o-tempo-instavel-com-condicoes-de-chuva-nesta-quinta-feira-04\/","og_locale":"en_US","og_type":"article","og_title":"Chegada de frente fria deixa o tempo inst\u00e1vel com condi\u00e7\u00f5es de chuva nesta quinta-feira (04) -","og_description":"Antes da chuva a sensa\u00e7\u00e3o de abafamento continua sobretudo no centro-norte do estado onde as temperaturas ficam pr\u00f3ximas dos 30\u00b0C \u00e0 tarde","og_url":"https:\/\/sulsc.com\/index.php\/2025\/09\/04\/chegada-de-frente-fria-deixa-o-tempo-instavel-com-condicoes-de-chuva-nesta-quinta-feira-04\/","article_author":"https:\/\/www.facebook.com\/profile.php?id=61559278119680","article_published_time":"2025-09-04T10:24:39+00:00","article_modified_time":"2025-09-04T10:39:54+00:00","og_image":[{"width":243,"height":208,"url":"http:\/\/sulsc.com\/wp-content\/uploads\/2024\/05\/mau-tempo.jpeg","type":"image\/jpeg"}],"author":"Reda\u00e7\u00e3o Sul SC","twitter_card":"summary_large_image","twitter_creator":"@https:\/\/twitter.com\/PortalSulSC","twitter_misc":{"Written by":"Reda\u00e7\u00e3o Sul SC","Est. reading time":"2 minutes"},"schema":{"@context":"https:\/\/schema.org","@graph":[{"@type":"WebPage","@id":"https:\/\/sulsc.com\/index.php\/2025\/09\/04\/chegada-de-frente-fria-deixa-o-tempo-instavel-com-condicoes-de-chuva-nesta-quinta-feira-04\/","url":"https:\/\/sulsc.com\/index.php\/2025\/09\/04\/chegada-de-frente-fria-deixa-o-tempo-instavel-com-condicoes-de-chuva-nesta-quinta-feira-04\/","name":"Chegada de frente fria deixa o tempo inst\u00e1vel com condi\u00e7\u00f5es de chuva nesta quinta-feira (04) -","isPartOf":{"@id":"https:\/\/sulsc.com\/#website"},"datePublished":"2025-09-04T10:24:39+00:00","dateModified":"2025-09-04T10:39:54+00:00","author":{"@id":"https:\/\/sulsc.com\/#\/schema\/person\/84d2fc571684f6248ba83092f07750a3"},"description":"Antes da chuva a sensa\u00e7\u00e3o de abafamento continua sobretudo no centro-norte do estado onde as temperaturas ficam pr\u00f3ximas dos 30\u00b0C \u00e0 tarde","breadcrumb":{"@id":"https:\/\/sulsc.com\/index.php\/2025\/09\/04\/chegada-de-frente-fria-deixa-o-tempo-instavel-com-condicoes-de-chuva-nesta-quinta-feira-04\/#breadcrumb"},"inLanguage":"en-US","potentialAction":[{"@type":"ReadAction","target":["https:\/\/sulsc.com\/index.php\/2025\/09\/04\/chegada-de-frente-fria-deixa-o-tempo-instavel-com-condicoes-de-chuva-nesta-quinta-feira-04\/"]}]},{"@type":"BreadcrumbList","@id":"https:\/\/sulsc.com\/index.php\/2025\/09\/04\/chegada-de-frente-fria-deixa-o-tempo-instavel-com-condicoes-de-chuva-nesta-quinta-feira-04\/#breadcrumb","itemListElement":[{"@type":"ListItem","position":1,"name":"In\u00edcio","item":"https:\/\/sulsc.com\/"},{"@type":"ListItem","position":2,"name":"Chegada de frente fria deixa o tempo inst\u00e1vel com condi\u00e7\u00f5es de chuva nesta quinta-feira (04)"}]},{"@type":"WebSite","@id":"https:\/\/sulsc.com\/#website","url":"https:\/\/sulsc.com\/","name":"","description":"","potentialAction":[{"@type":"SearchAction","target":{"@type":"EntryPoint","urlTemplate":"https:\/\/sulsc.com\/?s={search_term_string}"},"query-input":"required name=search_term_string"}],"inLanguage":"en-US"},{"@type":"Person","@id":"https:\/\/sulsc.com\/#\/schema\/person\/84d2fc571684f6248ba83092f07750a3","name":"Reda\u00e7\u00e3o Sul SC","image":{"@type":"ImageObject","inLanguage":"en-US","@id":"https:\/\/sulsc.com\/#\/schema\/person\/image\/e08d7fe2cc4ed596372063bbe852b8d0","url":"https:\/\/sulsc.com\/wp-content\/uploads\/2023\/09\/redacao.png","contentUrl":"https:\/\/sulsc.com\/wp-content\/uploads\/2023\/09\/redacao.png","caption":"Reda\u00e7\u00e3o Sul SC"},"description":"Foco em um jornalismo imparcial, voltado \u00e0 qualidade dos seus conte\u00fados e, assim, levar informa\u00e7\u00e3o de valor que agregue \u00e0 vida dos leitores. Esta \u00e9 grande miss\u00e3o do Portal de Not\u00edcias Sul SC. N\u00e3o \u00e9 quantidade que muda o mundo, sempre foi e seguir\u00e1 sendo qualidade!","sameAs":["https:\/\/sulsc.com\/","https:\/\/www.facebook.com\/profile.php?id=61559278119680","https:\/\/www.instagram.com\/sulscportal\/?hl=pt-br","https:\/\/twitter.com\/https:\/\/twitter.com\/PortalSulSC","https:\/\/www.youtube.com\/channel\/UCv_BE8GeySluDov2n8qhVmw"],"url":"https:\/\/sulsc.com\/index.php\/author\/redacao\/"}]}},"authors":[],"_links":{"self":[{"href":"https:\/\/sulsc.com\/index.php\/wp-json\/wp\/v2\/posts\/26684"}],"collection":[{"href":"https:\/\/sulsc.com\/index.php\/wp-json\/wp\/v2\/posts"}],"about":[{"href":"https:\/\/sulsc.com\/index.php\/wp-json\/wp\/v2\/types\/post"}],"author":[{"embeddable":true,"href":"https:\/\/sulsc.com\/index.php\/wp-json\/wp\/v2\/users\/3"}],"replies":[{"embeddable":true,"href":"https:\/\/sulsc.com\/index.php\/wp-json\/wp\/v2\/comments?post=26684"}],"version-history":[{"count":3,"href":"https:\/\/sulsc.com\/index.php\/wp-json\/wp\/v2\/posts\/26684\/revisions"}],"predecessor-version":[{"id":26689,"href":"https:\/\/sulsc.com\/index.php\/wp-json\/wp\/v2\/posts\/26684\/revisions\/26689"}],"wp:featuredmedia":[{"embeddable":true,"href":"https:\/\/sulsc.com\/index.php\/wp-json\/wp\/v2\/media\/12162"}],"wp:attachment":[{"href":"https:\/\/sulsc.com\/index.php\/wp-json\/wp\/v2\/media?parent=26684"}],"wp:term":[{"taxonomy":"category","embeddable":true,"href":"https:\/\/sulsc.com\/index.php\/wp-json\/wp\/v2\/categories?post=26684"},{"taxonomy":"post_tag","embeddable":true,"href":"https:\/\/sulsc.com\/index.php\/wp-json\/wp\/v2\/tags?post=26684"}],"curies":[{"name":"wp","href":"https:\/\/api.w.org\/{rel}","templated":true}]}}