{"id":2682,"date":"2023-10-23T07:30:50","date_gmt":"2023-10-23T10:30:50","guid":{"rendered":"https:\/\/sulsc.com\/?p=2682"},"modified":"2023-10-23T07:17:12","modified_gmt":"2023-10-23T10:17:12","slug":"instabilidade-deve-retornar-nesta-segunda-feira-23-em-boa-parte-de-santa-catarina","status":"publish","type":"post","link":"https:\/\/sulsc.com\/index.php\/2023\/10\/23\/instabilidade-deve-retornar-nesta-segunda-feira-23-em-boa-parte-de-santa-catarina\/","title":{"rendered":"Instabilidade deve retornar nesta segunda-feira (23), em boa parte de Santa Catarina"},"content":{"rendered":"<p>Na segunda-feira (23), uma \u00e1rea de baixa press\u00e3o atmosf\u00e9rica associada ao fluxo de calor e umidade do norte do pa\u00eds favorece o retorno das instabilidades em boa parte de Santa Catarina. H\u00e1 condi\u00e7\u00f5es para pancadas de chuva e temporais isolados entre o per\u00edodo da tarde e noite, especialmente nas \u00e1reas de divisa com o Rio Grande do Sul.<\/p>\n<p>O risco \u00e9 baixo para ocorr\u00eancias meteorol\u00f3gicas associadas aos temporais. O calor se intensifica no estado, com m\u00e1ximas na casa dos 30\u00b0C na maioria das \u00e1reas e chegando aos 33\u00b0C no Oeste catarinense.<\/p>\n<p><img fetchpriority=\"high\" decoding=\"async\" class=\"alignnone size-full wp-image-2683\" src=\"http:\/\/sulsc.com\/wp-content\/uploads\/2023\/10\/segunda.jpg\" alt=\"\" width=\"879\" height=\"599\" srcset=\"https:\/\/sulsc.com\/wp-content\/uploads\/2023\/10\/segunda.jpg 879w, https:\/\/sulsc.com\/wp-content\/uploads\/2023\/10\/segunda-300x204.jpg 300w, https:\/\/sulsc.com\/wp-content\/uploads\/2023\/10\/segunda-768x523.jpg 768w\" sizes=\"(max-width: 879px) 100vw, 879px\" \/><\/p>\n<p>Fonte: Defesa Civil<\/p>\n","protected":false},"excerpt":{"rendered":"<p>Na segunda-feira (23), uma \u00e1rea de baixa press\u00e3o atmosf\u00e9rica associada ao fluxo de calor e umidade do norte do pa\u00eds favorece o retorno das instabilidades em boa parte de Santa Catarina. H\u00e1 condi\u00e7\u00f5es para pancadas de chuva e temporais isolados entre o per\u00edodo da tarde e noite, especialmente nas \u00e1reas de divisa com o Rio &hellip;<\/p>\n<p class=\"read-more\"> <a class=\"\" href=\"https:\/\/sulsc.com\/index.php\/2023\/10\/23\/instabilidade-deve-retornar-nesta-segunda-feira-23-em-boa-parte-de-santa-catarina\/\"> <span class=\"screen-reader-text\">Instabilidade deve retornar nesta segunda-feira (23), em boa parte de Santa Catarina<\/span> Read More &raquo;<\/a><\/p>\n","protected":false},"author":3,"featured_media":1705,"comment_status":"open","ping_status":"open","sticky":false,"template":"","format":"standard","meta":{"site-sidebar-layout":"default","site-content-layout":"","ast-site-content-layout":"default","site-content-style":"default","site-sidebar-style":"default","ast-global-header-display":"","ast-banner-title-visibility":"","ast-main-header-display":"","ast-hfb-above-header-display":"","ast-hfb-below-header-display":"","ast-hfb-mobile-header-display":"","site-post-title":"","ast-breadcrumbs-content":"","ast-featured-img":"","footer-sml-layout":"","theme-transparent-header-meta":"default","adv-header-id-meta":"","stick-header-meta":"","header-above-stick-meta":"","header-main-stick-meta":"","header-below-stick-meta":"","astra-migrate-meta-layouts":"set","footnotes":""},"categories":[1,38],"tags":[],"yoast_head":"<!-- This site is optimized with the Yoast SEO plugin v21.4 - https:\/\/yoast.com\/wordpress\/plugins\/seo\/ -->\n<title>Instabilidade deve retornar nesta segunda-feira (23), em boa parte de Santa Catarina -<\/title>\n<meta name=\"robots\" content=\"index, follow, max-snippet:-1, max-image-preview:large, max-video-preview:-1\" \/>\n<link rel=\"canonical\" href=\"https:\/\/sulsc.com\/index.php\/2023\/10\/23\/instabilidade-deve-retornar-nesta-segunda-feira-23-em-boa-parte-de-santa-catarina\/\" \/>\n<meta property=\"og:locale\" content=\"en_US\" \/>\n<meta property=\"og:type\" content=\"article\" \/>\n<meta property=\"og:title\" content=\"Instabilidade deve retornar nesta segunda-feira (23), em boa parte de Santa Catarina -\" \/>\n<meta property=\"og:description\" content=\"Na segunda-feira (23), uma \u00e1rea de baixa press\u00e3o atmosf\u00e9rica associada ao fluxo de calor e umidade do norte do pa\u00eds favorece o retorno das instabilidades em boa parte de Santa Catarina. H\u00e1 condi\u00e7\u00f5es para pancadas de chuva e temporais isolados entre o per\u00edodo da tarde e noite, especialmente nas \u00e1reas de divisa com o Rio &hellip; Instabilidade deve retornar nesta segunda-feira (23), em boa parte de Santa Catarina Read More &raquo;\" \/>\n<meta property=\"og:url\" content=\"https:\/\/sulsc.com\/index.php\/2023\/10\/23\/instabilidade-deve-retornar-nesta-segunda-feira-23-em-boa-parte-de-santa-catarina\/\" \/>\n<meta property=\"article:author\" content=\"https:\/\/www.facebook.com\/profile.php?id=61559278119680\" \/>\n<meta property=\"article:published_time\" content=\"2023-10-23T10:30:50+00:00\" \/>\n<meta property=\"article:modified_time\" content=\"2023-10-23T10:17:12+00:00\" \/>\n<meta property=\"og:image\" content=\"https:\/\/sulsc.com\/wp-content\/uploads\/2023\/10\/chuva_tempestade.jpg\" \/>\n\t<meta property=\"og:image:width\" content=\"620\" \/>\n\t<meta property=\"og:image:height\" content=\"390\" \/>\n\t<meta property=\"og:image:type\" content=\"image\/jpeg\" \/>\n<meta name=\"author\" content=\"Reda\u00e7\u00e3o Sul SC\" \/>\n<meta name=\"twitter:card\" content=\"summary_large_image\" \/>\n<meta name=\"twitter:creator\" content=\"@https:\/\/twitter.com\/PortalSulSC\" \/>\n<meta name=\"twitter:label1\" content=\"Written by\" \/>\n\t<meta name=\"twitter:data1\" content=\"Reda\u00e7\u00e3o Sul SC\" \/>\n\t<meta name=\"twitter:label2\" content=\"Est. reading time\" \/>\n\t<meta name=\"twitter:data2\" content=\"1 minute\" \/>\n<script type=\"application\/ld+json\" class=\"yoast-schema-graph\">{\"@context\":\"https:\/\/schema.org\",\"@graph\":[{\"@type\":\"WebPage\",\"@id\":\"https:\/\/sulsc.com\/index.php\/2023\/10\/23\/instabilidade-deve-retornar-nesta-segunda-feira-23-em-boa-parte-de-santa-catarina\/\",\"url\":\"https:\/\/sulsc.com\/index.php\/2023\/10\/23\/instabilidade-deve-retornar-nesta-segunda-feira-23-em-boa-parte-de-santa-catarina\/\",\"name\":\"Instabilidade deve retornar nesta segunda-feira (23), em boa parte de Santa Catarina -\",\"isPartOf\":{\"@id\":\"https:\/\/sulsc.com\/#website\"},\"datePublished\":\"2023-10-23T10:30:50+00:00\",\"dateModified\":\"2023-10-23T10:17:12+00:00\",\"author\":{\"@id\":\"https:\/\/sulsc.com\/#\/schema\/person\/84d2fc571684f6248ba83092f07750a3\"},\"breadcrumb\":{\"@id\":\"https:\/\/sulsc.com\/index.php\/2023\/10\/23\/instabilidade-deve-retornar-nesta-segunda-feira-23-em-boa-parte-de-santa-catarina\/#breadcrumb\"},\"inLanguage\":\"en-US\",\"potentialAction\":[{\"@type\":\"ReadAction\",\"target\":[\"https:\/\/sulsc.com\/index.php\/2023\/10\/23\/instabilidade-deve-retornar-nesta-segunda-feira-23-em-boa-parte-de-santa-catarina\/\"]}]},{\"@type\":\"BreadcrumbList\",\"@id\":\"https:\/\/sulsc.com\/index.php\/2023\/10\/23\/instabilidade-deve-retornar-nesta-segunda-feira-23-em-boa-parte-de-santa-catarina\/#breadcrumb\",\"itemListElement\":[{\"@type\":\"ListItem\",\"position\":1,\"name\":\"In\u00edcio\",\"item\":\"https:\/\/sulsc.com\/\"},{\"@type\":\"ListItem\",\"position\":2,\"name\":\"Instabilidade deve retornar nesta segunda-feira (23), em boa parte de Santa Catarina\"}]},{\"@type\":\"WebSite\",\"@id\":\"https:\/\/sulsc.com\/#website\",\"url\":\"https:\/\/sulsc.com\/\",\"name\":\"\",\"description\":\"\",\"potentialAction\":[{\"@type\":\"SearchAction\",\"target\":{\"@type\":\"EntryPoint\",\"urlTemplate\":\"https:\/\/sulsc.com\/?s={search_term_string}\"},\"query-input\":\"required name=search_term_string\"}],\"inLanguage\":\"en-US\"},{\"@type\":\"Person\",\"@id\":\"https:\/\/sulsc.com\/#\/schema\/person\/84d2fc571684f6248ba83092f07750a3\",\"name\":\"Reda\u00e7\u00e3o Sul SC\",\"image\":{\"@type\":\"ImageObject\",\"inLanguage\":\"en-US\",\"@id\":\"https:\/\/sulsc.com\/#\/schema\/person\/image\/e08d7fe2cc4ed596372063bbe852b8d0\",\"url\":\"https:\/\/sulsc.com\/wp-content\/uploads\/2023\/09\/redacao.png\",\"contentUrl\":\"https:\/\/sulsc.com\/wp-content\/uploads\/2023\/09\/redacao.png\",\"caption\":\"Reda\u00e7\u00e3o Sul SC\"},\"description\":\"Foco em um jornalismo imparcial, voltado \u00e0 qualidade dos seus conte\u00fados e, assim, levar informa\u00e7\u00e3o de valor que agregue \u00e0 vida dos leitores. Esta \u00e9 grande miss\u00e3o do Portal de Not\u00edcias Sul SC. N\u00e3o \u00e9 quantidade que muda o mundo, sempre foi e seguir\u00e1 sendo qualidade!\",\"sameAs\":[\"https:\/\/sulsc.com\/\",\"https:\/\/www.facebook.com\/profile.php?id=61559278119680\",\"https:\/\/www.instagram.com\/sulscportal\/?hl=pt-br\",\"https:\/\/twitter.com\/https:\/\/twitter.com\/PortalSulSC\",\"https:\/\/www.youtube.com\/channel\/UCv_BE8GeySluDov2n8qhVmw\"],\"url\":\"https:\/\/sulsc.com\/index.php\/author\/redacao\/\"}]}<\/script>\n<!-- \/ Yoast SEO plugin. -->","yoast_head_json":{"title":"Instabilidade deve retornar nesta segunda-feira (23), em boa parte de Santa Catarina -","robots":{"index":"index","follow":"follow","max-snippet":"max-snippet:-1","max-image-preview":"max-image-preview:large","max-video-preview":"max-video-preview:-1"},"canonical":"https:\/\/sulsc.com\/index.php\/2023\/10\/23\/instabilidade-deve-retornar-nesta-segunda-feira-23-em-boa-parte-de-santa-catarina\/","og_locale":"en_US","og_type":"article","og_title":"Instabilidade deve retornar nesta segunda-feira (23), em boa parte de Santa Catarina -","og_description":"Na segunda-feira (23), uma \u00e1rea de baixa press\u00e3o atmosf\u00e9rica associada ao fluxo de calor e umidade do norte do pa\u00eds favorece o retorno das instabilidades em boa parte de Santa Catarina. H\u00e1 condi\u00e7\u00f5es para pancadas de chuva e temporais isolados entre o per\u00edodo da tarde e noite, especialmente nas \u00e1reas de divisa com o Rio &hellip; Instabilidade deve retornar nesta segunda-feira (23), em boa parte de Santa Catarina Read More &raquo;","og_url":"https:\/\/sulsc.com\/index.php\/2023\/10\/23\/instabilidade-deve-retornar-nesta-segunda-feira-23-em-boa-parte-de-santa-catarina\/","article_author":"https:\/\/www.facebook.com\/profile.php?id=61559278119680","article_published_time":"2023-10-23T10:30:50+00:00","article_modified_time":"2023-10-23T10:17:12+00:00","og_image":[{"width":620,"height":390,"url":"https:\/\/sulsc.com\/wp-content\/uploads\/2023\/10\/chuva_tempestade.jpg","type":"image\/jpeg"}],"author":"Reda\u00e7\u00e3o Sul SC","twitter_card":"summary_large_image","twitter_creator":"@https:\/\/twitter.com\/PortalSulSC","twitter_misc":{"Written by":"Reda\u00e7\u00e3o Sul SC","Est. reading time":"1 minute"},"schema":{"@context":"https:\/\/schema.org","@graph":[{"@type":"WebPage","@id":"https:\/\/sulsc.com\/index.php\/2023\/10\/23\/instabilidade-deve-retornar-nesta-segunda-feira-23-em-boa-parte-de-santa-catarina\/","url":"https:\/\/sulsc.com\/index.php\/2023\/10\/23\/instabilidade-deve-retornar-nesta-segunda-feira-23-em-boa-parte-de-santa-catarina\/","name":"Instabilidade deve retornar nesta segunda-feira (23), em boa parte de Santa Catarina -","isPartOf":{"@id":"https:\/\/sulsc.com\/#website"},"datePublished":"2023-10-23T10:30:50+00:00","dateModified":"2023-10-23T10:17:12+00:00","author":{"@id":"https:\/\/sulsc.com\/#\/schema\/person\/84d2fc571684f6248ba83092f07750a3"},"breadcrumb":{"@id":"https:\/\/sulsc.com\/index.php\/2023\/10\/23\/instabilidade-deve-retornar-nesta-segunda-feira-23-em-boa-parte-de-santa-catarina\/#breadcrumb"},"inLanguage":"en-US","potentialAction":[{"@type":"ReadAction","target":["https:\/\/sulsc.com\/index.php\/2023\/10\/23\/instabilidade-deve-retornar-nesta-segunda-feira-23-em-boa-parte-de-santa-catarina\/"]}]},{"@type":"BreadcrumbList","@id":"https:\/\/sulsc.com\/index.php\/2023\/10\/23\/instabilidade-deve-retornar-nesta-segunda-feira-23-em-boa-parte-de-santa-catarina\/#breadcrumb","itemListElement":[{"@type":"ListItem","position":1,"name":"In\u00edcio","item":"https:\/\/sulsc.com\/"},{"@type":"ListItem","position":2,"name":"Instabilidade deve retornar nesta segunda-feira (23), em boa parte de Santa Catarina"}]},{"@type":"WebSite","@id":"https:\/\/sulsc.com\/#website","url":"https:\/\/sulsc.com\/","name":"","description":"","potentialAction":[{"@type":"SearchAction","target":{"@type":"EntryPoint","urlTemplate":"https:\/\/sulsc.com\/?s={search_term_string}"},"query-input":"required name=search_term_string"}],"inLanguage":"en-US"},{"@type":"Person","@id":"https:\/\/sulsc.com\/#\/schema\/person\/84d2fc571684f6248ba83092f07750a3","name":"Reda\u00e7\u00e3o Sul SC","image":{"@type":"ImageObject","inLanguage":"en-US","@id":"https:\/\/sulsc.com\/#\/schema\/person\/image\/e08d7fe2cc4ed596372063bbe852b8d0","url":"https:\/\/sulsc.com\/wp-content\/uploads\/2023\/09\/redacao.png","contentUrl":"https:\/\/sulsc.com\/wp-content\/uploads\/2023\/09\/redacao.png","caption":"Reda\u00e7\u00e3o Sul SC"},"description":"Foco em um jornalismo imparcial, voltado \u00e0 qualidade dos seus conte\u00fados e, assim, levar informa\u00e7\u00e3o de valor que agregue \u00e0 vida dos leitores. Esta \u00e9 grande miss\u00e3o do Portal de Not\u00edcias Sul SC. N\u00e3o \u00e9 quantidade que muda o mundo, sempre foi e seguir\u00e1 sendo qualidade!","sameAs":["https:\/\/sulsc.com\/","https:\/\/www.facebook.com\/profile.php?id=61559278119680","https:\/\/www.instagram.com\/sulscportal\/?hl=pt-br","https:\/\/twitter.com\/https:\/\/twitter.com\/PortalSulSC","https:\/\/www.youtube.com\/channel\/UCv_BE8GeySluDov2n8qhVmw"],"url":"https:\/\/sulsc.com\/index.php\/author\/redacao\/"}]}},"authors":[],"_links":{"self":[{"href":"https:\/\/sulsc.com\/index.php\/wp-json\/wp\/v2\/posts\/2682"}],"collection":[{"href":"https:\/\/sulsc.com\/index.php\/wp-json\/wp\/v2\/posts"}],"about":[{"href":"https:\/\/sulsc.com\/index.php\/wp-json\/wp\/v2\/types\/post"}],"author":[{"embeddable":true,"href":"https:\/\/sulsc.com\/index.php\/wp-json\/wp\/v2\/users\/3"}],"replies":[{"embeddable":true,"href":"https:\/\/sulsc.com\/index.php\/wp-json\/wp\/v2\/comments?post=2682"}],"version-history":[{"count":1,"href":"https:\/\/sulsc.com\/index.php\/wp-json\/wp\/v2\/posts\/2682\/revisions"}],"predecessor-version":[{"id":2684,"href":"https:\/\/sulsc.com\/index.php\/wp-json\/wp\/v2\/posts\/2682\/revisions\/2684"}],"wp:featuredmedia":[{"embeddable":true,"href":"https:\/\/sulsc.com\/index.php\/wp-json\/wp\/v2\/media\/1705"}],"wp:attachment":[{"href":"https:\/\/sulsc.com\/index.php\/wp-json\/wp\/v2\/media?parent=2682"}],"wp:term":[{"taxonomy":"category","embeddable":true,"href":"https:\/\/sulsc.com\/index.php\/wp-json\/wp\/v2\/categories?post=2682"},{"taxonomy":"post_tag","embeddable":true,"href":"https:\/\/sulsc.com\/index.php\/wp-json\/wp\/v2\/tags?post=2682"}],"curies":[{"name":"wp","href":"https:\/\/api.w.org\/{rel}","templated":true}]}}