{"id":27029,"date":"2025-09-12T07:46:24","date_gmt":"2025-09-12T10:46:24","guid":{"rendered":"https:\/\/sulsc.com\/?p=27029"},"modified":"2025-09-12T07:46:24","modified_gmt":"2025-09-12T10:46:24","slug":"dia-ensolarado-com-maximas-passando-dos-25c-nesta-sexta-feira-12","status":"publish","type":"post","link":"https:\/\/sulsc.com\/index.php\/2025\/09\/12\/dia-ensolarado-com-maximas-passando-dos-25c-nesta-sexta-feira-12\/","title":{"rendered":"Dia ensolarado com m\u00e1ximas passando dos 25\u00b0C nesta sexta-feira (12)"},"content":{"rendered":"<p>Esta sexta-feira (12), ser\u00e1 mais um dia marcado por tempo firme e ensolarado em Santa Catarina, devido a atua\u00e7\u00e3o da massa de ar seco. O amanhecer ser\u00e1 frio em todas as regi\u00f5es do estado.<\/p>\n<p><strong>Temperaturas<\/strong><\/p>\n<p>As m\u00ednimas variam entre 8 e 11\u00b0C na maior parte das regi\u00f5es. No Litoral, oscilam entre 10 e 13\u00b0C, enquanto nas \u00e1reas serranas ficam ainda mais baixas, com m\u00ednimas variando entre 4 e 7\u00b0C. \u00c0 tarde, com a presen\u00e7a do sol, os term\u00f4metros sobem e as m\u00e1ximas ficam pr\u00f3ximas dos 27\u00b0C no Oeste e em torno de 20\u00b0C nas demais regi\u00f5es.<\/p>\n<p><img fetchpriority=\"high\" decoding=\"async\" class=\"aligncenter size-full wp-image-27030\" src=\"http:\/\/sulsc.com\/wp-content\/uploads\/2025\/09\/image-88-1024x700-1.png\" alt=\"\" width=\"1024\" height=\"700\" srcset=\"https:\/\/sulsc.com\/wp-content\/uploads\/2025\/09\/image-88-1024x700-1.png 1024w, https:\/\/sulsc.com\/wp-content\/uploads\/2025\/09\/image-88-1024x700-1-300x205.png 300w, https:\/\/sulsc.com\/wp-content\/uploads\/2025\/09\/image-88-1024x700-1-768x525.png 768w\" sizes=\"(max-width: 1024px) 100vw, 1024px\" \/><\/p>\n<p><img decoding=\"async\" class=\"aligncenter size-full wp-image-22836\" src=\"http:\/\/sulsc.com\/wp-content\/uploads\/2025\/04\/Tempo-2.png\" alt=\"\" width=\"1024\" height=\"189\" srcset=\"https:\/\/sulsc.com\/wp-content\/uploads\/2025\/04\/Tempo-2.png 1024w, https:\/\/sulsc.com\/wp-content\/uploads\/2025\/04\/Tempo-2-300x55.png 300w, https:\/\/sulsc.com\/wp-content\/uploads\/2025\/04\/Tempo-2-768x142.png 768w\" sizes=\"(max-width: 1024px) 100vw, 1024px\" \/><\/p>\n<p><strong>Ventos:<\/strong> sul\/sudeste a nordeste, fraco a moderado.<\/p>\n<p><strong>Sistema predominante:<\/strong> massa de ar frio e seco no Sul do Brasil.<\/p>\n<div id=\"metaslider-id-25573\" style=\"width: 100%;\" class=\"ml-slider-3-99-0 metaslider metaslider-flex metaslider-25573 ml-slider has-onhover-arrows ms-theme-default-base has-dots-nav\" role=\"region\" aria-label=\"Meio\" data-width=\"1200\">\n    <div id=\"metaslider_container_25573\">\n        <div id=\"metaslider_25573\">\n            <ul class='slides'>\n                <li style=\"display: block; width: 100%;\" class=\"slide-25684 ms-image \" aria-roledescription=\"slide\" data-date=\"2025-07-24 07:55:40\"><img src=\"https:\/\/sulsc.com\/wp-content\/uploads\/2025\/07\/Marr-2-1000x166.jpg\" height=\"200\" width=\"1200\" alt=\"\" class=\"slider-25573 slide-25684 msDefaultImage\" title=\"Marr 2\" \/><\/li>\n                <li style=\"display: none; width: 100%;\" class=\"slide-32412 ms-image \" aria-roledescription=\"slide\" data-date=\"2026-02-18 13:59:46\"><img src=\"https:\/\/sulsc.com\/wp-content\/uploads\/2026\/02\/40dc1580-cad5-4867-bc58-c4243821ad38-1000x166.jpeg\" height=\"200\" width=\"1200\" alt=\"\" class=\"slider-25573 slide-32412 msDefaultImage\" title=\"40dc1580-cad5-4867-bc58-c4243821ad38\" \/><\/li>\n                <li style=\"display: none; width: 100%;\" class=\"slide-32766 ms-image \" aria-roledescription=\"slide\" data-date=\"2026-03-03 17:22:59\"><img src=\"https:\/\/sulsc.com\/wp-content\/uploads\/2026\/03\/271ce739-f268-41c5-8051-3de1a1750359-1000x166.jpeg\" height=\"200\" width=\"1200\" alt=\"\" class=\"slider-25573 slide-32766 msDefaultImage\" title=\"271ce739-f268-41c5-8051-3de1a1750359\" \/><\/li>\n            <\/ul>\n        <\/div>\n        \n    <\/div>\n<\/div>\n<p><strong>Amanh\u00e3 s\u00e1bado (13),<\/strong> a circula\u00e7\u00e3o mar\u00edtima volta a deixar o tempo inst\u00e1vel dos Planaltos ao Litoral de SC. Nessas \u00e1reas, o dia ser\u00e1 marcado por varia\u00e7\u00e3o de nebulosidade e condi\u00e7\u00f5es para chuviscos\/chuva fraca e isolada, especialmente no final do dia. J\u00e1 no Grande Oeste catarinense, o dia segue firme e com predom\u00ednio de sol. As temperatura ficam mais amena em torno de 20 a 22\u00b0C do Planalto ao Litoral e mais elevada de 24 a 28\u00b0C no oeste.<\/p>\n<p>Fonte: Defesa Civil-SC\/Epagri-Ciram<\/p>\n","protected":false},"excerpt":{"rendered":"<p>Esta sexta-feira (12), ser\u00e1 mais um dia marcado por tempo firme e ensolarado em Santa Catarina, devido a atua\u00e7\u00e3o da massa de ar seco. O amanhecer ser\u00e1 frio em todas as regi\u00f5es do estado. Temperaturas As m\u00ednimas variam entre 8 e 11\u00b0C na maior parte das regi\u00f5es. No Litoral, oscilam entre 10 e 13\u00b0C, enquanto &hellip;<\/p>\n<p class=\"read-more\"> <a class=\"\" href=\"https:\/\/sulsc.com\/index.php\/2025\/09\/12\/dia-ensolarado-com-maximas-passando-dos-25c-nesta-sexta-feira-12\/\"> <span class=\"screen-reader-text\">Dia ensolarado com m\u00e1ximas passando dos 25\u00b0C nesta sexta-feira (12)<\/span> Read More &raquo;<\/a><\/p>\n","protected":false},"author":3,"featured_media":25856,"comment_status":"open","ping_status":"open","sticky":false,"template":"","format":"standard","meta":{"site-sidebar-layout":"default","site-content-layout":"","ast-site-content-layout":"default","site-content-style":"default","site-sidebar-style":"default","ast-global-header-display":"","ast-banner-title-visibility":"","ast-main-header-display":"","ast-hfb-above-header-display":"","ast-hfb-below-header-display":"","ast-hfb-mobile-header-display":"","site-post-title":"","ast-breadcrumbs-content":"","ast-featured-img":"","footer-sml-layout":"","theme-transparent-header-meta":"default","adv-header-id-meta":"","stick-header-meta":"","header-above-stick-meta":"","header-main-stick-meta":"","header-below-stick-meta":"","astra-migrate-meta-layouts":"set","footnotes":""},"categories":[14,38,12],"tags":[90],"yoast_head":"<!-- This site is optimized with the Yoast SEO plugin v21.4 - https:\/\/yoast.com\/wordpress\/plugins\/seo\/ -->\n<title>Dia ensolarado com m\u00e1ximas passando dos 25\u00b0C nesta sexta-feira (12) -<\/title>\n<meta name=\"robots\" content=\"index, follow, max-snippet:-1, max-image-preview:large, max-video-preview:-1\" \/>\n<link rel=\"canonical\" href=\"https:\/\/sulsc.com\/index.php\/2025\/09\/12\/dia-ensolarado-com-maximas-passando-dos-25c-nesta-sexta-feira-12\/\" \/>\n<meta property=\"og:locale\" content=\"en_US\" \/>\n<meta property=\"og:type\" content=\"article\" \/>\n<meta property=\"og:title\" content=\"Dia ensolarado com m\u00e1ximas passando dos 25\u00b0C nesta sexta-feira (12) -\" \/>\n<meta property=\"og:description\" content=\"Esta sexta-feira (12), ser\u00e1 mais um dia marcado por tempo firme e ensolarado em Santa Catarina, devido a atua\u00e7\u00e3o da massa de ar seco. O amanhecer ser\u00e1 frio em todas as regi\u00f5es do estado. Temperaturas As m\u00ednimas variam entre 8 e 11\u00b0C na maior parte das regi\u00f5es. No Litoral, oscilam entre 10 e 13\u00b0C, enquanto &hellip; Dia ensolarado com m\u00e1ximas passando dos 25\u00b0C nesta sexta-feira (12) Read More &raquo;\" \/>\n<meta property=\"og:url\" content=\"https:\/\/sulsc.com\/index.php\/2025\/09\/12\/dia-ensolarado-com-maximas-passando-dos-25c-nesta-sexta-feira-12\/\" \/>\n<meta property=\"article:author\" content=\"https:\/\/www.facebook.com\/profile.php?id=61559278119680\" \/>\n<meta property=\"article:published_time\" content=\"2025-09-12T10:46:24+00:00\" \/>\n<meta property=\"og:image\" content=\"http:\/\/sulsc.com\/wp-content\/uploads\/2025\/07\/a-57-e1753961232286.jpg\" \/>\n\t<meta property=\"og:image:width\" content=\"701\" \/>\n\t<meta property=\"og:image:height\" content=\"957\" \/>\n\t<meta property=\"og:image:type\" content=\"image\/jpeg\" \/>\n<meta name=\"author\" content=\"Reda\u00e7\u00e3o Sul SC\" \/>\n<meta name=\"twitter:card\" content=\"summary_large_image\" \/>\n<meta name=\"twitter:creator\" content=\"@https:\/\/twitter.com\/PortalSulSC\" \/>\n<meta name=\"twitter:label1\" content=\"Written by\" \/>\n\t<meta name=\"twitter:data1\" content=\"Reda\u00e7\u00e3o Sul SC\" \/>\n\t<meta name=\"twitter:label2\" content=\"Est. reading time\" \/>\n\t<meta name=\"twitter:data2\" content=\"2 minutes\" \/>\n<script type=\"application\/ld+json\" class=\"yoast-schema-graph\">{\"@context\":\"https:\/\/schema.org\",\"@graph\":[{\"@type\":\"WebPage\",\"@id\":\"https:\/\/sulsc.com\/index.php\/2025\/09\/12\/dia-ensolarado-com-maximas-passando-dos-25c-nesta-sexta-feira-12\/\",\"url\":\"https:\/\/sulsc.com\/index.php\/2025\/09\/12\/dia-ensolarado-com-maximas-passando-dos-25c-nesta-sexta-feira-12\/\",\"name\":\"Dia ensolarado com m\u00e1ximas passando dos 25\u00b0C nesta sexta-feira (12) -\",\"isPartOf\":{\"@id\":\"https:\/\/sulsc.com\/#website\"},\"datePublished\":\"2025-09-12T10:46:24+00:00\",\"dateModified\":\"2025-09-12T10:46:24+00:00\",\"author\":{\"@id\":\"https:\/\/sulsc.com\/#\/schema\/person\/84d2fc571684f6248ba83092f07750a3\"},\"breadcrumb\":{\"@id\":\"https:\/\/sulsc.com\/index.php\/2025\/09\/12\/dia-ensolarado-com-maximas-passando-dos-25c-nesta-sexta-feira-12\/#breadcrumb\"},\"inLanguage\":\"en-US\",\"potentialAction\":[{\"@type\":\"ReadAction\",\"target\":[\"https:\/\/sulsc.com\/index.php\/2025\/09\/12\/dia-ensolarado-com-maximas-passando-dos-25c-nesta-sexta-feira-12\/\"]}]},{\"@type\":\"BreadcrumbList\",\"@id\":\"https:\/\/sulsc.com\/index.php\/2025\/09\/12\/dia-ensolarado-com-maximas-passando-dos-25c-nesta-sexta-feira-12\/#breadcrumb\",\"itemListElement\":[{\"@type\":\"ListItem\",\"position\":1,\"name\":\"In\u00edcio\",\"item\":\"https:\/\/sulsc.com\/\"},{\"@type\":\"ListItem\",\"position\":2,\"name\":\"Dia ensolarado com m\u00e1ximas passando dos 25\u00b0C nesta sexta-feira (12)\"}]},{\"@type\":\"WebSite\",\"@id\":\"https:\/\/sulsc.com\/#website\",\"url\":\"https:\/\/sulsc.com\/\",\"name\":\"\",\"description\":\"\",\"potentialAction\":[{\"@type\":\"SearchAction\",\"target\":{\"@type\":\"EntryPoint\",\"urlTemplate\":\"https:\/\/sulsc.com\/?s={search_term_string}\"},\"query-input\":\"required name=search_term_string\"}],\"inLanguage\":\"en-US\"},{\"@type\":\"Person\",\"@id\":\"https:\/\/sulsc.com\/#\/schema\/person\/84d2fc571684f6248ba83092f07750a3\",\"name\":\"Reda\u00e7\u00e3o Sul SC\",\"image\":{\"@type\":\"ImageObject\",\"inLanguage\":\"en-US\",\"@id\":\"https:\/\/sulsc.com\/#\/schema\/person\/image\/e08d7fe2cc4ed596372063bbe852b8d0\",\"url\":\"https:\/\/sulsc.com\/wp-content\/uploads\/2023\/09\/redacao.png\",\"contentUrl\":\"https:\/\/sulsc.com\/wp-content\/uploads\/2023\/09\/redacao.png\",\"caption\":\"Reda\u00e7\u00e3o Sul SC\"},\"description\":\"Foco em um jornalismo imparcial, voltado \u00e0 qualidade dos seus conte\u00fados e, assim, levar informa\u00e7\u00e3o de valor que agregue \u00e0 vida dos leitores. Esta \u00e9 grande miss\u00e3o do Portal de Not\u00edcias Sul SC. N\u00e3o \u00e9 quantidade que muda o mundo, sempre foi e seguir\u00e1 sendo qualidade!\",\"sameAs\":[\"https:\/\/sulsc.com\/\",\"https:\/\/www.facebook.com\/profile.php?id=61559278119680\",\"https:\/\/www.instagram.com\/sulscportal\/?hl=pt-br\",\"https:\/\/twitter.com\/https:\/\/twitter.com\/PortalSulSC\",\"https:\/\/www.youtube.com\/channel\/UCv_BE8GeySluDov2n8qhVmw\"],\"url\":\"https:\/\/sulsc.com\/index.php\/author\/redacao\/\"}]}<\/script>\n<!-- \/ Yoast SEO plugin. -->","yoast_head_json":{"title":"Dia ensolarado com m\u00e1ximas passando dos 25\u00b0C nesta sexta-feira (12) -","robots":{"index":"index","follow":"follow","max-snippet":"max-snippet:-1","max-image-preview":"max-image-preview:large","max-video-preview":"max-video-preview:-1"},"canonical":"https:\/\/sulsc.com\/index.php\/2025\/09\/12\/dia-ensolarado-com-maximas-passando-dos-25c-nesta-sexta-feira-12\/","og_locale":"en_US","og_type":"article","og_title":"Dia ensolarado com m\u00e1ximas passando dos 25\u00b0C nesta sexta-feira (12) -","og_description":"Esta sexta-feira (12), ser\u00e1 mais um dia marcado por tempo firme e ensolarado em Santa Catarina, devido a atua\u00e7\u00e3o da massa de ar seco. O amanhecer ser\u00e1 frio em todas as regi\u00f5es do estado. Temperaturas As m\u00ednimas variam entre 8 e 11\u00b0C na maior parte das regi\u00f5es. No Litoral, oscilam entre 10 e 13\u00b0C, enquanto &hellip; Dia ensolarado com m\u00e1ximas passando dos 25\u00b0C nesta sexta-feira (12) Read More &raquo;","og_url":"https:\/\/sulsc.com\/index.php\/2025\/09\/12\/dia-ensolarado-com-maximas-passando-dos-25c-nesta-sexta-feira-12\/","article_author":"https:\/\/www.facebook.com\/profile.php?id=61559278119680","article_published_time":"2025-09-12T10:46:24+00:00","og_image":[{"width":701,"height":957,"url":"http:\/\/sulsc.com\/wp-content\/uploads\/2025\/07\/a-57-e1753961232286.jpg","type":"image\/jpeg"}],"author":"Reda\u00e7\u00e3o Sul SC","twitter_card":"summary_large_image","twitter_creator":"@https:\/\/twitter.com\/PortalSulSC","twitter_misc":{"Written by":"Reda\u00e7\u00e3o Sul SC","Est. reading time":"2 minutes"},"schema":{"@context":"https:\/\/schema.org","@graph":[{"@type":"WebPage","@id":"https:\/\/sulsc.com\/index.php\/2025\/09\/12\/dia-ensolarado-com-maximas-passando-dos-25c-nesta-sexta-feira-12\/","url":"https:\/\/sulsc.com\/index.php\/2025\/09\/12\/dia-ensolarado-com-maximas-passando-dos-25c-nesta-sexta-feira-12\/","name":"Dia ensolarado com m\u00e1ximas passando dos 25\u00b0C nesta sexta-feira (12) -","isPartOf":{"@id":"https:\/\/sulsc.com\/#website"},"datePublished":"2025-09-12T10:46:24+00:00","dateModified":"2025-09-12T10:46:24+00:00","author":{"@id":"https:\/\/sulsc.com\/#\/schema\/person\/84d2fc571684f6248ba83092f07750a3"},"breadcrumb":{"@id":"https:\/\/sulsc.com\/index.php\/2025\/09\/12\/dia-ensolarado-com-maximas-passando-dos-25c-nesta-sexta-feira-12\/#breadcrumb"},"inLanguage":"en-US","potentialAction":[{"@type":"ReadAction","target":["https:\/\/sulsc.com\/index.php\/2025\/09\/12\/dia-ensolarado-com-maximas-passando-dos-25c-nesta-sexta-feira-12\/"]}]},{"@type":"BreadcrumbList","@id":"https:\/\/sulsc.com\/index.php\/2025\/09\/12\/dia-ensolarado-com-maximas-passando-dos-25c-nesta-sexta-feira-12\/#breadcrumb","itemListElement":[{"@type":"ListItem","position":1,"name":"In\u00edcio","item":"https:\/\/sulsc.com\/"},{"@type":"ListItem","position":2,"name":"Dia ensolarado com m\u00e1ximas passando dos 25\u00b0C nesta sexta-feira (12)"}]},{"@type":"WebSite","@id":"https:\/\/sulsc.com\/#website","url":"https:\/\/sulsc.com\/","name":"","description":"","potentialAction":[{"@type":"SearchAction","target":{"@type":"EntryPoint","urlTemplate":"https:\/\/sulsc.com\/?s={search_term_string}"},"query-input":"required name=search_term_string"}],"inLanguage":"en-US"},{"@type":"Person","@id":"https:\/\/sulsc.com\/#\/schema\/person\/84d2fc571684f6248ba83092f07750a3","name":"Reda\u00e7\u00e3o Sul SC","image":{"@type":"ImageObject","inLanguage":"en-US","@id":"https:\/\/sulsc.com\/#\/schema\/person\/image\/e08d7fe2cc4ed596372063bbe852b8d0","url":"https:\/\/sulsc.com\/wp-content\/uploads\/2023\/09\/redacao.png","contentUrl":"https:\/\/sulsc.com\/wp-content\/uploads\/2023\/09\/redacao.png","caption":"Reda\u00e7\u00e3o Sul SC"},"description":"Foco em um jornalismo imparcial, voltado \u00e0 qualidade dos seus conte\u00fados e, assim, levar informa\u00e7\u00e3o de valor que agregue \u00e0 vida dos leitores. Esta \u00e9 grande miss\u00e3o do Portal de Not\u00edcias Sul SC. N\u00e3o \u00e9 quantidade que muda o mundo, sempre foi e seguir\u00e1 sendo qualidade!","sameAs":["https:\/\/sulsc.com\/","https:\/\/www.facebook.com\/profile.php?id=61559278119680","https:\/\/www.instagram.com\/sulscportal\/?hl=pt-br","https:\/\/twitter.com\/https:\/\/twitter.com\/PortalSulSC","https:\/\/www.youtube.com\/channel\/UCv_BE8GeySluDov2n8qhVmw"],"url":"https:\/\/sulsc.com\/index.php\/author\/redacao\/"}]}},"authors":[],"_links":{"self":[{"href":"https:\/\/sulsc.com\/index.php\/wp-json\/wp\/v2\/posts\/27029"}],"collection":[{"href":"https:\/\/sulsc.com\/index.php\/wp-json\/wp\/v2\/posts"}],"about":[{"href":"https:\/\/sulsc.com\/index.php\/wp-json\/wp\/v2\/types\/post"}],"author":[{"embeddable":true,"href":"https:\/\/sulsc.com\/index.php\/wp-json\/wp\/v2\/users\/3"}],"replies":[{"embeddable":true,"href":"https:\/\/sulsc.com\/index.php\/wp-json\/wp\/v2\/comments?post=27029"}],"version-history":[{"count":1,"href":"https:\/\/sulsc.com\/index.php\/wp-json\/wp\/v2\/posts\/27029\/revisions"}],"predecessor-version":[{"id":27031,"href":"https:\/\/sulsc.com\/index.php\/wp-json\/wp\/v2\/posts\/27029\/revisions\/27031"}],"wp:featuredmedia":[{"embeddable":true,"href":"https:\/\/sulsc.com\/index.php\/wp-json\/wp\/v2\/media\/25856"}],"wp:attachment":[{"href":"https:\/\/sulsc.com\/index.php\/wp-json\/wp\/v2\/media?parent=27029"}],"wp:term":[{"taxonomy":"category","embeddable":true,"href":"https:\/\/sulsc.com\/index.php\/wp-json\/wp\/v2\/categories?post=27029"},{"taxonomy":"post_tag","embeddable":true,"href":"https:\/\/sulsc.com\/index.php\/wp-json\/wp\/v2\/tags?post=27029"}],"curies":[{"name":"wp","href":"https:\/\/api.w.org\/{rel}","templated":true}]}}