{"id":2709,"date":"2023-10-23T11:20:34","date_gmt":"2023-10-23T14:20:34","guid":{"rendered":"https:\/\/sulsc.com\/?p=2709"},"modified":"2023-10-23T10:19:28","modified_gmt":"2023-10-23T13:19:28","slug":"aeromedico-do-samu-realiza-maior-distancia-acionada-pelo-servico-em-sua-historia","status":"publish","type":"post","link":"https:\/\/sulsc.com\/index.php\/2023\/10\/23\/aeromedico-do-samu-realiza-maior-distancia-acionada-pelo-servico-em-sua-historia\/","title":{"rendered":"Aerom\u00e9dico do Samu realiza maior dist\u00e2ncia acionada pelo servi\u00e7o em sua hist\u00f3ria"},"content":{"rendered":"<p>A Secretaria de Estado da Sa\u00fade de Santa Catarina, por meio do transporte aerom\u00e9dico do Servi\u00e7o de Atendimento M\u00f3vel de Urg\u00eancia (Samu), com a colabora\u00e7\u00e3o do Batalh\u00e3o de Opera\u00e7\u00f5es A\u00e9reas do Corpo de Bombeiros, realizou a miss\u00e3o de repatriamento mais extensa de sua hist\u00f3ria.<\/p>\n<p>No per\u00edodo de 19 a 20 de outubro, a equipe percorreu a dist\u00e2ncia de cerca de 8 mil quil\u00f4metros para buscar um paciente catarinense de 50 anos que estava hospitalizado em Senador Jos\u00e9 Porf\u00edrio, no Par\u00e1. O paciente havia sofrido um traumatismo cranioencef\u00e1lico ap\u00f3s uma queda e recebeu os cuidados necess\u00e1rios na cidade.<\/p>\n<p>Depois de apresentar quadro est\u00e1vel e condi\u00e7\u00f5es adequadas para o transporte, ele foi repatriado e levado para o Hospital de Joa\u00e7aba, em Santa Catarina.<\/p>\n<p>\u201cEste tipo de servi\u00e7o al\u00e9m de proporcionar um retorno \u00e1gil do paciente ao Estado de origem, favorece e facilita o v\u00ednculo com seus familiares, fator de grande import\u00e2ncia para uma boa recupera\u00e7\u00e3o\u201d, considera o diretor do Atendimento Pr\u00e9-Hospitalar M\u00f3vel, Dion\u00edsio Medeiros.<\/p>\n<p><img fetchpriority=\"high\" decoding=\"async\" class=\"alignnone size-full wp-image-2710\" src=\"http:\/\/sulsc.com\/wp-content\/uploads\/2023\/10\/samu-aeromedico-2.jpeg\" alt=\"\" width=\"720\" height=\"920\" srcset=\"https:\/\/sulsc.com\/wp-content\/uploads\/2023\/10\/samu-aeromedico-2.jpeg 720w, https:\/\/sulsc.com\/wp-content\/uploads\/2023\/10\/samu-aeromedico-2-235x300.jpeg 235w\" sizes=\"(max-width: 720px) 100vw, 720px\" \/><\/p>\n<p>Fonte: Gov. SC<\/p>\n","protected":false},"excerpt":{"rendered":"<p>A Secretaria de Estado da Sa\u00fade de Santa Catarina, por meio do transporte aerom\u00e9dico do Servi\u00e7o de Atendimento M\u00f3vel de Urg\u00eancia (Samu), com a colabora\u00e7\u00e3o do Batalh\u00e3o de Opera\u00e7\u00f5es A\u00e9reas do Corpo de Bombeiros, realizou a miss\u00e3o de repatriamento mais extensa de sua hist\u00f3ria. No per\u00edodo de 19 a 20 de outubro, a equipe percorreu &hellip;<\/p>\n<p class=\"read-more\"> <a class=\"\" href=\"https:\/\/sulsc.com\/index.php\/2023\/10\/23\/aeromedico-do-samu-realiza-maior-distancia-acionada-pelo-servico-em-sua-historia\/\"> <span class=\"screen-reader-text\">Aerom\u00e9dico do Samu realiza maior dist\u00e2ncia acionada pelo servi\u00e7o em sua hist\u00f3ria<\/span> Read More &raquo;<\/a><\/p>\n","protected":false},"author":3,"featured_media":2710,"comment_status":"open","ping_status":"open","sticky":false,"template":"","format":"standard","meta":{"site-sidebar-layout":"default","site-content-layout":"","ast-site-content-layout":"default","site-content-style":"default","site-sidebar-style":"default","ast-global-header-display":"","ast-banner-title-visibility":"","ast-main-header-display":"","ast-hfb-above-header-display":"","ast-hfb-below-header-display":"","ast-hfb-mobile-header-display":"","site-post-title":"","ast-breadcrumbs-content":"","ast-featured-img":"","footer-sml-layout":"","theme-transparent-header-meta":"default","adv-header-id-meta":"","stick-header-meta":"","header-above-stick-meta":"","header-main-stick-meta":"","header-below-stick-meta":"","astra-migrate-meta-layouts":"set","footnotes":""},"categories":[1,8],"tags":[],"yoast_head":"<!-- This site is optimized with the Yoast SEO plugin v21.4 - https:\/\/yoast.com\/wordpress\/plugins\/seo\/ -->\n<title>Aerom\u00e9dico do Samu realiza maior dist\u00e2ncia acionada pelo servi\u00e7o em sua hist\u00f3ria -<\/title>\n<meta name=\"robots\" content=\"index, follow, max-snippet:-1, max-image-preview:large, max-video-preview:-1\" \/>\n<link rel=\"canonical\" href=\"https:\/\/sulsc.com\/index.php\/2023\/10\/23\/aeromedico-do-samu-realiza-maior-distancia-acionada-pelo-servico-em-sua-historia\/\" \/>\n<meta property=\"og:locale\" content=\"en_US\" \/>\n<meta property=\"og:type\" content=\"article\" \/>\n<meta property=\"og:title\" content=\"Aerom\u00e9dico do Samu realiza maior dist\u00e2ncia acionada pelo servi\u00e7o em sua hist\u00f3ria -\" \/>\n<meta property=\"og:description\" content=\"A Secretaria de Estado da Sa\u00fade de Santa Catarina, por meio do transporte aerom\u00e9dico do Servi\u00e7o de Atendimento M\u00f3vel de Urg\u00eancia (Samu), com a colabora\u00e7\u00e3o do Batalh\u00e3o de Opera\u00e7\u00f5es A\u00e9reas do Corpo de Bombeiros, realizou a miss\u00e3o de repatriamento mais extensa de sua hist\u00f3ria. No per\u00edodo de 19 a 20 de outubro, a equipe percorreu &hellip; Aerom\u00e9dico do Samu realiza maior dist\u00e2ncia acionada pelo servi\u00e7o em sua hist\u00f3ria Read More &raquo;\" \/>\n<meta property=\"og:url\" content=\"https:\/\/sulsc.com\/index.php\/2023\/10\/23\/aeromedico-do-samu-realiza-maior-distancia-acionada-pelo-servico-em-sua-historia\/\" \/>\n<meta property=\"article:author\" content=\"https:\/\/www.facebook.com\/profile.php?id=61559278119680\" \/>\n<meta property=\"article:published_time\" content=\"2023-10-23T14:20:34+00:00\" \/>\n<meta property=\"article:modified_time\" content=\"2023-10-23T13:19:28+00:00\" \/>\n<meta property=\"og:image\" content=\"https:\/\/sulsc.com\/wp-content\/uploads\/2023\/10\/samu-aeromedico-2.jpeg\" \/>\n\t<meta property=\"og:image:width\" content=\"720\" \/>\n\t<meta property=\"og:image:height\" content=\"920\" \/>\n\t<meta property=\"og:image:type\" content=\"image\/jpeg\" \/>\n<meta name=\"author\" content=\"Reda\u00e7\u00e3o Sul SC\" \/>\n<meta name=\"twitter:card\" content=\"summary_large_image\" \/>\n<meta name=\"twitter:creator\" content=\"@https:\/\/twitter.com\/PortalSulSC\" \/>\n<meta name=\"twitter:label1\" content=\"Written by\" \/>\n\t<meta name=\"twitter:data1\" content=\"Reda\u00e7\u00e3o Sul SC\" \/>\n\t<meta name=\"twitter:label2\" content=\"Est. reading time\" \/>\n\t<meta name=\"twitter:data2\" content=\"2 minutes\" \/>\n<script type=\"application\/ld+json\" class=\"yoast-schema-graph\">{\"@context\":\"https:\/\/schema.org\",\"@graph\":[{\"@type\":\"WebPage\",\"@id\":\"https:\/\/sulsc.com\/index.php\/2023\/10\/23\/aeromedico-do-samu-realiza-maior-distancia-acionada-pelo-servico-em-sua-historia\/\",\"url\":\"https:\/\/sulsc.com\/index.php\/2023\/10\/23\/aeromedico-do-samu-realiza-maior-distancia-acionada-pelo-servico-em-sua-historia\/\",\"name\":\"Aerom\u00e9dico do Samu realiza maior dist\u00e2ncia acionada pelo servi\u00e7o em sua hist\u00f3ria -\",\"isPartOf\":{\"@id\":\"https:\/\/sulsc.com\/#website\"},\"datePublished\":\"2023-10-23T14:20:34+00:00\",\"dateModified\":\"2023-10-23T13:19:28+00:00\",\"author\":{\"@id\":\"https:\/\/sulsc.com\/#\/schema\/person\/84d2fc571684f6248ba83092f07750a3\"},\"breadcrumb\":{\"@id\":\"https:\/\/sulsc.com\/index.php\/2023\/10\/23\/aeromedico-do-samu-realiza-maior-distancia-acionada-pelo-servico-em-sua-historia\/#breadcrumb\"},\"inLanguage\":\"en-US\",\"potentialAction\":[{\"@type\":\"ReadAction\",\"target\":[\"https:\/\/sulsc.com\/index.php\/2023\/10\/23\/aeromedico-do-samu-realiza-maior-distancia-acionada-pelo-servico-em-sua-historia\/\"]}]},{\"@type\":\"BreadcrumbList\",\"@id\":\"https:\/\/sulsc.com\/index.php\/2023\/10\/23\/aeromedico-do-samu-realiza-maior-distancia-acionada-pelo-servico-em-sua-historia\/#breadcrumb\",\"itemListElement\":[{\"@type\":\"ListItem\",\"position\":1,\"name\":\"In\u00edcio\",\"item\":\"https:\/\/sulsc.com\/\"},{\"@type\":\"ListItem\",\"position\":2,\"name\":\"Aerom\u00e9dico do Samu realiza maior dist\u00e2ncia acionada pelo servi\u00e7o em sua hist\u00f3ria\"}]},{\"@type\":\"WebSite\",\"@id\":\"https:\/\/sulsc.com\/#website\",\"url\":\"https:\/\/sulsc.com\/\",\"name\":\"\",\"description\":\"\",\"potentialAction\":[{\"@type\":\"SearchAction\",\"target\":{\"@type\":\"EntryPoint\",\"urlTemplate\":\"https:\/\/sulsc.com\/?s={search_term_string}\"},\"query-input\":\"required name=search_term_string\"}],\"inLanguage\":\"en-US\"},{\"@type\":\"Person\",\"@id\":\"https:\/\/sulsc.com\/#\/schema\/person\/84d2fc571684f6248ba83092f07750a3\",\"name\":\"Reda\u00e7\u00e3o Sul SC\",\"image\":{\"@type\":\"ImageObject\",\"inLanguage\":\"en-US\",\"@id\":\"https:\/\/sulsc.com\/#\/schema\/person\/image\/e08d7fe2cc4ed596372063bbe852b8d0\",\"url\":\"https:\/\/sulsc.com\/wp-content\/uploads\/2023\/09\/redacao.png\",\"contentUrl\":\"https:\/\/sulsc.com\/wp-content\/uploads\/2023\/09\/redacao.png\",\"caption\":\"Reda\u00e7\u00e3o Sul SC\"},\"description\":\"Foco em um jornalismo imparcial, voltado \u00e0 qualidade dos seus conte\u00fados e, assim, levar informa\u00e7\u00e3o de valor que agregue \u00e0 vida dos leitores. Esta \u00e9 grande miss\u00e3o do Portal de Not\u00edcias Sul SC. N\u00e3o \u00e9 quantidade que muda o mundo, sempre foi e seguir\u00e1 sendo qualidade!\",\"sameAs\":[\"https:\/\/sulsc.com\/\",\"https:\/\/www.facebook.com\/profile.php?id=61559278119680\",\"https:\/\/www.instagram.com\/sulscportal\/?hl=pt-br\",\"https:\/\/twitter.com\/https:\/\/twitter.com\/PortalSulSC\",\"https:\/\/www.youtube.com\/channel\/UCv_BE8GeySluDov2n8qhVmw\"],\"url\":\"https:\/\/sulsc.com\/index.php\/author\/redacao\/\"}]}<\/script>\n<!-- \/ Yoast SEO plugin. -->","yoast_head_json":{"title":"Aerom\u00e9dico do Samu realiza maior dist\u00e2ncia acionada pelo servi\u00e7o em sua hist\u00f3ria -","robots":{"index":"index","follow":"follow","max-snippet":"max-snippet:-1","max-image-preview":"max-image-preview:large","max-video-preview":"max-video-preview:-1"},"canonical":"https:\/\/sulsc.com\/index.php\/2023\/10\/23\/aeromedico-do-samu-realiza-maior-distancia-acionada-pelo-servico-em-sua-historia\/","og_locale":"en_US","og_type":"article","og_title":"Aerom\u00e9dico do Samu realiza maior dist\u00e2ncia acionada pelo servi\u00e7o em sua hist\u00f3ria -","og_description":"A Secretaria de Estado da Sa\u00fade de Santa Catarina, por meio do transporte aerom\u00e9dico do Servi\u00e7o de Atendimento M\u00f3vel de Urg\u00eancia (Samu), com a colabora\u00e7\u00e3o do Batalh\u00e3o de Opera\u00e7\u00f5es A\u00e9reas do Corpo de Bombeiros, realizou a miss\u00e3o de repatriamento mais extensa de sua hist\u00f3ria. No per\u00edodo de 19 a 20 de outubro, a equipe percorreu &hellip; Aerom\u00e9dico do Samu realiza maior dist\u00e2ncia acionada pelo servi\u00e7o em sua hist\u00f3ria Read More &raquo;","og_url":"https:\/\/sulsc.com\/index.php\/2023\/10\/23\/aeromedico-do-samu-realiza-maior-distancia-acionada-pelo-servico-em-sua-historia\/","article_author":"https:\/\/www.facebook.com\/profile.php?id=61559278119680","article_published_time":"2023-10-23T14:20:34+00:00","article_modified_time":"2023-10-23T13:19:28+00:00","og_image":[{"width":720,"height":920,"url":"https:\/\/sulsc.com\/wp-content\/uploads\/2023\/10\/samu-aeromedico-2.jpeg","type":"image\/jpeg"}],"author":"Reda\u00e7\u00e3o Sul SC","twitter_card":"summary_large_image","twitter_creator":"@https:\/\/twitter.com\/PortalSulSC","twitter_misc":{"Written by":"Reda\u00e7\u00e3o Sul SC","Est. reading time":"2 minutes"},"schema":{"@context":"https:\/\/schema.org","@graph":[{"@type":"WebPage","@id":"https:\/\/sulsc.com\/index.php\/2023\/10\/23\/aeromedico-do-samu-realiza-maior-distancia-acionada-pelo-servico-em-sua-historia\/","url":"https:\/\/sulsc.com\/index.php\/2023\/10\/23\/aeromedico-do-samu-realiza-maior-distancia-acionada-pelo-servico-em-sua-historia\/","name":"Aerom\u00e9dico do Samu realiza maior dist\u00e2ncia acionada pelo servi\u00e7o em sua hist\u00f3ria -","isPartOf":{"@id":"https:\/\/sulsc.com\/#website"},"datePublished":"2023-10-23T14:20:34+00:00","dateModified":"2023-10-23T13:19:28+00:00","author":{"@id":"https:\/\/sulsc.com\/#\/schema\/person\/84d2fc571684f6248ba83092f07750a3"},"breadcrumb":{"@id":"https:\/\/sulsc.com\/index.php\/2023\/10\/23\/aeromedico-do-samu-realiza-maior-distancia-acionada-pelo-servico-em-sua-historia\/#breadcrumb"},"inLanguage":"en-US","potentialAction":[{"@type":"ReadAction","target":["https:\/\/sulsc.com\/index.php\/2023\/10\/23\/aeromedico-do-samu-realiza-maior-distancia-acionada-pelo-servico-em-sua-historia\/"]}]},{"@type":"BreadcrumbList","@id":"https:\/\/sulsc.com\/index.php\/2023\/10\/23\/aeromedico-do-samu-realiza-maior-distancia-acionada-pelo-servico-em-sua-historia\/#breadcrumb","itemListElement":[{"@type":"ListItem","position":1,"name":"In\u00edcio","item":"https:\/\/sulsc.com\/"},{"@type":"ListItem","position":2,"name":"Aerom\u00e9dico do Samu realiza maior dist\u00e2ncia acionada pelo servi\u00e7o em sua hist\u00f3ria"}]},{"@type":"WebSite","@id":"https:\/\/sulsc.com\/#website","url":"https:\/\/sulsc.com\/","name":"","description":"","potentialAction":[{"@type":"SearchAction","target":{"@type":"EntryPoint","urlTemplate":"https:\/\/sulsc.com\/?s={search_term_string}"},"query-input":"required name=search_term_string"}],"inLanguage":"en-US"},{"@type":"Person","@id":"https:\/\/sulsc.com\/#\/schema\/person\/84d2fc571684f6248ba83092f07750a3","name":"Reda\u00e7\u00e3o Sul SC","image":{"@type":"ImageObject","inLanguage":"en-US","@id":"https:\/\/sulsc.com\/#\/schema\/person\/image\/e08d7fe2cc4ed596372063bbe852b8d0","url":"https:\/\/sulsc.com\/wp-content\/uploads\/2023\/09\/redacao.png","contentUrl":"https:\/\/sulsc.com\/wp-content\/uploads\/2023\/09\/redacao.png","caption":"Reda\u00e7\u00e3o Sul SC"},"description":"Foco em um jornalismo imparcial, voltado \u00e0 qualidade dos seus conte\u00fados e, assim, levar informa\u00e7\u00e3o de valor que agregue \u00e0 vida dos leitores. Esta \u00e9 grande miss\u00e3o do Portal de Not\u00edcias Sul SC. N\u00e3o \u00e9 quantidade que muda o mundo, sempre foi e seguir\u00e1 sendo qualidade!","sameAs":["https:\/\/sulsc.com\/","https:\/\/www.facebook.com\/profile.php?id=61559278119680","https:\/\/www.instagram.com\/sulscportal\/?hl=pt-br","https:\/\/twitter.com\/https:\/\/twitter.com\/PortalSulSC","https:\/\/www.youtube.com\/channel\/UCv_BE8GeySluDov2n8qhVmw"],"url":"https:\/\/sulsc.com\/index.php\/author\/redacao\/"}]}},"authors":[],"_links":{"self":[{"href":"https:\/\/sulsc.com\/index.php\/wp-json\/wp\/v2\/posts\/2709"}],"collection":[{"href":"https:\/\/sulsc.com\/index.php\/wp-json\/wp\/v2\/posts"}],"about":[{"href":"https:\/\/sulsc.com\/index.php\/wp-json\/wp\/v2\/types\/post"}],"author":[{"embeddable":true,"href":"https:\/\/sulsc.com\/index.php\/wp-json\/wp\/v2\/users\/3"}],"replies":[{"embeddable":true,"href":"https:\/\/sulsc.com\/index.php\/wp-json\/wp\/v2\/comments?post=2709"}],"version-history":[{"count":1,"href":"https:\/\/sulsc.com\/index.php\/wp-json\/wp\/v2\/posts\/2709\/revisions"}],"predecessor-version":[{"id":2711,"href":"https:\/\/sulsc.com\/index.php\/wp-json\/wp\/v2\/posts\/2709\/revisions\/2711"}],"wp:featuredmedia":[{"embeddable":true,"href":"https:\/\/sulsc.com\/index.php\/wp-json\/wp\/v2\/media\/2710"}],"wp:attachment":[{"href":"https:\/\/sulsc.com\/index.php\/wp-json\/wp\/v2\/media?parent=2709"}],"wp:term":[{"taxonomy":"category","embeddable":true,"href":"https:\/\/sulsc.com\/index.php\/wp-json\/wp\/v2\/categories?post=2709"},{"taxonomy":"post_tag","embeddable":true,"href":"https:\/\/sulsc.com\/index.php\/wp-json\/wp\/v2\/tags?post=2709"}],"curies":[{"name":"wp","href":"https:\/\/api.w.org\/{rel}","templated":true}]}}