{"id":27124,"date":"2025-09-15T09:07:19","date_gmt":"2025-09-15T12:07:19","guid":{"rendered":"https:\/\/sulsc.com\/?p=27124"},"modified":"2025-09-15T09:07:19","modified_gmt":"2025-09-15T12:07:19","slug":"briga-em-frente-a-conveniencia-termina-com-jovem-baleada-em-balneario-arroio-do-silva","status":"publish","type":"post","link":"https:\/\/sulsc.com\/index.php\/2025\/09\/15\/briga-em-frente-a-conveniencia-termina-com-jovem-baleada-em-balneario-arroio-do-silva\/","title":{"rendered":"Briga em frente a conveni\u00eancia termina com jovem baleada em Balne\u00e1rio Arroio do Silva"},"content":{"rendered":"<p>O que era para ser um momento de divers\u00e3o terminou com uma jovem, de 18 anos, baleada, neste domingo (14), em Balne\u00e1rio Arroio do Silva. A v\u00edtima foi <span style=\"font-size: 16px;\">atingida por um disparo de arma de fogo.<\/span><\/p>\n<div id=\"metaslider-id-25573\" style=\"width: 100%;\" class=\"ml-slider-3-99-0 metaslider metaslider-flex metaslider-25573 ml-slider has-onhover-arrows ms-theme-default-base has-dots-nav\" role=\"region\" aria-label=\"Meio\" data-width=\"1200\">\n    <div id=\"metaslider_container_25573\">\n        <div id=\"metaslider_25573\">\n            <ul class='slides'>\n                <li style=\"display: block; width: 100%;\" class=\"slide-25684 ms-image \" aria-roledescription=\"slide\" data-date=\"2025-07-24 07:55:40\"><img src=\"https:\/\/sulsc.com\/wp-content\/uploads\/2025\/07\/Marr-2-1000x166.jpg\" height=\"200\" width=\"1200\" alt=\"\" class=\"slider-25573 slide-25684 msDefaultImage\" title=\"Marr 2\" \/><\/li>\n                <li style=\"display: none; width: 100%;\" class=\"slide-32412 ms-image \" aria-roledescription=\"slide\" data-date=\"2026-02-18 13:59:46\"><img src=\"https:\/\/sulsc.com\/wp-content\/uploads\/2026\/02\/40dc1580-cad5-4867-bc58-c4243821ad38-1000x166.jpeg\" height=\"200\" width=\"1200\" alt=\"\" class=\"slider-25573 slide-32412 msDefaultImage\" title=\"40dc1580-cad5-4867-bc58-c4243821ad38\" \/><\/li>\n                <li style=\"display: none; width: 100%;\" class=\"slide-32766 ms-image \" aria-roledescription=\"slide\" data-date=\"2026-03-03 17:22:59\"><img src=\"https:\/\/sulsc.com\/wp-content\/uploads\/2026\/03\/271ce739-f268-41c5-8051-3de1a1750359-1000x166.jpeg\" height=\"200\" width=\"1200\" alt=\"\" class=\"slider-25573 slide-32766 msDefaultImage\" title=\"271ce739-f268-41c5-8051-3de1a1750359\" \/><\/li>\n            <\/ul>\n        <\/div>\n        \n    <\/div>\n<\/div>\n<p><span style=\"font-size: 16px;\">Segundo a Pol\u00edcia Militar (PM) a mulher relatou que, durante uma briga de cinco pessoas em frente a uma conveni\u00eancia, um dos envolvidos efetuou um disparo, possivelmente com um rev\u00f3lver calibre .22. O tiro atingiu a perna esquerda da jovem.<\/span><\/p>\n<p>Ainda conforme a PM, ela afirmou que n\u00e3o conhece o autor nem os demais envolvidos. Um conhecido da mulher a conduziu de motocicleta at\u00e9 o Hospital Regional de Ararangu\u00e1 e um boletim de ocorr\u00eancia foi registrado.<\/p>\n<p><img fetchpriority=\"high\" decoding=\"async\" class=\"alignnone size-full wp-image-2963\" src=\"http:\/\/sulsc.com\/wp-content\/uploads\/2023\/10\/arma-de-fogo.jpg\" alt=\"\" width=\"626\" height=\"417\" srcset=\"https:\/\/sulsc.com\/wp-content\/uploads\/2023\/10\/arma-de-fogo.jpg 626w, https:\/\/sulsc.com\/wp-content\/uploads\/2023\/10\/arma-de-fogo-300x200.jpg 300w\" sizes=\"(max-width: 626px) 100vw, 626px\" \/><\/p>\n<p><em>Fonte: Engeplus<\/em><\/p>\n","protected":false},"excerpt":{"rendered":"<p>O que era para ser um momento de divers\u00e3o terminou com uma jovem, de 18 anos, baleada, neste domingo (14), em Balne\u00e1rio Arroio do Silva. A v\u00edtima foi atingida por um disparo de arma de fogo. Segundo a Pol\u00edcia Militar (PM) a mulher relatou que, durante uma briga de cinco pessoas em frente a uma &hellip;<\/p>\n<p class=\"read-more\"> <a class=\"\" href=\"https:\/\/sulsc.com\/index.php\/2025\/09\/15\/briga-em-frente-a-conveniencia-termina-com-jovem-baleada-em-balneario-arroio-do-silva\/\"> <span class=\"screen-reader-text\">Briga em frente a conveni\u00eancia termina com jovem baleada em Balne\u00e1rio Arroio do Silva<\/span> Read More &raquo;<\/a><\/p>\n","protected":false},"author":3,"featured_media":2963,"comment_status":"open","ping_status":"open","sticky":false,"template":"","format":"standard","meta":{"site-sidebar-layout":"default","site-content-layout":"","ast-site-content-layout":"default","site-content-style":"default","site-sidebar-style":"default","ast-global-header-display":"","ast-banner-title-visibility":"","ast-main-header-display":"","ast-hfb-above-header-display":"","ast-hfb-below-header-display":"","ast-hfb-mobile-header-display":"","site-post-title":"","ast-breadcrumbs-content":"","ast-featured-img":"","footer-sml-layout":"","theme-transparent-header-meta":"default","adv-header-id-meta":"","stick-header-meta":"","header-above-stick-meta":"","header-main-stick-meta":"","header-below-stick-meta":"","astra-migrate-meta-layouts":"set","footnotes":""},"categories":[24,8,12],"tags":[639,1408,91],"yoast_head":"<!-- This site is optimized with the Yoast SEO plugin v21.4 - https:\/\/yoast.com\/wordpress\/plugins\/seo\/ -->\n<title>Briga em frente a conveni\u00eancia termina com jovem baleada em Balne\u00e1rio Arroio do Silva -<\/title>\n<meta name=\"robots\" content=\"index, follow, max-snippet:-1, max-image-preview:large, max-video-preview:-1\" \/>\n<link rel=\"canonical\" href=\"https:\/\/sulsc.com\/index.php\/2025\/09\/15\/briga-em-frente-a-conveniencia-termina-com-jovem-baleada-em-balneario-arroio-do-silva\/\" \/>\n<meta property=\"og:locale\" content=\"en_US\" \/>\n<meta property=\"og:type\" content=\"article\" \/>\n<meta property=\"og:title\" content=\"Briga em frente a conveni\u00eancia termina com jovem baleada em Balne\u00e1rio Arroio do Silva -\" \/>\n<meta property=\"og:description\" content=\"O que era para ser um momento de divers\u00e3o terminou com uma jovem, de 18 anos, baleada, neste domingo (14), em Balne\u00e1rio Arroio do Silva. A v\u00edtima foi atingida por um disparo de arma de fogo. Segundo a Pol\u00edcia Militar (PM) a mulher relatou que, durante uma briga de cinco pessoas em frente a uma &hellip; Briga em frente a conveni\u00eancia termina com jovem baleada em Balne\u00e1rio Arroio do Silva Read More &raquo;\" \/>\n<meta property=\"og:url\" content=\"https:\/\/sulsc.com\/index.php\/2025\/09\/15\/briga-em-frente-a-conveniencia-termina-com-jovem-baleada-em-balneario-arroio-do-silva\/\" \/>\n<meta property=\"article:author\" content=\"https:\/\/www.facebook.com\/profile.php?id=61559278119680\" \/>\n<meta property=\"article:published_time\" content=\"2025-09-15T12:07:19+00:00\" \/>\n<meta property=\"og:image\" content=\"http:\/\/sulsc.com\/wp-content\/uploads\/2023\/10\/arma-de-fogo.jpg\" \/>\n\t<meta property=\"og:image:width\" content=\"626\" \/>\n\t<meta property=\"og:image:height\" content=\"417\" \/>\n\t<meta property=\"og:image:type\" content=\"image\/jpeg\" \/>\n<meta name=\"author\" content=\"Reda\u00e7\u00e3o Sul SC\" \/>\n<meta name=\"twitter:card\" content=\"summary_large_image\" \/>\n<meta name=\"twitter:creator\" content=\"@https:\/\/twitter.com\/PortalSulSC\" \/>\n<meta name=\"twitter:label1\" content=\"Written by\" \/>\n\t<meta name=\"twitter:data1\" content=\"Reda\u00e7\u00e3o Sul SC\" \/>\n\t<meta name=\"twitter:label2\" content=\"Est. reading time\" \/>\n\t<meta name=\"twitter:data2\" content=\"1 minute\" \/>\n<script type=\"application\/ld+json\" class=\"yoast-schema-graph\">{\"@context\":\"https:\/\/schema.org\",\"@graph\":[{\"@type\":\"WebPage\",\"@id\":\"https:\/\/sulsc.com\/index.php\/2025\/09\/15\/briga-em-frente-a-conveniencia-termina-com-jovem-baleada-em-balneario-arroio-do-silva\/\",\"url\":\"https:\/\/sulsc.com\/index.php\/2025\/09\/15\/briga-em-frente-a-conveniencia-termina-com-jovem-baleada-em-balneario-arroio-do-silva\/\",\"name\":\"Briga em frente a conveni\u00eancia termina com jovem baleada em Balne\u00e1rio Arroio do Silva -\",\"isPartOf\":{\"@id\":\"https:\/\/sulsc.com\/#website\"},\"datePublished\":\"2025-09-15T12:07:19+00:00\",\"dateModified\":\"2025-09-15T12:07:19+00:00\",\"author\":{\"@id\":\"https:\/\/sulsc.com\/#\/schema\/person\/84d2fc571684f6248ba83092f07750a3\"},\"breadcrumb\":{\"@id\":\"https:\/\/sulsc.com\/index.php\/2025\/09\/15\/briga-em-frente-a-conveniencia-termina-com-jovem-baleada-em-balneario-arroio-do-silva\/#breadcrumb\"},\"inLanguage\":\"en-US\",\"potentialAction\":[{\"@type\":\"ReadAction\",\"target\":[\"https:\/\/sulsc.com\/index.php\/2025\/09\/15\/briga-em-frente-a-conveniencia-termina-com-jovem-baleada-em-balneario-arroio-do-silva\/\"]}]},{\"@type\":\"BreadcrumbList\",\"@id\":\"https:\/\/sulsc.com\/index.php\/2025\/09\/15\/briga-em-frente-a-conveniencia-termina-com-jovem-baleada-em-balneario-arroio-do-silva\/#breadcrumb\",\"itemListElement\":[{\"@type\":\"ListItem\",\"position\":1,\"name\":\"In\u00edcio\",\"item\":\"https:\/\/sulsc.com\/\"},{\"@type\":\"ListItem\",\"position\":2,\"name\":\"Briga em frente a conveni\u00eancia termina com jovem baleada em Balne\u00e1rio Arroio do Silva\"}]},{\"@type\":\"WebSite\",\"@id\":\"https:\/\/sulsc.com\/#website\",\"url\":\"https:\/\/sulsc.com\/\",\"name\":\"\",\"description\":\"\",\"potentialAction\":[{\"@type\":\"SearchAction\",\"target\":{\"@type\":\"EntryPoint\",\"urlTemplate\":\"https:\/\/sulsc.com\/?s={search_term_string}\"},\"query-input\":\"required name=search_term_string\"}],\"inLanguage\":\"en-US\"},{\"@type\":\"Person\",\"@id\":\"https:\/\/sulsc.com\/#\/schema\/person\/84d2fc571684f6248ba83092f07750a3\",\"name\":\"Reda\u00e7\u00e3o Sul SC\",\"image\":{\"@type\":\"ImageObject\",\"inLanguage\":\"en-US\",\"@id\":\"https:\/\/sulsc.com\/#\/schema\/person\/image\/e08d7fe2cc4ed596372063bbe852b8d0\",\"url\":\"https:\/\/sulsc.com\/wp-content\/uploads\/2023\/09\/redacao.png\",\"contentUrl\":\"https:\/\/sulsc.com\/wp-content\/uploads\/2023\/09\/redacao.png\",\"caption\":\"Reda\u00e7\u00e3o Sul SC\"},\"description\":\"Foco em um jornalismo imparcial, voltado \u00e0 qualidade dos seus conte\u00fados e, assim, levar informa\u00e7\u00e3o de valor que agregue \u00e0 vida dos leitores. Esta \u00e9 grande miss\u00e3o do Portal de Not\u00edcias Sul SC. N\u00e3o \u00e9 quantidade que muda o mundo, sempre foi e seguir\u00e1 sendo qualidade!\",\"sameAs\":[\"https:\/\/sulsc.com\/\",\"https:\/\/www.facebook.com\/profile.php?id=61559278119680\",\"https:\/\/www.instagram.com\/sulscportal\/?hl=pt-br\",\"https:\/\/twitter.com\/https:\/\/twitter.com\/PortalSulSC\",\"https:\/\/www.youtube.com\/channel\/UCv_BE8GeySluDov2n8qhVmw\"],\"url\":\"https:\/\/sulsc.com\/index.php\/author\/redacao\/\"}]}<\/script>\n<!-- \/ Yoast SEO plugin. -->","yoast_head_json":{"title":"Briga em frente a conveni\u00eancia termina com jovem baleada em Balne\u00e1rio Arroio do Silva -","robots":{"index":"index","follow":"follow","max-snippet":"max-snippet:-1","max-image-preview":"max-image-preview:large","max-video-preview":"max-video-preview:-1"},"canonical":"https:\/\/sulsc.com\/index.php\/2025\/09\/15\/briga-em-frente-a-conveniencia-termina-com-jovem-baleada-em-balneario-arroio-do-silva\/","og_locale":"en_US","og_type":"article","og_title":"Briga em frente a conveni\u00eancia termina com jovem baleada em Balne\u00e1rio Arroio do Silva -","og_description":"O que era para ser um momento de divers\u00e3o terminou com uma jovem, de 18 anos, baleada, neste domingo (14), em Balne\u00e1rio Arroio do Silva. A v\u00edtima foi atingida por um disparo de arma de fogo. Segundo a Pol\u00edcia Militar (PM) a mulher relatou que, durante uma briga de cinco pessoas em frente a uma &hellip; Briga em frente a conveni\u00eancia termina com jovem baleada em Balne\u00e1rio Arroio do Silva Read More &raquo;","og_url":"https:\/\/sulsc.com\/index.php\/2025\/09\/15\/briga-em-frente-a-conveniencia-termina-com-jovem-baleada-em-balneario-arroio-do-silva\/","article_author":"https:\/\/www.facebook.com\/profile.php?id=61559278119680","article_published_time":"2025-09-15T12:07:19+00:00","og_image":[{"width":626,"height":417,"url":"http:\/\/sulsc.com\/wp-content\/uploads\/2023\/10\/arma-de-fogo.jpg","type":"image\/jpeg"}],"author":"Reda\u00e7\u00e3o Sul SC","twitter_card":"summary_large_image","twitter_creator":"@https:\/\/twitter.com\/PortalSulSC","twitter_misc":{"Written by":"Reda\u00e7\u00e3o Sul SC","Est. reading time":"1 minute"},"schema":{"@context":"https:\/\/schema.org","@graph":[{"@type":"WebPage","@id":"https:\/\/sulsc.com\/index.php\/2025\/09\/15\/briga-em-frente-a-conveniencia-termina-com-jovem-baleada-em-balneario-arroio-do-silva\/","url":"https:\/\/sulsc.com\/index.php\/2025\/09\/15\/briga-em-frente-a-conveniencia-termina-com-jovem-baleada-em-balneario-arroio-do-silva\/","name":"Briga em frente a conveni\u00eancia termina com jovem baleada em Balne\u00e1rio Arroio do Silva -","isPartOf":{"@id":"https:\/\/sulsc.com\/#website"},"datePublished":"2025-09-15T12:07:19+00:00","dateModified":"2025-09-15T12:07:19+00:00","author":{"@id":"https:\/\/sulsc.com\/#\/schema\/person\/84d2fc571684f6248ba83092f07750a3"},"breadcrumb":{"@id":"https:\/\/sulsc.com\/index.php\/2025\/09\/15\/briga-em-frente-a-conveniencia-termina-com-jovem-baleada-em-balneario-arroio-do-silva\/#breadcrumb"},"inLanguage":"en-US","potentialAction":[{"@type":"ReadAction","target":["https:\/\/sulsc.com\/index.php\/2025\/09\/15\/briga-em-frente-a-conveniencia-termina-com-jovem-baleada-em-balneario-arroio-do-silva\/"]}]},{"@type":"BreadcrumbList","@id":"https:\/\/sulsc.com\/index.php\/2025\/09\/15\/briga-em-frente-a-conveniencia-termina-com-jovem-baleada-em-balneario-arroio-do-silva\/#breadcrumb","itemListElement":[{"@type":"ListItem","position":1,"name":"In\u00edcio","item":"https:\/\/sulsc.com\/"},{"@type":"ListItem","position":2,"name":"Briga em frente a conveni\u00eancia termina com jovem baleada em Balne\u00e1rio Arroio do Silva"}]},{"@type":"WebSite","@id":"https:\/\/sulsc.com\/#website","url":"https:\/\/sulsc.com\/","name":"","description":"","potentialAction":[{"@type":"SearchAction","target":{"@type":"EntryPoint","urlTemplate":"https:\/\/sulsc.com\/?s={search_term_string}"},"query-input":"required name=search_term_string"}],"inLanguage":"en-US"},{"@type":"Person","@id":"https:\/\/sulsc.com\/#\/schema\/person\/84d2fc571684f6248ba83092f07750a3","name":"Reda\u00e7\u00e3o Sul SC","image":{"@type":"ImageObject","inLanguage":"en-US","@id":"https:\/\/sulsc.com\/#\/schema\/person\/image\/e08d7fe2cc4ed596372063bbe852b8d0","url":"https:\/\/sulsc.com\/wp-content\/uploads\/2023\/09\/redacao.png","contentUrl":"https:\/\/sulsc.com\/wp-content\/uploads\/2023\/09\/redacao.png","caption":"Reda\u00e7\u00e3o Sul SC"},"description":"Foco em um jornalismo imparcial, voltado \u00e0 qualidade dos seus conte\u00fados e, assim, levar informa\u00e7\u00e3o de valor que agregue \u00e0 vida dos leitores. Esta \u00e9 grande miss\u00e3o do Portal de Not\u00edcias Sul SC. N\u00e3o \u00e9 quantidade que muda o mundo, sempre foi e seguir\u00e1 sendo qualidade!","sameAs":["https:\/\/sulsc.com\/","https:\/\/www.facebook.com\/profile.php?id=61559278119680","https:\/\/www.instagram.com\/sulscportal\/?hl=pt-br","https:\/\/twitter.com\/https:\/\/twitter.com\/PortalSulSC","https:\/\/www.youtube.com\/channel\/UCv_BE8GeySluDov2n8qhVmw"],"url":"https:\/\/sulsc.com\/index.php\/author\/redacao\/"}]}},"authors":[],"_links":{"self":[{"href":"https:\/\/sulsc.com\/index.php\/wp-json\/wp\/v2\/posts\/27124"}],"collection":[{"href":"https:\/\/sulsc.com\/index.php\/wp-json\/wp\/v2\/posts"}],"about":[{"href":"https:\/\/sulsc.com\/index.php\/wp-json\/wp\/v2\/types\/post"}],"author":[{"embeddable":true,"href":"https:\/\/sulsc.com\/index.php\/wp-json\/wp\/v2\/users\/3"}],"replies":[{"embeddable":true,"href":"https:\/\/sulsc.com\/index.php\/wp-json\/wp\/v2\/comments?post=27124"}],"version-history":[{"count":1,"href":"https:\/\/sulsc.com\/index.php\/wp-json\/wp\/v2\/posts\/27124\/revisions"}],"predecessor-version":[{"id":27125,"href":"https:\/\/sulsc.com\/index.php\/wp-json\/wp\/v2\/posts\/27124\/revisions\/27125"}],"wp:featuredmedia":[{"embeddable":true,"href":"https:\/\/sulsc.com\/index.php\/wp-json\/wp\/v2\/media\/2963"}],"wp:attachment":[{"href":"https:\/\/sulsc.com\/index.php\/wp-json\/wp\/v2\/media?parent=27124"}],"wp:term":[{"taxonomy":"category","embeddable":true,"href":"https:\/\/sulsc.com\/index.php\/wp-json\/wp\/v2\/categories?post=27124"},{"taxonomy":"post_tag","embeddable":true,"href":"https:\/\/sulsc.com\/index.php\/wp-json\/wp\/v2\/tags?post=27124"}],"curies":[{"name":"wp","href":"https:\/\/api.w.org\/{rel}","templated":true}]}}