{"id":2718,"date":"2023-10-23T15:20:03","date_gmt":"2023-10-23T18:20:03","guid":{"rendered":"https:\/\/sulsc.com\/?p=2718"},"modified":"2023-10-23T15:28:50","modified_gmt":"2023-10-23T18:28:50","slug":"idosa-de-91-anos-e-resgatada-apos-ficar-trancada-por-dez-dias-com-cadaver-do-filho-em-balneario-camboriu","status":"publish","type":"post","link":"https:\/\/sulsc.com\/index.php\/2023\/10\/23\/idosa-de-91-anos-e-resgatada-apos-ficar-trancada-por-dez-dias-com-cadaver-do-filho-em-balneario-camboriu\/","title":{"rendered":"Idosa de 91 anos \u00e9 resgatada ap\u00f3s ficar trancada por dez dias com cad\u00e1ver do filho em Balne\u00e1rio Cambori\u00fa"},"content":{"rendered":"<p>Uma idosa de 91 anos foi resgatada no fim da tarde do \u00faltimo s\u00e1bado (21), ap\u00f3s ficar trancada por cerca de 10 dias com o cad\u00e1ver do filho, de 69 anos. O fato ocorreu no Centro de Balne\u00e1rio Cambori\u00fa.\u00a0O resgate ocorreu por meio de uma equipe do Abra\u00e7o \u00e0 Vida, da prefeitura da cidade.<\/p>\n<p>A equipe do programa foi acionada por vizinhos que sentiram um forte cheiro vindo do apartamento.\u00a0A Pol\u00edcia Cient\u00edfica tamb\u00e9m foi chamada para poder retirar o corpo do homem do local. De acordo com as informa\u00e7\u00f5es, a idosa tem Alzheimer e n\u00e3o tinha muita no\u00e7\u00e3o do que havia acontecido.<\/p>\n<p>Ela foi levada para a Unidade de Pronto Atendimento (UPA), por conta dos sinais de desnutri\u00e7\u00e3o.\u00a0O Abra\u00e7o \u00e0 Vida conseguiu localizar dois netos da idosa, que moram no Rio Grande do Sul. Segundo o que foi repassado, eles foram at\u00e9 Balne\u00e1rio Cambori\u00fa. Junto dela, tamb\u00e9m foi resgatado um gato.<\/p>\n<p><img fetchpriority=\"high\" decoding=\"async\" class=\"alignnone size-full wp-image-2018\" src=\"http:\/\/sulsc.com\/wp-content\/uploads\/2023\/10\/giroflex-4.jpg\" alt=\"\" width=\"615\" height=\"300\" srcset=\"https:\/\/sulsc.com\/wp-content\/uploads\/2023\/10\/giroflex-4.jpg 615w, https:\/\/sulsc.com\/wp-content\/uploads\/2023\/10\/giroflex-4-300x146.jpg 300w\" sizes=\"(max-width: 615px) 100vw, 615px\" \/><\/p>\n<p>Fonte: O Munic\u00edpio<\/p>\n","protected":false},"excerpt":{"rendered":"<p>Uma idosa de 91 anos foi resgatada no fim da tarde do \u00faltimo s\u00e1bado (21), ap\u00f3s ficar trancada por cerca de 10 dias com o cad\u00e1ver do filho, de 69 anos. O fato ocorreu no Centro de Balne\u00e1rio Cambori\u00fa.\u00a0O resgate ocorreu por meio de uma equipe do Abra\u00e7o \u00e0 Vida, da prefeitura da cidade. A &hellip;<\/p>\n<p class=\"read-more\"> <a class=\"\" href=\"https:\/\/sulsc.com\/index.php\/2023\/10\/23\/idosa-de-91-anos-e-resgatada-apos-ficar-trancada-por-dez-dias-com-cadaver-do-filho-em-balneario-camboriu\/\"> <span class=\"screen-reader-text\">Idosa de 91 anos \u00e9 resgatada ap\u00f3s ficar trancada por dez dias com cad\u00e1ver do filho em Balne\u00e1rio Cambori\u00fa<\/span> Read More &raquo;<\/a><\/p>\n","protected":false},"author":3,"featured_media":2719,"comment_status":"open","ping_status":"open","sticky":false,"template":"","format":"standard","meta":{"site-sidebar-layout":"default","site-content-layout":"","ast-site-content-layout":"default","site-content-style":"default","site-sidebar-style":"default","ast-global-header-display":"","ast-banner-title-visibility":"","ast-main-header-display":"","ast-hfb-above-header-display":"","ast-hfb-below-header-display":"","ast-hfb-mobile-header-display":"","site-post-title":"","ast-breadcrumbs-content":"","ast-featured-img":"","footer-sml-layout":"","theme-transparent-header-meta":"default","adv-header-id-meta":"","stick-header-meta":"","header-above-stick-meta":"","header-main-stick-meta":"","header-below-stick-meta":"","astra-migrate-meta-layouts":"set","footnotes":""},"categories":[1,8],"tags":[],"yoast_head":"<!-- This site is optimized with the Yoast SEO plugin v21.4 - https:\/\/yoast.com\/wordpress\/plugins\/seo\/ -->\n<title>Idosa de 91 anos \u00e9 resgatada ap\u00f3s ficar trancada por dez dias com cad\u00e1ver do filho em Balne\u00e1rio Cambori\u00fa -<\/title>\n<meta name=\"robots\" content=\"index, follow, max-snippet:-1, max-image-preview:large, max-video-preview:-1\" \/>\n<link rel=\"canonical\" href=\"https:\/\/sulsc.com\/index.php\/2023\/10\/23\/idosa-de-91-anos-e-resgatada-apos-ficar-trancada-por-dez-dias-com-cadaver-do-filho-em-balneario-camboriu\/\" \/>\n<meta property=\"og:locale\" content=\"en_US\" \/>\n<meta property=\"og:type\" content=\"article\" \/>\n<meta property=\"og:title\" content=\"Idosa de 91 anos \u00e9 resgatada ap\u00f3s ficar trancada por dez dias com cad\u00e1ver do filho em Balne\u00e1rio Cambori\u00fa -\" \/>\n<meta property=\"og:description\" content=\"Uma idosa de 91 anos foi resgatada no fim da tarde do \u00faltimo s\u00e1bado (21), ap\u00f3s ficar trancada por cerca de 10 dias com o cad\u00e1ver do filho, de 69 anos. O fato ocorreu no Centro de Balne\u00e1rio Cambori\u00fa.\u00a0O resgate ocorreu por meio de uma equipe do Abra\u00e7o \u00e0 Vida, da prefeitura da cidade. A &hellip; Idosa de 91 anos \u00e9 resgatada ap\u00f3s ficar trancada por dez dias com cad\u00e1ver do filho em Balne\u00e1rio Cambori\u00fa Read More &raquo;\" \/>\n<meta property=\"og:url\" content=\"https:\/\/sulsc.com\/index.php\/2023\/10\/23\/idosa-de-91-anos-e-resgatada-apos-ficar-trancada-por-dez-dias-com-cadaver-do-filho-em-balneario-camboriu\/\" \/>\n<meta property=\"article:author\" content=\"https:\/\/www.facebook.com\/profile.php?id=61559278119680\" \/>\n<meta property=\"article:published_time\" content=\"2023-10-23T18:20:03+00:00\" \/>\n<meta property=\"article:modified_time\" content=\"2023-10-23T18:28:50+00:00\" \/>\n<meta property=\"og:image\" content=\"http:\/\/sulsc.com\/wp-content\/uploads\/2023\/10\/Idosa-de-91-anos-e-resgatada-apos-ficar-trancada-por-dez-dias-com-cadaver-do-filho-em-Balneario-Camboriu.jpg\" \/>\n\t<meta property=\"og:image:width\" content=\"1068\" \/>\n\t<meta property=\"og:image:height\" content=\"580\" \/>\n\t<meta property=\"og:image:type\" content=\"image\/jpeg\" \/>\n<meta name=\"author\" content=\"Reda\u00e7\u00e3o Sul SC\" \/>\n<meta name=\"twitter:card\" content=\"summary_large_image\" \/>\n<meta name=\"twitter:creator\" content=\"@https:\/\/twitter.com\/PortalSulSC\" \/>\n<meta name=\"twitter:label1\" content=\"Written by\" \/>\n\t<meta name=\"twitter:data1\" content=\"Reda\u00e7\u00e3o Sul SC\" \/>\n\t<meta name=\"twitter:label2\" content=\"Est. reading time\" \/>\n\t<meta name=\"twitter:data2\" content=\"2 minutes\" \/>\n<script type=\"application\/ld+json\" class=\"yoast-schema-graph\">{\"@context\":\"https:\/\/schema.org\",\"@graph\":[{\"@type\":\"WebPage\",\"@id\":\"https:\/\/sulsc.com\/index.php\/2023\/10\/23\/idosa-de-91-anos-e-resgatada-apos-ficar-trancada-por-dez-dias-com-cadaver-do-filho-em-balneario-camboriu\/\",\"url\":\"https:\/\/sulsc.com\/index.php\/2023\/10\/23\/idosa-de-91-anos-e-resgatada-apos-ficar-trancada-por-dez-dias-com-cadaver-do-filho-em-balneario-camboriu\/\",\"name\":\"Idosa de 91 anos \u00e9 resgatada ap\u00f3s ficar trancada por dez dias com cad\u00e1ver do filho em Balne\u00e1rio Cambori\u00fa -\",\"isPartOf\":{\"@id\":\"https:\/\/sulsc.com\/#website\"},\"datePublished\":\"2023-10-23T18:20:03+00:00\",\"dateModified\":\"2023-10-23T18:28:50+00:00\",\"author\":{\"@id\":\"https:\/\/sulsc.com\/#\/schema\/person\/84d2fc571684f6248ba83092f07750a3\"},\"breadcrumb\":{\"@id\":\"https:\/\/sulsc.com\/index.php\/2023\/10\/23\/idosa-de-91-anos-e-resgatada-apos-ficar-trancada-por-dez-dias-com-cadaver-do-filho-em-balneario-camboriu\/#breadcrumb\"},\"inLanguage\":\"en-US\",\"potentialAction\":[{\"@type\":\"ReadAction\",\"target\":[\"https:\/\/sulsc.com\/index.php\/2023\/10\/23\/idosa-de-91-anos-e-resgatada-apos-ficar-trancada-por-dez-dias-com-cadaver-do-filho-em-balneario-camboriu\/\"]}]},{\"@type\":\"BreadcrumbList\",\"@id\":\"https:\/\/sulsc.com\/index.php\/2023\/10\/23\/idosa-de-91-anos-e-resgatada-apos-ficar-trancada-por-dez-dias-com-cadaver-do-filho-em-balneario-camboriu\/#breadcrumb\",\"itemListElement\":[{\"@type\":\"ListItem\",\"position\":1,\"name\":\"In\u00edcio\",\"item\":\"https:\/\/sulsc.com\/\"},{\"@type\":\"ListItem\",\"position\":2,\"name\":\"Idosa de 91 anos \u00e9 resgatada ap\u00f3s ficar trancada por dez dias com cad\u00e1ver do filho em Balne\u00e1rio Cambori\u00fa\"}]},{\"@type\":\"WebSite\",\"@id\":\"https:\/\/sulsc.com\/#website\",\"url\":\"https:\/\/sulsc.com\/\",\"name\":\"\",\"description\":\"\",\"potentialAction\":[{\"@type\":\"SearchAction\",\"target\":{\"@type\":\"EntryPoint\",\"urlTemplate\":\"https:\/\/sulsc.com\/?s={search_term_string}\"},\"query-input\":\"required name=search_term_string\"}],\"inLanguage\":\"en-US\"},{\"@type\":\"Person\",\"@id\":\"https:\/\/sulsc.com\/#\/schema\/person\/84d2fc571684f6248ba83092f07750a3\",\"name\":\"Reda\u00e7\u00e3o Sul SC\",\"image\":{\"@type\":\"ImageObject\",\"inLanguage\":\"en-US\",\"@id\":\"https:\/\/sulsc.com\/#\/schema\/person\/image\/e08d7fe2cc4ed596372063bbe852b8d0\",\"url\":\"https:\/\/sulsc.com\/wp-content\/uploads\/2023\/09\/redacao.png\",\"contentUrl\":\"https:\/\/sulsc.com\/wp-content\/uploads\/2023\/09\/redacao.png\",\"caption\":\"Reda\u00e7\u00e3o Sul SC\"},\"description\":\"Foco em um jornalismo imparcial, voltado \u00e0 qualidade dos seus conte\u00fados e, assim, levar informa\u00e7\u00e3o de valor que agregue \u00e0 vida dos leitores. Esta \u00e9 grande miss\u00e3o do Portal de Not\u00edcias Sul SC. N\u00e3o \u00e9 quantidade que muda o mundo, sempre foi e seguir\u00e1 sendo qualidade!\",\"sameAs\":[\"https:\/\/sulsc.com\/\",\"https:\/\/www.facebook.com\/profile.php?id=61559278119680\",\"https:\/\/www.instagram.com\/sulscportal\/?hl=pt-br\",\"https:\/\/twitter.com\/https:\/\/twitter.com\/PortalSulSC\",\"https:\/\/www.youtube.com\/channel\/UCv_BE8GeySluDov2n8qhVmw\"],\"url\":\"https:\/\/sulsc.com\/index.php\/author\/redacao\/\"}]}<\/script>\n<!-- \/ Yoast SEO plugin. -->","yoast_head_json":{"title":"Idosa de 91 anos \u00e9 resgatada ap\u00f3s ficar trancada por dez dias com cad\u00e1ver do filho em Balne\u00e1rio Cambori\u00fa -","robots":{"index":"index","follow":"follow","max-snippet":"max-snippet:-1","max-image-preview":"max-image-preview:large","max-video-preview":"max-video-preview:-1"},"canonical":"https:\/\/sulsc.com\/index.php\/2023\/10\/23\/idosa-de-91-anos-e-resgatada-apos-ficar-trancada-por-dez-dias-com-cadaver-do-filho-em-balneario-camboriu\/","og_locale":"en_US","og_type":"article","og_title":"Idosa de 91 anos \u00e9 resgatada ap\u00f3s ficar trancada por dez dias com cad\u00e1ver do filho em Balne\u00e1rio Cambori\u00fa -","og_description":"Uma idosa de 91 anos foi resgatada no fim da tarde do \u00faltimo s\u00e1bado (21), ap\u00f3s ficar trancada por cerca de 10 dias com o cad\u00e1ver do filho, de 69 anos. O fato ocorreu no Centro de Balne\u00e1rio Cambori\u00fa.\u00a0O resgate ocorreu por meio de uma equipe do Abra\u00e7o \u00e0 Vida, da prefeitura da cidade. A &hellip; Idosa de 91 anos \u00e9 resgatada ap\u00f3s ficar trancada por dez dias com cad\u00e1ver do filho em Balne\u00e1rio Cambori\u00fa Read More &raquo;","og_url":"https:\/\/sulsc.com\/index.php\/2023\/10\/23\/idosa-de-91-anos-e-resgatada-apos-ficar-trancada-por-dez-dias-com-cadaver-do-filho-em-balneario-camboriu\/","article_author":"https:\/\/www.facebook.com\/profile.php?id=61559278119680","article_published_time":"2023-10-23T18:20:03+00:00","article_modified_time":"2023-10-23T18:28:50+00:00","og_image":[{"width":1068,"height":580,"url":"http:\/\/sulsc.com\/wp-content\/uploads\/2023\/10\/Idosa-de-91-anos-e-resgatada-apos-ficar-trancada-por-dez-dias-com-cadaver-do-filho-em-Balneario-Camboriu.jpg","type":"image\/jpeg"}],"author":"Reda\u00e7\u00e3o Sul SC","twitter_card":"summary_large_image","twitter_creator":"@https:\/\/twitter.com\/PortalSulSC","twitter_misc":{"Written by":"Reda\u00e7\u00e3o Sul SC","Est. reading time":"2 minutes"},"schema":{"@context":"https:\/\/schema.org","@graph":[{"@type":"WebPage","@id":"https:\/\/sulsc.com\/index.php\/2023\/10\/23\/idosa-de-91-anos-e-resgatada-apos-ficar-trancada-por-dez-dias-com-cadaver-do-filho-em-balneario-camboriu\/","url":"https:\/\/sulsc.com\/index.php\/2023\/10\/23\/idosa-de-91-anos-e-resgatada-apos-ficar-trancada-por-dez-dias-com-cadaver-do-filho-em-balneario-camboriu\/","name":"Idosa de 91 anos \u00e9 resgatada ap\u00f3s ficar trancada por dez dias com cad\u00e1ver do filho em Balne\u00e1rio Cambori\u00fa -","isPartOf":{"@id":"https:\/\/sulsc.com\/#website"},"datePublished":"2023-10-23T18:20:03+00:00","dateModified":"2023-10-23T18:28:50+00:00","author":{"@id":"https:\/\/sulsc.com\/#\/schema\/person\/84d2fc571684f6248ba83092f07750a3"},"breadcrumb":{"@id":"https:\/\/sulsc.com\/index.php\/2023\/10\/23\/idosa-de-91-anos-e-resgatada-apos-ficar-trancada-por-dez-dias-com-cadaver-do-filho-em-balneario-camboriu\/#breadcrumb"},"inLanguage":"en-US","potentialAction":[{"@type":"ReadAction","target":["https:\/\/sulsc.com\/index.php\/2023\/10\/23\/idosa-de-91-anos-e-resgatada-apos-ficar-trancada-por-dez-dias-com-cadaver-do-filho-em-balneario-camboriu\/"]}]},{"@type":"BreadcrumbList","@id":"https:\/\/sulsc.com\/index.php\/2023\/10\/23\/idosa-de-91-anos-e-resgatada-apos-ficar-trancada-por-dez-dias-com-cadaver-do-filho-em-balneario-camboriu\/#breadcrumb","itemListElement":[{"@type":"ListItem","position":1,"name":"In\u00edcio","item":"https:\/\/sulsc.com\/"},{"@type":"ListItem","position":2,"name":"Idosa de 91 anos \u00e9 resgatada ap\u00f3s ficar trancada por dez dias com cad\u00e1ver do filho em Balne\u00e1rio Cambori\u00fa"}]},{"@type":"WebSite","@id":"https:\/\/sulsc.com\/#website","url":"https:\/\/sulsc.com\/","name":"","description":"","potentialAction":[{"@type":"SearchAction","target":{"@type":"EntryPoint","urlTemplate":"https:\/\/sulsc.com\/?s={search_term_string}"},"query-input":"required name=search_term_string"}],"inLanguage":"en-US"},{"@type":"Person","@id":"https:\/\/sulsc.com\/#\/schema\/person\/84d2fc571684f6248ba83092f07750a3","name":"Reda\u00e7\u00e3o Sul SC","image":{"@type":"ImageObject","inLanguage":"en-US","@id":"https:\/\/sulsc.com\/#\/schema\/person\/image\/e08d7fe2cc4ed596372063bbe852b8d0","url":"https:\/\/sulsc.com\/wp-content\/uploads\/2023\/09\/redacao.png","contentUrl":"https:\/\/sulsc.com\/wp-content\/uploads\/2023\/09\/redacao.png","caption":"Reda\u00e7\u00e3o Sul SC"},"description":"Foco em um jornalismo imparcial, voltado \u00e0 qualidade dos seus conte\u00fados e, assim, levar informa\u00e7\u00e3o de valor que agregue \u00e0 vida dos leitores. Esta \u00e9 grande miss\u00e3o do Portal de Not\u00edcias Sul SC. N\u00e3o \u00e9 quantidade que muda o mundo, sempre foi e seguir\u00e1 sendo qualidade!","sameAs":["https:\/\/sulsc.com\/","https:\/\/www.facebook.com\/profile.php?id=61559278119680","https:\/\/www.instagram.com\/sulscportal\/?hl=pt-br","https:\/\/twitter.com\/https:\/\/twitter.com\/PortalSulSC","https:\/\/www.youtube.com\/channel\/UCv_BE8GeySluDov2n8qhVmw"],"url":"https:\/\/sulsc.com\/index.php\/author\/redacao\/"}]}},"authors":[],"_links":{"self":[{"href":"https:\/\/sulsc.com\/index.php\/wp-json\/wp\/v2\/posts\/2718"}],"collection":[{"href":"https:\/\/sulsc.com\/index.php\/wp-json\/wp\/v2\/posts"}],"about":[{"href":"https:\/\/sulsc.com\/index.php\/wp-json\/wp\/v2\/types\/post"}],"author":[{"embeddable":true,"href":"https:\/\/sulsc.com\/index.php\/wp-json\/wp\/v2\/users\/3"}],"replies":[{"embeddable":true,"href":"https:\/\/sulsc.com\/index.php\/wp-json\/wp\/v2\/comments?post=2718"}],"version-history":[{"count":1,"href":"https:\/\/sulsc.com\/index.php\/wp-json\/wp\/v2\/posts\/2718\/revisions"}],"predecessor-version":[{"id":2720,"href":"https:\/\/sulsc.com\/index.php\/wp-json\/wp\/v2\/posts\/2718\/revisions\/2720"}],"wp:featuredmedia":[{"embeddable":true,"href":"https:\/\/sulsc.com\/index.php\/wp-json\/wp\/v2\/media\/2719"}],"wp:attachment":[{"href":"https:\/\/sulsc.com\/index.php\/wp-json\/wp\/v2\/media?parent=2718"}],"wp:term":[{"taxonomy":"category","embeddable":true,"href":"https:\/\/sulsc.com\/index.php\/wp-json\/wp\/v2\/categories?post=2718"},{"taxonomy":"post_tag","embeddable":true,"href":"https:\/\/sulsc.com\/index.php\/wp-json\/wp\/v2\/tags?post=2718"}],"curies":[{"name":"wp","href":"https:\/\/api.w.org\/{rel}","templated":true}]}}