{"id":27211,"date":"2025-09-17T10:30:13","date_gmt":"2025-09-17T13:30:13","guid":{"rendered":"https:\/\/sulsc.com\/?p=27211"},"modified":"2025-09-17T08:23:16","modified_gmt":"2025-09-17T11:23:16","slug":"camada-de-ozonio-deve-ter-recuperacao-total-nas-proximas-decadas","status":"publish","type":"post","link":"https:\/\/sulsc.com\/index.php\/2025\/09\/17\/camada-de-ozonio-deve-ter-recuperacao-total-nas-proximas-decadas\/","title":{"rendered":"Camada de oz\u00f4nio deve ter recupera\u00e7\u00e3o total nas pr\u00f3ximas d\u00e9cadas"},"content":{"rendered":"<p>A camada de oz\u00f4nio da Terra apresentou sinais de recupera\u00e7\u00e3o em 2024. A informa\u00e7\u00e3o \u00e9 do Boletim de Oz\u00f4nio da Organiza\u00e7\u00e3o Meteorol\u00f3gica Mundial (OMM), divulgado nesta ter\u00e7a-feira (16), Dia Mundial do Oz\u00f4nio e marco dos 40 anos da Conven\u00e7\u00e3o de Viena. O evento reconheceu a redu\u00e7\u00e3o do oz\u00f4nio estratosf\u00e9rico como um problema global.<\/p>\n<p>O boletim aponta que o buraco sobre a Ant\u00e1rtida foi menor que nos \u00faltimos anos e credita a melhora \u00e0 a\u00e7\u00e3o cient\u00edfica e internacional coordenada. Caso as atuais pol\u00edticas sejam mantidas, a expectativa \u00e9 que a recupera\u00e7\u00e3o total ocorra at\u00e9 2066 na Ant\u00e1rtida, at\u00e9 2045 no \u00c1rtico e at\u00e9 2040 no restante do mundo.<\/p>\n<p>\u201cA Conven\u00e7\u00e3o de Viena e seu Protocolo de Montreal tornaram-se um marco de sucesso multilateral. Hoje, a camada de oz\u00f4nio est\u00e1 se recuperando. Essa conquista nos lembra que, quando as na\u00e7\u00f5es acatam os alertas da ci\u00eancia, o progresso \u00e9 poss\u00edvel\u201d, disse o secret\u00e1rio-geral da ONU, Ant\u00f3nio Guterres.<\/p>\n<p>O Protocolo de Montreal \u00e9 um tratado internacional de 1989 que prev\u00ea a elimina\u00e7\u00e3o da produ\u00e7\u00e3o e do consumo das subst\u00e2ncias respons\u00e1veis pela destrui\u00e7\u00e3o do oz\u00f4nio. Segundo a OMM, ele levou \u00e0 elimina\u00e7\u00e3o de mais de 99% das subst\u00e2ncias nocivas, utilizadas em sistemas de refrigera\u00e7\u00e3o, ar-condicionado, espumas e at\u00e9 sprays.<\/p>\n<div id=\"metaslider-id-25573\" style=\"width: 100%;\" class=\"ml-slider-3-99-0 metaslider metaslider-flex metaslider-25573 ml-slider has-onhover-arrows ms-theme-default-base has-dots-nav\" role=\"region\" aria-label=\"Meio\" data-width=\"1200\">\n    <div id=\"metaslider_container_25573\">\n        <div id=\"metaslider_25573\">\n            <ul class='slides'>\n                <li style=\"display: block; width: 100%;\" class=\"slide-25684 ms-image \" aria-roledescription=\"slide\" data-date=\"2025-07-24 07:55:40\"><img src=\"https:\/\/sulsc.com\/wp-content\/uploads\/2025\/07\/Marr-2-1000x166.jpg\" height=\"200\" width=\"1200\" alt=\"\" class=\"slider-25573 slide-25684 msDefaultImage\" title=\"Marr 2\" \/><\/li>\n                <li style=\"display: none; width: 100%;\" class=\"slide-32412 ms-image \" aria-roledescription=\"slide\" data-date=\"2026-02-18 13:59:46\"><img src=\"https:\/\/sulsc.com\/wp-content\/uploads\/2026\/02\/40dc1580-cad5-4867-bc58-c4243821ad38-1000x166.jpeg\" height=\"200\" width=\"1200\" alt=\"\" class=\"slider-25573 slide-32412 msDefaultImage\" title=\"40dc1580-cad5-4867-bc58-c4243821ad38\" \/><\/li>\n                <li style=\"display: none; width: 100%;\" class=\"slide-32766 ms-image \" aria-roledescription=\"slide\" data-date=\"2026-03-03 17:22:59\"><img src=\"https:\/\/sulsc.com\/wp-content\/uploads\/2026\/03\/271ce739-f268-41c5-8051-3de1a1750359-1000x166.jpeg\" height=\"200\" width=\"1200\" alt=\"\" class=\"slider-25573 slide-32766 msDefaultImage\" title=\"271ce739-f268-41c5-8051-3de1a1750359\" \/><\/li>\n            <\/ul>\n        <\/div>\n        \n    <\/div>\n<\/div>\n<p>A recupera\u00e7\u00e3o da camada aos n\u00edveis da d\u00e9cada de 1980 deve reduzir riscos de c\u00e2ncer de pele, catarata e danos a ecossistemas causados pela radia\u00e7\u00e3o ultravioleta. A secret\u00e1ria-geral da OMM, Celeste Saulo, destacou o papel da ci\u00eancia no processo.<\/p>\n<p>\u201cA pesquisa cient\u00edfica da OMM sobre a camada de oz\u00f4nio remonta a d\u00e9cadas. Ela \u00e9 sustentada pela confian\u00e7a, colabora\u00e7\u00e3o internacional e compromisso com a livre troca de dados \u2013 todos pilares do acordo ambiental mais bem-sucedido do mundo\u201d, disse.<\/p>\n<p>&nbsp;<\/p>\n<p><strong>Buraco da Ant\u00e1rtida em 2024<\/strong><\/p>\n<p>Segundo a OMM, a profundidade do buraco na camada de oz\u00f4nio sobre a Ant\u00e1rtida ficou abaixo da m\u00e9dia de 1990 a 2020, com d\u00e9ficit m\u00e1ximo de 46,1 milh\u00f5es de toneladas em 29 de setembro de 2024. Foi menor do que os buracos relativamente grandes entre 2020 e 2023.<\/p>\n<p>Matt Tully, presidente do Grupo Consultivo Cient\u00edfico da OMM sobre Oz\u00f4nio e Radia\u00e7\u00e3o Solar UV, lembrou que o trabalho n\u00e3o est\u00e1 conclu\u00eddo.\u00a0\u201cApesar do grande sucesso do Protocolo de Montreal nas d\u00e9cadas seguintes, este trabalho n\u00e3o est\u00e1 conclu\u00eddo, e ainda h\u00e1 uma necessidade essencial de que o mundo continue monitorando sistematicamente e cuidadosamente tanto o oz\u00f4nio estratosf\u00e9rico quanto as subst\u00e2ncias que destroem a camada de oz\u00f4nio e seus substitutos\u201d, disse Tully.<\/p>\n<p>Al\u00e9m do Protocolo de Montreal, a Emenda de Kigali de 2016, ratificada por 164 partes, prev\u00ea a redu\u00e7\u00e3o gradual de hidrofluorcarbonetos, gases de efeito estufa usados como substitutos das subst\u00e2ncias nocivas \u00e0 camada de oz\u00f4nio.\u00a0A medida pode evitar at\u00e9 0,5\u00b0C de aquecimento global at\u00e9 o fim do s\u00e9culo.<\/p>\n<p><img fetchpriority=\"high\" decoding=\"async\" class=\"alignnone size-full wp-image-27212\" src=\"http:\/\/sulsc.com\/wp-content\/uploads\/2025\/09\/camada_de_ozonio.webp\" alt=\"\" width=\"1170\" height=\"700\" srcset=\"https:\/\/sulsc.com\/wp-content\/uploads\/2025\/09\/camada_de_ozonio.webp 1170w, https:\/\/sulsc.com\/wp-content\/uploads\/2025\/09\/camada_de_ozonio-300x179.webp 300w, https:\/\/sulsc.com\/wp-content\/uploads\/2025\/09\/camada_de_ozonio-1024x613.webp 1024w, https:\/\/sulsc.com\/wp-content\/uploads\/2025\/09\/camada_de_ozonio-768x459.webp 768w\" sizes=\"(max-width: 1170px) 100vw, 1170px\" \/><\/p>\n","protected":false},"excerpt":{"rendered":"<p>A camada de oz\u00f4nio da Terra apresentou sinais de recupera\u00e7\u00e3o em 2024. A informa\u00e7\u00e3o \u00e9 do Boletim de Oz\u00f4nio da Organiza\u00e7\u00e3o Meteorol\u00f3gica Mundial (OMM), divulgado nesta ter\u00e7a-feira (16), Dia Mundial do Oz\u00f4nio e marco dos 40 anos da Conven\u00e7\u00e3o de Viena. O evento reconheceu a redu\u00e7\u00e3o do oz\u00f4nio estratosf\u00e9rico como um problema global. O boletim &hellip;<\/p>\n<p class=\"read-more\"> <a class=\"\" href=\"https:\/\/sulsc.com\/index.php\/2025\/09\/17\/camada-de-ozonio-deve-ter-recuperacao-total-nas-proximas-decadas\/\"> <span class=\"screen-reader-text\">Camada de oz\u00f4nio deve ter recupera\u00e7\u00e3o total nas pr\u00f3ximas d\u00e9cadas<\/span> Read More &raquo;<\/a><\/p>\n","protected":false},"author":3,"featured_media":27212,"comment_status":"open","ping_status":"open","sticky":false,"template":"","format":"standard","meta":{"site-sidebar-layout":"default","site-content-layout":"","ast-site-content-layout":"default","site-content-style":"default","site-sidebar-style":"default","ast-global-header-display":"","ast-banner-title-visibility":"","ast-main-header-display":"","ast-hfb-above-header-display":"","ast-hfb-below-header-display":"","ast-hfb-mobile-header-display":"","site-post-title":"","ast-breadcrumbs-content":"","ast-featured-img":"","footer-sml-layout":"","theme-transparent-header-meta":"default","adv-header-id-meta":"","stick-header-meta":"","header-above-stick-meta":"","header-main-stick-meta":"","header-below-stick-meta":"","astra-migrate-meta-layouts":"set","footnotes":""},"categories":[17,16,12],"tags":[2363,753],"yoast_head":"<!-- This site is optimized with the Yoast SEO plugin v21.4 - https:\/\/yoast.com\/wordpress\/plugins\/seo\/ -->\n<title>Camada de oz\u00f4nio deve ter recupera\u00e7\u00e3o total nas pr\u00f3ximas d\u00e9cadas -<\/title>\n<meta name=\"robots\" content=\"index, follow, max-snippet:-1, max-image-preview:large, max-video-preview:-1\" \/>\n<link rel=\"canonical\" href=\"https:\/\/sulsc.com\/index.php\/2025\/09\/17\/camada-de-ozonio-deve-ter-recuperacao-total-nas-proximas-decadas\/\" \/>\n<meta property=\"og:locale\" content=\"en_US\" \/>\n<meta property=\"og:type\" content=\"article\" \/>\n<meta property=\"og:title\" content=\"Camada de oz\u00f4nio deve ter recupera\u00e7\u00e3o total nas pr\u00f3ximas d\u00e9cadas -\" \/>\n<meta property=\"og:description\" content=\"A camada de oz\u00f4nio da Terra apresentou sinais de recupera\u00e7\u00e3o em 2024. A informa\u00e7\u00e3o \u00e9 do Boletim de Oz\u00f4nio da Organiza\u00e7\u00e3o Meteorol\u00f3gica Mundial (OMM), divulgado nesta ter\u00e7a-feira (16), Dia Mundial do Oz\u00f4nio e marco dos 40 anos da Conven\u00e7\u00e3o de Viena. O evento reconheceu a redu\u00e7\u00e3o do oz\u00f4nio estratosf\u00e9rico como um problema global. O boletim &hellip; Camada de oz\u00f4nio deve ter recupera\u00e7\u00e3o total nas pr\u00f3ximas d\u00e9cadas Read More &raquo;\" \/>\n<meta property=\"og:url\" content=\"https:\/\/sulsc.com\/index.php\/2025\/09\/17\/camada-de-ozonio-deve-ter-recuperacao-total-nas-proximas-decadas\/\" \/>\n<meta property=\"article:author\" content=\"https:\/\/www.facebook.com\/profile.php?id=61559278119680\" \/>\n<meta property=\"article:published_time\" content=\"2025-09-17T13:30:13+00:00\" \/>\n<meta property=\"article:modified_time\" content=\"2025-09-17T11:23:16+00:00\" \/>\n<meta property=\"og:image\" content=\"https:\/\/sulsc.com\/wp-content\/uploads\/2025\/09\/camada_de_ozonio.webp\" \/>\n\t<meta property=\"og:image:width\" content=\"1170\" \/>\n\t<meta property=\"og:image:height\" content=\"700\" \/>\n\t<meta property=\"og:image:type\" content=\"image\/webp\" \/>\n<meta name=\"author\" content=\"Reda\u00e7\u00e3o Sul SC\" \/>\n<meta name=\"twitter:card\" content=\"summary_large_image\" \/>\n<meta name=\"twitter:creator\" content=\"@https:\/\/twitter.com\/PortalSulSC\" \/>\n<meta name=\"twitter:label1\" content=\"Written by\" \/>\n\t<meta name=\"twitter:data1\" content=\"Reda\u00e7\u00e3o Sul SC\" \/>\n\t<meta name=\"twitter:label2\" content=\"Est. reading time\" \/>\n\t<meta name=\"twitter:data2\" content=\"3 minutes\" \/>\n<script type=\"application\/ld+json\" class=\"yoast-schema-graph\">{\"@context\":\"https:\/\/schema.org\",\"@graph\":[{\"@type\":\"WebPage\",\"@id\":\"https:\/\/sulsc.com\/index.php\/2025\/09\/17\/camada-de-ozonio-deve-ter-recuperacao-total-nas-proximas-decadas\/\",\"url\":\"https:\/\/sulsc.com\/index.php\/2025\/09\/17\/camada-de-ozonio-deve-ter-recuperacao-total-nas-proximas-decadas\/\",\"name\":\"Camada de oz\u00f4nio deve ter recupera\u00e7\u00e3o total nas pr\u00f3ximas d\u00e9cadas -\",\"isPartOf\":{\"@id\":\"https:\/\/sulsc.com\/#website\"},\"datePublished\":\"2025-09-17T13:30:13+00:00\",\"dateModified\":\"2025-09-17T11:23:16+00:00\",\"author\":{\"@id\":\"https:\/\/sulsc.com\/#\/schema\/person\/84d2fc571684f6248ba83092f07750a3\"},\"breadcrumb\":{\"@id\":\"https:\/\/sulsc.com\/index.php\/2025\/09\/17\/camada-de-ozonio-deve-ter-recuperacao-total-nas-proximas-decadas\/#breadcrumb\"},\"inLanguage\":\"en-US\",\"potentialAction\":[{\"@type\":\"ReadAction\",\"target\":[\"https:\/\/sulsc.com\/index.php\/2025\/09\/17\/camada-de-ozonio-deve-ter-recuperacao-total-nas-proximas-decadas\/\"]}]},{\"@type\":\"BreadcrumbList\",\"@id\":\"https:\/\/sulsc.com\/index.php\/2025\/09\/17\/camada-de-ozonio-deve-ter-recuperacao-total-nas-proximas-decadas\/#breadcrumb\",\"itemListElement\":[{\"@type\":\"ListItem\",\"position\":1,\"name\":\"In\u00edcio\",\"item\":\"https:\/\/sulsc.com\/\"},{\"@type\":\"ListItem\",\"position\":2,\"name\":\"Camada de oz\u00f4nio deve ter recupera\u00e7\u00e3o total nas pr\u00f3ximas d\u00e9cadas\"}]},{\"@type\":\"WebSite\",\"@id\":\"https:\/\/sulsc.com\/#website\",\"url\":\"https:\/\/sulsc.com\/\",\"name\":\"\",\"description\":\"\",\"potentialAction\":[{\"@type\":\"SearchAction\",\"target\":{\"@type\":\"EntryPoint\",\"urlTemplate\":\"https:\/\/sulsc.com\/?s={search_term_string}\"},\"query-input\":\"required name=search_term_string\"}],\"inLanguage\":\"en-US\"},{\"@type\":\"Person\",\"@id\":\"https:\/\/sulsc.com\/#\/schema\/person\/84d2fc571684f6248ba83092f07750a3\",\"name\":\"Reda\u00e7\u00e3o Sul SC\",\"image\":{\"@type\":\"ImageObject\",\"inLanguage\":\"en-US\",\"@id\":\"https:\/\/sulsc.com\/#\/schema\/person\/image\/e08d7fe2cc4ed596372063bbe852b8d0\",\"url\":\"https:\/\/sulsc.com\/wp-content\/uploads\/2023\/09\/redacao.png\",\"contentUrl\":\"https:\/\/sulsc.com\/wp-content\/uploads\/2023\/09\/redacao.png\",\"caption\":\"Reda\u00e7\u00e3o Sul SC\"},\"description\":\"Foco em um jornalismo imparcial, voltado \u00e0 qualidade dos seus conte\u00fados e, assim, levar informa\u00e7\u00e3o de valor que agregue \u00e0 vida dos leitores. Esta \u00e9 grande miss\u00e3o do Portal de Not\u00edcias Sul SC. N\u00e3o \u00e9 quantidade que muda o mundo, sempre foi e seguir\u00e1 sendo qualidade!\",\"sameAs\":[\"https:\/\/sulsc.com\/\",\"https:\/\/www.facebook.com\/profile.php?id=61559278119680\",\"https:\/\/www.instagram.com\/sulscportal\/?hl=pt-br\",\"https:\/\/twitter.com\/https:\/\/twitter.com\/PortalSulSC\",\"https:\/\/www.youtube.com\/channel\/UCv_BE8GeySluDov2n8qhVmw\"],\"url\":\"https:\/\/sulsc.com\/index.php\/author\/redacao\/\"}]}<\/script>\n<!-- \/ Yoast SEO plugin. -->","yoast_head_json":{"title":"Camada de oz\u00f4nio deve ter recupera\u00e7\u00e3o total nas pr\u00f3ximas d\u00e9cadas -","robots":{"index":"index","follow":"follow","max-snippet":"max-snippet:-1","max-image-preview":"max-image-preview:large","max-video-preview":"max-video-preview:-1"},"canonical":"https:\/\/sulsc.com\/index.php\/2025\/09\/17\/camada-de-ozonio-deve-ter-recuperacao-total-nas-proximas-decadas\/","og_locale":"en_US","og_type":"article","og_title":"Camada de oz\u00f4nio deve ter recupera\u00e7\u00e3o total nas pr\u00f3ximas d\u00e9cadas -","og_description":"A camada de oz\u00f4nio da Terra apresentou sinais de recupera\u00e7\u00e3o em 2024. A informa\u00e7\u00e3o \u00e9 do Boletim de Oz\u00f4nio da Organiza\u00e7\u00e3o Meteorol\u00f3gica Mundial (OMM), divulgado nesta ter\u00e7a-feira (16), Dia Mundial do Oz\u00f4nio e marco dos 40 anos da Conven\u00e7\u00e3o de Viena. O evento reconheceu a redu\u00e7\u00e3o do oz\u00f4nio estratosf\u00e9rico como um problema global. O boletim &hellip; Camada de oz\u00f4nio deve ter recupera\u00e7\u00e3o total nas pr\u00f3ximas d\u00e9cadas Read More &raquo;","og_url":"https:\/\/sulsc.com\/index.php\/2025\/09\/17\/camada-de-ozonio-deve-ter-recuperacao-total-nas-proximas-decadas\/","article_author":"https:\/\/www.facebook.com\/profile.php?id=61559278119680","article_published_time":"2025-09-17T13:30:13+00:00","article_modified_time":"2025-09-17T11:23:16+00:00","og_image":[{"width":1170,"height":700,"url":"https:\/\/sulsc.com\/wp-content\/uploads\/2025\/09\/camada_de_ozonio.webp","type":"image\/webp"}],"author":"Reda\u00e7\u00e3o Sul SC","twitter_card":"summary_large_image","twitter_creator":"@https:\/\/twitter.com\/PortalSulSC","twitter_misc":{"Written by":"Reda\u00e7\u00e3o Sul SC","Est. reading time":"3 minutes"},"schema":{"@context":"https:\/\/schema.org","@graph":[{"@type":"WebPage","@id":"https:\/\/sulsc.com\/index.php\/2025\/09\/17\/camada-de-ozonio-deve-ter-recuperacao-total-nas-proximas-decadas\/","url":"https:\/\/sulsc.com\/index.php\/2025\/09\/17\/camada-de-ozonio-deve-ter-recuperacao-total-nas-proximas-decadas\/","name":"Camada de oz\u00f4nio deve ter recupera\u00e7\u00e3o total nas pr\u00f3ximas d\u00e9cadas -","isPartOf":{"@id":"https:\/\/sulsc.com\/#website"},"datePublished":"2025-09-17T13:30:13+00:00","dateModified":"2025-09-17T11:23:16+00:00","author":{"@id":"https:\/\/sulsc.com\/#\/schema\/person\/84d2fc571684f6248ba83092f07750a3"},"breadcrumb":{"@id":"https:\/\/sulsc.com\/index.php\/2025\/09\/17\/camada-de-ozonio-deve-ter-recuperacao-total-nas-proximas-decadas\/#breadcrumb"},"inLanguage":"en-US","potentialAction":[{"@type":"ReadAction","target":["https:\/\/sulsc.com\/index.php\/2025\/09\/17\/camada-de-ozonio-deve-ter-recuperacao-total-nas-proximas-decadas\/"]}]},{"@type":"BreadcrumbList","@id":"https:\/\/sulsc.com\/index.php\/2025\/09\/17\/camada-de-ozonio-deve-ter-recuperacao-total-nas-proximas-decadas\/#breadcrumb","itemListElement":[{"@type":"ListItem","position":1,"name":"In\u00edcio","item":"https:\/\/sulsc.com\/"},{"@type":"ListItem","position":2,"name":"Camada de oz\u00f4nio deve ter recupera\u00e7\u00e3o total nas pr\u00f3ximas d\u00e9cadas"}]},{"@type":"WebSite","@id":"https:\/\/sulsc.com\/#website","url":"https:\/\/sulsc.com\/","name":"","description":"","potentialAction":[{"@type":"SearchAction","target":{"@type":"EntryPoint","urlTemplate":"https:\/\/sulsc.com\/?s={search_term_string}"},"query-input":"required name=search_term_string"}],"inLanguage":"en-US"},{"@type":"Person","@id":"https:\/\/sulsc.com\/#\/schema\/person\/84d2fc571684f6248ba83092f07750a3","name":"Reda\u00e7\u00e3o Sul SC","image":{"@type":"ImageObject","inLanguage":"en-US","@id":"https:\/\/sulsc.com\/#\/schema\/person\/image\/e08d7fe2cc4ed596372063bbe852b8d0","url":"https:\/\/sulsc.com\/wp-content\/uploads\/2023\/09\/redacao.png","contentUrl":"https:\/\/sulsc.com\/wp-content\/uploads\/2023\/09\/redacao.png","caption":"Reda\u00e7\u00e3o Sul SC"},"description":"Foco em um jornalismo imparcial, voltado \u00e0 qualidade dos seus conte\u00fados e, assim, levar informa\u00e7\u00e3o de valor que agregue \u00e0 vida dos leitores. Esta \u00e9 grande miss\u00e3o do Portal de Not\u00edcias Sul SC. N\u00e3o \u00e9 quantidade que muda o mundo, sempre foi e seguir\u00e1 sendo qualidade!","sameAs":["https:\/\/sulsc.com\/","https:\/\/www.facebook.com\/profile.php?id=61559278119680","https:\/\/www.instagram.com\/sulscportal\/?hl=pt-br","https:\/\/twitter.com\/https:\/\/twitter.com\/PortalSulSC","https:\/\/www.youtube.com\/channel\/UCv_BE8GeySluDov2n8qhVmw"],"url":"https:\/\/sulsc.com\/index.php\/author\/redacao\/"}]}},"authors":[],"_links":{"self":[{"href":"https:\/\/sulsc.com\/index.php\/wp-json\/wp\/v2\/posts\/27211"}],"collection":[{"href":"https:\/\/sulsc.com\/index.php\/wp-json\/wp\/v2\/posts"}],"about":[{"href":"https:\/\/sulsc.com\/index.php\/wp-json\/wp\/v2\/types\/post"}],"author":[{"embeddable":true,"href":"https:\/\/sulsc.com\/index.php\/wp-json\/wp\/v2\/users\/3"}],"replies":[{"embeddable":true,"href":"https:\/\/sulsc.com\/index.php\/wp-json\/wp\/v2\/comments?post=27211"}],"version-history":[{"count":1,"href":"https:\/\/sulsc.com\/index.php\/wp-json\/wp\/v2\/posts\/27211\/revisions"}],"predecessor-version":[{"id":27213,"href":"https:\/\/sulsc.com\/index.php\/wp-json\/wp\/v2\/posts\/27211\/revisions\/27213"}],"wp:featuredmedia":[{"embeddable":true,"href":"https:\/\/sulsc.com\/index.php\/wp-json\/wp\/v2\/media\/27212"}],"wp:attachment":[{"href":"https:\/\/sulsc.com\/index.php\/wp-json\/wp\/v2\/media?parent=27211"}],"wp:term":[{"taxonomy":"category","embeddable":true,"href":"https:\/\/sulsc.com\/index.php\/wp-json\/wp\/v2\/categories?post=27211"},{"taxonomy":"post_tag","embeddable":true,"href":"https:\/\/sulsc.com\/index.php\/wp-json\/wp\/v2\/tags?post=27211"}],"curies":[{"name":"wp","href":"https:\/\/api.w.org\/{rel}","templated":true}]}}