{"id":27214,"date":"2025-09-17T09:30:04","date_gmt":"2025-09-17T12:30:04","guid":{"rendered":"https:\/\/sulsc.com\/?p=27214"},"modified":"2025-09-17T08:20:25","modified_gmt":"2025-09-17T11:20:25","slug":"homem-e-preso-apos-quebrar-o-braco-da-companheira-durante-discussao-em-ararangua","status":"publish","type":"post","link":"https:\/\/sulsc.com\/index.php\/2025\/09\/17\/homem-e-preso-apos-quebrar-o-braco-da-companheira-durante-discussao-em-ararangua\/","title":{"rendered":"Homem \u00e9 preso ap\u00f3s quebrar o bra\u00e7o da companheira durante discuss\u00e3o em Ararangu\u00e1"},"content":{"rendered":"<p>Uma mulher, de 54 anos, teve uma fratura no bra\u00e7o ap\u00f3s ser agredida pelo companheiro, um homem de 60 anos. O incidente ocorreu\u00a0na noite dessa ter\u00e7a-feira (16), em Ararangu\u00e1. As informa\u00e7\u00f5es repassadas pela Pol\u00edcia Militar s\u00e3o de que o crime ocorreu por volta das 19h30\u00a0e mobilizou equipes do Servi\u00e7o de Atendimento M\u00f3vel de Urg\u00eancia (Samu)\u00a0e da Pol\u00edcia Militar.<\/p>\n<p>A v\u00edtima relatou aos militares que\u00a0o casal discutiu e, durante a briga, o homem a segurou pelos bra\u00e7os e a empurrou, o que causou sua queda e consequentemente e sofresse a les\u00e3o. Mesmo ferida, a mulher relatou que foi o companheiro quem acionou o socorro m\u00e9dico e acompanhou o atendimento, admitindo que havia ingerido vinho e que a situa\u00e7\u00e3o teria sa\u00eddo do controle.<\/p>\n<p>A PM informou que, apesar da vers\u00e3o da v\u00edtima de que n\u00e3o acredita que o agressor tenha agido com maldade, o caso se enquadra como les\u00e3o corporal grave em contexto de viol\u00eancia dom\u00e9stica, crime previsto na Lei Maria da Penha.<\/p>\n<p>Diante disso, o acusado\u00a0foi conduzido \u00e0 Central de Flagrantes e a\u00a0v\u00edtima recebeu atendimento no Hospital Regional de Ararangu\u00e1.<\/p>\n<p><img fetchpriority=\"high\" decoding=\"async\" class=\"alignnone size-full wp-image-27216\" src=\"http:\/\/sulsc.com\/wp-content\/uploads\/2025\/09\/SAMU.jpg\" alt=\"\" width=\"1500\" height=\"1035\" srcset=\"https:\/\/sulsc.com\/wp-content\/uploads\/2025\/09\/SAMU.jpg 1500w, https:\/\/sulsc.com\/wp-content\/uploads\/2025\/09\/SAMU-300x207.jpg 300w, https:\/\/sulsc.com\/wp-content\/uploads\/2025\/09\/SAMU-1024x707.jpg 1024w, https:\/\/sulsc.com\/wp-content\/uploads\/2025\/09\/SAMU-768x530.jpg 768w\" sizes=\"(max-width: 1500px) 100vw, 1500px\" \/><\/p>\n<p><em>Fonte: 4oito<\/em><\/p>\n","protected":false},"excerpt":{"rendered":"<p>Uma mulher, de 54 anos, teve uma fratura no bra\u00e7o ap\u00f3s ser agredida pelo companheiro, um homem de 60 anos. O incidente ocorreu\u00a0na noite dessa ter\u00e7a-feira (16), em Ararangu\u00e1. As informa\u00e7\u00f5es repassadas pela Pol\u00edcia Militar s\u00e3o de que o crime ocorreu por volta das 19h30\u00a0e mobilizou equipes do Servi\u00e7o de Atendimento M\u00f3vel de Urg\u00eancia (Samu)\u00a0e &hellip;<\/p>\n<p class=\"read-more\"> <a class=\"\" href=\"https:\/\/sulsc.com\/index.php\/2025\/09\/17\/homem-e-preso-apos-quebrar-o-braco-da-companheira-durante-discussao-em-ararangua\/\"> <span class=\"screen-reader-text\">Homem \u00e9 preso ap\u00f3s quebrar o bra\u00e7o da companheira durante discuss\u00e3o em Ararangu\u00e1<\/span> Read More &raquo;<\/a><\/p>\n","protected":false},"author":3,"featured_media":27216,"comment_status":"open","ping_status":"open","sticky":false,"template":"","format":"standard","meta":{"site-sidebar-layout":"default","site-content-layout":"","ast-site-content-layout":"default","site-content-style":"default","site-sidebar-style":"default","ast-global-header-display":"","ast-banner-title-visibility":"","ast-main-header-display":"","ast-hfb-above-header-display":"","ast-hfb-below-header-display":"","ast-hfb-mobile-header-display":"","site-post-title":"","ast-breadcrumbs-content":"","ast-featured-img":"","footer-sml-layout":"","theme-transparent-header-meta":"default","adv-header-id-meta":"","stick-header-meta":"","header-above-stick-meta":"","header-main-stick-meta":"","header-below-stick-meta":"","astra-migrate-meta-layouts":"set","footnotes":""},"categories":[24,8,12],"tags":[329,70,91],"yoast_head":"<!-- This site is optimized with the Yoast SEO plugin v21.4 - https:\/\/yoast.com\/wordpress\/plugins\/seo\/ -->\n<title>Homem \u00e9 preso ap\u00f3s quebrar o bra\u00e7o da companheira durante discuss\u00e3o em Ararangu\u00e1 -<\/title>\n<meta name=\"robots\" content=\"index, follow, max-snippet:-1, max-image-preview:large, max-video-preview:-1\" \/>\n<link rel=\"canonical\" href=\"https:\/\/sulsc.com\/index.php\/2025\/09\/17\/homem-e-preso-apos-quebrar-o-braco-da-companheira-durante-discussao-em-ararangua\/\" \/>\n<meta property=\"og:locale\" content=\"en_US\" \/>\n<meta property=\"og:type\" content=\"article\" \/>\n<meta property=\"og:title\" content=\"Homem \u00e9 preso ap\u00f3s quebrar o bra\u00e7o da companheira durante discuss\u00e3o em Ararangu\u00e1 -\" \/>\n<meta property=\"og:description\" content=\"Uma mulher, de 54 anos, teve uma fratura no bra\u00e7o ap\u00f3s ser agredida pelo companheiro, um homem de 60 anos. O incidente ocorreu\u00a0na noite dessa ter\u00e7a-feira (16), em Ararangu\u00e1. As informa\u00e7\u00f5es repassadas pela Pol\u00edcia Militar s\u00e3o de que o crime ocorreu por volta das 19h30\u00a0e mobilizou equipes do Servi\u00e7o de Atendimento M\u00f3vel de Urg\u00eancia (Samu)\u00a0e &hellip; Homem \u00e9 preso ap\u00f3s quebrar o bra\u00e7o da companheira durante discuss\u00e3o em Ararangu\u00e1 Read More &raquo;\" \/>\n<meta property=\"og:url\" content=\"https:\/\/sulsc.com\/index.php\/2025\/09\/17\/homem-e-preso-apos-quebrar-o-braco-da-companheira-durante-discussao-em-ararangua\/\" \/>\n<meta property=\"article:author\" content=\"https:\/\/www.facebook.com\/profile.php?id=61559278119680\" \/>\n<meta property=\"article:published_time\" content=\"2025-09-17T12:30:04+00:00\" \/>\n<meta property=\"article:modified_time\" content=\"2025-09-17T11:20:25+00:00\" \/>\n<meta property=\"og:image\" content=\"https:\/\/sulsc.com\/wp-content\/uploads\/2025\/09\/SAMU.jpg\" \/>\n\t<meta property=\"og:image:width\" content=\"1500\" \/>\n\t<meta property=\"og:image:height\" content=\"1035\" \/>\n\t<meta property=\"og:image:type\" content=\"image\/jpeg\" \/>\n<meta name=\"author\" content=\"Reda\u00e7\u00e3o Sul SC\" \/>\n<meta name=\"twitter:card\" content=\"summary_large_image\" \/>\n<meta name=\"twitter:creator\" content=\"@https:\/\/twitter.com\/PortalSulSC\" \/>\n<meta name=\"twitter:label1\" content=\"Written by\" \/>\n\t<meta name=\"twitter:data1\" content=\"Reda\u00e7\u00e3o Sul SC\" \/>\n\t<meta name=\"twitter:label2\" content=\"Est. reading time\" \/>\n\t<meta name=\"twitter:data2\" content=\"2 minutes\" \/>\n<script type=\"application\/ld+json\" class=\"yoast-schema-graph\">{\"@context\":\"https:\/\/schema.org\",\"@graph\":[{\"@type\":\"WebPage\",\"@id\":\"https:\/\/sulsc.com\/index.php\/2025\/09\/17\/homem-e-preso-apos-quebrar-o-braco-da-companheira-durante-discussao-em-ararangua\/\",\"url\":\"https:\/\/sulsc.com\/index.php\/2025\/09\/17\/homem-e-preso-apos-quebrar-o-braco-da-companheira-durante-discussao-em-ararangua\/\",\"name\":\"Homem \u00e9 preso ap\u00f3s quebrar o bra\u00e7o da companheira durante discuss\u00e3o em Ararangu\u00e1 -\",\"isPartOf\":{\"@id\":\"https:\/\/sulsc.com\/#website\"},\"datePublished\":\"2025-09-17T12:30:04+00:00\",\"dateModified\":\"2025-09-17T11:20:25+00:00\",\"author\":{\"@id\":\"https:\/\/sulsc.com\/#\/schema\/person\/84d2fc571684f6248ba83092f07750a3\"},\"breadcrumb\":{\"@id\":\"https:\/\/sulsc.com\/index.php\/2025\/09\/17\/homem-e-preso-apos-quebrar-o-braco-da-companheira-durante-discussao-em-ararangua\/#breadcrumb\"},\"inLanguage\":\"en-US\",\"potentialAction\":[{\"@type\":\"ReadAction\",\"target\":[\"https:\/\/sulsc.com\/index.php\/2025\/09\/17\/homem-e-preso-apos-quebrar-o-braco-da-companheira-durante-discussao-em-ararangua\/\"]}]},{\"@type\":\"BreadcrumbList\",\"@id\":\"https:\/\/sulsc.com\/index.php\/2025\/09\/17\/homem-e-preso-apos-quebrar-o-braco-da-companheira-durante-discussao-em-ararangua\/#breadcrumb\",\"itemListElement\":[{\"@type\":\"ListItem\",\"position\":1,\"name\":\"In\u00edcio\",\"item\":\"https:\/\/sulsc.com\/\"},{\"@type\":\"ListItem\",\"position\":2,\"name\":\"Homem \u00e9 preso ap\u00f3s quebrar o bra\u00e7o da companheira durante discuss\u00e3o em Ararangu\u00e1\"}]},{\"@type\":\"WebSite\",\"@id\":\"https:\/\/sulsc.com\/#website\",\"url\":\"https:\/\/sulsc.com\/\",\"name\":\"\",\"description\":\"\",\"potentialAction\":[{\"@type\":\"SearchAction\",\"target\":{\"@type\":\"EntryPoint\",\"urlTemplate\":\"https:\/\/sulsc.com\/?s={search_term_string}\"},\"query-input\":\"required name=search_term_string\"}],\"inLanguage\":\"en-US\"},{\"@type\":\"Person\",\"@id\":\"https:\/\/sulsc.com\/#\/schema\/person\/84d2fc571684f6248ba83092f07750a3\",\"name\":\"Reda\u00e7\u00e3o Sul SC\",\"image\":{\"@type\":\"ImageObject\",\"inLanguage\":\"en-US\",\"@id\":\"https:\/\/sulsc.com\/#\/schema\/person\/image\/e08d7fe2cc4ed596372063bbe852b8d0\",\"url\":\"https:\/\/sulsc.com\/wp-content\/uploads\/2023\/09\/redacao.png\",\"contentUrl\":\"https:\/\/sulsc.com\/wp-content\/uploads\/2023\/09\/redacao.png\",\"caption\":\"Reda\u00e7\u00e3o Sul SC\"},\"description\":\"Foco em um jornalismo imparcial, voltado \u00e0 qualidade dos seus conte\u00fados e, assim, levar informa\u00e7\u00e3o de valor que agregue \u00e0 vida dos leitores. Esta \u00e9 grande miss\u00e3o do Portal de Not\u00edcias Sul SC. N\u00e3o \u00e9 quantidade que muda o mundo, sempre foi e seguir\u00e1 sendo qualidade!\",\"sameAs\":[\"https:\/\/sulsc.com\/\",\"https:\/\/www.facebook.com\/profile.php?id=61559278119680\",\"https:\/\/www.instagram.com\/sulscportal\/?hl=pt-br\",\"https:\/\/twitter.com\/https:\/\/twitter.com\/PortalSulSC\",\"https:\/\/www.youtube.com\/channel\/UCv_BE8GeySluDov2n8qhVmw\"],\"url\":\"https:\/\/sulsc.com\/index.php\/author\/redacao\/\"}]}<\/script>\n<!-- \/ Yoast SEO plugin. -->","yoast_head_json":{"title":"Homem \u00e9 preso ap\u00f3s quebrar o bra\u00e7o da companheira durante discuss\u00e3o em Ararangu\u00e1 -","robots":{"index":"index","follow":"follow","max-snippet":"max-snippet:-1","max-image-preview":"max-image-preview:large","max-video-preview":"max-video-preview:-1"},"canonical":"https:\/\/sulsc.com\/index.php\/2025\/09\/17\/homem-e-preso-apos-quebrar-o-braco-da-companheira-durante-discussao-em-ararangua\/","og_locale":"en_US","og_type":"article","og_title":"Homem \u00e9 preso ap\u00f3s quebrar o bra\u00e7o da companheira durante discuss\u00e3o em Ararangu\u00e1 -","og_description":"Uma mulher, de 54 anos, teve uma fratura no bra\u00e7o ap\u00f3s ser agredida pelo companheiro, um homem de 60 anos. O incidente ocorreu\u00a0na noite dessa ter\u00e7a-feira (16), em Ararangu\u00e1. As informa\u00e7\u00f5es repassadas pela Pol\u00edcia Militar s\u00e3o de que o crime ocorreu por volta das 19h30\u00a0e mobilizou equipes do Servi\u00e7o de Atendimento M\u00f3vel de Urg\u00eancia (Samu)\u00a0e &hellip; Homem \u00e9 preso ap\u00f3s quebrar o bra\u00e7o da companheira durante discuss\u00e3o em Ararangu\u00e1 Read More &raquo;","og_url":"https:\/\/sulsc.com\/index.php\/2025\/09\/17\/homem-e-preso-apos-quebrar-o-braco-da-companheira-durante-discussao-em-ararangua\/","article_author":"https:\/\/www.facebook.com\/profile.php?id=61559278119680","article_published_time":"2025-09-17T12:30:04+00:00","article_modified_time":"2025-09-17T11:20:25+00:00","og_image":[{"width":1500,"height":1035,"url":"https:\/\/sulsc.com\/wp-content\/uploads\/2025\/09\/SAMU.jpg","type":"image\/jpeg"}],"author":"Reda\u00e7\u00e3o Sul SC","twitter_card":"summary_large_image","twitter_creator":"@https:\/\/twitter.com\/PortalSulSC","twitter_misc":{"Written by":"Reda\u00e7\u00e3o Sul SC","Est. reading time":"2 minutes"},"schema":{"@context":"https:\/\/schema.org","@graph":[{"@type":"WebPage","@id":"https:\/\/sulsc.com\/index.php\/2025\/09\/17\/homem-e-preso-apos-quebrar-o-braco-da-companheira-durante-discussao-em-ararangua\/","url":"https:\/\/sulsc.com\/index.php\/2025\/09\/17\/homem-e-preso-apos-quebrar-o-braco-da-companheira-durante-discussao-em-ararangua\/","name":"Homem \u00e9 preso ap\u00f3s quebrar o bra\u00e7o da companheira durante discuss\u00e3o em Ararangu\u00e1 -","isPartOf":{"@id":"https:\/\/sulsc.com\/#website"},"datePublished":"2025-09-17T12:30:04+00:00","dateModified":"2025-09-17T11:20:25+00:00","author":{"@id":"https:\/\/sulsc.com\/#\/schema\/person\/84d2fc571684f6248ba83092f07750a3"},"breadcrumb":{"@id":"https:\/\/sulsc.com\/index.php\/2025\/09\/17\/homem-e-preso-apos-quebrar-o-braco-da-companheira-durante-discussao-em-ararangua\/#breadcrumb"},"inLanguage":"en-US","potentialAction":[{"@type":"ReadAction","target":["https:\/\/sulsc.com\/index.php\/2025\/09\/17\/homem-e-preso-apos-quebrar-o-braco-da-companheira-durante-discussao-em-ararangua\/"]}]},{"@type":"BreadcrumbList","@id":"https:\/\/sulsc.com\/index.php\/2025\/09\/17\/homem-e-preso-apos-quebrar-o-braco-da-companheira-durante-discussao-em-ararangua\/#breadcrumb","itemListElement":[{"@type":"ListItem","position":1,"name":"In\u00edcio","item":"https:\/\/sulsc.com\/"},{"@type":"ListItem","position":2,"name":"Homem \u00e9 preso ap\u00f3s quebrar o bra\u00e7o da companheira durante discuss\u00e3o em Ararangu\u00e1"}]},{"@type":"WebSite","@id":"https:\/\/sulsc.com\/#website","url":"https:\/\/sulsc.com\/","name":"","description":"","potentialAction":[{"@type":"SearchAction","target":{"@type":"EntryPoint","urlTemplate":"https:\/\/sulsc.com\/?s={search_term_string}"},"query-input":"required name=search_term_string"}],"inLanguage":"en-US"},{"@type":"Person","@id":"https:\/\/sulsc.com\/#\/schema\/person\/84d2fc571684f6248ba83092f07750a3","name":"Reda\u00e7\u00e3o Sul SC","image":{"@type":"ImageObject","inLanguage":"en-US","@id":"https:\/\/sulsc.com\/#\/schema\/person\/image\/e08d7fe2cc4ed596372063bbe852b8d0","url":"https:\/\/sulsc.com\/wp-content\/uploads\/2023\/09\/redacao.png","contentUrl":"https:\/\/sulsc.com\/wp-content\/uploads\/2023\/09\/redacao.png","caption":"Reda\u00e7\u00e3o Sul SC"},"description":"Foco em um jornalismo imparcial, voltado \u00e0 qualidade dos seus conte\u00fados e, assim, levar informa\u00e7\u00e3o de valor que agregue \u00e0 vida dos leitores. Esta \u00e9 grande miss\u00e3o do Portal de Not\u00edcias Sul SC. N\u00e3o \u00e9 quantidade que muda o mundo, sempre foi e seguir\u00e1 sendo qualidade!","sameAs":["https:\/\/sulsc.com\/","https:\/\/www.facebook.com\/profile.php?id=61559278119680","https:\/\/www.instagram.com\/sulscportal\/?hl=pt-br","https:\/\/twitter.com\/https:\/\/twitter.com\/PortalSulSC","https:\/\/www.youtube.com\/channel\/UCv_BE8GeySluDov2n8qhVmw"],"url":"https:\/\/sulsc.com\/index.php\/author\/redacao\/"}]}},"authors":[],"_links":{"self":[{"href":"https:\/\/sulsc.com\/index.php\/wp-json\/wp\/v2\/posts\/27214"}],"collection":[{"href":"https:\/\/sulsc.com\/index.php\/wp-json\/wp\/v2\/posts"}],"about":[{"href":"https:\/\/sulsc.com\/index.php\/wp-json\/wp\/v2\/types\/post"}],"author":[{"embeddable":true,"href":"https:\/\/sulsc.com\/index.php\/wp-json\/wp\/v2\/users\/3"}],"replies":[{"embeddable":true,"href":"https:\/\/sulsc.com\/index.php\/wp-json\/wp\/v2\/comments?post=27214"}],"version-history":[{"count":1,"href":"https:\/\/sulsc.com\/index.php\/wp-json\/wp\/v2\/posts\/27214\/revisions"}],"predecessor-version":[{"id":27217,"href":"https:\/\/sulsc.com\/index.php\/wp-json\/wp\/v2\/posts\/27214\/revisions\/27217"}],"wp:featuredmedia":[{"embeddable":true,"href":"https:\/\/sulsc.com\/index.php\/wp-json\/wp\/v2\/media\/27216"}],"wp:attachment":[{"href":"https:\/\/sulsc.com\/index.php\/wp-json\/wp\/v2\/media?parent=27214"}],"wp:term":[{"taxonomy":"category","embeddable":true,"href":"https:\/\/sulsc.com\/index.php\/wp-json\/wp\/v2\/categories?post=27214"},{"taxonomy":"post_tag","embeddable":true,"href":"https:\/\/sulsc.com\/index.php\/wp-json\/wp\/v2\/tags?post=27214"}],"curies":[{"name":"wp","href":"https:\/\/api.w.org\/{rel}","templated":true}]}}