{"id":27241,"date":"2025-09-17T17:31:58","date_gmt":"2025-09-17T20:31:58","guid":{"rendered":"https:\/\/sulsc.com\/?p=27241"},"modified":"2025-09-17T17:31:58","modified_gmt":"2025-09-17T20:31:58","slug":"cdl-de-braco-do-norte-promove-workshop-de-visual-merchandising","status":"publish","type":"post","link":"https:\/\/sulsc.com\/index.php\/2025\/09\/17\/cdl-de-braco-do-norte-promove-workshop-de-visual-merchandising\/","title":{"rendered":"CDL de Bra\u00e7o do Norte promove workshop de Visual Merchandising"},"content":{"rendered":"<p>Apresentar estrat\u00e9gias para tornar o ponto de venda mais atrativo, estimulando a experi\u00eancia de compra e potencializando as vendas. Este \u00e9 o objetivo do Workshop de Visual Merchandising, que ser\u00e1 realizado entre 7 a 9 de outubro, em Bra\u00e7o do Norte. O encontro, promovido pela C\u00e2mara de Dirigentes Lojistas do munic\u00edpio, ser\u00e1 presencial, no audit\u00f3rio da entidade, sempre das 19h \u00e0s 22horas.<\/p>\n<p>O curso ser\u00e1 conduzido pela arquiteta e especialista em arquitetura comercial Marina Marcola. Ao longo dos tr\u00eas dias, os participantes ter\u00e3o acesso a conte\u00fados pr\u00e1ticos e atualizados sobre os objetivos do visual merchandising, a combina\u00e7\u00e3o de cores e harmonia visual, t\u00e9cnicas de exposi\u00e7\u00e3o de produtos, al\u00e9m de exerc\u00edcios que envolvem dobras perfeitas e uso estrat\u00e9gico de manequins.<\/p>\n<div id=\"metaslider-id-25573\" style=\"width: 100%;\" class=\"ml-slider-3-99-0 metaslider metaslider-flex metaslider-25573 ml-slider has-onhover-arrows ms-theme-default-base has-dots-nav\" role=\"region\" aria-label=\"Meio\" data-width=\"1200\">\n    <div id=\"metaslider_container_25573\">\n        <div id=\"metaslider_25573\">\n            <ul class='slides'>\n                <li style=\"display: block; width: 100%;\" class=\"slide-25684 ms-image \" aria-roledescription=\"slide\" data-date=\"2025-07-24 07:55:40\"><img src=\"https:\/\/sulsc.com\/wp-content\/uploads\/2025\/07\/Marr-2-1000x166.jpg\" height=\"200\" width=\"1200\" alt=\"\" class=\"slider-25573 slide-25684 msDefaultImage\" title=\"Marr 2\" \/><\/li>\n                <li style=\"display: none; width: 100%;\" class=\"slide-32412 ms-image \" aria-roledescription=\"slide\" data-date=\"2026-02-18 13:59:46\"><img src=\"https:\/\/sulsc.com\/wp-content\/uploads\/2026\/02\/40dc1580-cad5-4867-bc58-c4243821ad38-1000x166.jpeg\" height=\"200\" width=\"1200\" alt=\"\" class=\"slider-25573 slide-32412 msDefaultImage\" title=\"40dc1580-cad5-4867-bc58-c4243821ad38\" \/><\/li>\n                <li style=\"display: none; width: 100%;\" class=\"slide-32766 ms-image \" aria-roledescription=\"slide\" data-date=\"2026-03-03 17:22:59\"><img src=\"https:\/\/sulsc.com\/wp-content\/uploads\/2026\/03\/271ce739-f268-41c5-8051-3de1a1750359-1000x166.jpeg\" height=\"200\" width=\"1200\" alt=\"\" class=\"slider-25573 slide-32766 msDefaultImage\" title=\"271ce739-f268-41c5-8051-3de1a1750359\" \/><\/li>\n            <\/ul>\n        <\/div>\n        \n    <\/div>\n<\/div>\n<p>Com mais de quinze anos de experi\u00eancia, Marina Marcola construiu sua trajet\u00f3ria profissional na \u00e1rea de arquitetura comercial, atuando durante uma d\u00e9cada na Marisol, onde coordenou equipes e assinou projetos para mais de quatrocentas lojas em todo o pa\u00eds. A palestrante possui p\u00f3s-gradua\u00e7\u00e3o em Gest\u00e3o de Neg\u00f3cios e direciona seu trabalho para orientar pequenos e m\u00e9dios empreendedores na melhoria dos espa\u00e7os de venda.<\/p>\n<p><img fetchpriority=\"high\" decoding=\"async\" class=\"alignnone size-full wp-image-27244\" src=\"http:\/\/sulsc.com\/wp-content\/uploads\/2025\/09\/reuniao-de-negocios-criativa-com-colega-de-trabalho-caucasiano-e-asiatico-discute-com-laptop-de-papel-e-felicidade-e-fundo-de-cafe-alegre-scaled.jpg\" alt=\"\" width=\"2560\" height=\"1708\" srcset=\"https:\/\/sulsc.com\/wp-content\/uploads\/2025\/09\/reuniao-de-negocios-criativa-com-colega-de-trabalho-caucasiano-e-asiatico-discute-com-laptop-de-papel-e-felicidade-e-fundo-de-cafe-alegre-scaled.jpg 2560w, https:\/\/sulsc.com\/wp-content\/uploads\/2025\/09\/reuniao-de-negocios-criativa-com-colega-de-trabalho-caucasiano-e-asiatico-discute-com-laptop-de-papel-e-felicidade-e-fundo-de-cafe-alegre-300x200.jpg 300w, https:\/\/sulsc.com\/wp-content\/uploads\/2025\/09\/reuniao-de-negocios-criativa-com-colega-de-trabalho-caucasiano-e-asiatico-discute-com-laptop-de-papel-e-felicidade-e-fundo-de-cafe-alegre-1024x683.jpg 1024w, https:\/\/sulsc.com\/wp-content\/uploads\/2025\/09\/reuniao-de-negocios-criativa-com-colega-de-trabalho-caucasiano-e-asiatico-discute-com-laptop-de-papel-e-felicidade-e-fundo-de-cafe-alegre-768x512.jpg 768w, https:\/\/sulsc.com\/wp-content\/uploads\/2025\/09\/reuniao-de-negocios-criativa-com-colega-de-trabalho-caucasiano-e-asiatico-discute-com-laptop-de-papel-e-felicidade-e-fundo-de-cafe-alegre-1536x1025.jpg 1536w, https:\/\/sulsc.com\/wp-content\/uploads\/2025\/09\/reuniao-de-negocios-criativa-com-colega-de-trabalho-caucasiano-e-asiatico-discute-com-laptop-de-papel-e-felicidade-e-fundo-de-cafe-alegre-2048x1366.jpg 2048w\" sizes=\"(max-width: 2560px) 100vw, 2560px\" \/><\/p>\n","protected":false},"excerpt":{"rendered":"<p>Apresentar estrat\u00e9gias para tornar o ponto de venda mais atrativo, estimulando a experi\u00eancia de compra e potencializando as vendas. Este \u00e9 o objetivo do Workshop de Visual Merchandising, que ser\u00e1 realizado entre 7 a 9 de outubro, em Bra\u00e7o do Norte. O encontro, promovido pela C\u00e2mara de Dirigentes Lojistas do munic\u00edpio, ser\u00e1 presencial, no audit\u00f3rio &hellip;<\/p>\n<p class=\"read-more\"> <a class=\"\" href=\"https:\/\/sulsc.com\/index.php\/2025\/09\/17\/cdl-de-braco-do-norte-promove-workshop-de-visual-merchandising\/\"> <span class=\"screen-reader-text\">CDL de Bra\u00e7o do Norte promove workshop de Visual Merchandising<\/span> Read More &raquo;<\/a><\/p>\n","protected":false},"author":3,"featured_media":27244,"comment_status":"open","ping_status":"open","sticky":false,"template":"","format":"standard","meta":{"site-sidebar-layout":"default","site-content-layout":"","ast-site-content-layout":"default","site-content-style":"default","site-sidebar-style":"default","ast-global-header-display":"","ast-banner-title-visibility":"","ast-main-header-display":"","ast-hfb-above-header-display":"","ast-hfb-below-header-display":"","ast-hfb-mobile-header-display":"","site-post-title":"","ast-breadcrumbs-content":"","ast-featured-img":"","footer-sml-layout":"","theme-transparent-header-meta":"default","adv-header-id-meta":"","stick-header-meta":"","header-above-stick-meta":"","header-main-stick-meta":"","header-below-stick-meta":"","astra-migrate-meta-layouts":"set","footnotes":""},"categories":[2282,1,12],"tags":[1466,138,2003],"yoast_head":"<!-- This site is optimized with the Yoast SEO plugin v21.4 - https:\/\/yoast.com\/wordpress\/plugins\/seo\/ -->\n<title>CDL de Bra\u00e7o do Norte promove workshop de Visual Merchandising -<\/title>\n<meta name=\"robots\" content=\"index, follow, max-snippet:-1, max-image-preview:large, max-video-preview:-1\" \/>\n<link rel=\"canonical\" href=\"https:\/\/sulsc.com\/index.php\/2025\/09\/17\/cdl-de-braco-do-norte-promove-workshop-de-visual-merchandising\/\" \/>\n<meta property=\"og:locale\" content=\"en_US\" \/>\n<meta property=\"og:type\" content=\"article\" \/>\n<meta property=\"og:title\" content=\"CDL de Bra\u00e7o do Norte promove workshop de Visual Merchandising -\" \/>\n<meta property=\"og:description\" content=\"Apresentar estrat\u00e9gias para tornar o ponto de venda mais atrativo, estimulando a experi\u00eancia de compra e potencializando as vendas. Este \u00e9 o objetivo do Workshop de Visual Merchandising, que ser\u00e1 realizado entre 7 a 9 de outubro, em Bra\u00e7o do Norte. O encontro, promovido pela C\u00e2mara de Dirigentes Lojistas do munic\u00edpio, ser\u00e1 presencial, no audit\u00f3rio &hellip; CDL de Bra\u00e7o do Norte promove workshop de Visual Merchandising Read More &raquo;\" \/>\n<meta property=\"og:url\" content=\"https:\/\/sulsc.com\/index.php\/2025\/09\/17\/cdl-de-braco-do-norte-promove-workshop-de-visual-merchandising\/\" \/>\n<meta property=\"article:author\" content=\"https:\/\/www.facebook.com\/profile.php?id=61559278119680\" \/>\n<meta property=\"article:published_time\" content=\"2025-09-17T20:31:58+00:00\" \/>\n<meta property=\"og:image\" content=\"http:\/\/sulsc.com\/wp-content\/uploads\/2025\/09\/reuniao-de-negocios-criativa-com-colega-de-trabalho-caucasiano-e-asiatico-discute-com-laptop-de-papel-e-felicidade-e-fundo-de-cafe-alegre-scaled.jpg\" \/>\n\t<meta property=\"og:image:width\" content=\"2560\" \/>\n\t<meta property=\"og:image:height\" content=\"1708\" \/>\n\t<meta property=\"og:image:type\" content=\"image\/jpeg\" \/>\n<meta name=\"author\" content=\"Reda\u00e7\u00e3o Sul SC\" \/>\n<meta name=\"twitter:card\" content=\"summary_large_image\" \/>\n<meta name=\"twitter:creator\" content=\"@https:\/\/twitter.com\/PortalSulSC\" \/>\n<meta name=\"twitter:label1\" content=\"Written by\" \/>\n\t<meta name=\"twitter:data1\" content=\"Reda\u00e7\u00e3o Sul SC\" \/>\n\t<meta name=\"twitter:label2\" content=\"Est. reading time\" \/>\n\t<meta name=\"twitter:data2\" content=\"2 minutes\" \/>\n<script type=\"application\/ld+json\" class=\"yoast-schema-graph\">{\"@context\":\"https:\/\/schema.org\",\"@graph\":[{\"@type\":\"WebPage\",\"@id\":\"https:\/\/sulsc.com\/index.php\/2025\/09\/17\/cdl-de-braco-do-norte-promove-workshop-de-visual-merchandising\/\",\"url\":\"https:\/\/sulsc.com\/index.php\/2025\/09\/17\/cdl-de-braco-do-norte-promove-workshop-de-visual-merchandising\/\",\"name\":\"CDL de Bra\u00e7o do Norte promove workshop de Visual Merchandising -\",\"isPartOf\":{\"@id\":\"https:\/\/sulsc.com\/#website\"},\"datePublished\":\"2025-09-17T20:31:58+00:00\",\"dateModified\":\"2025-09-17T20:31:58+00:00\",\"author\":{\"@id\":\"https:\/\/sulsc.com\/#\/schema\/person\/84d2fc571684f6248ba83092f07750a3\"},\"breadcrumb\":{\"@id\":\"https:\/\/sulsc.com\/index.php\/2025\/09\/17\/cdl-de-braco-do-norte-promove-workshop-de-visual-merchandising\/#breadcrumb\"},\"inLanguage\":\"en-US\",\"potentialAction\":[{\"@type\":\"ReadAction\",\"target\":[\"https:\/\/sulsc.com\/index.php\/2025\/09\/17\/cdl-de-braco-do-norte-promove-workshop-de-visual-merchandising\/\"]}]},{\"@type\":\"BreadcrumbList\",\"@id\":\"https:\/\/sulsc.com\/index.php\/2025\/09\/17\/cdl-de-braco-do-norte-promove-workshop-de-visual-merchandising\/#breadcrumb\",\"itemListElement\":[{\"@type\":\"ListItem\",\"position\":1,\"name\":\"In\u00edcio\",\"item\":\"https:\/\/sulsc.com\/\"},{\"@type\":\"ListItem\",\"position\":2,\"name\":\"CDL de Bra\u00e7o do Norte promove workshop de Visual Merchandising\"}]},{\"@type\":\"WebSite\",\"@id\":\"https:\/\/sulsc.com\/#website\",\"url\":\"https:\/\/sulsc.com\/\",\"name\":\"\",\"description\":\"\",\"potentialAction\":[{\"@type\":\"SearchAction\",\"target\":{\"@type\":\"EntryPoint\",\"urlTemplate\":\"https:\/\/sulsc.com\/?s={search_term_string}\"},\"query-input\":\"required name=search_term_string\"}],\"inLanguage\":\"en-US\"},{\"@type\":\"Person\",\"@id\":\"https:\/\/sulsc.com\/#\/schema\/person\/84d2fc571684f6248ba83092f07750a3\",\"name\":\"Reda\u00e7\u00e3o Sul SC\",\"image\":{\"@type\":\"ImageObject\",\"inLanguage\":\"en-US\",\"@id\":\"https:\/\/sulsc.com\/#\/schema\/person\/image\/e08d7fe2cc4ed596372063bbe852b8d0\",\"url\":\"https:\/\/sulsc.com\/wp-content\/uploads\/2023\/09\/redacao.png\",\"contentUrl\":\"https:\/\/sulsc.com\/wp-content\/uploads\/2023\/09\/redacao.png\",\"caption\":\"Reda\u00e7\u00e3o Sul SC\"},\"description\":\"Foco em um jornalismo imparcial, voltado \u00e0 qualidade dos seus conte\u00fados e, assim, levar informa\u00e7\u00e3o de valor que agregue \u00e0 vida dos leitores. Esta \u00e9 grande miss\u00e3o do Portal de Not\u00edcias Sul SC. N\u00e3o \u00e9 quantidade que muda o mundo, sempre foi e seguir\u00e1 sendo qualidade!\",\"sameAs\":[\"https:\/\/sulsc.com\/\",\"https:\/\/www.facebook.com\/profile.php?id=61559278119680\",\"https:\/\/www.instagram.com\/sulscportal\/?hl=pt-br\",\"https:\/\/twitter.com\/https:\/\/twitter.com\/PortalSulSC\",\"https:\/\/www.youtube.com\/channel\/UCv_BE8GeySluDov2n8qhVmw\"],\"url\":\"https:\/\/sulsc.com\/index.php\/author\/redacao\/\"}]}<\/script>\n<!-- \/ Yoast SEO plugin. -->","yoast_head_json":{"title":"CDL de Bra\u00e7o do Norte promove workshop de Visual Merchandising -","robots":{"index":"index","follow":"follow","max-snippet":"max-snippet:-1","max-image-preview":"max-image-preview:large","max-video-preview":"max-video-preview:-1"},"canonical":"https:\/\/sulsc.com\/index.php\/2025\/09\/17\/cdl-de-braco-do-norte-promove-workshop-de-visual-merchandising\/","og_locale":"en_US","og_type":"article","og_title":"CDL de Bra\u00e7o do Norte promove workshop de Visual Merchandising -","og_description":"Apresentar estrat\u00e9gias para tornar o ponto de venda mais atrativo, estimulando a experi\u00eancia de compra e potencializando as vendas. Este \u00e9 o objetivo do Workshop de Visual Merchandising, que ser\u00e1 realizado entre 7 a 9 de outubro, em Bra\u00e7o do Norte. O encontro, promovido pela C\u00e2mara de Dirigentes Lojistas do munic\u00edpio, ser\u00e1 presencial, no audit\u00f3rio &hellip; CDL de Bra\u00e7o do Norte promove workshop de Visual Merchandising Read More &raquo;","og_url":"https:\/\/sulsc.com\/index.php\/2025\/09\/17\/cdl-de-braco-do-norte-promove-workshop-de-visual-merchandising\/","article_author":"https:\/\/www.facebook.com\/profile.php?id=61559278119680","article_published_time":"2025-09-17T20:31:58+00:00","og_image":[{"width":2560,"height":1708,"url":"http:\/\/sulsc.com\/wp-content\/uploads\/2025\/09\/reuniao-de-negocios-criativa-com-colega-de-trabalho-caucasiano-e-asiatico-discute-com-laptop-de-papel-e-felicidade-e-fundo-de-cafe-alegre-scaled.jpg","type":"image\/jpeg"}],"author":"Reda\u00e7\u00e3o Sul SC","twitter_card":"summary_large_image","twitter_creator":"@https:\/\/twitter.com\/PortalSulSC","twitter_misc":{"Written by":"Reda\u00e7\u00e3o Sul SC","Est. reading time":"2 minutes"},"schema":{"@context":"https:\/\/schema.org","@graph":[{"@type":"WebPage","@id":"https:\/\/sulsc.com\/index.php\/2025\/09\/17\/cdl-de-braco-do-norte-promove-workshop-de-visual-merchandising\/","url":"https:\/\/sulsc.com\/index.php\/2025\/09\/17\/cdl-de-braco-do-norte-promove-workshop-de-visual-merchandising\/","name":"CDL de Bra\u00e7o do Norte promove workshop de Visual Merchandising -","isPartOf":{"@id":"https:\/\/sulsc.com\/#website"},"datePublished":"2025-09-17T20:31:58+00:00","dateModified":"2025-09-17T20:31:58+00:00","author":{"@id":"https:\/\/sulsc.com\/#\/schema\/person\/84d2fc571684f6248ba83092f07750a3"},"breadcrumb":{"@id":"https:\/\/sulsc.com\/index.php\/2025\/09\/17\/cdl-de-braco-do-norte-promove-workshop-de-visual-merchandising\/#breadcrumb"},"inLanguage":"en-US","potentialAction":[{"@type":"ReadAction","target":["https:\/\/sulsc.com\/index.php\/2025\/09\/17\/cdl-de-braco-do-norte-promove-workshop-de-visual-merchandising\/"]}]},{"@type":"BreadcrumbList","@id":"https:\/\/sulsc.com\/index.php\/2025\/09\/17\/cdl-de-braco-do-norte-promove-workshop-de-visual-merchandising\/#breadcrumb","itemListElement":[{"@type":"ListItem","position":1,"name":"In\u00edcio","item":"https:\/\/sulsc.com\/"},{"@type":"ListItem","position":2,"name":"CDL de Bra\u00e7o do Norte promove workshop de Visual Merchandising"}]},{"@type":"WebSite","@id":"https:\/\/sulsc.com\/#website","url":"https:\/\/sulsc.com\/","name":"","description":"","potentialAction":[{"@type":"SearchAction","target":{"@type":"EntryPoint","urlTemplate":"https:\/\/sulsc.com\/?s={search_term_string}"},"query-input":"required name=search_term_string"}],"inLanguage":"en-US"},{"@type":"Person","@id":"https:\/\/sulsc.com\/#\/schema\/person\/84d2fc571684f6248ba83092f07750a3","name":"Reda\u00e7\u00e3o Sul SC","image":{"@type":"ImageObject","inLanguage":"en-US","@id":"https:\/\/sulsc.com\/#\/schema\/person\/image\/e08d7fe2cc4ed596372063bbe852b8d0","url":"https:\/\/sulsc.com\/wp-content\/uploads\/2023\/09\/redacao.png","contentUrl":"https:\/\/sulsc.com\/wp-content\/uploads\/2023\/09\/redacao.png","caption":"Reda\u00e7\u00e3o Sul SC"},"description":"Foco em um jornalismo imparcial, voltado \u00e0 qualidade dos seus conte\u00fados e, assim, levar informa\u00e7\u00e3o de valor que agregue \u00e0 vida dos leitores. Esta \u00e9 grande miss\u00e3o do Portal de Not\u00edcias Sul SC. N\u00e3o \u00e9 quantidade que muda o mundo, sempre foi e seguir\u00e1 sendo qualidade!","sameAs":["https:\/\/sulsc.com\/","https:\/\/www.facebook.com\/profile.php?id=61559278119680","https:\/\/www.instagram.com\/sulscportal\/?hl=pt-br","https:\/\/twitter.com\/https:\/\/twitter.com\/PortalSulSC","https:\/\/www.youtube.com\/channel\/UCv_BE8GeySluDov2n8qhVmw"],"url":"https:\/\/sulsc.com\/index.php\/author\/redacao\/"}]}},"authors":[],"_links":{"self":[{"href":"https:\/\/sulsc.com\/index.php\/wp-json\/wp\/v2\/posts\/27241"}],"collection":[{"href":"https:\/\/sulsc.com\/index.php\/wp-json\/wp\/v2\/posts"}],"about":[{"href":"https:\/\/sulsc.com\/index.php\/wp-json\/wp\/v2\/types\/post"}],"author":[{"embeddable":true,"href":"https:\/\/sulsc.com\/index.php\/wp-json\/wp\/v2\/users\/3"}],"replies":[{"embeddable":true,"href":"https:\/\/sulsc.com\/index.php\/wp-json\/wp\/v2\/comments?post=27241"}],"version-history":[{"count":1,"href":"https:\/\/sulsc.com\/index.php\/wp-json\/wp\/v2\/posts\/27241\/revisions"}],"predecessor-version":[{"id":27245,"href":"https:\/\/sulsc.com\/index.php\/wp-json\/wp\/v2\/posts\/27241\/revisions\/27245"}],"wp:featuredmedia":[{"embeddable":true,"href":"https:\/\/sulsc.com\/index.php\/wp-json\/wp\/v2\/media\/27244"}],"wp:attachment":[{"href":"https:\/\/sulsc.com\/index.php\/wp-json\/wp\/v2\/media?parent=27241"}],"wp:term":[{"taxonomy":"category","embeddable":true,"href":"https:\/\/sulsc.com\/index.php\/wp-json\/wp\/v2\/categories?post=27241"},{"taxonomy":"post_tag","embeddable":true,"href":"https:\/\/sulsc.com\/index.php\/wp-json\/wp\/v2\/tags?post=27241"}],"curies":[{"name":"wp","href":"https:\/\/api.w.org\/{rel}","templated":true}]}}