{"id":27316,"date":"2025-09-19T09:00:08","date_gmt":"2025-09-19T12:00:08","guid":{"rendered":"https:\/\/sulsc.com\/?p=27316"},"modified":"2025-09-19T06:07:33","modified_gmt":"2025-09-19T09:07:33","slug":"paiol-ao-lado-de-estufa-de-fumo-e-atingida-por-fogo-em-ararangua","status":"publish","type":"post","link":"https:\/\/sulsc.com\/index.php\/2025\/09\/19\/paiol-ao-lado-de-estufa-de-fumo-e-atingida-por-fogo-em-ararangua\/","title":{"rendered":"Paiol ao lado de estufa de fumo \u00e9 atingida por fogo em Ararangu\u00e1"},"content":{"rendered":"<p>Um inc\u00eandio em uma estufa de fumo foi registrado na noite dessa quinta-feira (18), no bairro Herc\u00edlio Luz, em Ararangu\u00e1. O Corpo de Bombeiros do munic\u00edpio foi acionado para atender a ocorr\u00eancia por volta das 22h10, na rua: Pedro Jo\u00e3o Figueiredo.<\/p>\n<p>No momento em que os socorristas chegaram no local foi constatado que o inc\u00eandio atingia um paiol, de aproximadamente 100 metros quadrados, ao lado da estufa de fumo.\u00a0Para a a\u00e7\u00e3o foi montada uma linha de ataque direto e iniciado o combate as chamas.<\/p>\n<p>Foi realizada a prote\u00e7\u00e3o da estufa e extin\u00e7\u00e3o do fogo do paiol, Os bombeiros utilizaram cerca de 1.500 litros de \u00e1gua transportada. Ap\u00f3s instru\u00e7\u00f5es sobre os procedimentos de informe pericial a guarni\u00e7\u00e3o retornou a base.<\/p>\n<p><img fetchpriority=\"high\" decoding=\"async\" class=\"alignnone size-full wp-image-27325\" src=\"http:\/\/sulsc.com\/wp-content\/uploads\/2025\/09\/incendio-em-Ararangua.jpg\" alt=\"\" width=\"1280\" height=\"720\" srcset=\"https:\/\/sulsc.com\/wp-content\/uploads\/2025\/09\/incendio-em-Ararangua.jpg 1280w, https:\/\/sulsc.com\/wp-content\/uploads\/2025\/09\/incendio-em-Ararangua-300x169.jpg 300w, https:\/\/sulsc.com\/wp-content\/uploads\/2025\/09\/incendio-em-Ararangua-1024x576.jpg 1024w, https:\/\/sulsc.com\/wp-content\/uploads\/2025\/09\/incendio-em-Ararangua-768x432.jpg 768w\" sizes=\"(max-width: 1280px) 100vw, 1280px\" \/><\/p>\n","protected":false},"excerpt":{"rendered":"<p>Um inc\u00eandio em uma estufa de fumo foi registrado na noite dessa quinta-feira (18), no bairro Herc\u00edlio Luz, em Ararangu\u00e1. O Corpo de Bombeiros do munic\u00edpio foi acionado para atender a ocorr\u00eancia por volta das 22h10, na rua: Pedro Jo\u00e3o Figueiredo. No momento em que os socorristas chegaram no local foi constatado que o inc\u00eandio &hellip;<\/p>\n<p class=\"read-more\"> <a class=\"\" href=\"https:\/\/sulsc.com\/index.php\/2025\/09\/19\/paiol-ao-lado-de-estufa-de-fumo-e-atingida-por-fogo-em-ararangua\/\"> <span class=\"screen-reader-text\">Paiol ao lado de estufa de fumo \u00e9 atingida por fogo em Ararangu\u00e1<\/span> Read More &raquo;<\/a><\/p>\n","protected":false},"author":3,"featured_media":27324,"comment_status":"open","ping_status":"open","sticky":false,"template":"","format":"standard","meta":{"site-sidebar-layout":"default","site-content-layout":"","ast-site-content-layout":"default","site-content-style":"default","site-sidebar-style":"default","ast-global-header-display":"","ast-banner-title-visibility":"","ast-main-header-display":"","ast-hfb-above-header-display":"","ast-hfb-below-header-display":"","ast-hfb-mobile-header-display":"","site-post-title":"","ast-breadcrumbs-content":"","ast-featured-img":"","footer-sml-layout":"","theme-transparent-header-meta":"default","adv-header-id-meta":"","stick-header-meta":"","header-above-stick-meta":"","header-main-stick-meta":"","header-below-stick-meta":"","astra-migrate-meta-layouts":"set","footnotes":""},"categories":[24,8,12],"tags":[2374,248],"yoast_head":"<!-- This site is optimized with the Yoast SEO plugin v21.4 - https:\/\/yoast.com\/wordpress\/plugins\/seo\/ -->\n<title>Paiol ao lado de estufa de fumo \u00e9 atingida por fogo em Ararangu\u00e1 -<\/title>\n<meta name=\"robots\" content=\"index, follow, max-snippet:-1, max-image-preview:large, max-video-preview:-1\" \/>\n<link rel=\"canonical\" href=\"https:\/\/sulsc.com\/index.php\/2025\/09\/19\/paiol-ao-lado-de-estufa-de-fumo-e-atingida-por-fogo-em-ararangua\/\" \/>\n<meta property=\"og:locale\" content=\"en_US\" \/>\n<meta property=\"og:type\" content=\"article\" \/>\n<meta property=\"og:title\" content=\"Paiol ao lado de estufa de fumo \u00e9 atingida por fogo em Ararangu\u00e1 -\" \/>\n<meta property=\"og:description\" content=\"Um inc\u00eandio em uma estufa de fumo foi registrado na noite dessa quinta-feira (18), no bairro Herc\u00edlio Luz, em Ararangu\u00e1. O Corpo de Bombeiros do munic\u00edpio foi acionado para atender a ocorr\u00eancia por volta das 22h10, na rua: Pedro Jo\u00e3o Figueiredo. No momento em que os socorristas chegaram no local foi constatado que o inc\u00eandio &hellip; Paiol ao lado de estufa de fumo \u00e9 atingida por fogo em Ararangu\u00e1 Read More &raquo;\" \/>\n<meta property=\"og:url\" content=\"https:\/\/sulsc.com\/index.php\/2025\/09\/19\/paiol-ao-lado-de-estufa-de-fumo-e-atingida-por-fogo-em-ararangua\/\" \/>\n<meta property=\"article:author\" content=\"https:\/\/www.facebook.com\/profile.php?id=61559278119680\" \/>\n<meta property=\"article:published_time\" content=\"2025-09-19T12:00:08+00:00\" \/>\n<meta property=\"article:modified_time\" content=\"2025-09-19T09:07:33+00:00\" \/>\n<meta property=\"og:image\" content=\"https:\/\/sulsc.com\/wp-content\/uploads\/2025\/09\/incendio-em-Ararangua-02.jpg\" \/>\n\t<meta property=\"og:image:width\" content=\"1280\" \/>\n\t<meta property=\"og:image:height\" content=\"720\" \/>\n\t<meta property=\"og:image:type\" content=\"image\/jpeg\" \/>\n<meta name=\"author\" content=\"Reda\u00e7\u00e3o Sul SC\" \/>\n<meta name=\"twitter:card\" content=\"summary_large_image\" \/>\n<meta name=\"twitter:creator\" content=\"@https:\/\/twitter.com\/PortalSulSC\" \/>\n<meta name=\"twitter:label1\" content=\"Written by\" \/>\n\t<meta name=\"twitter:data1\" content=\"Reda\u00e7\u00e3o Sul SC\" \/>\n\t<meta name=\"twitter:label2\" content=\"Est. reading time\" \/>\n\t<meta name=\"twitter:data2\" content=\"1 minute\" \/>\n<script type=\"application\/ld+json\" class=\"yoast-schema-graph\">{\"@context\":\"https:\/\/schema.org\",\"@graph\":[{\"@type\":\"WebPage\",\"@id\":\"https:\/\/sulsc.com\/index.php\/2025\/09\/19\/paiol-ao-lado-de-estufa-de-fumo-e-atingida-por-fogo-em-ararangua\/\",\"url\":\"https:\/\/sulsc.com\/index.php\/2025\/09\/19\/paiol-ao-lado-de-estufa-de-fumo-e-atingida-por-fogo-em-ararangua\/\",\"name\":\"Paiol ao lado de estufa de fumo \u00e9 atingida por fogo em Ararangu\u00e1 -\",\"isPartOf\":{\"@id\":\"https:\/\/sulsc.com\/#website\"},\"datePublished\":\"2025-09-19T12:00:08+00:00\",\"dateModified\":\"2025-09-19T09:07:33+00:00\",\"author\":{\"@id\":\"https:\/\/sulsc.com\/#\/schema\/person\/84d2fc571684f6248ba83092f07750a3\"},\"breadcrumb\":{\"@id\":\"https:\/\/sulsc.com\/index.php\/2025\/09\/19\/paiol-ao-lado-de-estufa-de-fumo-e-atingida-por-fogo-em-ararangua\/#breadcrumb\"},\"inLanguage\":\"en-US\",\"potentialAction\":[{\"@type\":\"ReadAction\",\"target\":[\"https:\/\/sulsc.com\/index.php\/2025\/09\/19\/paiol-ao-lado-de-estufa-de-fumo-e-atingida-por-fogo-em-ararangua\/\"]}]},{\"@type\":\"BreadcrumbList\",\"@id\":\"https:\/\/sulsc.com\/index.php\/2025\/09\/19\/paiol-ao-lado-de-estufa-de-fumo-e-atingida-por-fogo-em-ararangua\/#breadcrumb\",\"itemListElement\":[{\"@type\":\"ListItem\",\"position\":1,\"name\":\"In\u00edcio\",\"item\":\"https:\/\/sulsc.com\/\"},{\"@type\":\"ListItem\",\"position\":2,\"name\":\"Paiol ao lado de estufa de fumo \u00e9 atingida por fogo em Ararangu\u00e1\"}]},{\"@type\":\"WebSite\",\"@id\":\"https:\/\/sulsc.com\/#website\",\"url\":\"https:\/\/sulsc.com\/\",\"name\":\"\",\"description\":\"\",\"potentialAction\":[{\"@type\":\"SearchAction\",\"target\":{\"@type\":\"EntryPoint\",\"urlTemplate\":\"https:\/\/sulsc.com\/?s={search_term_string}\"},\"query-input\":\"required name=search_term_string\"}],\"inLanguage\":\"en-US\"},{\"@type\":\"Person\",\"@id\":\"https:\/\/sulsc.com\/#\/schema\/person\/84d2fc571684f6248ba83092f07750a3\",\"name\":\"Reda\u00e7\u00e3o Sul SC\",\"image\":{\"@type\":\"ImageObject\",\"inLanguage\":\"en-US\",\"@id\":\"https:\/\/sulsc.com\/#\/schema\/person\/image\/e08d7fe2cc4ed596372063bbe852b8d0\",\"url\":\"https:\/\/sulsc.com\/wp-content\/uploads\/2023\/09\/redacao.png\",\"contentUrl\":\"https:\/\/sulsc.com\/wp-content\/uploads\/2023\/09\/redacao.png\",\"caption\":\"Reda\u00e7\u00e3o Sul SC\"},\"description\":\"Foco em um jornalismo imparcial, voltado \u00e0 qualidade dos seus conte\u00fados e, assim, levar informa\u00e7\u00e3o de valor que agregue \u00e0 vida dos leitores. Esta \u00e9 grande miss\u00e3o do Portal de Not\u00edcias Sul SC. N\u00e3o \u00e9 quantidade que muda o mundo, sempre foi e seguir\u00e1 sendo qualidade!\",\"sameAs\":[\"https:\/\/sulsc.com\/\",\"https:\/\/www.facebook.com\/profile.php?id=61559278119680\",\"https:\/\/www.instagram.com\/sulscportal\/?hl=pt-br\",\"https:\/\/twitter.com\/https:\/\/twitter.com\/PortalSulSC\",\"https:\/\/www.youtube.com\/channel\/UCv_BE8GeySluDov2n8qhVmw\"],\"url\":\"https:\/\/sulsc.com\/index.php\/author\/redacao\/\"}]}<\/script>\n<!-- \/ Yoast SEO plugin. -->","yoast_head_json":{"title":"Paiol ao lado de estufa de fumo \u00e9 atingida por fogo em Ararangu\u00e1 -","robots":{"index":"index","follow":"follow","max-snippet":"max-snippet:-1","max-image-preview":"max-image-preview:large","max-video-preview":"max-video-preview:-1"},"canonical":"https:\/\/sulsc.com\/index.php\/2025\/09\/19\/paiol-ao-lado-de-estufa-de-fumo-e-atingida-por-fogo-em-ararangua\/","og_locale":"en_US","og_type":"article","og_title":"Paiol ao lado de estufa de fumo \u00e9 atingida por fogo em Ararangu\u00e1 -","og_description":"Um inc\u00eandio em uma estufa de fumo foi registrado na noite dessa quinta-feira (18), no bairro Herc\u00edlio Luz, em Ararangu\u00e1. O Corpo de Bombeiros do munic\u00edpio foi acionado para atender a ocorr\u00eancia por volta das 22h10, na rua: Pedro Jo\u00e3o Figueiredo. No momento em que os socorristas chegaram no local foi constatado que o inc\u00eandio &hellip; Paiol ao lado de estufa de fumo \u00e9 atingida por fogo em Ararangu\u00e1 Read More &raquo;","og_url":"https:\/\/sulsc.com\/index.php\/2025\/09\/19\/paiol-ao-lado-de-estufa-de-fumo-e-atingida-por-fogo-em-ararangua\/","article_author":"https:\/\/www.facebook.com\/profile.php?id=61559278119680","article_published_time":"2025-09-19T12:00:08+00:00","article_modified_time":"2025-09-19T09:07:33+00:00","og_image":[{"width":1280,"height":720,"url":"https:\/\/sulsc.com\/wp-content\/uploads\/2025\/09\/incendio-em-Ararangua-02.jpg","type":"image\/jpeg"}],"author":"Reda\u00e7\u00e3o Sul SC","twitter_card":"summary_large_image","twitter_creator":"@https:\/\/twitter.com\/PortalSulSC","twitter_misc":{"Written by":"Reda\u00e7\u00e3o Sul SC","Est. reading time":"1 minute"},"schema":{"@context":"https:\/\/schema.org","@graph":[{"@type":"WebPage","@id":"https:\/\/sulsc.com\/index.php\/2025\/09\/19\/paiol-ao-lado-de-estufa-de-fumo-e-atingida-por-fogo-em-ararangua\/","url":"https:\/\/sulsc.com\/index.php\/2025\/09\/19\/paiol-ao-lado-de-estufa-de-fumo-e-atingida-por-fogo-em-ararangua\/","name":"Paiol ao lado de estufa de fumo \u00e9 atingida por fogo em Ararangu\u00e1 -","isPartOf":{"@id":"https:\/\/sulsc.com\/#website"},"datePublished":"2025-09-19T12:00:08+00:00","dateModified":"2025-09-19T09:07:33+00:00","author":{"@id":"https:\/\/sulsc.com\/#\/schema\/person\/84d2fc571684f6248ba83092f07750a3"},"breadcrumb":{"@id":"https:\/\/sulsc.com\/index.php\/2025\/09\/19\/paiol-ao-lado-de-estufa-de-fumo-e-atingida-por-fogo-em-ararangua\/#breadcrumb"},"inLanguage":"en-US","potentialAction":[{"@type":"ReadAction","target":["https:\/\/sulsc.com\/index.php\/2025\/09\/19\/paiol-ao-lado-de-estufa-de-fumo-e-atingida-por-fogo-em-ararangua\/"]}]},{"@type":"BreadcrumbList","@id":"https:\/\/sulsc.com\/index.php\/2025\/09\/19\/paiol-ao-lado-de-estufa-de-fumo-e-atingida-por-fogo-em-ararangua\/#breadcrumb","itemListElement":[{"@type":"ListItem","position":1,"name":"In\u00edcio","item":"https:\/\/sulsc.com\/"},{"@type":"ListItem","position":2,"name":"Paiol ao lado de estufa de fumo \u00e9 atingida por fogo em Ararangu\u00e1"}]},{"@type":"WebSite","@id":"https:\/\/sulsc.com\/#website","url":"https:\/\/sulsc.com\/","name":"","description":"","potentialAction":[{"@type":"SearchAction","target":{"@type":"EntryPoint","urlTemplate":"https:\/\/sulsc.com\/?s={search_term_string}"},"query-input":"required name=search_term_string"}],"inLanguage":"en-US"},{"@type":"Person","@id":"https:\/\/sulsc.com\/#\/schema\/person\/84d2fc571684f6248ba83092f07750a3","name":"Reda\u00e7\u00e3o Sul SC","image":{"@type":"ImageObject","inLanguage":"en-US","@id":"https:\/\/sulsc.com\/#\/schema\/person\/image\/e08d7fe2cc4ed596372063bbe852b8d0","url":"https:\/\/sulsc.com\/wp-content\/uploads\/2023\/09\/redacao.png","contentUrl":"https:\/\/sulsc.com\/wp-content\/uploads\/2023\/09\/redacao.png","caption":"Reda\u00e7\u00e3o Sul SC"},"description":"Foco em um jornalismo imparcial, voltado \u00e0 qualidade dos seus conte\u00fados e, assim, levar informa\u00e7\u00e3o de valor que agregue \u00e0 vida dos leitores. Esta \u00e9 grande miss\u00e3o do Portal de Not\u00edcias Sul SC. N\u00e3o \u00e9 quantidade que muda o mundo, sempre foi e seguir\u00e1 sendo qualidade!","sameAs":["https:\/\/sulsc.com\/","https:\/\/www.facebook.com\/profile.php?id=61559278119680","https:\/\/www.instagram.com\/sulscportal\/?hl=pt-br","https:\/\/twitter.com\/https:\/\/twitter.com\/PortalSulSC","https:\/\/www.youtube.com\/channel\/UCv_BE8GeySluDov2n8qhVmw"],"url":"https:\/\/sulsc.com\/index.php\/author\/redacao\/"}]}},"authors":[],"_links":{"self":[{"href":"https:\/\/sulsc.com\/index.php\/wp-json\/wp\/v2\/posts\/27316"}],"collection":[{"href":"https:\/\/sulsc.com\/index.php\/wp-json\/wp\/v2\/posts"}],"about":[{"href":"https:\/\/sulsc.com\/index.php\/wp-json\/wp\/v2\/types\/post"}],"author":[{"embeddable":true,"href":"https:\/\/sulsc.com\/index.php\/wp-json\/wp\/v2\/users\/3"}],"replies":[{"embeddable":true,"href":"https:\/\/sulsc.com\/index.php\/wp-json\/wp\/v2\/comments?post=27316"}],"version-history":[{"count":2,"href":"https:\/\/sulsc.com\/index.php\/wp-json\/wp\/v2\/posts\/27316\/revisions"}],"predecessor-version":[{"id":27326,"href":"https:\/\/sulsc.com\/index.php\/wp-json\/wp\/v2\/posts\/27316\/revisions\/27326"}],"wp:featuredmedia":[{"embeddable":true,"href":"https:\/\/sulsc.com\/index.php\/wp-json\/wp\/v2\/media\/27324"}],"wp:attachment":[{"href":"https:\/\/sulsc.com\/index.php\/wp-json\/wp\/v2\/media?parent=27316"}],"wp:term":[{"taxonomy":"category","embeddable":true,"href":"https:\/\/sulsc.com\/index.php\/wp-json\/wp\/v2\/categories?post=27316"},{"taxonomy":"post_tag","embeddable":true,"href":"https:\/\/sulsc.com\/index.php\/wp-json\/wp\/v2\/tags?post=27316"}],"curies":[{"name":"wp","href":"https:\/\/api.w.org\/{rel}","templated":true}]}}