{"id":2733,"date":"2023-10-24T07:30:38","date_gmt":"2023-10-24T10:30:38","guid":{"rendered":"https:\/\/sulsc.com\/?p=2733"},"modified":"2023-10-24T07:41:39","modified_gmt":"2023-10-24T10:41:39","slug":"frente-fria-associada-a-um-ciclone-provocam-chuvas-e-temporais-isolados-em-sc","status":"publish","type":"post","link":"https:\/\/sulsc.com\/index.php\/2023\/10\/24\/frente-fria-associada-a-um-ciclone-provocam-chuvas-e-temporais-isolados-em-sc\/","title":{"rendered":"Frente fria associada a um ciclone provocam chuvas e temporais isolados em SC"},"content":{"rendered":"<p>Nesta ter\u00e7a-feira (24), o processo de forma\u00e7\u00e3o de uma frente fria associada a um ciclone no oceano e o fluxo de ar quente e \u00famido da regi\u00e3o amaz\u00f4nica provocam chuvas e fornecem condi\u00e7\u00f5es para temporais isolados com raios, rajadas de vento e chuva pontualmente intensa em todas as regi\u00f5es catarinenses, especialmente entre o final da manh\u00e3 e a tarde.<\/p>\n<p>O risco \u00e9 baixo a moderado para ocorr\u00eancias como destelhamentos, quedas de galhos e \u00e1rvores, danos na rede el\u00e9trica e alagamentos pontuais. As temperaturas m\u00e1ximas variam entre 20\u00b0C e 24\u00b0C no Grande Oeste e Planalto Sul, onde a cobertura de nuvens \u00e9 maior, e oscilam entre 29\u00b0C e 35\u00b0C em todo o litoral, Vale do Itaja\u00ed e parte do Planalto Norte, por conta da condi\u00e7\u00e3o pr\u00e9-frontal.<\/p>\n<p><img fetchpriority=\"high\" decoding=\"async\" class=\"alignnone size-full wp-image-1705\" src=\"http:\/\/sulsc.com\/wp-content\/uploads\/2023\/10\/chuva_tempestade.jpg\" alt=\"\" width=\"620\" height=\"390\" srcset=\"https:\/\/sulsc.com\/wp-content\/uploads\/2023\/10\/chuva_tempestade.jpg 620w, https:\/\/sulsc.com\/wp-content\/uploads\/2023\/10\/chuva_tempestade-300x189.jpg 300w\" sizes=\"(max-width: 620px) 100vw, 620px\" \/><\/p>\n<p>Fonte: Defesa Civil<\/p>\n","protected":false},"excerpt":{"rendered":"<p>Nesta ter\u00e7a-feira (24), o processo de forma\u00e7\u00e3o de uma frente fria associada a um ciclone no oceano e o fluxo de ar quente e \u00famido da regi\u00e3o amaz\u00f4nica provocam chuvas e fornecem condi\u00e7\u00f5es para temporais isolados com raios, rajadas de vento e chuva pontualmente intensa em todas as regi\u00f5es catarinenses, especialmente entre o final da &hellip;<\/p>\n<p class=\"read-more\"> <a class=\"\" href=\"https:\/\/sulsc.com\/index.php\/2023\/10\/24\/frente-fria-associada-a-um-ciclone-provocam-chuvas-e-temporais-isolados-em-sc\/\"> <span class=\"screen-reader-text\">Frente fria associada a um ciclone provocam chuvas e temporais isolados em SC<\/span> Read More &raquo;<\/a><\/p>\n","protected":false},"author":3,"featured_media":1471,"comment_status":"open","ping_status":"open","sticky":false,"template":"","format":"standard","meta":{"site-sidebar-layout":"default","site-content-layout":"","ast-site-content-layout":"default","site-content-style":"default","site-sidebar-style":"default","ast-global-header-display":"","ast-banner-title-visibility":"","ast-main-header-display":"","ast-hfb-above-header-display":"","ast-hfb-below-header-display":"","ast-hfb-mobile-header-display":"","site-post-title":"","ast-breadcrumbs-content":"","ast-featured-img":"","footer-sml-layout":"","theme-transparent-header-meta":"default","adv-header-id-meta":"","stick-header-meta":"","header-above-stick-meta":"","header-main-stick-meta":"","header-below-stick-meta":"","astra-migrate-meta-layouts":"set","footnotes":""},"categories":[1,38],"tags":[],"yoast_head":"<!-- This site is optimized with the Yoast SEO plugin v21.4 - https:\/\/yoast.com\/wordpress\/plugins\/seo\/ -->\n<title>Frente fria associada a um ciclone provocam chuvas e temporais isolados em SC -<\/title>\n<meta name=\"robots\" content=\"index, follow, max-snippet:-1, max-image-preview:large, max-video-preview:-1\" \/>\n<link rel=\"canonical\" href=\"https:\/\/sulsc.com\/index.php\/2023\/10\/24\/frente-fria-associada-a-um-ciclone-provocam-chuvas-e-temporais-isolados-em-sc\/\" \/>\n<meta property=\"og:locale\" content=\"en_US\" \/>\n<meta property=\"og:type\" content=\"article\" \/>\n<meta property=\"og:title\" content=\"Frente fria associada a um ciclone provocam chuvas e temporais isolados em SC -\" \/>\n<meta property=\"og:description\" content=\"Nesta ter\u00e7a-feira (24), o processo de forma\u00e7\u00e3o de uma frente fria associada a um ciclone no oceano e o fluxo de ar quente e \u00famido da regi\u00e3o amaz\u00f4nica provocam chuvas e fornecem condi\u00e7\u00f5es para temporais isolados com raios, rajadas de vento e chuva pontualmente intensa em todas as regi\u00f5es catarinenses, especialmente entre o final da &hellip; Frente fria associada a um ciclone provocam chuvas e temporais isolados em SC Read More &raquo;\" \/>\n<meta property=\"og:url\" content=\"https:\/\/sulsc.com\/index.php\/2023\/10\/24\/frente-fria-associada-a-um-ciclone-provocam-chuvas-e-temporais-isolados-em-sc\/\" \/>\n<meta property=\"article:author\" content=\"https:\/\/www.facebook.com\/profile.php?id=61559278119680\" \/>\n<meta property=\"article:published_time\" content=\"2023-10-24T10:30:38+00:00\" \/>\n<meta property=\"article:modified_time\" content=\"2023-10-24T10:41:39+00:00\" \/>\n<meta property=\"og:image\" content=\"http:\/\/sulsc.com\/wp-content\/uploads\/2023\/09\/temporal-scaled.jpg\" \/>\n\t<meta property=\"og:image:width\" content=\"2560\" \/>\n\t<meta property=\"og:image:height\" content=\"2106\" \/>\n\t<meta property=\"og:image:type\" content=\"image\/jpeg\" \/>\n<meta name=\"author\" content=\"Reda\u00e7\u00e3o Sul SC\" \/>\n<meta name=\"twitter:card\" content=\"summary_large_image\" \/>\n<meta name=\"twitter:creator\" content=\"@https:\/\/twitter.com\/PortalSulSC\" \/>\n<meta name=\"twitter:label1\" content=\"Written by\" \/>\n\t<meta name=\"twitter:data1\" content=\"Reda\u00e7\u00e3o Sul SC\" \/>\n\t<meta name=\"twitter:label2\" content=\"Est. reading time\" \/>\n\t<meta name=\"twitter:data2\" content=\"1 minute\" \/>\n<script type=\"application\/ld+json\" class=\"yoast-schema-graph\">{\"@context\":\"https:\/\/schema.org\",\"@graph\":[{\"@type\":\"WebPage\",\"@id\":\"https:\/\/sulsc.com\/index.php\/2023\/10\/24\/frente-fria-associada-a-um-ciclone-provocam-chuvas-e-temporais-isolados-em-sc\/\",\"url\":\"https:\/\/sulsc.com\/index.php\/2023\/10\/24\/frente-fria-associada-a-um-ciclone-provocam-chuvas-e-temporais-isolados-em-sc\/\",\"name\":\"Frente fria associada a um ciclone provocam chuvas e temporais isolados em SC -\",\"isPartOf\":{\"@id\":\"https:\/\/sulsc.com\/#website\"},\"datePublished\":\"2023-10-24T10:30:38+00:00\",\"dateModified\":\"2023-10-24T10:41:39+00:00\",\"author\":{\"@id\":\"https:\/\/sulsc.com\/#\/schema\/person\/84d2fc571684f6248ba83092f07750a3\"},\"breadcrumb\":{\"@id\":\"https:\/\/sulsc.com\/index.php\/2023\/10\/24\/frente-fria-associada-a-um-ciclone-provocam-chuvas-e-temporais-isolados-em-sc\/#breadcrumb\"},\"inLanguage\":\"en-US\",\"potentialAction\":[{\"@type\":\"ReadAction\",\"target\":[\"https:\/\/sulsc.com\/index.php\/2023\/10\/24\/frente-fria-associada-a-um-ciclone-provocam-chuvas-e-temporais-isolados-em-sc\/\"]}]},{\"@type\":\"BreadcrumbList\",\"@id\":\"https:\/\/sulsc.com\/index.php\/2023\/10\/24\/frente-fria-associada-a-um-ciclone-provocam-chuvas-e-temporais-isolados-em-sc\/#breadcrumb\",\"itemListElement\":[{\"@type\":\"ListItem\",\"position\":1,\"name\":\"In\u00edcio\",\"item\":\"https:\/\/sulsc.com\/\"},{\"@type\":\"ListItem\",\"position\":2,\"name\":\"Frente fria associada a um ciclone provocam chuvas e temporais isolados em SC\"}]},{\"@type\":\"WebSite\",\"@id\":\"https:\/\/sulsc.com\/#website\",\"url\":\"https:\/\/sulsc.com\/\",\"name\":\"\",\"description\":\"\",\"potentialAction\":[{\"@type\":\"SearchAction\",\"target\":{\"@type\":\"EntryPoint\",\"urlTemplate\":\"https:\/\/sulsc.com\/?s={search_term_string}\"},\"query-input\":\"required name=search_term_string\"}],\"inLanguage\":\"en-US\"},{\"@type\":\"Person\",\"@id\":\"https:\/\/sulsc.com\/#\/schema\/person\/84d2fc571684f6248ba83092f07750a3\",\"name\":\"Reda\u00e7\u00e3o Sul SC\",\"image\":{\"@type\":\"ImageObject\",\"inLanguage\":\"en-US\",\"@id\":\"https:\/\/sulsc.com\/#\/schema\/person\/image\/e08d7fe2cc4ed596372063bbe852b8d0\",\"url\":\"https:\/\/sulsc.com\/wp-content\/uploads\/2023\/09\/redacao.png\",\"contentUrl\":\"https:\/\/sulsc.com\/wp-content\/uploads\/2023\/09\/redacao.png\",\"caption\":\"Reda\u00e7\u00e3o Sul SC\"},\"description\":\"Foco em um jornalismo imparcial, voltado \u00e0 qualidade dos seus conte\u00fados e, assim, levar informa\u00e7\u00e3o de valor que agregue \u00e0 vida dos leitores. Esta \u00e9 grande miss\u00e3o do Portal de Not\u00edcias Sul SC. N\u00e3o \u00e9 quantidade que muda o mundo, sempre foi e seguir\u00e1 sendo qualidade!\",\"sameAs\":[\"https:\/\/sulsc.com\/\",\"https:\/\/www.facebook.com\/profile.php?id=61559278119680\",\"https:\/\/www.instagram.com\/sulscportal\/?hl=pt-br\",\"https:\/\/twitter.com\/https:\/\/twitter.com\/PortalSulSC\",\"https:\/\/www.youtube.com\/channel\/UCv_BE8GeySluDov2n8qhVmw\"],\"url\":\"https:\/\/sulsc.com\/index.php\/author\/redacao\/\"}]}<\/script>\n<!-- \/ Yoast SEO plugin. -->","yoast_head_json":{"title":"Frente fria associada a um ciclone provocam chuvas e temporais isolados em SC -","robots":{"index":"index","follow":"follow","max-snippet":"max-snippet:-1","max-image-preview":"max-image-preview:large","max-video-preview":"max-video-preview:-1"},"canonical":"https:\/\/sulsc.com\/index.php\/2023\/10\/24\/frente-fria-associada-a-um-ciclone-provocam-chuvas-e-temporais-isolados-em-sc\/","og_locale":"en_US","og_type":"article","og_title":"Frente fria associada a um ciclone provocam chuvas e temporais isolados em SC -","og_description":"Nesta ter\u00e7a-feira (24), o processo de forma\u00e7\u00e3o de uma frente fria associada a um ciclone no oceano e o fluxo de ar quente e \u00famido da regi\u00e3o amaz\u00f4nica provocam chuvas e fornecem condi\u00e7\u00f5es para temporais isolados com raios, rajadas de vento e chuva pontualmente intensa em todas as regi\u00f5es catarinenses, especialmente entre o final da &hellip; Frente fria associada a um ciclone provocam chuvas e temporais isolados em SC Read More &raquo;","og_url":"https:\/\/sulsc.com\/index.php\/2023\/10\/24\/frente-fria-associada-a-um-ciclone-provocam-chuvas-e-temporais-isolados-em-sc\/","article_author":"https:\/\/www.facebook.com\/profile.php?id=61559278119680","article_published_time":"2023-10-24T10:30:38+00:00","article_modified_time":"2023-10-24T10:41:39+00:00","og_image":[{"width":2560,"height":2106,"url":"http:\/\/sulsc.com\/wp-content\/uploads\/2023\/09\/temporal-scaled.jpg","type":"image\/jpeg"}],"author":"Reda\u00e7\u00e3o Sul SC","twitter_card":"summary_large_image","twitter_creator":"@https:\/\/twitter.com\/PortalSulSC","twitter_misc":{"Written by":"Reda\u00e7\u00e3o Sul SC","Est. reading time":"1 minute"},"schema":{"@context":"https:\/\/schema.org","@graph":[{"@type":"WebPage","@id":"https:\/\/sulsc.com\/index.php\/2023\/10\/24\/frente-fria-associada-a-um-ciclone-provocam-chuvas-e-temporais-isolados-em-sc\/","url":"https:\/\/sulsc.com\/index.php\/2023\/10\/24\/frente-fria-associada-a-um-ciclone-provocam-chuvas-e-temporais-isolados-em-sc\/","name":"Frente fria associada a um ciclone provocam chuvas e temporais isolados em SC -","isPartOf":{"@id":"https:\/\/sulsc.com\/#website"},"datePublished":"2023-10-24T10:30:38+00:00","dateModified":"2023-10-24T10:41:39+00:00","author":{"@id":"https:\/\/sulsc.com\/#\/schema\/person\/84d2fc571684f6248ba83092f07750a3"},"breadcrumb":{"@id":"https:\/\/sulsc.com\/index.php\/2023\/10\/24\/frente-fria-associada-a-um-ciclone-provocam-chuvas-e-temporais-isolados-em-sc\/#breadcrumb"},"inLanguage":"en-US","potentialAction":[{"@type":"ReadAction","target":["https:\/\/sulsc.com\/index.php\/2023\/10\/24\/frente-fria-associada-a-um-ciclone-provocam-chuvas-e-temporais-isolados-em-sc\/"]}]},{"@type":"BreadcrumbList","@id":"https:\/\/sulsc.com\/index.php\/2023\/10\/24\/frente-fria-associada-a-um-ciclone-provocam-chuvas-e-temporais-isolados-em-sc\/#breadcrumb","itemListElement":[{"@type":"ListItem","position":1,"name":"In\u00edcio","item":"https:\/\/sulsc.com\/"},{"@type":"ListItem","position":2,"name":"Frente fria associada a um ciclone provocam chuvas e temporais isolados em SC"}]},{"@type":"WebSite","@id":"https:\/\/sulsc.com\/#website","url":"https:\/\/sulsc.com\/","name":"","description":"","potentialAction":[{"@type":"SearchAction","target":{"@type":"EntryPoint","urlTemplate":"https:\/\/sulsc.com\/?s={search_term_string}"},"query-input":"required name=search_term_string"}],"inLanguage":"en-US"},{"@type":"Person","@id":"https:\/\/sulsc.com\/#\/schema\/person\/84d2fc571684f6248ba83092f07750a3","name":"Reda\u00e7\u00e3o Sul SC","image":{"@type":"ImageObject","inLanguage":"en-US","@id":"https:\/\/sulsc.com\/#\/schema\/person\/image\/e08d7fe2cc4ed596372063bbe852b8d0","url":"https:\/\/sulsc.com\/wp-content\/uploads\/2023\/09\/redacao.png","contentUrl":"https:\/\/sulsc.com\/wp-content\/uploads\/2023\/09\/redacao.png","caption":"Reda\u00e7\u00e3o Sul SC"},"description":"Foco em um jornalismo imparcial, voltado \u00e0 qualidade dos seus conte\u00fados e, assim, levar informa\u00e7\u00e3o de valor que agregue \u00e0 vida dos leitores. Esta \u00e9 grande miss\u00e3o do Portal de Not\u00edcias Sul SC. N\u00e3o \u00e9 quantidade que muda o mundo, sempre foi e seguir\u00e1 sendo qualidade!","sameAs":["https:\/\/sulsc.com\/","https:\/\/www.facebook.com\/profile.php?id=61559278119680","https:\/\/www.instagram.com\/sulscportal\/?hl=pt-br","https:\/\/twitter.com\/https:\/\/twitter.com\/PortalSulSC","https:\/\/www.youtube.com\/channel\/UCv_BE8GeySluDov2n8qhVmw"],"url":"https:\/\/sulsc.com\/index.php\/author\/redacao\/"}]}},"authors":[],"_links":{"self":[{"href":"https:\/\/sulsc.com\/index.php\/wp-json\/wp\/v2\/posts\/2733"}],"collection":[{"href":"https:\/\/sulsc.com\/index.php\/wp-json\/wp\/v2\/posts"}],"about":[{"href":"https:\/\/sulsc.com\/index.php\/wp-json\/wp\/v2\/types\/post"}],"author":[{"embeddable":true,"href":"https:\/\/sulsc.com\/index.php\/wp-json\/wp\/v2\/users\/3"}],"replies":[{"embeddable":true,"href":"https:\/\/sulsc.com\/index.php\/wp-json\/wp\/v2\/comments?post=2733"}],"version-history":[{"count":1,"href":"https:\/\/sulsc.com\/index.php\/wp-json\/wp\/v2\/posts\/2733\/revisions"}],"predecessor-version":[{"id":2734,"href":"https:\/\/sulsc.com\/index.php\/wp-json\/wp\/v2\/posts\/2733\/revisions\/2734"}],"wp:featuredmedia":[{"embeddable":true,"href":"https:\/\/sulsc.com\/index.php\/wp-json\/wp\/v2\/media\/1471"}],"wp:attachment":[{"href":"https:\/\/sulsc.com\/index.php\/wp-json\/wp\/v2\/media?parent=2733"}],"wp:term":[{"taxonomy":"category","embeddable":true,"href":"https:\/\/sulsc.com\/index.php\/wp-json\/wp\/v2\/categories?post=2733"},{"taxonomy":"post_tag","embeddable":true,"href":"https:\/\/sulsc.com\/index.php\/wp-json\/wp\/v2\/tags?post=2733"}],"curies":[{"name":"wp","href":"https:\/\/api.w.org\/{rel}","templated":true}]}}