{"id":2735,"date":"2023-10-24T08:00:49","date_gmt":"2023-10-24T11:00:49","guid":{"rendered":"https:\/\/sulsc.com\/?p=2735"},"modified":"2023-10-24T08:05:33","modified_gmt":"2023-10-24T11:05:33","slug":"2735","status":"publish","type":"post","link":"https:\/\/sulsc.com\/index.php\/2023\/10\/24\/2735\/","title":{"rendered":"Mulher \u00e9 agredida com soco e faca por companheiro, em Laguna"},"content":{"rendered":"<p>Um crime de les\u00e3o corporal leve foi registrado na manh\u00e3 desta segunda-feira (23), em Laguna. A Guarni\u00e7\u00e3o da Pol\u00edcia Militar foi acionada, via Copom, para atender a ocorr\u00eancia de viol\u00eancia dom\u00e9stica por volta das 10h15.<\/p>\n<p>Ao chegar no local os policiais conversaram com a v\u00edtima. Ela relatou que convive com seu companheiro e na presente data, pela manh\u00e3, ambos ingeriram bebida alco\u00f3lica e ocorreu uma discuss\u00e3o motivada por ci\u00fames. Ent\u00e3o, seu companheiro desferiu um soco na regi\u00e3o do rosto e bateu com um fac\u00e3o nas costas.<\/p>\n<p>Por conta disso, a mulher acionou a PM e informou que ele constantemente a agride. Diante da situa\u00e7\u00e3o de flagrante delito, a guarni\u00e7\u00e3o efetuou a entrada na resid\u00eancia e foi dada voz de pris\u00e3o ao cidad\u00e3o, que estava visivelmente embriagado. Como ambos apresentavam les\u00f5es leves, foram conduzidos ao Hospital de Laguna. Posteriormente foram conduzidos a Delegacia de Pol\u00edcia.<\/p>\n<p><img fetchpriority=\"high\" decoding=\"async\" class=\"alignnone size-full wp-image-1791\" src=\"http:\/\/sulsc.com\/wp-content\/uploads\/2023\/10\/Agressao-Mulher.jpg\" alt=\"\" width=\"786\" height=\"524\" srcset=\"https:\/\/sulsc.com\/wp-content\/uploads\/2023\/10\/Agressao-Mulher.jpg 786w, https:\/\/sulsc.com\/wp-content\/uploads\/2023\/10\/Agressao-Mulher-300x200.jpg 300w, https:\/\/sulsc.com\/wp-content\/uploads\/2023\/10\/Agressao-Mulher-768x512.jpg 768w\" sizes=\"(max-width: 786px) 100vw, 786px\" \/><\/p>\n","protected":false},"excerpt":{"rendered":"<p>Um crime de les\u00e3o corporal leve foi registrado na manh\u00e3 desta segunda-feira (23), em Laguna. A Guarni\u00e7\u00e3o da Pol\u00edcia Militar foi acionada, via Copom, para atender a ocorr\u00eancia de viol\u00eancia dom\u00e9stica por volta das 10h15. Ao chegar no local os policiais conversaram com a v\u00edtima. Ela relatou que convive com seu companheiro e na presente &hellip;<\/p>\n<p class=\"read-more\"> <a class=\"\" href=\"https:\/\/sulsc.com\/index.php\/2023\/10\/24\/2735\/\"> <span class=\"screen-reader-text\">Mulher \u00e9 agredida com soco e faca por companheiro, em Laguna<\/span> Read More &raquo;<\/a><\/p>\n","protected":false},"author":3,"featured_media":2699,"comment_status":"open","ping_status":"open","sticky":false,"template":"","format":"standard","meta":{"site-sidebar-layout":"default","site-content-layout":"","ast-site-content-layout":"default","site-content-style":"default","site-sidebar-style":"default","ast-global-header-display":"","ast-banner-title-visibility":"","ast-main-header-display":"","ast-hfb-above-header-display":"","ast-hfb-below-header-display":"","ast-hfb-mobile-header-display":"","site-post-title":"","ast-breadcrumbs-content":"","ast-featured-img":"","footer-sml-layout":"","theme-transparent-header-meta":"default","adv-header-id-meta":"","stick-header-meta":"","header-above-stick-meta":"","header-main-stick-meta":"","header-below-stick-meta":"","astra-migrate-meta-layouts":"set","footnotes":""},"categories":[22,8],"tags":[],"yoast_head":"<!-- This site is optimized with the Yoast SEO plugin v21.4 - https:\/\/yoast.com\/wordpress\/plugins\/seo\/ -->\n<title>Mulher \u00e9 agredida com soco e faca por companheiro, em Laguna -<\/title>\n<meta name=\"robots\" content=\"index, follow, max-snippet:-1, max-image-preview:large, max-video-preview:-1\" \/>\n<link rel=\"canonical\" href=\"https:\/\/sulsc.com\/index.php\/2023\/10\/24\/2735\/\" \/>\n<meta property=\"og:locale\" content=\"en_US\" \/>\n<meta property=\"og:type\" content=\"article\" \/>\n<meta property=\"og:title\" content=\"Mulher \u00e9 agredida com soco e faca por companheiro, em Laguna -\" \/>\n<meta property=\"og:description\" content=\"Um crime de les\u00e3o corporal leve foi registrado na manh\u00e3 desta segunda-feira (23), em Laguna. A Guarni\u00e7\u00e3o da Pol\u00edcia Militar foi acionada, via Copom, para atender a ocorr\u00eancia de viol\u00eancia dom\u00e9stica por volta das 10h15. Ao chegar no local os policiais conversaram com a v\u00edtima. Ela relatou que convive com seu companheiro e na presente &hellip; Mulher \u00e9 agredida com soco e faca por companheiro, em Laguna Read More &raquo;\" \/>\n<meta property=\"og:url\" content=\"https:\/\/sulsc.com\/index.php\/2023\/10\/24\/2735\/\" \/>\n<meta property=\"article:author\" content=\"https:\/\/www.facebook.com\/profile.php?id=61559278119680\" \/>\n<meta property=\"article:published_time\" content=\"2023-10-24T11:00:49+00:00\" \/>\n<meta property=\"article:modified_time\" content=\"2023-10-24T11:05:33+00:00\" \/>\n<meta property=\"og:image\" content=\"http:\/\/sulsc.com\/wp-content\/uploads\/2023\/10\/Agressao-1.jpeg\" \/>\n\t<meta property=\"og:image:width\" content=\"1600\" \/>\n\t<meta property=\"og:image:height\" content=\"900\" \/>\n\t<meta property=\"og:image:type\" content=\"image\/jpeg\" \/>\n<meta name=\"author\" content=\"Reda\u00e7\u00e3o Sul SC\" \/>\n<meta name=\"twitter:card\" content=\"summary_large_image\" \/>\n<meta name=\"twitter:creator\" content=\"@https:\/\/twitter.com\/PortalSulSC\" \/>\n<meta name=\"twitter:label1\" content=\"Written by\" \/>\n\t<meta name=\"twitter:data1\" content=\"Reda\u00e7\u00e3o Sul SC\" \/>\n\t<meta name=\"twitter:label2\" content=\"Est. reading time\" \/>\n\t<meta name=\"twitter:data2\" content=\"1 minute\" \/>\n<script type=\"application\/ld+json\" class=\"yoast-schema-graph\">{\"@context\":\"https:\/\/schema.org\",\"@graph\":[{\"@type\":\"WebPage\",\"@id\":\"https:\/\/sulsc.com\/index.php\/2023\/10\/24\/2735\/\",\"url\":\"https:\/\/sulsc.com\/index.php\/2023\/10\/24\/2735\/\",\"name\":\"Mulher \u00e9 agredida com soco e faca por companheiro, em Laguna -\",\"isPartOf\":{\"@id\":\"https:\/\/sulsc.com\/#website\"},\"datePublished\":\"2023-10-24T11:00:49+00:00\",\"dateModified\":\"2023-10-24T11:05:33+00:00\",\"author\":{\"@id\":\"https:\/\/sulsc.com\/#\/schema\/person\/84d2fc571684f6248ba83092f07750a3\"},\"breadcrumb\":{\"@id\":\"https:\/\/sulsc.com\/index.php\/2023\/10\/24\/2735\/#breadcrumb\"},\"inLanguage\":\"en-US\",\"potentialAction\":[{\"@type\":\"ReadAction\",\"target\":[\"https:\/\/sulsc.com\/index.php\/2023\/10\/24\/2735\/\"]}]},{\"@type\":\"BreadcrumbList\",\"@id\":\"https:\/\/sulsc.com\/index.php\/2023\/10\/24\/2735\/#breadcrumb\",\"itemListElement\":[{\"@type\":\"ListItem\",\"position\":1,\"name\":\"In\u00edcio\",\"item\":\"https:\/\/sulsc.com\/\"},{\"@type\":\"ListItem\",\"position\":2,\"name\":\"Mulher \u00e9 agredida com soco e faca por companheiro, em Laguna\"}]},{\"@type\":\"WebSite\",\"@id\":\"https:\/\/sulsc.com\/#website\",\"url\":\"https:\/\/sulsc.com\/\",\"name\":\"\",\"description\":\"\",\"potentialAction\":[{\"@type\":\"SearchAction\",\"target\":{\"@type\":\"EntryPoint\",\"urlTemplate\":\"https:\/\/sulsc.com\/?s={search_term_string}\"},\"query-input\":\"required name=search_term_string\"}],\"inLanguage\":\"en-US\"},{\"@type\":\"Person\",\"@id\":\"https:\/\/sulsc.com\/#\/schema\/person\/84d2fc571684f6248ba83092f07750a3\",\"name\":\"Reda\u00e7\u00e3o Sul SC\",\"image\":{\"@type\":\"ImageObject\",\"inLanguage\":\"en-US\",\"@id\":\"https:\/\/sulsc.com\/#\/schema\/person\/image\/e08d7fe2cc4ed596372063bbe852b8d0\",\"url\":\"https:\/\/sulsc.com\/wp-content\/uploads\/2023\/09\/redacao.png\",\"contentUrl\":\"https:\/\/sulsc.com\/wp-content\/uploads\/2023\/09\/redacao.png\",\"caption\":\"Reda\u00e7\u00e3o Sul SC\"},\"description\":\"Foco em um jornalismo imparcial, voltado \u00e0 qualidade dos seus conte\u00fados e, assim, levar informa\u00e7\u00e3o de valor que agregue \u00e0 vida dos leitores. Esta \u00e9 grande miss\u00e3o do Portal de Not\u00edcias Sul SC. N\u00e3o \u00e9 quantidade que muda o mundo, sempre foi e seguir\u00e1 sendo qualidade!\",\"sameAs\":[\"https:\/\/sulsc.com\/\",\"https:\/\/www.facebook.com\/profile.php?id=61559278119680\",\"https:\/\/www.instagram.com\/sulscportal\/?hl=pt-br\",\"https:\/\/twitter.com\/https:\/\/twitter.com\/PortalSulSC\",\"https:\/\/www.youtube.com\/channel\/UCv_BE8GeySluDov2n8qhVmw\"],\"url\":\"https:\/\/sulsc.com\/index.php\/author\/redacao\/\"}]}<\/script>\n<!-- \/ Yoast SEO plugin. -->","yoast_head_json":{"title":"Mulher \u00e9 agredida com soco e faca por companheiro, em Laguna -","robots":{"index":"index","follow":"follow","max-snippet":"max-snippet:-1","max-image-preview":"max-image-preview:large","max-video-preview":"max-video-preview:-1"},"canonical":"https:\/\/sulsc.com\/index.php\/2023\/10\/24\/2735\/","og_locale":"en_US","og_type":"article","og_title":"Mulher \u00e9 agredida com soco e faca por companheiro, em Laguna -","og_description":"Um crime de les\u00e3o corporal leve foi registrado na manh\u00e3 desta segunda-feira (23), em Laguna. A Guarni\u00e7\u00e3o da Pol\u00edcia Militar foi acionada, via Copom, para atender a ocorr\u00eancia de viol\u00eancia dom\u00e9stica por volta das 10h15. Ao chegar no local os policiais conversaram com a v\u00edtima. Ela relatou que convive com seu companheiro e na presente &hellip; Mulher \u00e9 agredida com soco e faca por companheiro, em Laguna Read More &raquo;","og_url":"https:\/\/sulsc.com\/index.php\/2023\/10\/24\/2735\/","article_author":"https:\/\/www.facebook.com\/profile.php?id=61559278119680","article_published_time":"2023-10-24T11:00:49+00:00","article_modified_time":"2023-10-24T11:05:33+00:00","og_image":[{"width":1600,"height":900,"url":"http:\/\/sulsc.com\/wp-content\/uploads\/2023\/10\/Agressao-1.jpeg","type":"image\/jpeg"}],"author":"Reda\u00e7\u00e3o Sul SC","twitter_card":"summary_large_image","twitter_creator":"@https:\/\/twitter.com\/PortalSulSC","twitter_misc":{"Written by":"Reda\u00e7\u00e3o Sul SC","Est. reading time":"1 minute"},"schema":{"@context":"https:\/\/schema.org","@graph":[{"@type":"WebPage","@id":"https:\/\/sulsc.com\/index.php\/2023\/10\/24\/2735\/","url":"https:\/\/sulsc.com\/index.php\/2023\/10\/24\/2735\/","name":"Mulher \u00e9 agredida com soco e faca por companheiro, em Laguna -","isPartOf":{"@id":"https:\/\/sulsc.com\/#website"},"datePublished":"2023-10-24T11:00:49+00:00","dateModified":"2023-10-24T11:05:33+00:00","author":{"@id":"https:\/\/sulsc.com\/#\/schema\/person\/84d2fc571684f6248ba83092f07750a3"},"breadcrumb":{"@id":"https:\/\/sulsc.com\/index.php\/2023\/10\/24\/2735\/#breadcrumb"},"inLanguage":"en-US","potentialAction":[{"@type":"ReadAction","target":["https:\/\/sulsc.com\/index.php\/2023\/10\/24\/2735\/"]}]},{"@type":"BreadcrumbList","@id":"https:\/\/sulsc.com\/index.php\/2023\/10\/24\/2735\/#breadcrumb","itemListElement":[{"@type":"ListItem","position":1,"name":"In\u00edcio","item":"https:\/\/sulsc.com\/"},{"@type":"ListItem","position":2,"name":"Mulher \u00e9 agredida com soco e faca por companheiro, em Laguna"}]},{"@type":"WebSite","@id":"https:\/\/sulsc.com\/#website","url":"https:\/\/sulsc.com\/","name":"","description":"","potentialAction":[{"@type":"SearchAction","target":{"@type":"EntryPoint","urlTemplate":"https:\/\/sulsc.com\/?s={search_term_string}"},"query-input":"required name=search_term_string"}],"inLanguage":"en-US"},{"@type":"Person","@id":"https:\/\/sulsc.com\/#\/schema\/person\/84d2fc571684f6248ba83092f07750a3","name":"Reda\u00e7\u00e3o Sul SC","image":{"@type":"ImageObject","inLanguage":"en-US","@id":"https:\/\/sulsc.com\/#\/schema\/person\/image\/e08d7fe2cc4ed596372063bbe852b8d0","url":"https:\/\/sulsc.com\/wp-content\/uploads\/2023\/09\/redacao.png","contentUrl":"https:\/\/sulsc.com\/wp-content\/uploads\/2023\/09\/redacao.png","caption":"Reda\u00e7\u00e3o Sul SC"},"description":"Foco em um jornalismo imparcial, voltado \u00e0 qualidade dos seus conte\u00fados e, assim, levar informa\u00e7\u00e3o de valor que agregue \u00e0 vida dos leitores. Esta \u00e9 grande miss\u00e3o do Portal de Not\u00edcias Sul SC. N\u00e3o \u00e9 quantidade que muda o mundo, sempre foi e seguir\u00e1 sendo qualidade!","sameAs":["https:\/\/sulsc.com\/","https:\/\/www.facebook.com\/profile.php?id=61559278119680","https:\/\/www.instagram.com\/sulscportal\/?hl=pt-br","https:\/\/twitter.com\/https:\/\/twitter.com\/PortalSulSC","https:\/\/www.youtube.com\/channel\/UCv_BE8GeySluDov2n8qhVmw"],"url":"https:\/\/sulsc.com\/index.php\/author\/redacao\/"}]}},"authors":[],"_links":{"self":[{"href":"https:\/\/sulsc.com\/index.php\/wp-json\/wp\/v2\/posts\/2735"}],"collection":[{"href":"https:\/\/sulsc.com\/index.php\/wp-json\/wp\/v2\/posts"}],"about":[{"href":"https:\/\/sulsc.com\/index.php\/wp-json\/wp\/v2\/types\/post"}],"author":[{"embeddable":true,"href":"https:\/\/sulsc.com\/index.php\/wp-json\/wp\/v2\/users\/3"}],"replies":[{"embeddable":true,"href":"https:\/\/sulsc.com\/index.php\/wp-json\/wp\/v2\/comments?post=2735"}],"version-history":[{"count":3,"href":"https:\/\/sulsc.com\/index.php\/wp-json\/wp\/v2\/posts\/2735\/revisions"}],"predecessor-version":[{"id":2738,"href":"https:\/\/sulsc.com\/index.php\/wp-json\/wp\/v2\/posts\/2735\/revisions\/2738"}],"wp:featuredmedia":[{"embeddable":true,"href":"https:\/\/sulsc.com\/index.php\/wp-json\/wp\/v2\/media\/2699"}],"wp:attachment":[{"href":"https:\/\/sulsc.com\/index.php\/wp-json\/wp\/v2\/media?parent=2735"}],"wp:term":[{"taxonomy":"category","embeddable":true,"href":"https:\/\/sulsc.com\/index.php\/wp-json\/wp\/v2\/categories?post=2735"},{"taxonomy":"post_tag","embeddable":true,"href":"https:\/\/sulsc.com\/index.php\/wp-json\/wp\/v2\/tags?post=2735"}],"curies":[{"name":"wp","href":"https:\/\/api.w.org\/{rel}","templated":true}]}}