{"id":27361,"date":"2025-09-20T12:14:37","date_gmt":"2025-09-20T15:14:37","guid":{"rendered":"https:\/\/sulsc.com\/?p=27361"},"modified":"2025-09-20T12:14:37","modified_gmt":"2025-09-20T15:14:37","slug":"sol-calor-e-temporais-com-vendaval-e-chuva-intensa-marcam-o-final-de-semana","status":"publish","type":"post","link":"https:\/\/sulsc.com\/index.php\/2025\/09\/20\/sol-calor-e-temporais-com-vendaval-e-chuva-intensa-marcam-o-final-de-semana\/","title":{"rendered":"Sol, calor e temporais com vendaval e chuva intensa marcam o final de semana"},"content":{"rendered":"<p>Sol e calor em SC neste S\u00e1bado (20),\u00a0 mas a\u00a0 forma\u00e7\u00e3o de uma nova frente fria no RS, concentra a instabilidade no estado vizinho e mant\u00e9m o vento predominante de norte no estado.<\/p>\n<p><strong>Temperaturas<\/strong><\/p>\n<p>Eleva\u00e7\u00e3o r\u00e1pida das temperaturas , As m\u00e1ximas na parte da tarde chegam aos 30\u00b0C na maioria das regi\u00f5es, podendo chegar at\u00e9 os 33\u00b0C no Extremo Oeste e Litoral Norte. No decorrer da tarde, todo esse calor combinado a umidade dispon\u00edvel, favorecem para a ocorr\u00eancia de temporais bem isolados com raios, rajadas de vento e eventual queda de granizo em boa parte do estado, mas em especial do Grande Oeste ao Litoral Sul ao longo das horas.<\/p>\n<p><img fetchpriority=\"high\" decoding=\"async\" class=\"aligncenter size-full wp-image-27363\" src=\"http:\/\/sulsc.com\/wp-content\/uploads\/2025\/09\/Captura-de-tela-2025-09-20-024128-1024x700-1.png\" alt=\"\" width=\"1024\" height=\"700\" srcset=\"https:\/\/sulsc.com\/wp-content\/uploads\/2025\/09\/Captura-de-tela-2025-09-20-024128-1024x700-1.png 1024w, https:\/\/sulsc.com\/wp-content\/uploads\/2025\/09\/Captura-de-tela-2025-09-20-024128-1024x700-1-300x205.png 300w, https:\/\/sulsc.com\/wp-content\/uploads\/2025\/09\/Captura-de-tela-2025-09-20-024128-1024x700-1-768x525.png 768w\" sizes=\"(max-width: 1024px) 100vw, 1024px\" \/><\/p>\n<p><img decoding=\"async\" class=\"aligncenter size-full wp-image-22836\" src=\"http:\/\/sulsc.com\/wp-content\/uploads\/2025\/04\/Tempo-2.png\" alt=\"\" width=\"1024\" height=\"189\" srcset=\"https:\/\/sulsc.com\/wp-content\/uploads\/2025\/04\/Tempo-2.png 1024w, https:\/\/sulsc.com\/wp-content\/uploads\/2025\/04\/Tempo-2-300x55.png 300w, https:\/\/sulsc.com\/wp-content\/uploads\/2025\/04\/Tempo-2-768x142.png 768w\" sizes=\"(max-width: 1024px) 100vw, 1024px\" \/><\/p>\n<p>O risco \u00e9 baixo a moderado para ocorr\u00eancias associadas a destelhamentos, danos na rede el\u00e9trica, queda de galhos e \u00e1rvores e alagamentos.<\/p>\n<div id=\"metaslider-id-25573\" style=\"width: 100%;\" class=\"ml-slider-3-99-0 metaslider metaslider-flex metaslider-25573 ml-slider has-onhover-arrows ms-theme-default-base has-dots-nav\" role=\"region\" aria-label=\"Meio\" data-width=\"1200\">\n    <div id=\"metaslider_container_25573\">\n        <div id=\"metaslider_25573\">\n            <ul class='slides'>\n                <li style=\"display: block; width: 100%;\" class=\"slide-25684 ms-image \" aria-roledescription=\"slide\" data-date=\"2025-07-24 07:55:40\"><img src=\"https:\/\/sulsc.com\/wp-content\/uploads\/2025\/07\/Marr-2-1000x166.jpg\" height=\"200\" width=\"1200\" alt=\"\" class=\"slider-25573 slide-25684 msDefaultImage\" title=\"Marr 2\" \/><\/li>\n                <li style=\"display: none; width: 100%;\" class=\"slide-32412 ms-image \" aria-roledescription=\"slide\" data-date=\"2026-02-18 13:59:46\"><img src=\"https:\/\/sulsc.com\/wp-content\/uploads\/2026\/02\/40dc1580-cad5-4867-bc58-c4243821ad38-1000x166.jpeg\" height=\"200\" width=\"1200\" alt=\"\" class=\"slider-25573 slide-32412 msDefaultImage\" title=\"40dc1580-cad5-4867-bc58-c4243821ad38\" \/><\/li>\n                <li style=\"display: none; width: 100%;\" class=\"slide-32766 ms-image \" aria-roledescription=\"slide\" data-date=\"2026-03-03 17:22:59\"><img src=\"https:\/\/sulsc.com\/wp-content\/uploads\/2026\/03\/271ce739-f268-41c5-8051-3de1a1750359-1000x166.jpeg\" height=\"200\" width=\"1200\" alt=\"\" class=\"slider-25573 slide-32766 msDefaultImage\" title=\"271ce739-f268-41c5-8051-3de1a1750359\" \/><\/li>\n            <\/ul>\n        <\/div>\n        \n    <\/div>\n<\/div>\n<p><strong>Amanh\u00e3 o tempo muda completamente, domingo (21)\u00a0e a segunda-feira (22)<\/strong> s\u00e3o esperadas intensas instabilidades associadas a temporais com raios, chuva intensa, vendavais e queda de granizo em todas as regi\u00f5es de Santa Catarina. Nas \u00e1reas em vermelho do mapa o risco \u00e9 muito alto para ocorr\u00eancias relacionadas a destelhamentos, queda de \u00e1rvores e postes de energia, alagamentos e enxurradas pontuais. Nas \u00e1reas em laranja o risco \u00e9 alto, e \u00e9 moderado nas \u00e1reas em amarelo.<\/p>\n<p><img decoding=\"async\" class=\"aligncenter size-full wp-image-27362\" src=\"http:\/\/sulsc.com\/wp-content\/uploads\/2025\/09\/image-120-1024x466-1.png\" alt=\"\" width=\"1024\" height=\"466\" srcset=\"https:\/\/sulsc.com\/wp-content\/uploads\/2025\/09\/image-120-1024x466-1.png 1024w, https:\/\/sulsc.com\/wp-content\/uploads\/2025\/09\/image-120-1024x466-1-300x137.png 300w, https:\/\/sulsc.com\/wp-content\/uploads\/2025\/09\/image-120-1024x466-1-768x350.png 768w\" sizes=\"(max-width: 1024px) 100vw, 1024px\" \/><\/p>\n<p>Esta condi\u00e7\u00e3o se deve ao avan\u00e7o de uma frente fria, que deixa o tempo inst\u00e1vel a partir da madrugada e manh\u00e3 de domingo em \u00e1reas do Grande Oeste e Sul do estado. A partir da tarde a instabilidade ganha for\u00e7a entre a Grande Florian\u00f3polis, Vale do Itaja\u00ed e norte catarinense.<\/p>\n<p><strong>Na madrugada de segunda (22)<\/strong> ainda chove na maioria das regi\u00f5es, mas ao longo do dia a frente fria se afasta e o tempo volta ficar firme.<\/p>\n<p>Fonte\/Defesa Civil &#8211; SC<\/p>\n","protected":false},"excerpt":{"rendered":"<p>Sol e calor em SC neste S\u00e1bado (20),\u00a0 mas a\u00a0 forma\u00e7\u00e3o de uma nova frente fria no RS, concentra a instabilidade no estado vizinho e mant\u00e9m o vento predominante de norte no estado. Temperaturas Eleva\u00e7\u00e3o r\u00e1pida das temperaturas , As m\u00e1ximas na parte da tarde chegam aos 30\u00b0C na maioria das regi\u00f5es, podendo chegar at\u00e9 &hellip;<\/p>\n<p class=\"read-more\"> <a class=\"\" href=\"https:\/\/sulsc.com\/index.php\/2025\/09\/20\/sol-calor-e-temporais-com-vendaval-e-chuva-intensa-marcam-o-final-de-semana\/\"> <span class=\"screen-reader-text\">Sol, calor e temporais com vendaval e chuva intensa marcam o final de semana<\/span> Read More &raquo;<\/a><\/p>\n","protected":false},"author":3,"featured_media":17523,"comment_status":"open","ping_status":"open","sticky":false,"template":"","format":"standard","meta":{"site-sidebar-layout":"default","site-content-layout":"","ast-site-content-layout":"default","site-content-style":"default","site-sidebar-style":"default","ast-global-header-display":"","ast-banner-title-visibility":"","ast-main-header-display":"","ast-hfb-above-header-display":"","ast-hfb-below-header-display":"","ast-hfb-mobile-header-display":"","site-post-title":"","ast-breadcrumbs-content":"","ast-featured-img":"","footer-sml-layout":"","theme-transparent-header-meta":"default","adv-header-id-meta":"","stick-header-meta":"","header-above-stick-meta":"","header-main-stick-meta":"","header-below-stick-meta":"","astra-migrate-meta-layouts":"set","footnotes":""},"categories":[38,12],"tags":[90],"yoast_head":"<!-- This site is optimized with the Yoast SEO plugin v21.4 - https:\/\/yoast.com\/wordpress\/plugins\/seo\/ -->\n<title>Sol, calor e temporais com vendaval e chuva intensa marcam o final de semana -<\/title>\n<meta name=\"robots\" content=\"index, follow, max-snippet:-1, max-image-preview:large, max-video-preview:-1\" \/>\n<link rel=\"canonical\" href=\"https:\/\/sulsc.com\/index.php\/2025\/09\/20\/sol-calor-e-temporais-com-vendaval-e-chuva-intensa-marcam-o-final-de-semana\/\" \/>\n<meta property=\"og:locale\" content=\"en_US\" \/>\n<meta property=\"og:type\" content=\"article\" \/>\n<meta property=\"og:title\" content=\"Sol, calor e temporais com vendaval e chuva intensa marcam o final de semana -\" \/>\n<meta property=\"og:description\" content=\"Sol e calor em SC neste S\u00e1bado (20),\u00a0 mas a\u00a0 forma\u00e7\u00e3o de uma nova frente fria no RS, concentra a instabilidade no estado vizinho e mant\u00e9m o vento predominante de norte no estado. Temperaturas Eleva\u00e7\u00e3o r\u00e1pida das temperaturas , As m\u00e1ximas na parte da tarde chegam aos 30\u00b0C na maioria das regi\u00f5es, podendo chegar at\u00e9 &hellip; Sol, calor e temporais com vendaval e chuva intensa marcam o final de semana Read More &raquo;\" \/>\n<meta property=\"og:url\" content=\"https:\/\/sulsc.com\/index.php\/2025\/09\/20\/sol-calor-e-temporais-com-vendaval-e-chuva-intensa-marcam-o-final-de-semana\/\" \/>\n<meta property=\"article:author\" content=\"https:\/\/www.facebook.com\/profile.php?id=61559278119680\" \/>\n<meta property=\"article:published_time\" content=\"2025-09-20T15:14:37+00:00\" \/>\n<meta property=\"og:image\" content=\"http:\/\/sulsc.com\/wp-content\/uploads\/2024\/11\/Baixa-pressao-atmosferica-causa-chance-de-chuva-com-risco-moderado-a-alto-em-Santa-Catarina.jpg-1-540x330-1.webp\" \/>\n\t<meta property=\"og:image:width\" content=\"540\" \/>\n\t<meta property=\"og:image:height\" content=\"330\" \/>\n\t<meta property=\"og:image:type\" content=\"image\/webp\" \/>\n<meta name=\"author\" content=\"Reda\u00e7\u00e3o Sul SC\" \/>\n<meta name=\"twitter:card\" content=\"summary_large_image\" \/>\n<meta name=\"twitter:creator\" content=\"@https:\/\/twitter.com\/PortalSulSC\" \/>\n<meta name=\"twitter:label1\" content=\"Written by\" \/>\n\t<meta name=\"twitter:data1\" content=\"Reda\u00e7\u00e3o Sul SC\" \/>\n\t<meta name=\"twitter:label2\" content=\"Est. reading time\" \/>\n\t<meta name=\"twitter:data2\" content=\"2 minutes\" \/>\n<script type=\"application\/ld+json\" class=\"yoast-schema-graph\">{\"@context\":\"https:\/\/schema.org\",\"@graph\":[{\"@type\":\"WebPage\",\"@id\":\"https:\/\/sulsc.com\/index.php\/2025\/09\/20\/sol-calor-e-temporais-com-vendaval-e-chuva-intensa-marcam-o-final-de-semana\/\",\"url\":\"https:\/\/sulsc.com\/index.php\/2025\/09\/20\/sol-calor-e-temporais-com-vendaval-e-chuva-intensa-marcam-o-final-de-semana\/\",\"name\":\"Sol, calor e temporais com vendaval e chuva intensa marcam o final de semana -\",\"isPartOf\":{\"@id\":\"https:\/\/sulsc.com\/#website\"},\"datePublished\":\"2025-09-20T15:14:37+00:00\",\"dateModified\":\"2025-09-20T15:14:37+00:00\",\"author\":{\"@id\":\"https:\/\/sulsc.com\/#\/schema\/person\/84d2fc571684f6248ba83092f07750a3\"},\"breadcrumb\":{\"@id\":\"https:\/\/sulsc.com\/index.php\/2025\/09\/20\/sol-calor-e-temporais-com-vendaval-e-chuva-intensa-marcam-o-final-de-semana\/#breadcrumb\"},\"inLanguage\":\"en-US\",\"potentialAction\":[{\"@type\":\"ReadAction\",\"target\":[\"https:\/\/sulsc.com\/index.php\/2025\/09\/20\/sol-calor-e-temporais-com-vendaval-e-chuva-intensa-marcam-o-final-de-semana\/\"]}]},{\"@type\":\"BreadcrumbList\",\"@id\":\"https:\/\/sulsc.com\/index.php\/2025\/09\/20\/sol-calor-e-temporais-com-vendaval-e-chuva-intensa-marcam-o-final-de-semana\/#breadcrumb\",\"itemListElement\":[{\"@type\":\"ListItem\",\"position\":1,\"name\":\"In\u00edcio\",\"item\":\"https:\/\/sulsc.com\/\"},{\"@type\":\"ListItem\",\"position\":2,\"name\":\"Sol, calor e temporais com vendaval e chuva intensa marcam o final de semana\"}]},{\"@type\":\"WebSite\",\"@id\":\"https:\/\/sulsc.com\/#website\",\"url\":\"https:\/\/sulsc.com\/\",\"name\":\"\",\"description\":\"\",\"potentialAction\":[{\"@type\":\"SearchAction\",\"target\":{\"@type\":\"EntryPoint\",\"urlTemplate\":\"https:\/\/sulsc.com\/?s={search_term_string}\"},\"query-input\":\"required name=search_term_string\"}],\"inLanguage\":\"en-US\"},{\"@type\":\"Person\",\"@id\":\"https:\/\/sulsc.com\/#\/schema\/person\/84d2fc571684f6248ba83092f07750a3\",\"name\":\"Reda\u00e7\u00e3o Sul SC\",\"image\":{\"@type\":\"ImageObject\",\"inLanguage\":\"en-US\",\"@id\":\"https:\/\/sulsc.com\/#\/schema\/person\/image\/e08d7fe2cc4ed596372063bbe852b8d0\",\"url\":\"https:\/\/sulsc.com\/wp-content\/uploads\/2023\/09\/redacao.png\",\"contentUrl\":\"https:\/\/sulsc.com\/wp-content\/uploads\/2023\/09\/redacao.png\",\"caption\":\"Reda\u00e7\u00e3o Sul SC\"},\"description\":\"Foco em um jornalismo imparcial, voltado \u00e0 qualidade dos seus conte\u00fados e, assim, levar informa\u00e7\u00e3o de valor que agregue \u00e0 vida dos leitores. Esta \u00e9 grande miss\u00e3o do Portal de Not\u00edcias Sul SC. N\u00e3o \u00e9 quantidade que muda o mundo, sempre foi e seguir\u00e1 sendo qualidade!\",\"sameAs\":[\"https:\/\/sulsc.com\/\",\"https:\/\/www.facebook.com\/profile.php?id=61559278119680\",\"https:\/\/www.instagram.com\/sulscportal\/?hl=pt-br\",\"https:\/\/twitter.com\/https:\/\/twitter.com\/PortalSulSC\",\"https:\/\/www.youtube.com\/channel\/UCv_BE8GeySluDov2n8qhVmw\"],\"url\":\"https:\/\/sulsc.com\/index.php\/author\/redacao\/\"}]}<\/script>\n<!-- \/ Yoast SEO plugin. -->","yoast_head_json":{"title":"Sol, calor e temporais com vendaval e chuva intensa marcam o final de semana -","robots":{"index":"index","follow":"follow","max-snippet":"max-snippet:-1","max-image-preview":"max-image-preview:large","max-video-preview":"max-video-preview:-1"},"canonical":"https:\/\/sulsc.com\/index.php\/2025\/09\/20\/sol-calor-e-temporais-com-vendaval-e-chuva-intensa-marcam-o-final-de-semana\/","og_locale":"en_US","og_type":"article","og_title":"Sol, calor e temporais com vendaval e chuva intensa marcam o final de semana -","og_description":"Sol e calor em SC neste S\u00e1bado (20),\u00a0 mas a\u00a0 forma\u00e7\u00e3o de uma nova frente fria no RS, concentra a instabilidade no estado vizinho e mant\u00e9m o vento predominante de norte no estado. Temperaturas Eleva\u00e7\u00e3o r\u00e1pida das temperaturas , As m\u00e1ximas na parte da tarde chegam aos 30\u00b0C na maioria das regi\u00f5es, podendo chegar at\u00e9 &hellip; Sol, calor e temporais com vendaval e chuva intensa marcam o final de semana Read More &raquo;","og_url":"https:\/\/sulsc.com\/index.php\/2025\/09\/20\/sol-calor-e-temporais-com-vendaval-e-chuva-intensa-marcam-o-final-de-semana\/","article_author":"https:\/\/www.facebook.com\/profile.php?id=61559278119680","article_published_time":"2025-09-20T15:14:37+00:00","og_image":[{"width":540,"height":330,"url":"http:\/\/sulsc.com\/wp-content\/uploads\/2024\/11\/Baixa-pressao-atmosferica-causa-chance-de-chuva-com-risco-moderado-a-alto-em-Santa-Catarina.jpg-1-540x330-1.webp","type":"image\/webp"}],"author":"Reda\u00e7\u00e3o Sul SC","twitter_card":"summary_large_image","twitter_creator":"@https:\/\/twitter.com\/PortalSulSC","twitter_misc":{"Written by":"Reda\u00e7\u00e3o Sul SC","Est. reading time":"2 minutes"},"schema":{"@context":"https:\/\/schema.org","@graph":[{"@type":"WebPage","@id":"https:\/\/sulsc.com\/index.php\/2025\/09\/20\/sol-calor-e-temporais-com-vendaval-e-chuva-intensa-marcam-o-final-de-semana\/","url":"https:\/\/sulsc.com\/index.php\/2025\/09\/20\/sol-calor-e-temporais-com-vendaval-e-chuva-intensa-marcam-o-final-de-semana\/","name":"Sol, calor e temporais com vendaval e chuva intensa marcam o final de semana -","isPartOf":{"@id":"https:\/\/sulsc.com\/#website"},"datePublished":"2025-09-20T15:14:37+00:00","dateModified":"2025-09-20T15:14:37+00:00","author":{"@id":"https:\/\/sulsc.com\/#\/schema\/person\/84d2fc571684f6248ba83092f07750a3"},"breadcrumb":{"@id":"https:\/\/sulsc.com\/index.php\/2025\/09\/20\/sol-calor-e-temporais-com-vendaval-e-chuva-intensa-marcam-o-final-de-semana\/#breadcrumb"},"inLanguage":"en-US","potentialAction":[{"@type":"ReadAction","target":["https:\/\/sulsc.com\/index.php\/2025\/09\/20\/sol-calor-e-temporais-com-vendaval-e-chuva-intensa-marcam-o-final-de-semana\/"]}]},{"@type":"BreadcrumbList","@id":"https:\/\/sulsc.com\/index.php\/2025\/09\/20\/sol-calor-e-temporais-com-vendaval-e-chuva-intensa-marcam-o-final-de-semana\/#breadcrumb","itemListElement":[{"@type":"ListItem","position":1,"name":"In\u00edcio","item":"https:\/\/sulsc.com\/"},{"@type":"ListItem","position":2,"name":"Sol, calor e temporais com vendaval e chuva intensa marcam o final de semana"}]},{"@type":"WebSite","@id":"https:\/\/sulsc.com\/#website","url":"https:\/\/sulsc.com\/","name":"","description":"","potentialAction":[{"@type":"SearchAction","target":{"@type":"EntryPoint","urlTemplate":"https:\/\/sulsc.com\/?s={search_term_string}"},"query-input":"required name=search_term_string"}],"inLanguage":"en-US"},{"@type":"Person","@id":"https:\/\/sulsc.com\/#\/schema\/person\/84d2fc571684f6248ba83092f07750a3","name":"Reda\u00e7\u00e3o Sul SC","image":{"@type":"ImageObject","inLanguage":"en-US","@id":"https:\/\/sulsc.com\/#\/schema\/person\/image\/e08d7fe2cc4ed596372063bbe852b8d0","url":"https:\/\/sulsc.com\/wp-content\/uploads\/2023\/09\/redacao.png","contentUrl":"https:\/\/sulsc.com\/wp-content\/uploads\/2023\/09\/redacao.png","caption":"Reda\u00e7\u00e3o Sul SC"},"description":"Foco em um jornalismo imparcial, voltado \u00e0 qualidade dos seus conte\u00fados e, assim, levar informa\u00e7\u00e3o de valor que agregue \u00e0 vida dos leitores. Esta \u00e9 grande miss\u00e3o do Portal de Not\u00edcias Sul SC. N\u00e3o \u00e9 quantidade que muda o mundo, sempre foi e seguir\u00e1 sendo qualidade!","sameAs":["https:\/\/sulsc.com\/","https:\/\/www.facebook.com\/profile.php?id=61559278119680","https:\/\/www.instagram.com\/sulscportal\/?hl=pt-br","https:\/\/twitter.com\/https:\/\/twitter.com\/PortalSulSC","https:\/\/www.youtube.com\/channel\/UCv_BE8GeySluDov2n8qhVmw"],"url":"https:\/\/sulsc.com\/index.php\/author\/redacao\/"}]}},"authors":[],"_links":{"self":[{"href":"https:\/\/sulsc.com\/index.php\/wp-json\/wp\/v2\/posts\/27361"}],"collection":[{"href":"https:\/\/sulsc.com\/index.php\/wp-json\/wp\/v2\/posts"}],"about":[{"href":"https:\/\/sulsc.com\/index.php\/wp-json\/wp\/v2\/types\/post"}],"author":[{"embeddable":true,"href":"https:\/\/sulsc.com\/index.php\/wp-json\/wp\/v2\/users\/3"}],"replies":[{"embeddable":true,"href":"https:\/\/sulsc.com\/index.php\/wp-json\/wp\/v2\/comments?post=27361"}],"version-history":[{"count":1,"href":"https:\/\/sulsc.com\/index.php\/wp-json\/wp\/v2\/posts\/27361\/revisions"}],"predecessor-version":[{"id":27364,"href":"https:\/\/sulsc.com\/index.php\/wp-json\/wp\/v2\/posts\/27361\/revisions\/27364"}],"wp:featuredmedia":[{"embeddable":true,"href":"https:\/\/sulsc.com\/index.php\/wp-json\/wp\/v2\/media\/17523"}],"wp:attachment":[{"href":"https:\/\/sulsc.com\/index.php\/wp-json\/wp\/v2\/media?parent=27361"}],"wp:term":[{"taxonomy":"category","embeddable":true,"href":"https:\/\/sulsc.com\/index.php\/wp-json\/wp\/v2\/categories?post=27361"},{"taxonomy":"post_tag","embeddable":true,"href":"https:\/\/sulsc.com\/index.php\/wp-json\/wp\/v2\/tags?post=27361"}],"curies":[{"name":"wp","href":"https:\/\/api.w.org\/{rel}","templated":true}]}}