{"id":27430,"date":"2025-09-23T06:51:59","date_gmt":"2025-09-23T09:51:59","guid":{"rendered":"https:\/\/sulsc.com\/?p=27430"},"modified":"2025-09-23T06:53:30","modified_gmt":"2025-09-23T09:53:30","slug":"terca-feira-ensolarada-mas-com-manha-fria-e-maximas-nao-passando-25oc","status":"publish","type":"post","link":"https:\/\/sulsc.com\/index.php\/2025\/09\/23\/terca-feira-ensolarada-mas-com-manha-fria-e-maximas-nao-passando-25oc\/","title":{"rendered":"Ter\u00e7a-feira ensolarada com manh\u00e3 fria e m\u00e1ximas n\u00e3o passando 25\u00baC"},"content":{"rendered":"<p><span dir=\"auto\" style=\"vertical-align: inherit;\"><span dir=\"auto\" style=\"vertical-align: inherit;\">Tempo firme e ensolarado em toda Santa Catarina nesta ter\u00e7a-feira, por influ\u00eancia de uma massa de ar seco e frio de origem polar, com centro sobre o estado. O mar segue agitado, principalmente entre a Grande Florian\u00f3polis e o Litoral Sul, com ondas de sul entre 2,0 e 2,5m e picos de 3,0m com risco moderado para atividades de pesca e navega\u00e7\u00e3o.<\/span><\/span><\/p>\n<p><strong><span dir=\"auto\" style=\"vertical-align: inherit;\"><span dir=\"auto\" style=\"vertical-align: inherit;\">Temperatura<\/span><\/span><\/strong><\/p>\n<p><span dir=\"auto\" style=\"vertical-align: inherit;\"><span dir=\"auto\" style=\"vertical-align: inherit;\">Depois de um amanhecer gelado, as temperaturas ficam amenas \u00e0 tarde e as m\u00e1ximas variam entre 15 e 21\u00b0C na maioria das regi\u00f5es, chegando aos 25\u00b0C no Litoral. No final do dia, a medida que o sol se faz com que as temperaturas declinem novamente, voltando a fazer frio \u00e0 noite.<\/span><\/span><\/p>\n<p><img fetchpriority=\"high\" decoding=\"async\" class=\"aligncenter size-full wp-image-27432\" src=\"http:\/\/sulsc.com\/wp-content\/uploads\/2025\/09\/Captura-de-tela-2025-09-22-010240-1.png\" alt=\"\" width=\"825\" height=\"561\" srcset=\"https:\/\/sulsc.com\/wp-content\/uploads\/2025\/09\/Captura-de-tela-2025-09-22-010240-1.png 825w, https:\/\/sulsc.com\/wp-content\/uploads\/2025\/09\/Captura-de-tela-2025-09-22-010240-1-300x204.png 300w, https:\/\/sulsc.com\/wp-content\/uploads\/2025\/09\/Captura-de-tela-2025-09-22-010240-1-768x522.png 768w\" sizes=\"(max-width: 825px) 100vw, 825px\" \/><\/p>\n<p><img decoding=\"async\" class=\"aligncenter size-full wp-image-22836\" src=\"http:\/\/sulsc.com\/wp-content\/uploads\/2025\/04\/Tempo-2.png\" alt=\"\" width=\"1024\" height=\"189\" srcset=\"https:\/\/sulsc.com\/wp-content\/uploads\/2025\/04\/Tempo-2.png 1024w, https:\/\/sulsc.com\/wp-content\/uploads\/2025\/04\/Tempo-2-300x55.png 300w, https:\/\/sulsc.com\/wp-content\/uploads\/2025\/04\/Tempo-2-768x142.png 768w\" sizes=\"(max-width: 1024px) 100vw, 1024px\" \/><\/p>\n<p><strong><span dir=\"auto\" style=\"vertical-align: inherit;\"><span dir=\"auto\" style=\"vertical-align: inherit;\">Ventos:<\/span><\/span><\/strong><span dir=\"auto\" style=\"vertical-align: inherit;\"><span dir=\"auto\" style=\"vertical-align: inherit;\"> sul a sudeste, fraco a moderado.<\/span><\/span><\/p>\n<p><strong><span dir=\"auto\" style=\"vertical-align: inherit;\"><span dir=\"auto\" style=\"vertical-align: inherit;\">Sistema predominante:<\/span><\/span><\/strong><span dir=\"auto\" style=\"vertical-align: inherit;\"><span dir=\"auto\" style=\"vertical-align: inherit;\"> massa de ar frio e seco (alta press\u00e3o).<\/span><\/span><\/p>\n<div id=\"metaslider-id-25573\" style=\"width: 100%;\" class=\"ml-slider-3-99-0 metaslider metaslider-flex metaslider-25573 ml-slider has-onhover-arrows ms-theme-default-base has-dots-nav\" role=\"region\" aria-label=\"Meio\" data-width=\"1200\">\n    <div id=\"metaslider_container_25573\">\n        <div id=\"metaslider_25573\">\n            <ul class='slides'>\n                <li style=\"display: block; width: 100%;\" class=\"slide-25684 ms-image \" aria-roledescription=\"slide\" data-date=\"2025-07-24 07:55:40\"><img src=\"https:\/\/sulsc.com\/wp-content\/uploads\/2025\/07\/Marr-2-1000x166.jpg\" height=\"200\" width=\"1200\" alt=\"\" class=\"slider-25573 slide-25684 msDefaultImage\" title=\"Marr 2\" \/><\/li>\n                <li style=\"display: none; width: 100%;\" class=\"slide-32412 ms-image \" aria-roledescription=\"slide\" data-date=\"2026-02-18 13:59:46\"><img src=\"https:\/\/sulsc.com\/wp-content\/uploads\/2026\/02\/40dc1580-cad5-4867-bc58-c4243821ad38-1000x166.jpeg\" height=\"200\" width=\"1200\" alt=\"\" class=\"slider-25573 slide-32412 msDefaultImage\" title=\"40dc1580-cad5-4867-bc58-c4243821ad38\" \/><\/li>\n                <li style=\"display: none; width: 100%;\" class=\"slide-32766 ms-image \" aria-roledescription=\"slide\" data-date=\"2026-03-03 17:22:59\"><img src=\"https:\/\/sulsc.com\/wp-content\/uploads\/2026\/03\/271ce739-f268-41c5-8051-3de1a1750359-1000x166.jpeg\" height=\"200\" width=\"1200\" alt=\"\" class=\"slider-25573 slide-32766 msDefaultImage\" title=\"271ce739-f268-41c5-8051-3de1a1750359\" \/><\/li>\n            <\/ul>\n        <\/div>\n        \n    <\/div>\n<\/div>\n<p><strong><span dir=\"auto\" style=\"vertical-align: inherit;\"><span dir=\"auto\" style=\"vertical-align: inherit;\">Nesta quarta-feira (24),<\/span><\/span><\/strong><span dir=\"auto\" style=\"vertical-align: inherit;\"><span dir=\"auto\" style=\"vertical-align: inherit;\"> tempo firme com sol e algumas nuvens em SC, com condi\u00e7\u00f5es de chuva isolada no litoral e \u00e1reas pr\u00f3ximas devido \u00e0 circula\u00e7\u00e3o mar\u00edtima. As temperaturas seguem mais baixas ao amanhecer, com m\u00ednimas abaixo de 12\u00b0C em boa parte do estado e possibilidade de ocorr\u00eancia nas \u00e1reas altas do Planalto Sul. Durante o dia, m\u00e1ximas de 18\u00b0C \u200b\u200ba 25\u00b0C.<\/span><\/span><\/p>\n<p><span dir=\"auto\" style=\"vertical-align: inherit;\"><span dir=\"auto\" style=\"vertical-align: inherit;\">Fonte: Defesa Civil-SC\/Epagri-Ciram<\/span><\/span><\/p>\n","protected":false},"excerpt":{"rendered":"<p>Tempo firme e ensolarado em toda Santa Catarina nesta ter\u00e7a-feira, por influ\u00eancia de uma massa de ar seco e frio de origem polar, com centro sobre o estado. O mar segue agitado, principalmente entre a Grande Florian\u00f3polis e o Litoral Sul, com ondas de sul entre 2,0 e 2,5m e picos de 3,0m com risco &hellip;<\/p>\n<p class=\"read-more\"> <a class=\"\" href=\"https:\/\/sulsc.com\/index.php\/2025\/09\/23\/terca-feira-ensolarada-mas-com-manha-fria-e-maximas-nao-passando-25oc\/\"> <span class=\"screen-reader-text\">Ter\u00e7a-feira ensolarada com manh\u00e3 fria e m\u00e1ximas n\u00e3o passando 25\u00baC<\/span> Read More &raquo;<\/a><\/p>\n","protected":false},"author":3,"featured_media":26662,"comment_status":"open","ping_status":"open","sticky":false,"template":"","format":"standard","meta":{"site-sidebar-layout":"default","site-content-layout":"","ast-site-content-layout":"default","site-content-style":"default","site-sidebar-style":"default","ast-global-header-display":"","ast-banner-title-visibility":"","ast-main-header-display":"","ast-hfb-above-header-display":"","ast-hfb-below-header-display":"","ast-hfb-mobile-header-display":"","site-post-title":"","ast-breadcrumbs-content":"","ast-featured-img":"","footer-sml-layout":"","theme-transparent-header-meta":"default","adv-header-id-meta":"","stick-header-meta":"","header-above-stick-meta":"","header-main-stick-meta":"","header-below-stick-meta":"","astra-migrate-meta-layouts":"set","footnotes":""},"categories":[38,12],"tags":[90],"yoast_head":"<!-- This site is optimized with the Yoast SEO plugin v21.4 - https:\/\/yoast.com\/wordpress\/plugins\/seo\/ -->\n<title>Ter\u00e7a-feira ensolarada com manh\u00e3 fria e m\u00e1ximas n\u00e3o passando 25\u00baC -<\/title>\n<meta name=\"robots\" content=\"index, follow, max-snippet:-1, max-image-preview:large, max-video-preview:-1\" \/>\n<link rel=\"canonical\" href=\"https:\/\/sulsc.com\/index.php\/2025\/09\/23\/terca-feira-ensolarada-mas-com-manha-fria-e-maximas-nao-passando-25oc\/\" \/>\n<meta property=\"og:locale\" content=\"en_US\" \/>\n<meta property=\"og:type\" content=\"article\" \/>\n<meta property=\"og:title\" content=\"Ter\u00e7a-feira ensolarada com manh\u00e3 fria e m\u00e1ximas n\u00e3o passando 25\u00baC -\" \/>\n<meta property=\"og:description\" content=\"Tempo firme e ensolarado em toda Santa Catarina nesta ter\u00e7a-feira, por influ\u00eancia de uma massa de ar seco e frio de origem polar, com centro sobre o estado. O mar segue agitado, principalmente entre a Grande Florian\u00f3polis e o Litoral Sul, com ondas de sul entre 2,0 e 2,5m e picos de 3,0m com risco &hellip; Ter\u00e7a-feira ensolarada com manh\u00e3 fria e m\u00e1ximas n\u00e3o passando 25\u00baC Read More &raquo;\" \/>\n<meta property=\"og:url\" content=\"https:\/\/sulsc.com\/index.php\/2025\/09\/23\/terca-feira-ensolarada-mas-com-manha-fria-e-maximas-nao-passando-25oc\/\" \/>\n<meta property=\"article:author\" content=\"https:\/\/www.facebook.com\/profile.php?id=61559278119680\" \/>\n<meta property=\"article:published_time\" content=\"2025-09-23T09:51:59+00:00\" \/>\n<meta property=\"article:modified_time\" content=\"2025-09-23T09:53:30+00:00\" \/>\n<meta property=\"og:image\" content=\"http:\/\/sulsc.com\/wp-content\/uploads\/2025\/09\/db84678a-651d-468a-86bf-55782ba63b4d.jpg\" \/>\n\t<meta property=\"og:image:width\" content=\"1060\" \/>\n\t<meta property=\"og:image:height\" content=\"580\" \/>\n\t<meta property=\"og:image:type\" content=\"image\/jpeg\" \/>\n<meta name=\"author\" content=\"Reda\u00e7\u00e3o Sul SC\" \/>\n<meta name=\"twitter:card\" content=\"summary_large_image\" \/>\n<meta name=\"twitter:creator\" content=\"@https:\/\/twitter.com\/PortalSulSC\" \/>\n<meta name=\"twitter:label1\" content=\"Written by\" \/>\n\t<meta name=\"twitter:data1\" content=\"Reda\u00e7\u00e3o Sul SC\" \/>\n\t<meta name=\"twitter:label2\" content=\"Est. reading time\" \/>\n\t<meta name=\"twitter:data2\" content=\"2 minutes\" \/>\n<script type=\"application\/ld+json\" class=\"yoast-schema-graph\">{\"@context\":\"https:\/\/schema.org\",\"@graph\":[{\"@type\":\"WebPage\",\"@id\":\"https:\/\/sulsc.com\/index.php\/2025\/09\/23\/terca-feira-ensolarada-mas-com-manha-fria-e-maximas-nao-passando-25oc\/\",\"url\":\"https:\/\/sulsc.com\/index.php\/2025\/09\/23\/terca-feira-ensolarada-mas-com-manha-fria-e-maximas-nao-passando-25oc\/\",\"name\":\"Ter\u00e7a-feira ensolarada com manh\u00e3 fria e m\u00e1ximas n\u00e3o passando 25\u00baC -\",\"isPartOf\":{\"@id\":\"https:\/\/sulsc.com\/#website\"},\"datePublished\":\"2025-09-23T09:51:59+00:00\",\"dateModified\":\"2025-09-23T09:53:30+00:00\",\"author\":{\"@id\":\"https:\/\/sulsc.com\/#\/schema\/person\/84d2fc571684f6248ba83092f07750a3\"},\"breadcrumb\":{\"@id\":\"https:\/\/sulsc.com\/index.php\/2025\/09\/23\/terca-feira-ensolarada-mas-com-manha-fria-e-maximas-nao-passando-25oc\/#breadcrumb\"},\"inLanguage\":\"en-US\",\"potentialAction\":[{\"@type\":\"ReadAction\",\"target\":[\"https:\/\/sulsc.com\/index.php\/2025\/09\/23\/terca-feira-ensolarada-mas-com-manha-fria-e-maximas-nao-passando-25oc\/\"]}]},{\"@type\":\"BreadcrumbList\",\"@id\":\"https:\/\/sulsc.com\/index.php\/2025\/09\/23\/terca-feira-ensolarada-mas-com-manha-fria-e-maximas-nao-passando-25oc\/#breadcrumb\",\"itemListElement\":[{\"@type\":\"ListItem\",\"position\":1,\"name\":\"In\u00edcio\",\"item\":\"https:\/\/sulsc.com\/\"},{\"@type\":\"ListItem\",\"position\":2,\"name\":\"Ter\u00e7a-feira ensolarada com manh\u00e3 fria e m\u00e1ximas n\u00e3o passando 25\u00baC\"}]},{\"@type\":\"WebSite\",\"@id\":\"https:\/\/sulsc.com\/#website\",\"url\":\"https:\/\/sulsc.com\/\",\"name\":\"\",\"description\":\"\",\"potentialAction\":[{\"@type\":\"SearchAction\",\"target\":{\"@type\":\"EntryPoint\",\"urlTemplate\":\"https:\/\/sulsc.com\/?s={search_term_string}\"},\"query-input\":\"required name=search_term_string\"}],\"inLanguage\":\"en-US\"},{\"@type\":\"Person\",\"@id\":\"https:\/\/sulsc.com\/#\/schema\/person\/84d2fc571684f6248ba83092f07750a3\",\"name\":\"Reda\u00e7\u00e3o Sul SC\",\"image\":{\"@type\":\"ImageObject\",\"inLanguage\":\"en-US\",\"@id\":\"https:\/\/sulsc.com\/#\/schema\/person\/image\/e08d7fe2cc4ed596372063bbe852b8d0\",\"url\":\"https:\/\/sulsc.com\/wp-content\/uploads\/2023\/09\/redacao.png\",\"contentUrl\":\"https:\/\/sulsc.com\/wp-content\/uploads\/2023\/09\/redacao.png\",\"caption\":\"Reda\u00e7\u00e3o Sul SC\"},\"description\":\"Foco em um jornalismo imparcial, voltado \u00e0 qualidade dos seus conte\u00fados e, assim, levar informa\u00e7\u00e3o de valor que agregue \u00e0 vida dos leitores. Esta \u00e9 grande miss\u00e3o do Portal de Not\u00edcias Sul SC. N\u00e3o \u00e9 quantidade que muda o mundo, sempre foi e seguir\u00e1 sendo qualidade!\",\"sameAs\":[\"https:\/\/sulsc.com\/\",\"https:\/\/www.facebook.com\/profile.php?id=61559278119680\",\"https:\/\/www.instagram.com\/sulscportal\/?hl=pt-br\",\"https:\/\/twitter.com\/https:\/\/twitter.com\/PortalSulSC\",\"https:\/\/www.youtube.com\/channel\/UCv_BE8GeySluDov2n8qhVmw\"],\"url\":\"https:\/\/sulsc.com\/index.php\/author\/redacao\/\"}]}<\/script>\n<!-- \/ Yoast SEO plugin. -->","yoast_head_json":{"title":"Ter\u00e7a-feira ensolarada com manh\u00e3 fria e m\u00e1ximas n\u00e3o passando 25\u00baC -","robots":{"index":"index","follow":"follow","max-snippet":"max-snippet:-1","max-image-preview":"max-image-preview:large","max-video-preview":"max-video-preview:-1"},"canonical":"https:\/\/sulsc.com\/index.php\/2025\/09\/23\/terca-feira-ensolarada-mas-com-manha-fria-e-maximas-nao-passando-25oc\/","og_locale":"en_US","og_type":"article","og_title":"Ter\u00e7a-feira ensolarada com manh\u00e3 fria e m\u00e1ximas n\u00e3o passando 25\u00baC -","og_description":"Tempo firme e ensolarado em toda Santa Catarina nesta ter\u00e7a-feira, por influ\u00eancia de uma massa de ar seco e frio de origem polar, com centro sobre o estado. O mar segue agitado, principalmente entre a Grande Florian\u00f3polis e o Litoral Sul, com ondas de sul entre 2,0 e 2,5m e picos de 3,0m com risco &hellip; Ter\u00e7a-feira ensolarada com manh\u00e3 fria e m\u00e1ximas n\u00e3o passando 25\u00baC Read More &raquo;","og_url":"https:\/\/sulsc.com\/index.php\/2025\/09\/23\/terca-feira-ensolarada-mas-com-manha-fria-e-maximas-nao-passando-25oc\/","article_author":"https:\/\/www.facebook.com\/profile.php?id=61559278119680","article_published_time":"2025-09-23T09:51:59+00:00","article_modified_time":"2025-09-23T09:53:30+00:00","og_image":[{"width":1060,"height":580,"url":"http:\/\/sulsc.com\/wp-content\/uploads\/2025\/09\/db84678a-651d-468a-86bf-55782ba63b4d.jpg","type":"image\/jpeg"}],"author":"Reda\u00e7\u00e3o Sul SC","twitter_card":"summary_large_image","twitter_creator":"@https:\/\/twitter.com\/PortalSulSC","twitter_misc":{"Written by":"Reda\u00e7\u00e3o Sul SC","Est. reading time":"2 minutes"},"schema":{"@context":"https:\/\/schema.org","@graph":[{"@type":"WebPage","@id":"https:\/\/sulsc.com\/index.php\/2025\/09\/23\/terca-feira-ensolarada-mas-com-manha-fria-e-maximas-nao-passando-25oc\/","url":"https:\/\/sulsc.com\/index.php\/2025\/09\/23\/terca-feira-ensolarada-mas-com-manha-fria-e-maximas-nao-passando-25oc\/","name":"Ter\u00e7a-feira ensolarada com manh\u00e3 fria e m\u00e1ximas n\u00e3o passando 25\u00baC -","isPartOf":{"@id":"https:\/\/sulsc.com\/#website"},"datePublished":"2025-09-23T09:51:59+00:00","dateModified":"2025-09-23T09:53:30+00:00","author":{"@id":"https:\/\/sulsc.com\/#\/schema\/person\/84d2fc571684f6248ba83092f07750a3"},"breadcrumb":{"@id":"https:\/\/sulsc.com\/index.php\/2025\/09\/23\/terca-feira-ensolarada-mas-com-manha-fria-e-maximas-nao-passando-25oc\/#breadcrumb"},"inLanguage":"en-US","potentialAction":[{"@type":"ReadAction","target":["https:\/\/sulsc.com\/index.php\/2025\/09\/23\/terca-feira-ensolarada-mas-com-manha-fria-e-maximas-nao-passando-25oc\/"]}]},{"@type":"BreadcrumbList","@id":"https:\/\/sulsc.com\/index.php\/2025\/09\/23\/terca-feira-ensolarada-mas-com-manha-fria-e-maximas-nao-passando-25oc\/#breadcrumb","itemListElement":[{"@type":"ListItem","position":1,"name":"In\u00edcio","item":"https:\/\/sulsc.com\/"},{"@type":"ListItem","position":2,"name":"Ter\u00e7a-feira ensolarada com manh\u00e3 fria e m\u00e1ximas n\u00e3o passando 25\u00baC"}]},{"@type":"WebSite","@id":"https:\/\/sulsc.com\/#website","url":"https:\/\/sulsc.com\/","name":"","description":"","potentialAction":[{"@type":"SearchAction","target":{"@type":"EntryPoint","urlTemplate":"https:\/\/sulsc.com\/?s={search_term_string}"},"query-input":"required name=search_term_string"}],"inLanguage":"en-US"},{"@type":"Person","@id":"https:\/\/sulsc.com\/#\/schema\/person\/84d2fc571684f6248ba83092f07750a3","name":"Reda\u00e7\u00e3o Sul SC","image":{"@type":"ImageObject","inLanguage":"en-US","@id":"https:\/\/sulsc.com\/#\/schema\/person\/image\/e08d7fe2cc4ed596372063bbe852b8d0","url":"https:\/\/sulsc.com\/wp-content\/uploads\/2023\/09\/redacao.png","contentUrl":"https:\/\/sulsc.com\/wp-content\/uploads\/2023\/09\/redacao.png","caption":"Reda\u00e7\u00e3o Sul SC"},"description":"Foco em um jornalismo imparcial, voltado \u00e0 qualidade dos seus conte\u00fados e, assim, levar informa\u00e7\u00e3o de valor que agregue \u00e0 vida dos leitores. Esta \u00e9 grande miss\u00e3o do Portal de Not\u00edcias Sul SC. N\u00e3o \u00e9 quantidade que muda o mundo, sempre foi e seguir\u00e1 sendo qualidade!","sameAs":["https:\/\/sulsc.com\/","https:\/\/www.facebook.com\/profile.php?id=61559278119680","https:\/\/www.instagram.com\/sulscportal\/?hl=pt-br","https:\/\/twitter.com\/https:\/\/twitter.com\/PortalSulSC","https:\/\/www.youtube.com\/channel\/UCv_BE8GeySluDov2n8qhVmw"],"url":"https:\/\/sulsc.com\/index.php\/author\/redacao\/"}]}},"authors":[],"_links":{"self":[{"href":"https:\/\/sulsc.com\/index.php\/wp-json\/wp\/v2\/posts\/27430"}],"collection":[{"href":"https:\/\/sulsc.com\/index.php\/wp-json\/wp\/v2\/posts"}],"about":[{"href":"https:\/\/sulsc.com\/index.php\/wp-json\/wp\/v2\/types\/post"}],"author":[{"embeddable":true,"href":"https:\/\/sulsc.com\/index.php\/wp-json\/wp\/v2\/users\/3"}],"replies":[{"embeddable":true,"href":"https:\/\/sulsc.com\/index.php\/wp-json\/wp\/v2\/comments?post=27430"}],"version-history":[{"count":3,"href":"https:\/\/sulsc.com\/index.php\/wp-json\/wp\/v2\/posts\/27430\/revisions"}],"predecessor-version":[{"id":27435,"href":"https:\/\/sulsc.com\/index.php\/wp-json\/wp\/v2\/posts\/27430\/revisions\/27435"}],"wp:featuredmedia":[{"embeddable":true,"href":"https:\/\/sulsc.com\/index.php\/wp-json\/wp\/v2\/media\/26662"}],"wp:attachment":[{"href":"https:\/\/sulsc.com\/index.php\/wp-json\/wp\/v2\/media?parent=27430"}],"wp:term":[{"taxonomy":"category","embeddable":true,"href":"https:\/\/sulsc.com\/index.php\/wp-json\/wp\/v2\/categories?post=27430"},{"taxonomy":"post_tag","embeddable":true,"href":"https:\/\/sulsc.com\/index.php\/wp-json\/wp\/v2\/tags?post=27430"}],"curies":[{"name":"wp","href":"https:\/\/api.w.org\/{rel}","templated":true}]}}