{"id":2745,"date":"2023-10-24T09:30:50","date_gmt":"2023-10-24T12:30:50","guid":{"rendered":"https:\/\/sulsc.com\/?p=2745"},"modified":"2023-10-24T08:48:27","modified_gmt":"2023-10-24T11:48:27","slug":"comissao-aprova-sinalizacao-de-faixas-de-pedestres-com-imagens-para-auxiliar-autistas","status":"publish","type":"post","link":"https:\/\/sulsc.com\/index.php\/2023\/10\/24\/comissao-aprova-sinalizacao-de-faixas-de-pedestres-com-imagens-para-auxiliar-autistas\/","title":{"rendered":"Comiss\u00e3o aprova sinaliza\u00e7\u00e3o de faixas de pedestres com imagens para auxiliar autistas"},"content":{"rendered":"<p>O projeto de lei que prev\u00ea a sinaliza\u00e7\u00e3o das faixas de pedestre com pictogramas para facilitar a travessia por pessoas com autismo, foi aprovado pela Comiss\u00e3o de Defesa dos Direitos das Pessoas com Defici\u00eancia da C\u00e2mara do Deputados aprovou. Os pictogramas utilizam imagens ou s\u00edmbolos para representar informa\u00e7\u00f5es como \u201cpare\u201d, \u201colhe\u201d, \u201csem\u00e1foro\u201d e \u201catravesse\u201d.<\/p>\n<p>Relator no colegiado, o deputado M\u00e1rcio Jerry (PCdoB-MA) recomendou a aprova\u00e7\u00e3o de substitutivo ao Projeto de Lei 1835\/23, do deputado Pedro Aihara (Patriota-MG). A modifica\u00e7\u00e3o foi feita porque, na avalia\u00e7\u00e3o do relator, n\u00e3o cabe \u00e0 lei federal determinar como os \u00f3rg\u00e3os estaduais de tr\u00e2nsito devem sinalizar as travessias de pedestres.<\/p>\n<p>\u201cH\u00e1 uma forma de conseguir o mesmo efeito sem que a Constitui\u00e7\u00e3o seja violada: concedendo o direito dos estados de definir legisla\u00e7\u00f5es para que essas sinaliza\u00e7\u00f5es horizontais forne\u00e7am informa\u00e7\u00f5es que orientem autistas para uma travessia mais segura\u201d, disse Jerry.<\/p>\n<p><img fetchpriority=\"high\" decoding=\"async\" class=\"alignnone size-full wp-image-2747\" src=\"http:\/\/sulsc.com\/wp-content\/uploads\/2023\/10\/Marcio-Jerry-autor-da-proposta.jpg\" alt=\"\" width=\"768\" height=\"473\" srcset=\"https:\/\/sulsc.com\/wp-content\/uploads\/2023\/10\/Marcio-Jerry-autor-da-proposta.jpg 768w, https:\/\/sulsc.com\/wp-content\/uploads\/2023\/10\/Marcio-Jerry-autor-da-proposta-300x185.jpg 300w\" sizes=\"(max-width: 768px) 100vw, 768px\" \/><\/p>\n<p><strong>Tramita\u00e7\u00e3o<\/strong><\/p>\n<p>O projeto tramita em car\u00e1ter conclusivo e\u00a0ser\u00e1 ainda analisado pelas comiss\u00f5es de Via\u00e7\u00e3o e Transportes; e de Constitui\u00e7\u00e3o e Justi\u00e7a e de Cidadania.<\/p>\n<p>&nbsp;<\/p>\n<p>Fonte: Ag\u00eancia C\u00e2mara de Not\u00edcias<\/p>\n","protected":false},"excerpt":{"rendered":"<p>O projeto de lei que prev\u00ea a sinaliza\u00e7\u00e3o das faixas de pedestre com pictogramas para facilitar a travessia por pessoas com autismo, foi aprovado pela Comiss\u00e3o de Defesa dos Direitos das Pessoas com Defici\u00eancia da C\u00e2mara do Deputados aprovou. Os pictogramas utilizam imagens ou s\u00edmbolos para representar informa\u00e7\u00f5es como \u201cpare\u201d, \u201colhe\u201d, \u201csem\u00e1foro\u201d e \u201catravesse\u201d. Relator &hellip;<\/p>\n<p class=\"read-more\"> <a class=\"\" href=\"https:\/\/sulsc.com\/index.php\/2023\/10\/24\/comissao-aprova-sinalizacao-de-faixas-de-pedestres-com-imagens-para-auxiliar-autistas\/\"> <span class=\"screen-reader-text\">Comiss\u00e3o aprova sinaliza\u00e7\u00e3o de faixas de pedestres com imagens para auxiliar autistas<\/span> Read More &raquo;<\/a><\/p>\n","protected":false},"author":3,"featured_media":2746,"comment_status":"open","ping_status":"open","sticky":false,"template":"","format":"standard","meta":{"site-sidebar-layout":"default","site-content-layout":"","ast-site-content-layout":"default","site-content-style":"default","site-sidebar-style":"default","ast-global-header-display":"","ast-banner-title-visibility":"","ast-main-header-display":"","ast-hfb-above-header-display":"","ast-hfb-below-header-display":"","ast-hfb-mobile-header-display":"","site-post-title":"","ast-breadcrumbs-content":"","ast-featured-img":"","footer-sml-layout":"","theme-transparent-header-meta":"default","adv-header-id-meta":"","stick-header-meta":"","header-above-stick-meta":"","header-main-stick-meta":"","header-below-stick-meta":"","astra-migrate-meta-layouts":"set","footnotes":""},"categories":[1],"tags":[],"yoast_head":"<!-- This site is optimized with the Yoast SEO plugin v21.4 - https:\/\/yoast.com\/wordpress\/plugins\/seo\/ -->\n<title>Comiss\u00e3o aprova sinaliza\u00e7\u00e3o de faixas de pedestres com imagens para auxiliar autistas -<\/title>\n<meta name=\"robots\" content=\"index, follow, max-snippet:-1, max-image-preview:large, max-video-preview:-1\" \/>\n<link rel=\"canonical\" href=\"https:\/\/sulsc.com\/index.php\/2023\/10\/24\/comissao-aprova-sinalizacao-de-faixas-de-pedestres-com-imagens-para-auxiliar-autistas\/\" \/>\n<meta property=\"og:locale\" content=\"en_US\" \/>\n<meta property=\"og:type\" content=\"article\" \/>\n<meta property=\"og:title\" content=\"Comiss\u00e3o aprova sinaliza\u00e7\u00e3o de faixas de pedestres com imagens para auxiliar autistas -\" \/>\n<meta property=\"og:description\" content=\"O projeto de lei que prev\u00ea a sinaliza\u00e7\u00e3o das faixas de pedestre com pictogramas para facilitar a travessia por pessoas com autismo, foi aprovado pela Comiss\u00e3o de Defesa dos Direitos das Pessoas com Defici\u00eancia da C\u00e2mara do Deputados aprovou. Os pictogramas utilizam imagens ou s\u00edmbolos para representar informa\u00e7\u00f5es como \u201cpare\u201d, \u201colhe\u201d, \u201csem\u00e1foro\u201d e \u201catravesse\u201d. Relator &hellip; Comiss\u00e3o aprova sinaliza\u00e7\u00e3o de faixas de pedestres com imagens para auxiliar autistas Read More &raquo;\" \/>\n<meta property=\"og:url\" content=\"https:\/\/sulsc.com\/index.php\/2023\/10\/24\/comissao-aprova-sinalizacao-de-faixas-de-pedestres-com-imagens-para-auxiliar-autistas\/\" \/>\n<meta property=\"article:author\" content=\"https:\/\/www.facebook.com\/profile.php?id=61559278119680\" \/>\n<meta property=\"article:published_time\" content=\"2023-10-24T12:30:50+00:00\" \/>\n<meta property=\"article:modified_time\" content=\"2023-10-24T11:48:27+00:00\" \/>\n<meta property=\"og:image\" content=\"https:\/\/sulsc.com\/wp-content\/uploads\/2023\/10\/maos-segurando-enigma-fita-para-autism-consciencia-scaled.jpg\" \/>\n\t<meta property=\"og:image:width\" content=\"2560\" \/>\n\t<meta property=\"og:image:height\" content=\"1707\" \/>\n\t<meta property=\"og:image:type\" content=\"image\/jpeg\" \/>\n<meta name=\"author\" content=\"Reda\u00e7\u00e3o Sul SC\" \/>\n<meta name=\"twitter:card\" content=\"summary_large_image\" \/>\n<meta name=\"twitter:creator\" content=\"@https:\/\/twitter.com\/PortalSulSC\" \/>\n<meta name=\"twitter:label1\" content=\"Written by\" \/>\n\t<meta name=\"twitter:data1\" content=\"Reda\u00e7\u00e3o Sul SC\" \/>\n\t<meta name=\"twitter:label2\" content=\"Est. reading time\" \/>\n\t<meta name=\"twitter:data2\" content=\"2 minutes\" \/>\n<script type=\"application\/ld+json\" class=\"yoast-schema-graph\">{\"@context\":\"https:\/\/schema.org\",\"@graph\":[{\"@type\":\"WebPage\",\"@id\":\"https:\/\/sulsc.com\/index.php\/2023\/10\/24\/comissao-aprova-sinalizacao-de-faixas-de-pedestres-com-imagens-para-auxiliar-autistas\/\",\"url\":\"https:\/\/sulsc.com\/index.php\/2023\/10\/24\/comissao-aprova-sinalizacao-de-faixas-de-pedestres-com-imagens-para-auxiliar-autistas\/\",\"name\":\"Comiss\u00e3o aprova sinaliza\u00e7\u00e3o de faixas de pedestres com imagens para auxiliar autistas -\",\"isPartOf\":{\"@id\":\"https:\/\/sulsc.com\/#website\"},\"datePublished\":\"2023-10-24T12:30:50+00:00\",\"dateModified\":\"2023-10-24T11:48:27+00:00\",\"author\":{\"@id\":\"https:\/\/sulsc.com\/#\/schema\/person\/84d2fc571684f6248ba83092f07750a3\"},\"breadcrumb\":{\"@id\":\"https:\/\/sulsc.com\/index.php\/2023\/10\/24\/comissao-aprova-sinalizacao-de-faixas-de-pedestres-com-imagens-para-auxiliar-autistas\/#breadcrumb\"},\"inLanguage\":\"en-US\",\"potentialAction\":[{\"@type\":\"ReadAction\",\"target\":[\"https:\/\/sulsc.com\/index.php\/2023\/10\/24\/comissao-aprova-sinalizacao-de-faixas-de-pedestres-com-imagens-para-auxiliar-autistas\/\"]}]},{\"@type\":\"BreadcrumbList\",\"@id\":\"https:\/\/sulsc.com\/index.php\/2023\/10\/24\/comissao-aprova-sinalizacao-de-faixas-de-pedestres-com-imagens-para-auxiliar-autistas\/#breadcrumb\",\"itemListElement\":[{\"@type\":\"ListItem\",\"position\":1,\"name\":\"In\u00edcio\",\"item\":\"https:\/\/sulsc.com\/\"},{\"@type\":\"ListItem\",\"position\":2,\"name\":\"Comiss\u00e3o aprova sinaliza\u00e7\u00e3o de faixas de pedestres com imagens para auxiliar autistas\"}]},{\"@type\":\"WebSite\",\"@id\":\"https:\/\/sulsc.com\/#website\",\"url\":\"https:\/\/sulsc.com\/\",\"name\":\"\",\"description\":\"\",\"potentialAction\":[{\"@type\":\"SearchAction\",\"target\":{\"@type\":\"EntryPoint\",\"urlTemplate\":\"https:\/\/sulsc.com\/?s={search_term_string}\"},\"query-input\":\"required name=search_term_string\"}],\"inLanguage\":\"en-US\"},{\"@type\":\"Person\",\"@id\":\"https:\/\/sulsc.com\/#\/schema\/person\/84d2fc571684f6248ba83092f07750a3\",\"name\":\"Reda\u00e7\u00e3o Sul SC\",\"image\":{\"@type\":\"ImageObject\",\"inLanguage\":\"en-US\",\"@id\":\"https:\/\/sulsc.com\/#\/schema\/person\/image\/e08d7fe2cc4ed596372063bbe852b8d0\",\"url\":\"https:\/\/sulsc.com\/wp-content\/uploads\/2023\/09\/redacao.png\",\"contentUrl\":\"https:\/\/sulsc.com\/wp-content\/uploads\/2023\/09\/redacao.png\",\"caption\":\"Reda\u00e7\u00e3o Sul SC\"},\"description\":\"Foco em um jornalismo imparcial, voltado \u00e0 qualidade dos seus conte\u00fados e, assim, levar informa\u00e7\u00e3o de valor que agregue \u00e0 vida dos leitores. Esta \u00e9 grande miss\u00e3o do Portal de Not\u00edcias Sul SC. N\u00e3o \u00e9 quantidade que muda o mundo, sempre foi e seguir\u00e1 sendo qualidade!\",\"sameAs\":[\"https:\/\/sulsc.com\/\",\"https:\/\/www.facebook.com\/profile.php?id=61559278119680\",\"https:\/\/www.instagram.com\/sulscportal\/?hl=pt-br\",\"https:\/\/twitter.com\/https:\/\/twitter.com\/PortalSulSC\",\"https:\/\/www.youtube.com\/channel\/UCv_BE8GeySluDov2n8qhVmw\"],\"url\":\"https:\/\/sulsc.com\/index.php\/author\/redacao\/\"}]}<\/script>\n<!-- \/ Yoast SEO plugin. -->","yoast_head_json":{"title":"Comiss\u00e3o aprova sinaliza\u00e7\u00e3o de faixas de pedestres com imagens para auxiliar autistas -","robots":{"index":"index","follow":"follow","max-snippet":"max-snippet:-1","max-image-preview":"max-image-preview:large","max-video-preview":"max-video-preview:-1"},"canonical":"https:\/\/sulsc.com\/index.php\/2023\/10\/24\/comissao-aprova-sinalizacao-de-faixas-de-pedestres-com-imagens-para-auxiliar-autistas\/","og_locale":"en_US","og_type":"article","og_title":"Comiss\u00e3o aprova sinaliza\u00e7\u00e3o de faixas de pedestres com imagens para auxiliar autistas -","og_description":"O projeto de lei que prev\u00ea a sinaliza\u00e7\u00e3o das faixas de pedestre com pictogramas para facilitar a travessia por pessoas com autismo, foi aprovado pela Comiss\u00e3o de Defesa dos Direitos das Pessoas com Defici\u00eancia da C\u00e2mara do Deputados aprovou. Os pictogramas utilizam imagens ou s\u00edmbolos para representar informa\u00e7\u00f5es como \u201cpare\u201d, \u201colhe\u201d, \u201csem\u00e1foro\u201d e \u201catravesse\u201d. Relator &hellip; Comiss\u00e3o aprova sinaliza\u00e7\u00e3o de faixas de pedestres com imagens para auxiliar autistas Read More &raquo;","og_url":"https:\/\/sulsc.com\/index.php\/2023\/10\/24\/comissao-aprova-sinalizacao-de-faixas-de-pedestres-com-imagens-para-auxiliar-autistas\/","article_author":"https:\/\/www.facebook.com\/profile.php?id=61559278119680","article_published_time":"2023-10-24T12:30:50+00:00","article_modified_time":"2023-10-24T11:48:27+00:00","og_image":[{"width":2560,"height":1707,"url":"https:\/\/sulsc.com\/wp-content\/uploads\/2023\/10\/maos-segurando-enigma-fita-para-autism-consciencia-scaled.jpg","type":"image\/jpeg"}],"author":"Reda\u00e7\u00e3o Sul SC","twitter_card":"summary_large_image","twitter_creator":"@https:\/\/twitter.com\/PortalSulSC","twitter_misc":{"Written by":"Reda\u00e7\u00e3o Sul SC","Est. reading time":"2 minutes"},"schema":{"@context":"https:\/\/schema.org","@graph":[{"@type":"WebPage","@id":"https:\/\/sulsc.com\/index.php\/2023\/10\/24\/comissao-aprova-sinalizacao-de-faixas-de-pedestres-com-imagens-para-auxiliar-autistas\/","url":"https:\/\/sulsc.com\/index.php\/2023\/10\/24\/comissao-aprova-sinalizacao-de-faixas-de-pedestres-com-imagens-para-auxiliar-autistas\/","name":"Comiss\u00e3o aprova sinaliza\u00e7\u00e3o de faixas de pedestres com imagens para auxiliar autistas -","isPartOf":{"@id":"https:\/\/sulsc.com\/#website"},"datePublished":"2023-10-24T12:30:50+00:00","dateModified":"2023-10-24T11:48:27+00:00","author":{"@id":"https:\/\/sulsc.com\/#\/schema\/person\/84d2fc571684f6248ba83092f07750a3"},"breadcrumb":{"@id":"https:\/\/sulsc.com\/index.php\/2023\/10\/24\/comissao-aprova-sinalizacao-de-faixas-de-pedestres-com-imagens-para-auxiliar-autistas\/#breadcrumb"},"inLanguage":"en-US","potentialAction":[{"@type":"ReadAction","target":["https:\/\/sulsc.com\/index.php\/2023\/10\/24\/comissao-aprova-sinalizacao-de-faixas-de-pedestres-com-imagens-para-auxiliar-autistas\/"]}]},{"@type":"BreadcrumbList","@id":"https:\/\/sulsc.com\/index.php\/2023\/10\/24\/comissao-aprova-sinalizacao-de-faixas-de-pedestres-com-imagens-para-auxiliar-autistas\/#breadcrumb","itemListElement":[{"@type":"ListItem","position":1,"name":"In\u00edcio","item":"https:\/\/sulsc.com\/"},{"@type":"ListItem","position":2,"name":"Comiss\u00e3o aprova sinaliza\u00e7\u00e3o de faixas de pedestres com imagens para auxiliar autistas"}]},{"@type":"WebSite","@id":"https:\/\/sulsc.com\/#website","url":"https:\/\/sulsc.com\/","name":"","description":"","potentialAction":[{"@type":"SearchAction","target":{"@type":"EntryPoint","urlTemplate":"https:\/\/sulsc.com\/?s={search_term_string}"},"query-input":"required name=search_term_string"}],"inLanguage":"en-US"},{"@type":"Person","@id":"https:\/\/sulsc.com\/#\/schema\/person\/84d2fc571684f6248ba83092f07750a3","name":"Reda\u00e7\u00e3o Sul SC","image":{"@type":"ImageObject","inLanguage":"en-US","@id":"https:\/\/sulsc.com\/#\/schema\/person\/image\/e08d7fe2cc4ed596372063bbe852b8d0","url":"https:\/\/sulsc.com\/wp-content\/uploads\/2023\/09\/redacao.png","contentUrl":"https:\/\/sulsc.com\/wp-content\/uploads\/2023\/09\/redacao.png","caption":"Reda\u00e7\u00e3o Sul SC"},"description":"Foco em um jornalismo imparcial, voltado \u00e0 qualidade dos seus conte\u00fados e, assim, levar informa\u00e7\u00e3o de valor que agregue \u00e0 vida dos leitores. Esta \u00e9 grande miss\u00e3o do Portal de Not\u00edcias Sul SC. N\u00e3o \u00e9 quantidade que muda o mundo, sempre foi e seguir\u00e1 sendo qualidade!","sameAs":["https:\/\/sulsc.com\/","https:\/\/www.facebook.com\/profile.php?id=61559278119680","https:\/\/www.instagram.com\/sulscportal\/?hl=pt-br","https:\/\/twitter.com\/https:\/\/twitter.com\/PortalSulSC","https:\/\/www.youtube.com\/channel\/UCv_BE8GeySluDov2n8qhVmw"],"url":"https:\/\/sulsc.com\/index.php\/author\/redacao\/"}]}},"authors":[],"_links":{"self":[{"href":"https:\/\/sulsc.com\/index.php\/wp-json\/wp\/v2\/posts\/2745"}],"collection":[{"href":"https:\/\/sulsc.com\/index.php\/wp-json\/wp\/v2\/posts"}],"about":[{"href":"https:\/\/sulsc.com\/index.php\/wp-json\/wp\/v2\/types\/post"}],"author":[{"embeddable":true,"href":"https:\/\/sulsc.com\/index.php\/wp-json\/wp\/v2\/users\/3"}],"replies":[{"embeddable":true,"href":"https:\/\/sulsc.com\/index.php\/wp-json\/wp\/v2\/comments?post=2745"}],"version-history":[{"count":1,"href":"https:\/\/sulsc.com\/index.php\/wp-json\/wp\/v2\/posts\/2745\/revisions"}],"predecessor-version":[{"id":2748,"href":"https:\/\/sulsc.com\/index.php\/wp-json\/wp\/v2\/posts\/2745\/revisions\/2748"}],"wp:featuredmedia":[{"embeddable":true,"href":"https:\/\/sulsc.com\/index.php\/wp-json\/wp\/v2\/media\/2746"}],"wp:attachment":[{"href":"https:\/\/sulsc.com\/index.php\/wp-json\/wp\/v2\/media?parent=2745"}],"wp:term":[{"taxonomy":"category","embeddable":true,"href":"https:\/\/sulsc.com\/index.php\/wp-json\/wp\/v2\/categories?post=2745"},{"taxonomy":"post_tag","embeddable":true,"href":"https:\/\/sulsc.com\/index.php\/wp-json\/wp\/v2\/tags?post=2745"}],"curies":[{"name":"wp","href":"https:\/\/api.w.org\/{rel}","templated":true}]}}