{"id":27494,"date":"2025-09-23T17:29:20","date_gmt":"2025-09-23T20:29:20","guid":{"rendered":"https:\/\/sulsc.com\/?p=27494"},"modified":"2025-09-23T17:29:20","modified_gmt":"2025-09-23T20:29:20","slug":"giro-politico-namoro-ou-blefe-trump-relata-encontro-com-lula-na-onu-e-acena-para-reuniao","status":"publish","type":"post","link":"https:\/\/sulsc.com\/index.php\/2025\/09\/23\/giro-politico-namoro-ou-blefe-trump-relata-encontro-com-lula-na-onu-e-acena-para-reuniao\/","title":{"rendered":"Giro Politico &#8211; Namoro ou Blefe? Trump relata encontro com Lula na ONU e acena para reuni\u00e3o"},"content":{"rendered":"<p>O presidente dos Estados Unidos, Donald Trump, afirmou nesta ter\u00e7a-feira (23) que abra\u00e7ou o presidente Luiz In\u00e1cio Lula da Silva (PT) nos bastidores da Assembleia Geral da ONU, em Nova York, e que ambos concordaram em se reunir na pr\u00f3xima semana.<\/p>\n<p>Segundo Trump, o contato durou cerca de 20 segundos, mas foi suficiente para gerar uma \u201cqu\u00edmica excelente\u201d entre os dois l\u00edderes. O republicano destacou que Lula lhe pareceu \u201cum homem muito legal\u201d e disse que s\u00f3 faz neg\u00f3cios com pessoas de quem gosta.<\/p>\n<div id=\"metaslider-id-25573\" style=\"width: 100%;\" class=\"ml-slider-3-99-0 metaslider metaslider-flex metaslider-25573 ml-slider has-onhover-arrows ms-theme-default-base has-dots-nav\" role=\"region\" aria-label=\"Meio\" data-width=\"1200\">\n    <div id=\"metaslider_container_25573\">\n        <div id=\"metaslider_25573\">\n            <ul class='slides'>\n                <li style=\"display: block; width: 100%;\" class=\"slide-25684 ms-image \" aria-roledescription=\"slide\" data-date=\"2025-07-24 07:55:40\"><img src=\"https:\/\/sulsc.com\/wp-content\/uploads\/2025\/07\/Marr-2-1000x166.jpg\" height=\"200\" width=\"1200\" alt=\"\" class=\"slider-25573 slide-25684 msDefaultImage\" title=\"Marr 2\" \/><\/li>\n                <li style=\"display: none; width: 100%;\" class=\"slide-32412 ms-image \" aria-roledescription=\"slide\" data-date=\"2026-02-18 13:59:46\"><img src=\"https:\/\/sulsc.com\/wp-content\/uploads\/2026\/02\/40dc1580-cad5-4867-bc58-c4243821ad38-1000x166.jpeg\" height=\"200\" width=\"1200\" alt=\"\" class=\"slider-25573 slide-32412 msDefaultImage\" title=\"40dc1580-cad5-4867-bc58-c4243821ad38\" \/><\/li>\n                <li style=\"display: none; width: 100%;\" class=\"slide-32766 ms-image \" aria-roledescription=\"slide\" data-date=\"2026-03-03 17:22:59\"><img src=\"https:\/\/sulsc.com\/wp-content\/uploads\/2026\/03\/271ce739-f268-41c5-8051-3de1a1750359-1000x166.jpeg\" height=\"200\" width=\"1200\" alt=\"\" class=\"slider-25573 slide-32766 msDefaultImage\" title=\"271ce739-f268-41c5-8051-3de1a1750359\" \/><\/li>\n            <\/ul>\n        <\/div>\n        \n    <\/div>\n<\/div>\n<p>O epis\u00f3dio acontece em meio a tens\u00f5es diplom\u00e1ticas: Washington aplicou san\u00e7\u00f5es contra autoridades brasileiras, entre elas o ministro Alexandre de Moraes, e elevou tarifas sobre produtos nacionais. Ainda assim, Trump afirmou que o Brasil \u201cs\u00f3 conseguir\u00e1 ir bem\u201d se trabalhar em parceria com os EUA.<\/p>\n<p>Durante discurso na ONU, Lula rebateu medidas unilaterais e disse que n\u00e3o h\u00e1 justificativa para a\u00e7\u00f5es arbitr\u00e1rias contra a economia e as institui\u00e7\u00f5es brasileiras.<\/p>\n<p><img fetchpriority=\"high\" decoding=\"async\" class=\"aligncenter size-full wp-image-27496\" src=\"http:\/\/sulsc.com\/wp-content\/uploads\/2025\/09\/2b16c5d6-b37f-4e54-9842-6880adaefa07.jpg\" alt=\"\" width=\"800\" height=\"450\" srcset=\"https:\/\/sulsc.com\/wp-content\/uploads\/2025\/09\/2b16c5d6-b37f-4e54-9842-6880adaefa07.jpg 800w, https:\/\/sulsc.com\/wp-content\/uploads\/2025\/09\/2b16c5d6-b37f-4e54-9842-6880adaefa07-300x169.jpg 300w, https:\/\/sulsc.com\/wp-content\/uploads\/2025\/09\/2b16c5d6-b37f-4e54-9842-6880adaefa07-768x432.jpg 768w\" sizes=\"(max-width: 800px) 100vw, 800px\" \/><\/p>\n<p>Getty Images\/Divulga\u00e7\u00e3o<\/p>\n","protected":false},"excerpt":{"rendered":"<p>O presidente dos Estados Unidos, Donald Trump, afirmou nesta ter\u00e7a-feira (23) que abra\u00e7ou o presidente Luiz In\u00e1cio Lula da Silva (PT) nos bastidores da Assembleia Geral da ONU, em Nova York, e que ambos concordaram em se reunir na pr\u00f3xima semana. Segundo Trump, o contato durou cerca de 20 segundos, mas foi suficiente para gerar &hellip;<\/p>\n<p class=\"read-more\"> <a class=\"\" href=\"https:\/\/sulsc.com\/index.php\/2025\/09\/23\/giro-politico-namoro-ou-blefe-trump-relata-encontro-com-lula-na-onu-e-acena-para-reuniao\/\"> <span class=\"screen-reader-text\">Giro Politico &#8211; Namoro ou Blefe? Trump relata encontro com Lula na ONU e acena para reuni\u00e3o<\/span> Read More &raquo;<\/a><\/p>\n","protected":false},"author":3,"featured_media":27496,"comment_status":"open","ping_status":"open","sticky":false,"template":"","format":"standard","meta":{"site-sidebar-layout":"default","site-content-layout":"","ast-site-content-layout":"default","site-content-style":"default","site-sidebar-style":"default","ast-global-header-display":"","ast-banner-title-visibility":"","ast-main-header-display":"","ast-hfb-above-header-display":"","ast-hfb-below-header-display":"","ast-hfb-mobile-header-display":"","site-post-title":"","ast-breadcrumbs-content":"","ast-featured-img":"","footer-sml-layout":"","theme-transparent-header-meta":"default","adv-header-id-meta":"","stick-header-meta":"","header-above-stick-meta":"","header-main-stick-meta":"","header-below-stick-meta":"","astra-migrate-meta-layouts":"set","footnotes":""},"categories":[13,1,6,12],"tags":[1788],"yoast_head":"<!-- This site is optimized with the Yoast SEO plugin v21.4 - https:\/\/yoast.com\/wordpress\/plugins\/seo\/ -->\n<title>Giro Politico - Namoro ou Blefe? Trump relata encontro com Lula na ONU e acena para reuni\u00e3o -<\/title>\n<meta name=\"robots\" content=\"index, follow, max-snippet:-1, max-image-preview:large, max-video-preview:-1\" \/>\n<link rel=\"canonical\" href=\"https:\/\/sulsc.com\/index.php\/2025\/09\/23\/giro-politico-namoro-ou-blefe-trump-relata-encontro-com-lula-na-onu-e-acena-para-reuniao\/\" \/>\n<meta property=\"og:locale\" content=\"en_US\" \/>\n<meta property=\"og:type\" content=\"article\" \/>\n<meta property=\"og:title\" content=\"Giro Politico - Namoro ou Blefe? Trump relata encontro com Lula na ONU e acena para reuni\u00e3o -\" \/>\n<meta property=\"og:description\" content=\"O presidente dos Estados Unidos, Donald Trump, afirmou nesta ter\u00e7a-feira (23) que abra\u00e7ou o presidente Luiz In\u00e1cio Lula da Silva (PT) nos bastidores da Assembleia Geral da ONU, em Nova York, e que ambos concordaram em se reunir na pr\u00f3xima semana. Segundo Trump, o contato durou cerca de 20 segundos, mas foi suficiente para gerar &hellip; Giro Politico &#8211; Namoro ou Blefe? Trump relata encontro com Lula na ONU e acena para reuni\u00e3o Read More &raquo;\" \/>\n<meta property=\"og:url\" content=\"https:\/\/sulsc.com\/index.php\/2025\/09\/23\/giro-politico-namoro-ou-blefe-trump-relata-encontro-com-lula-na-onu-e-acena-para-reuniao\/\" \/>\n<meta property=\"article:author\" content=\"https:\/\/www.facebook.com\/profile.php?id=61559278119680\" \/>\n<meta property=\"article:published_time\" content=\"2025-09-23T20:29:20+00:00\" \/>\n<meta property=\"og:image\" content=\"http:\/\/sulsc.com\/wp-content\/uploads\/2025\/09\/2b16c5d6-b37f-4e54-9842-6880adaefa07.jpg\" \/>\n\t<meta property=\"og:image:width\" content=\"800\" \/>\n\t<meta property=\"og:image:height\" content=\"450\" \/>\n\t<meta property=\"og:image:type\" content=\"image\/jpeg\" \/>\n<meta name=\"author\" content=\"Reda\u00e7\u00e3o Sul SC\" \/>\n<meta name=\"twitter:card\" content=\"summary_large_image\" \/>\n<meta name=\"twitter:creator\" content=\"@https:\/\/twitter.com\/PortalSulSC\" \/>\n<meta name=\"twitter:label1\" content=\"Written by\" \/>\n\t<meta name=\"twitter:data1\" content=\"Reda\u00e7\u00e3o Sul SC\" \/>\n\t<meta name=\"twitter:label2\" content=\"Est. reading time\" \/>\n\t<meta name=\"twitter:data2\" content=\"1 minute\" \/>\n<script type=\"application\/ld+json\" class=\"yoast-schema-graph\">{\"@context\":\"https:\/\/schema.org\",\"@graph\":[{\"@type\":\"WebPage\",\"@id\":\"https:\/\/sulsc.com\/index.php\/2025\/09\/23\/giro-politico-namoro-ou-blefe-trump-relata-encontro-com-lula-na-onu-e-acena-para-reuniao\/\",\"url\":\"https:\/\/sulsc.com\/index.php\/2025\/09\/23\/giro-politico-namoro-ou-blefe-trump-relata-encontro-com-lula-na-onu-e-acena-para-reuniao\/\",\"name\":\"Giro Politico - Namoro ou Blefe? Trump relata encontro com Lula na ONU e acena para reuni\u00e3o -\",\"isPartOf\":{\"@id\":\"https:\/\/sulsc.com\/#website\"},\"datePublished\":\"2025-09-23T20:29:20+00:00\",\"dateModified\":\"2025-09-23T20:29:20+00:00\",\"author\":{\"@id\":\"https:\/\/sulsc.com\/#\/schema\/person\/84d2fc571684f6248ba83092f07750a3\"},\"breadcrumb\":{\"@id\":\"https:\/\/sulsc.com\/index.php\/2025\/09\/23\/giro-politico-namoro-ou-blefe-trump-relata-encontro-com-lula-na-onu-e-acena-para-reuniao\/#breadcrumb\"},\"inLanguage\":\"en-US\",\"potentialAction\":[{\"@type\":\"ReadAction\",\"target\":[\"https:\/\/sulsc.com\/index.php\/2025\/09\/23\/giro-politico-namoro-ou-blefe-trump-relata-encontro-com-lula-na-onu-e-acena-para-reuniao\/\"]}]},{\"@type\":\"BreadcrumbList\",\"@id\":\"https:\/\/sulsc.com\/index.php\/2025\/09\/23\/giro-politico-namoro-ou-blefe-trump-relata-encontro-com-lula-na-onu-e-acena-para-reuniao\/#breadcrumb\",\"itemListElement\":[{\"@type\":\"ListItem\",\"position\":1,\"name\":\"In\u00edcio\",\"item\":\"https:\/\/sulsc.com\/\"},{\"@type\":\"ListItem\",\"position\":2,\"name\":\"Giro Politico &#8211; Namoro ou Blefe? Trump relata encontro com Lula na ONU e acena para reuni\u00e3o\"}]},{\"@type\":\"WebSite\",\"@id\":\"https:\/\/sulsc.com\/#website\",\"url\":\"https:\/\/sulsc.com\/\",\"name\":\"\",\"description\":\"\",\"potentialAction\":[{\"@type\":\"SearchAction\",\"target\":{\"@type\":\"EntryPoint\",\"urlTemplate\":\"https:\/\/sulsc.com\/?s={search_term_string}\"},\"query-input\":\"required name=search_term_string\"}],\"inLanguage\":\"en-US\"},{\"@type\":\"Person\",\"@id\":\"https:\/\/sulsc.com\/#\/schema\/person\/84d2fc571684f6248ba83092f07750a3\",\"name\":\"Reda\u00e7\u00e3o Sul SC\",\"image\":{\"@type\":\"ImageObject\",\"inLanguage\":\"en-US\",\"@id\":\"https:\/\/sulsc.com\/#\/schema\/person\/image\/e08d7fe2cc4ed596372063bbe852b8d0\",\"url\":\"https:\/\/sulsc.com\/wp-content\/uploads\/2023\/09\/redacao.png\",\"contentUrl\":\"https:\/\/sulsc.com\/wp-content\/uploads\/2023\/09\/redacao.png\",\"caption\":\"Reda\u00e7\u00e3o Sul SC\"},\"description\":\"Foco em um jornalismo imparcial, voltado \u00e0 qualidade dos seus conte\u00fados e, assim, levar informa\u00e7\u00e3o de valor que agregue \u00e0 vida dos leitores. Esta \u00e9 grande miss\u00e3o do Portal de Not\u00edcias Sul SC. N\u00e3o \u00e9 quantidade que muda o mundo, sempre foi e seguir\u00e1 sendo qualidade!\",\"sameAs\":[\"https:\/\/sulsc.com\/\",\"https:\/\/www.facebook.com\/profile.php?id=61559278119680\",\"https:\/\/www.instagram.com\/sulscportal\/?hl=pt-br\",\"https:\/\/twitter.com\/https:\/\/twitter.com\/PortalSulSC\",\"https:\/\/www.youtube.com\/channel\/UCv_BE8GeySluDov2n8qhVmw\"],\"url\":\"https:\/\/sulsc.com\/index.php\/author\/redacao\/\"}]}<\/script>\n<!-- \/ Yoast SEO plugin. -->","yoast_head_json":{"title":"Giro Politico - Namoro ou Blefe? Trump relata encontro com Lula na ONU e acena para reuni\u00e3o -","robots":{"index":"index","follow":"follow","max-snippet":"max-snippet:-1","max-image-preview":"max-image-preview:large","max-video-preview":"max-video-preview:-1"},"canonical":"https:\/\/sulsc.com\/index.php\/2025\/09\/23\/giro-politico-namoro-ou-blefe-trump-relata-encontro-com-lula-na-onu-e-acena-para-reuniao\/","og_locale":"en_US","og_type":"article","og_title":"Giro Politico - Namoro ou Blefe? Trump relata encontro com Lula na ONU e acena para reuni\u00e3o -","og_description":"O presidente dos Estados Unidos, Donald Trump, afirmou nesta ter\u00e7a-feira (23) que abra\u00e7ou o presidente Luiz In\u00e1cio Lula da Silva (PT) nos bastidores da Assembleia Geral da ONU, em Nova York, e que ambos concordaram em se reunir na pr\u00f3xima semana. Segundo Trump, o contato durou cerca de 20 segundos, mas foi suficiente para gerar &hellip; Giro Politico &#8211; Namoro ou Blefe? Trump relata encontro com Lula na ONU e acena para reuni\u00e3o Read More &raquo;","og_url":"https:\/\/sulsc.com\/index.php\/2025\/09\/23\/giro-politico-namoro-ou-blefe-trump-relata-encontro-com-lula-na-onu-e-acena-para-reuniao\/","article_author":"https:\/\/www.facebook.com\/profile.php?id=61559278119680","article_published_time":"2025-09-23T20:29:20+00:00","og_image":[{"width":800,"height":450,"url":"http:\/\/sulsc.com\/wp-content\/uploads\/2025\/09\/2b16c5d6-b37f-4e54-9842-6880adaefa07.jpg","type":"image\/jpeg"}],"author":"Reda\u00e7\u00e3o Sul SC","twitter_card":"summary_large_image","twitter_creator":"@https:\/\/twitter.com\/PortalSulSC","twitter_misc":{"Written by":"Reda\u00e7\u00e3o Sul SC","Est. reading time":"1 minute"},"schema":{"@context":"https:\/\/schema.org","@graph":[{"@type":"WebPage","@id":"https:\/\/sulsc.com\/index.php\/2025\/09\/23\/giro-politico-namoro-ou-blefe-trump-relata-encontro-com-lula-na-onu-e-acena-para-reuniao\/","url":"https:\/\/sulsc.com\/index.php\/2025\/09\/23\/giro-politico-namoro-ou-blefe-trump-relata-encontro-com-lula-na-onu-e-acena-para-reuniao\/","name":"Giro Politico - Namoro ou Blefe? Trump relata encontro com Lula na ONU e acena para reuni\u00e3o -","isPartOf":{"@id":"https:\/\/sulsc.com\/#website"},"datePublished":"2025-09-23T20:29:20+00:00","dateModified":"2025-09-23T20:29:20+00:00","author":{"@id":"https:\/\/sulsc.com\/#\/schema\/person\/84d2fc571684f6248ba83092f07750a3"},"breadcrumb":{"@id":"https:\/\/sulsc.com\/index.php\/2025\/09\/23\/giro-politico-namoro-ou-blefe-trump-relata-encontro-com-lula-na-onu-e-acena-para-reuniao\/#breadcrumb"},"inLanguage":"en-US","potentialAction":[{"@type":"ReadAction","target":["https:\/\/sulsc.com\/index.php\/2025\/09\/23\/giro-politico-namoro-ou-blefe-trump-relata-encontro-com-lula-na-onu-e-acena-para-reuniao\/"]}]},{"@type":"BreadcrumbList","@id":"https:\/\/sulsc.com\/index.php\/2025\/09\/23\/giro-politico-namoro-ou-blefe-trump-relata-encontro-com-lula-na-onu-e-acena-para-reuniao\/#breadcrumb","itemListElement":[{"@type":"ListItem","position":1,"name":"In\u00edcio","item":"https:\/\/sulsc.com\/"},{"@type":"ListItem","position":2,"name":"Giro Politico &#8211; Namoro ou Blefe? Trump relata encontro com Lula na ONU e acena para reuni\u00e3o"}]},{"@type":"WebSite","@id":"https:\/\/sulsc.com\/#website","url":"https:\/\/sulsc.com\/","name":"","description":"","potentialAction":[{"@type":"SearchAction","target":{"@type":"EntryPoint","urlTemplate":"https:\/\/sulsc.com\/?s={search_term_string}"},"query-input":"required name=search_term_string"}],"inLanguage":"en-US"},{"@type":"Person","@id":"https:\/\/sulsc.com\/#\/schema\/person\/84d2fc571684f6248ba83092f07750a3","name":"Reda\u00e7\u00e3o Sul SC","image":{"@type":"ImageObject","inLanguage":"en-US","@id":"https:\/\/sulsc.com\/#\/schema\/person\/image\/e08d7fe2cc4ed596372063bbe852b8d0","url":"https:\/\/sulsc.com\/wp-content\/uploads\/2023\/09\/redacao.png","contentUrl":"https:\/\/sulsc.com\/wp-content\/uploads\/2023\/09\/redacao.png","caption":"Reda\u00e7\u00e3o Sul SC"},"description":"Foco em um jornalismo imparcial, voltado \u00e0 qualidade dos seus conte\u00fados e, assim, levar informa\u00e7\u00e3o de valor que agregue \u00e0 vida dos leitores. Esta \u00e9 grande miss\u00e3o do Portal de Not\u00edcias Sul SC. N\u00e3o \u00e9 quantidade que muda o mundo, sempre foi e seguir\u00e1 sendo qualidade!","sameAs":["https:\/\/sulsc.com\/","https:\/\/www.facebook.com\/profile.php?id=61559278119680","https:\/\/www.instagram.com\/sulscportal\/?hl=pt-br","https:\/\/twitter.com\/https:\/\/twitter.com\/PortalSulSC","https:\/\/www.youtube.com\/channel\/UCv_BE8GeySluDov2n8qhVmw"],"url":"https:\/\/sulsc.com\/index.php\/author\/redacao\/"}]}},"authors":[],"_links":{"self":[{"href":"https:\/\/sulsc.com\/index.php\/wp-json\/wp\/v2\/posts\/27494"}],"collection":[{"href":"https:\/\/sulsc.com\/index.php\/wp-json\/wp\/v2\/posts"}],"about":[{"href":"https:\/\/sulsc.com\/index.php\/wp-json\/wp\/v2\/types\/post"}],"author":[{"embeddable":true,"href":"https:\/\/sulsc.com\/index.php\/wp-json\/wp\/v2\/users\/3"}],"replies":[{"embeddable":true,"href":"https:\/\/sulsc.com\/index.php\/wp-json\/wp\/v2\/comments?post=27494"}],"version-history":[{"count":1,"href":"https:\/\/sulsc.com\/index.php\/wp-json\/wp\/v2\/posts\/27494\/revisions"}],"predecessor-version":[{"id":27497,"href":"https:\/\/sulsc.com\/index.php\/wp-json\/wp\/v2\/posts\/27494\/revisions\/27497"}],"wp:featuredmedia":[{"embeddable":true,"href":"https:\/\/sulsc.com\/index.php\/wp-json\/wp\/v2\/media\/27496"}],"wp:attachment":[{"href":"https:\/\/sulsc.com\/index.php\/wp-json\/wp\/v2\/media?parent=27494"}],"wp:term":[{"taxonomy":"category","embeddable":true,"href":"https:\/\/sulsc.com\/index.php\/wp-json\/wp\/v2\/categories?post=27494"},{"taxonomy":"post_tag","embeddable":true,"href":"https:\/\/sulsc.com\/index.php\/wp-json\/wp\/v2\/tags?post=27494"}],"curies":[{"name":"wp","href":"https:\/\/api.w.org\/{rel}","templated":true}]}}