{"id":27507,"date":"2025-09-24T06:29:30","date_gmt":"2025-09-24T09:29:30","guid":{"rendered":"https:\/\/sulsc.com\/?p=27507"},"modified":"2025-09-24T06:30:38","modified_gmt":"2025-09-24T09:30:38","slug":"tempo-com-predominio-de-sol-com-possibilidade-de-chuva-fraca-final-do-dia-no-litoral-sul","status":"publish","type":"post","link":"https:\/\/sulsc.com\/index.php\/2025\/09\/24\/tempo-com-predominio-de-sol-com-possibilidade-de-chuva-fraca-final-do-dia-no-litoral-sul\/","title":{"rendered":"Tempo com predom\u00ednio de sol com possibilidade de chuva fraca final do dia no Litoral Sul"},"content":{"rendered":"<p><span dir=\"auto\" style=\"vertical-align: inherit;\"><span dir=\"auto\" style=\"vertical-align: inherit;\">Nesta quarta-feira (24), a massa de ar seco segue mantendo o tempo firme e com predom\u00ednio de sol na maior parte de Santa Catarina. A exce\u00e7\u00e3o fica para o litoral, onde a nebulosidade varia, intercalando com per\u00edodos de sol. Nessas \u00e1reas, principalmente entre o Litoral Sul e a Grande Florian\u00f3polis, h\u00e1 condi\u00e7\u00f5es de chuva fraca a partir do fim do dia, mas sem riscos associados.<\/span><\/span><\/p>\n<p><strong>Temperaturas<\/strong><\/p>\n<p>O dia come\u00e7a com m\u00ednimas em torno de 0 a 4\u00b0C no Meio-Oeste, Planalto Sul e Planalto Norte, com condi\u00e7\u00f5es para a forma\u00e7\u00e3o de geada. Nas demais regi\u00f5es, variam entre 6 e 12\u00b0C. \u00c0 tarde as m\u00e1ximas variam entre 18 e 24\u00b0C. O mar continua agitado, entre a Grande Florian\u00f3polis e o Litoral Sul, com risco moderado para atividades de pesca e navega\u00e7\u00e3o.<\/p>\n<p><img fetchpriority=\"high\" decoding=\"async\" class=\"aligncenter size-full wp-image-27508\" src=\"http:\/\/sulsc.com\/wp-content\/uploads\/2025\/09\/image-222-1024x700-1.png\" alt=\"\" width=\"1024\" height=\"700\" srcset=\"https:\/\/sulsc.com\/wp-content\/uploads\/2025\/09\/image-222-1024x700-1.png 1024w, https:\/\/sulsc.com\/wp-content\/uploads\/2025\/09\/image-222-1024x700-1-300x205.png 300w, https:\/\/sulsc.com\/wp-content\/uploads\/2025\/09\/image-222-1024x700-1-768x525.png 768w\" sizes=\"(max-width: 1024px) 100vw, 1024px\" \/><\/p>\n<p><img decoding=\"async\" class=\"aligncenter size-full wp-image-22836\" src=\"http:\/\/sulsc.com\/wp-content\/uploads\/2025\/04\/Tempo-2.png\" alt=\"\" width=\"1024\" height=\"189\" srcset=\"https:\/\/sulsc.com\/wp-content\/uploads\/2025\/04\/Tempo-2.png 1024w, https:\/\/sulsc.com\/wp-content\/uploads\/2025\/04\/Tempo-2-300x55.png 300w, https:\/\/sulsc.com\/wp-content\/uploads\/2025\/04\/Tempo-2-768x142.png 768w\" sizes=\"(max-width: 1024px) 100vw, 1024px\" \/><\/p>\n<p><strong>Ventos:<\/strong> sul a sudeste, fraco a moderado.<br \/>\n<strong>Sistema predominante:<\/strong> massa de ar frio e seco (alta press\u00e3o) desloca-se para o oceano.<\/p>\n<div id=\"metaslider-id-25573\" style=\"width: 100%;\" class=\"ml-slider-3-99-0 metaslider metaslider-flex metaslider-25573 ml-slider has-onhover-arrows ms-theme-default-base has-dots-nav\" role=\"region\" aria-label=\"Meio\" data-width=\"1200\">\n    <div id=\"metaslider_container_25573\">\n        <div id=\"metaslider_25573\">\n            <ul class='slides'>\n                <li style=\"display: block; width: 100%;\" class=\"slide-25684 ms-image \" aria-roledescription=\"slide\" data-date=\"2025-07-24 07:55:40\"><img src=\"https:\/\/sulsc.com\/wp-content\/uploads\/2025\/07\/Marr-2-1000x166.jpg\" height=\"200\" width=\"1200\" alt=\"\" class=\"slider-25573 slide-25684 msDefaultImage\" title=\"Marr 2\" \/><\/li>\n                <li style=\"display: none; width: 100%;\" class=\"slide-32412 ms-image \" aria-roledescription=\"slide\" data-date=\"2026-02-18 13:59:46\"><img src=\"https:\/\/sulsc.com\/wp-content\/uploads\/2026\/02\/40dc1580-cad5-4867-bc58-c4243821ad38-1000x166.jpeg\" height=\"200\" width=\"1200\" alt=\"\" class=\"slider-25573 slide-32412 msDefaultImage\" title=\"40dc1580-cad5-4867-bc58-c4243821ad38\" \/><\/li>\n                <li style=\"display: none; width: 100%;\" class=\"slide-32766 ms-image \" aria-roledescription=\"slide\" data-date=\"2026-03-03 17:22:59\"><img src=\"https:\/\/sulsc.com\/wp-content\/uploads\/2026\/03\/271ce739-f268-41c5-8051-3de1a1750359-1000x166.jpeg\" height=\"200\" width=\"1200\" alt=\"\" class=\"slider-25573 slide-32766 msDefaultImage\" title=\"271ce739-f268-41c5-8051-3de1a1750359\" \/><\/li>\n            <\/ul>\n        <\/div>\n        \n    <\/div>\n<\/div>\n<p><strong>Amanh\u00e3 quinta -feira (25),<\/strong> o dia segue com a mesma condi\u00e7\u00e3o desta quarta com tempo de sol entre nuvens em SC, e condi\u00e7\u00f5es de chuva isolada no litoral e \u00e1reas pr\u00f3ximas devido a circula\u00e7\u00e3o mar\u00edtima, especialmente nos extremos do dia. As temperatura segue mais baixa ao amanhecer, com m\u00ednimas abaixo de 12\u00b0C em boa parte do estado e chance de geada nas \u00e1reas altas do Planalto Sul especialmente na sexta-feira. Durante o dia, m\u00e1ximas de 18\u00b0C a 26\u00b0C.<\/p>\n<p>Fonte: Defesa Civil &#8211; SC\/Epagri-Ciram<\/p>\n","protected":false},"excerpt":{"rendered":"<p>Nesta quarta-feira (24), a massa de ar seco segue mantendo o tempo firme e com predom\u00ednio de sol na maior parte de Santa Catarina. A exce\u00e7\u00e3o fica para o litoral, onde a nebulosidade varia, intercalando com per\u00edodos de sol. Nessas \u00e1reas, principalmente entre o Litoral Sul e a Grande Florian\u00f3polis, h\u00e1 condi\u00e7\u00f5es de chuva fraca &hellip;<\/p>\n<p class=\"read-more\"> <a class=\"\" href=\"https:\/\/sulsc.com\/index.php\/2025\/09\/24\/tempo-com-predominio-de-sol-com-possibilidade-de-chuva-fraca-final-do-dia-no-litoral-sul\/\"> <span class=\"screen-reader-text\">Tempo com predom\u00ednio de sol com possibilidade de chuva fraca final do dia no Litoral Sul<\/span> Read More &raquo;<\/a><\/p>\n","protected":false},"author":3,"featured_media":26574,"comment_status":"open","ping_status":"open","sticky":false,"template":"","format":"standard","meta":{"site-sidebar-layout":"default","site-content-layout":"","ast-site-content-layout":"default","site-content-style":"default","site-sidebar-style":"default","ast-global-header-display":"","ast-banner-title-visibility":"","ast-main-header-display":"","ast-hfb-above-header-display":"","ast-hfb-below-header-display":"","ast-hfb-mobile-header-display":"","site-post-title":"","ast-breadcrumbs-content":"","ast-featured-img":"","footer-sml-layout":"","theme-transparent-header-meta":"default","adv-header-id-meta":"","stick-header-meta":"","header-above-stick-meta":"","header-main-stick-meta":"","header-below-stick-meta":"","astra-migrate-meta-layouts":"set","footnotes":""},"categories":[38,12],"tags":[90],"yoast_head":"<!-- This site is optimized with the Yoast SEO plugin v21.4 - https:\/\/yoast.com\/wordpress\/plugins\/seo\/ -->\n<title>Tempo com predom\u00ednio de sol com possibilidade de chuva fraca final do dia no Litoral Sul -<\/title>\n<meta name=\"robots\" content=\"index, follow, max-snippet:-1, max-image-preview:large, max-video-preview:-1\" \/>\n<link rel=\"canonical\" href=\"https:\/\/sulsc.com\/index.php\/2025\/09\/24\/tempo-com-predominio-de-sol-com-possibilidade-de-chuva-fraca-final-do-dia-no-litoral-sul\/\" \/>\n<meta property=\"og:locale\" content=\"en_US\" \/>\n<meta property=\"og:type\" content=\"article\" \/>\n<meta property=\"og:title\" content=\"Tempo com predom\u00ednio de sol com possibilidade de chuva fraca final do dia no Litoral Sul -\" \/>\n<meta property=\"og:description\" content=\"Nesta quarta-feira (24), a massa de ar seco segue mantendo o tempo firme e com predom\u00ednio de sol na maior parte de Santa Catarina. A exce\u00e7\u00e3o fica para o litoral, onde a nebulosidade varia, intercalando com per\u00edodos de sol. Nessas \u00e1reas, principalmente entre o Litoral Sul e a Grande Florian\u00f3polis, h\u00e1 condi\u00e7\u00f5es de chuva fraca &hellip; Tempo com predom\u00ednio de sol com possibilidade de chuva fraca final do dia no Litoral Sul Read More &raquo;\" \/>\n<meta property=\"og:url\" content=\"https:\/\/sulsc.com\/index.php\/2025\/09\/24\/tempo-com-predominio-de-sol-com-possibilidade-de-chuva-fraca-final-do-dia-no-litoral-sul\/\" \/>\n<meta property=\"article:author\" content=\"https:\/\/www.facebook.com\/profile.php?id=61559278119680\" \/>\n<meta property=\"article:published_time\" content=\"2025-09-24T09:29:30+00:00\" \/>\n<meta property=\"article:modified_time\" content=\"2025-09-24T09:30:38+00:00\" \/>\n<meta property=\"og:image\" content=\"http:\/\/sulsc.com\/wp-content\/uploads\/2025\/08\/788becb8-2cfe-4ef4-9caa-4043763fc1e1.jpg\" \/>\n\t<meta property=\"og:image:width\" content=\"1117\" \/>\n\t<meta property=\"og:image:height\" content=\"1600\" \/>\n\t<meta property=\"og:image:type\" content=\"image\/jpeg\" \/>\n<meta name=\"author\" content=\"Reda\u00e7\u00e3o Sul SC\" \/>\n<meta name=\"twitter:card\" content=\"summary_large_image\" \/>\n<meta name=\"twitter:creator\" content=\"@https:\/\/twitter.com\/PortalSulSC\" \/>\n<meta name=\"twitter:label1\" content=\"Written by\" \/>\n\t<meta name=\"twitter:data1\" content=\"Reda\u00e7\u00e3o Sul SC\" \/>\n\t<meta name=\"twitter:label2\" content=\"Est. reading time\" \/>\n\t<meta name=\"twitter:data2\" content=\"2 minutes\" \/>\n<script type=\"application\/ld+json\" class=\"yoast-schema-graph\">{\"@context\":\"https:\/\/schema.org\",\"@graph\":[{\"@type\":\"WebPage\",\"@id\":\"https:\/\/sulsc.com\/index.php\/2025\/09\/24\/tempo-com-predominio-de-sol-com-possibilidade-de-chuva-fraca-final-do-dia-no-litoral-sul\/\",\"url\":\"https:\/\/sulsc.com\/index.php\/2025\/09\/24\/tempo-com-predominio-de-sol-com-possibilidade-de-chuva-fraca-final-do-dia-no-litoral-sul\/\",\"name\":\"Tempo com predom\u00ednio de sol com possibilidade de chuva fraca final do dia no Litoral Sul -\",\"isPartOf\":{\"@id\":\"https:\/\/sulsc.com\/#website\"},\"datePublished\":\"2025-09-24T09:29:30+00:00\",\"dateModified\":\"2025-09-24T09:30:38+00:00\",\"author\":{\"@id\":\"https:\/\/sulsc.com\/#\/schema\/person\/84d2fc571684f6248ba83092f07750a3\"},\"breadcrumb\":{\"@id\":\"https:\/\/sulsc.com\/index.php\/2025\/09\/24\/tempo-com-predominio-de-sol-com-possibilidade-de-chuva-fraca-final-do-dia-no-litoral-sul\/#breadcrumb\"},\"inLanguage\":\"en-US\",\"potentialAction\":[{\"@type\":\"ReadAction\",\"target\":[\"https:\/\/sulsc.com\/index.php\/2025\/09\/24\/tempo-com-predominio-de-sol-com-possibilidade-de-chuva-fraca-final-do-dia-no-litoral-sul\/\"]}]},{\"@type\":\"BreadcrumbList\",\"@id\":\"https:\/\/sulsc.com\/index.php\/2025\/09\/24\/tempo-com-predominio-de-sol-com-possibilidade-de-chuva-fraca-final-do-dia-no-litoral-sul\/#breadcrumb\",\"itemListElement\":[{\"@type\":\"ListItem\",\"position\":1,\"name\":\"In\u00edcio\",\"item\":\"https:\/\/sulsc.com\/\"},{\"@type\":\"ListItem\",\"position\":2,\"name\":\"Tempo com predom\u00ednio de sol com possibilidade de chuva fraca final do dia no Litoral Sul\"}]},{\"@type\":\"WebSite\",\"@id\":\"https:\/\/sulsc.com\/#website\",\"url\":\"https:\/\/sulsc.com\/\",\"name\":\"\",\"description\":\"\",\"potentialAction\":[{\"@type\":\"SearchAction\",\"target\":{\"@type\":\"EntryPoint\",\"urlTemplate\":\"https:\/\/sulsc.com\/?s={search_term_string}\"},\"query-input\":\"required name=search_term_string\"}],\"inLanguage\":\"en-US\"},{\"@type\":\"Person\",\"@id\":\"https:\/\/sulsc.com\/#\/schema\/person\/84d2fc571684f6248ba83092f07750a3\",\"name\":\"Reda\u00e7\u00e3o Sul SC\",\"image\":{\"@type\":\"ImageObject\",\"inLanguage\":\"en-US\",\"@id\":\"https:\/\/sulsc.com\/#\/schema\/person\/image\/e08d7fe2cc4ed596372063bbe852b8d0\",\"url\":\"https:\/\/sulsc.com\/wp-content\/uploads\/2023\/09\/redacao.png\",\"contentUrl\":\"https:\/\/sulsc.com\/wp-content\/uploads\/2023\/09\/redacao.png\",\"caption\":\"Reda\u00e7\u00e3o Sul SC\"},\"description\":\"Foco em um jornalismo imparcial, voltado \u00e0 qualidade dos seus conte\u00fados e, assim, levar informa\u00e7\u00e3o de valor que agregue \u00e0 vida dos leitores. Esta \u00e9 grande miss\u00e3o do Portal de Not\u00edcias Sul SC. N\u00e3o \u00e9 quantidade que muda o mundo, sempre foi e seguir\u00e1 sendo qualidade!\",\"sameAs\":[\"https:\/\/sulsc.com\/\",\"https:\/\/www.facebook.com\/profile.php?id=61559278119680\",\"https:\/\/www.instagram.com\/sulscportal\/?hl=pt-br\",\"https:\/\/twitter.com\/https:\/\/twitter.com\/PortalSulSC\",\"https:\/\/www.youtube.com\/channel\/UCv_BE8GeySluDov2n8qhVmw\"],\"url\":\"https:\/\/sulsc.com\/index.php\/author\/redacao\/\"}]}<\/script>\n<!-- \/ Yoast SEO plugin. -->","yoast_head_json":{"title":"Tempo com predom\u00ednio de sol com possibilidade de chuva fraca final do dia no Litoral Sul -","robots":{"index":"index","follow":"follow","max-snippet":"max-snippet:-1","max-image-preview":"max-image-preview:large","max-video-preview":"max-video-preview:-1"},"canonical":"https:\/\/sulsc.com\/index.php\/2025\/09\/24\/tempo-com-predominio-de-sol-com-possibilidade-de-chuva-fraca-final-do-dia-no-litoral-sul\/","og_locale":"en_US","og_type":"article","og_title":"Tempo com predom\u00ednio de sol com possibilidade de chuva fraca final do dia no Litoral Sul -","og_description":"Nesta quarta-feira (24), a massa de ar seco segue mantendo o tempo firme e com predom\u00ednio de sol na maior parte de Santa Catarina. A exce\u00e7\u00e3o fica para o litoral, onde a nebulosidade varia, intercalando com per\u00edodos de sol. Nessas \u00e1reas, principalmente entre o Litoral Sul e a Grande Florian\u00f3polis, h\u00e1 condi\u00e7\u00f5es de chuva fraca &hellip; Tempo com predom\u00ednio de sol com possibilidade de chuva fraca final do dia no Litoral Sul Read More &raquo;","og_url":"https:\/\/sulsc.com\/index.php\/2025\/09\/24\/tempo-com-predominio-de-sol-com-possibilidade-de-chuva-fraca-final-do-dia-no-litoral-sul\/","article_author":"https:\/\/www.facebook.com\/profile.php?id=61559278119680","article_published_time":"2025-09-24T09:29:30+00:00","article_modified_time":"2025-09-24T09:30:38+00:00","og_image":[{"width":1117,"height":1600,"url":"http:\/\/sulsc.com\/wp-content\/uploads\/2025\/08\/788becb8-2cfe-4ef4-9caa-4043763fc1e1.jpg","type":"image\/jpeg"}],"author":"Reda\u00e7\u00e3o Sul SC","twitter_card":"summary_large_image","twitter_creator":"@https:\/\/twitter.com\/PortalSulSC","twitter_misc":{"Written by":"Reda\u00e7\u00e3o Sul SC","Est. reading time":"2 minutes"},"schema":{"@context":"https:\/\/schema.org","@graph":[{"@type":"WebPage","@id":"https:\/\/sulsc.com\/index.php\/2025\/09\/24\/tempo-com-predominio-de-sol-com-possibilidade-de-chuva-fraca-final-do-dia-no-litoral-sul\/","url":"https:\/\/sulsc.com\/index.php\/2025\/09\/24\/tempo-com-predominio-de-sol-com-possibilidade-de-chuva-fraca-final-do-dia-no-litoral-sul\/","name":"Tempo com predom\u00ednio de sol com possibilidade de chuva fraca final do dia no Litoral Sul -","isPartOf":{"@id":"https:\/\/sulsc.com\/#website"},"datePublished":"2025-09-24T09:29:30+00:00","dateModified":"2025-09-24T09:30:38+00:00","author":{"@id":"https:\/\/sulsc.com\/#\/schema\/person\/84d2fc571684f6248ba83092f07750a3"},"breadcrumb":{"@id":"https:\/\/sulsc.com\/index.php\/2025\/09\/24\/tempo-com-predominio-de-sol-com-possibilidade-de-chuva-fraca-final-do-dia-no-litoral-sul\/#breadcrumb"},"inLanguage":"en-US","potentialAction":[{"@type":"ReadAction","target":["https:\/\/sulsc.com\/index.php\/2025\/09\/24\/tempo-com-predominio-de-sol-com-possibilidade-de-chuva-fraca-final-do-dia-no-litoral-sul\/"]}]},{"@type":"BreadcrumbList","@id":"https:\/\/sulsc.com\/index.php\/2025\/09\/24\/tempo-com-predominio-de-sol-com-possibilidade-de-chuva-fraca-final-do-dia-no-litoral-sul\/#breadcrumb","itemListElement":[{"@type":"ListItem","position":1,"name":"In\u00edcio","item":"https:\/\/sulsc.com\/"},{"@type":"ListItem","position":2,"name":"Tempo com predom\u00ednio de sol com possibilidade de chuva fraca final do dia no Litoral Sul"}]},{"@type":"WebSite","@id":"https:\/\/sulsc.com\/#website","url":"https:\/\/sulsc.com\/","name":"","description":"","potentialAction":[{"@type":"SearchAction","target":{"@type":"EntryPoint","urlTemplate":"https:\/\/sulsc.com\/?s={search_term_string}"},"query-input":"required name=search_term_string"}],"inLanguage":"en-US"},{"@type":"Person","@id":"https:\/\/sulsc.com\/#\/schema\/person\/84d2fc571684f6248ba83092f07750a3","name":"Reda\u00e7\u00e3o Sul SC","image":{"@type":"ImageObject","inLanguage":"en-US","@id":"https:\/\/sulsc.com\/#\/schema\/person\/image\/e08d7fe2cc4ed596372063bbe852b8d0","url":"https:\/\/sulsc.com\/wp-content\/uploads\/2023\/09\/redacao.png","contentUrl":"https:\/\/sulsc.com\/wp-content\/uploads\/2023\/09\/redacao.png","caption":"Reda\u00e7\u00e3o Sul SC"},"description":"Foco em um jornalismo imparcial, voltado \u00e0 qualidade dos seus conte\u00fados e, assim, levar informa\u00e7\u00e3o de valor que agregue \u00e0 vida dos leitores. Esta \u00e9 grande miss\u00e3o do Portal de Not\u00edcias Sul SC. N\u00e3o \u00e9 quantidade que muda o mundo, sempre foi e seguir\u00e1 sendo qualidade!","sameAs":["https:\/\/sulsc.com\/","https:\/\/www.facebook.com\/profile.php?id=61559278119680","https:\/\/www.instagram.com\/sulscportal\/?hl=pt-br","https:\/\/twitter.com\/https:\/\/twitter.com\/PortalSulSC","https:\/\/www.youtube.com\/channel\/UCv_BE8GeySluDov2n8qhVmw"],"url":"https:\/\/sulsc.com\/index.php\/author\/redacao\/"}]}},"authors":[],"_links":{"self":[{"href":"https:\/\/sulsc.com\/index.php\/wp-json\/wp\/v2\/posts\/27507"}],"collection":[{"href":"https:\/\/sulsc.com\/index.php\/wp-json\/wp\/v2\/posts"}],"about":[{"href":"https:\/\/sulsc.com\/index.php\/wp-json\/wp\/v2\/types\/post"}],"author":[{"embeddable":true,"href":"https:\/\/sulsc.com\/index.php\/wp-json\/wp\/v2\/users\/3"}],"replies":[{"embeddable":true,"href":"https:\/\/sulsc.com\/index.php\/wp-json\/wp\/v2\/comments?post=27507"}],"version-history":[{"count":2,"href":"https:\/\/sulsc.com\/index.php\/wp-json\/wp\/v2\/posts\/27507\/revisions"}],"predecessor-version":[{"id":27510,"href":"https:\/\/sulsc.com\/index.php\/wp-json\/wp\/v2\/posts\/27507\/revisions\/27510"}],"wp:featuredmedia":[{"embeddable":true,"href":"https:\/\/sulsc.com\/index.php\/wp-json\/wp\/v2\/media\/26574"}],"wp:attachment":[{"href":"https:\/\/sulsc.com\/index.php\/wp-json\/wp\/v2\/media?parent=27507"}],"wp:term":[{"taxonomy":"category","embeddable":true,"href":"https:\/\/sulsc.com\/index.php\/wp-json\/wp\/v2\/categories?post=27507"},{"taxonomy":"post_tag","embeddable":true,"href":"https:\/\/sulsc.com\/index.php\/wp-json\/wp\/v2\/tags?post=27507"}],"curies":[{"name":"wp","href":"https:\/\/api.w.org\/{rel}","templated":true}]}}