{"id":2756,"date":"2023-10-24T10:40:08","date_gmt":"2023-10-24T13:40:08","guid":{"rendered":"https:\/\/sulsc.com\/?p=2756"},"modified":"2023-10-24T09:42:07","modified_gmt":"2023-10-24T12:42:07","slug":"camerata-florianopolis-apresenta-classicos-da-musica-italiana-neste-sabado-em-laguna","status":"publish","type":"post","link":"https:\/\/sulsc.com\/index.php\/2023\/10\/24\/camerata-florianopolis-apresenta-classicos-da-musica-italiana-neste-sabado-em-laguna\/","title":{"rendered":"Camerata Florian\u00f3polis apresenta cl\u00e1ssicos da m\u00fasica italiana, neste s\u00e1bado, em Laguna"},"content":{"rendered":"<p>Laguna recebe a Camerata Florian\u00f3polis neste s\u00e1bado (28), em Laguna. O evento ser\u00e1 realizado \u00e0s 20h, no Cine Teatro Mussi. Desta vez, o repert\u00f3rio ser\u00e3o as cl\u00e1ssicas da musica it\u00e1liana.<\/p>\n<p>Os ingressos para o evento ser\u00e3o trocados por 1kg de alimento. As trocas dever\u00e3o ser feitas nos dias 26 e 27 de outubro, das 13h \u00e0s 19h, no Cine Teatro Mussi.<\/p>\n<p>A apresenta\u00e7\u00e3o ser\u00e1 comandada pelo maestro Jeferson Della Rocca, com arranjos de Alberto Heller, produ\u00e7\u00e3o de Maria Elita Pereira e nas vozes de Joana Castanheira, Laura Padaratz, Fernando de Cardi e Gerard Macapagal.<\/p>\n<p><img fetchpriority=\"high\" decoding=\"async\" class=\"alignnone size-large wp-image-2757\" src=\"http:\/\/sulsc.com\/wp-content\/uploads\/2023\/10\/Banner-Camerata-Laguna-1024x569.jpeg\" alt=\"\" width=\"1024\" height=\"569\" srcset=\"https:\/\/sulsc.com\/wp-content\/uploads\/2023\/10\/Banner-Camerata-Laguna-1024x569.jpeg 1024w, https:\/\/sulsc.com\/wp-content\/uploads\/2023\/10\/Banner-Camerata-Laguna-300x167.jpeg 300w, https:\/\/sulsc.com\/wp-content\/uploads\/2023\/10\/Banner-Camerata-Laguna-768x427.jpeg 768w, https:\/\/sulsc.com\/wp-content\/uploads\/2023\/10\/Banner-Camerata-Laguna.jpeg 1080w\" sizes=\"(max-width: 1024px) 100vw, 1024px\" \/><\/p>\n<p>&nbsp;<\/p>\n<p>Fonte: Pref. Laguna<\/p>\n","protected":false},"excerpt":{"rendered":"<p>Laguna recebe a Camerata Florian\u00f3polis neste s\u00e1bado (28), em Laguna. O evento ser\u00e1 realizado \u00e0s 20h, no Cine Teatro Mussi. Desta vez, o repert\u00f3rio ser\u00e3o as cl\u00e1ssicas da musica it\u00e1liana. Os ingressos para o evento ser\u00e3o trocados por 1kg de alimento. As trocas dever\u00e3o ser feitas nos dias 26 e 27 de outubro, das 13h &hellip;<\/p>\n<p class=\"read-more\"> <a class=\"\" href=\"https:\/\/sulsc.com\/index.php\/2023\/10\/24\/camerata-florianopolis-apresenta-classicos-da-musica-italiana-neste-sabado-em-laguna\/\"> <span class=\"screen-reader-text\">Camerata Florian\u00f3polis apresenta cl\u00e1ssicos da m\u00fasica italiana, neste s\u00e1bado, em Laguna<\/span> Read More &raquo;<\/a><\/p>\n","protected":false},"author":3,"featured_media":2757,"comment_status":"open","ping_status":"open","sticky":false,"template":"","format":"standard","meta":{"site-sidebar-layout":"default","site-content-layout":"","ast-site-content-layout":"default","site-content-style":"default","site-sidebar-style":"default","ast-global-header-display":"","ast-banner-title-visibility":"","ast-main-header-display":"","ast-hfb-above-header-display":"","ast-hfb-below-header-display":"","ast-hfb-mobile-header-display":"","site-post-title":"","ast-breadcrumbs-content":"","ast-featured-img":"","footer-sml-layout":"","theme-transparent-header-meta":"default","adv-header-id-meta":"","stick-header-meta":"","header-above-stick-meta":"","header-main-stick-meta":"","header-below-stick-meta":"","astra-migrate-meta-layouts":"set","footnotes":""},"categories":[18,1,22],"tags":[],"yoast_head":"<!-- This site is optimized with the Yoast SEO plugin v21.4 - https:\/\/yoast.com\/wordpress\/plugins\/seo\/ -->\n<title>Camerata Florian\u00f3polis apresenta cl\u00e1ssicos da m\u00fasica italiana, neste s\u00e1bado, em Laguna -<\/title>\n<meta name=\"robots\" content=\"index, follow, max-snippet:-1, max-image-preview:large, max-video-preview:-1\" \/>\n<link rel=\"canonical\" href=\"https:\/\/sulsc.com\/index.php\/2023\/10\/24\/camerata-florianopolis-apresenta-classicos-da-musica-italiana-neste-sabado-em-laguna\/\" \/>\n<meta property=\"og:locale\" content=\"en_US\" \/>\n<meta property=\"og:type\" content=\"article\" \/>\n<meta property=\"og:title\" content=\"Camerata Florian\u00f3polis apresenta cl\u00e1ssicos da m\u00fasica italiana, neste s\u00e1bado, em Laguna -\" \/>\n<meta property=\"og:description\" content=\"Laguna recebe a Camerata Florian\u00f3polis neste s\u00e1bado (28), em Laguna. O evento ser\u00e1 realizado \u00e0s 20h, no Cine Teatro Mussi. Desta vez, o repert\u00f3rio ser\u00e3o as cl\u00e1ssicas da musica it\u00e1liana. Os ingressos para o evento ser\u00e3o trocados por 1kg de alimento. As trocas dever\u00e3o ser feitas nos dias 26 e 27 de outubro, das 13h &hellip; Camerata Florian\u00f3polis apresenta cl\u00e1ssicos da m\u00fasica italiana, neste s\u00e1bado, em Laguna Read More &raquo;\" \/>\n<meta property=\"og:url\" content=\"https:\/\/sulsc.com\/index.php\/2023\/10\/24\/camerata-florianopolis-apresenta-classicos-da-musica-italiana-neste-sabado-em-laguna\/\" \/>\n<meta property=\"article:author\" content=\"https:\/\/www.facebook.com\/profile.php?id=61559278119680\" \/>\n<meta property=\"article:published_time\" content=\"2023-10-24T13:40:08+00:00\" \/>\n<meta property=\"article:modified_time\" content=\"2023-10-24T12:42:07+00:00\" \/>\n<meta property=\"og:image\" content=\"https:\/\/sulsc.com\/wp-content\/uploads\/2023\/10\/Banner-Camerata-Laguna.jpeg\" \/>\n\t<meta property=\"og:image:width\" content=\"1080\" \/>\n\t<meta property=\"og:image:height\" content=\"600\" \/>\n\t<meta property=\"og:image:type\" content=\"image\/jpeg\" \/>\n<meta name=\"author\" content=\"Reda\u00e7\u00e3o Sul SC\" \/>\n<meta name=\"twitter:card\" content=\"summary_large_image\" \/>\n<meta name=\"twitter:creator\" content=\"@https:\/\/twitter.com\/PortalSulSC\" \/>\n<meta name=\"twitter:label1\" content=\"Written by\" \/>\n\t<meta name=\"twitter:data1\" content=\"Reda\u00e7\u00e3o Sul SC\" \/>\n\t<meta name=\"twitter:label2\" content=\"Est. reading time\" \/>\n\t<meta name=\"twitter:data2\" content=\"1 minute\" \/>\n<script type=\"application\/ld+json\" class=\"yoast-schema-graph\">{\"@context\":\"https:\/\/schema.org\",\"@graph\":[{\"@type\":\"WebPage\",\"@id\":\"https:\/\/sulsc.com\/index.php\/2023\/10\/24\/camerata-florianopolis-apresenta-classicos-da-musica-italiana-neste-sabado-em-laguna\/\",\"url\":\"https:\/\/sulsc.com\/index.php\/2023\/10\/24\/camerata-florianopolis-apresenta-classicos-da-musica-italiana-neste-sabado-em-laguna\/\",\"name\":\"Camerata Florian\u00f3polis apresenta cl\u00e1ssicos da m\u00fasica italiana, neste s\u00e1bado, em Laguna -\",\"isPartOf\":{\"@id\":\"https:\/\/sulsc.com\/#website\"},\"datePublished\":\"2023-10-24T13:40:08+00:00\",\"dateModified\":\"2023-10-24T12:42:07+00:00\",\"author\":{\"@id\":\"https:\/\/sulsc.com\/#\/schema\/person\/84d2fc571684f6248ba83092f07750a3\"},\"breadcrumb\":{\"@id\":\"https:\/\/sulsc.com\/index.php\/2023\/10\/24\/camerata-florianopolis-apresenta-classicos-da-musica-italiana-neste-sabado-em-laguna\/#breadcrumb\"},\"inLanguage\":\"en-US\",\"potentialAction\":[{\"@type\":\"ReadAction\",\"target\":[\"https:\/\/sulsc.com\/index.php\/2023\/10\/24\/camerata-florianopolis-apresenta-classicos-da-musica-italiana-neste-sabado-em-laguna\/\"]}]},{\"@type\":\"BreadcrumbList\",\"@id\":\"https:\/\/sulsc.com\/index.php\/2023\/10\/24\/camerata-florianopolis-apresenta-classicos-da-musica-italiana-neste-sabado-em-laguna\/#breadcrumb\",\"itemListElement\":[{\"@type\":\"ListItem\",\"position\":1,\"name\":\"In\u00edcio\",\"item\":\"https:\/\/sulsc.com\/\"},{\"@type\":\"ListItem\",\"position\":2,\"name\":\"Camerata Florian\u00f3polis apresenta cl\u00e1ssicos da m\u00fasica italiana, neste s\u00e1bado, em Laguna\"}]},{\"@type\":\"WebSite\",\"@id\":\"https:\/\/sulsc.com\/#website\",\"url\":\"https:\/\/sulsc.com\/\",\"name\":\"\",\"description\":\"\",\"potentialAction\":[{\"@type\":\"SearchAction\",\"target\":{\"@type\":\"EntryPoint\",\"urlTemplate\":\"https:\/\/sulsc.com\/?s={search_term_string}\"},\"query-input\":\"required name=search_term_string\"}],\"inLanguage\":\"en-US\"},{\"@type\":\"Person\",\"@id\":\"https:\/\/sulsc.com\/#\/schema\/person\/84d2fc571684f6248ba83092f07750a3\",\"name\":\"Reda\u00e7\u00e3o Sul SC\",\"image\":{\"@type\":\"ImageObject\",\"inLanguage\":\"en-US\",\"@id\":\"https:\/\/sulsc.com\/#\/schema\/person\/image\/e08d7fe2cc4ed596372063bbe852b8d0\",\"url\":\"https:\/\/sulsc.com\/wp-content\/uploads\/2023\/09\/redacao.png\",\"contentUrl\":\"https:\/\/sulsc.com\/wp-content\/uploads\/2023\/09\/redacao.png\",\"caption\":\"Reda\u00e7\u00e3o Sul SC\"},\"description\":\"Foco em um jornalismo imparcial, voltado \u00e0 qualidade dos seus conte\u00fados e, assim, levar informa\u00e7\u00e3o de valor que agregue \u00e0 vida dos leitores. Esta \u00e9 grande miss\u00e3o do Portal de Not\u00edcias Sul SC. N\u00e3o \u00e9 quantidade que muda o mundo, sempre foi e seguir\u00e1 sendo qualidade!\",\"sameAs\":[\"https:\/\/sulsc.com\/\",\"https:\/\/www.facebook.com\/profile.php?id=61559278119680\",\"https:\/\/www.instagram.com\/sulscportal\/?hl=pt-br\",\"https:\/\/twitter.com\/https:\/\/twitter.com\/PortalSulSC\",\"https:\/\/www.youtube.com\/channel\/UCv_BE8GeySluDov2n8qhVmw\"],\"url\":\"https:\/\/sulsc.com\/index.php\/author\/redacao\/\"}]}<\/script>\n<!-- \/ Yoast SEO plugin. -->","yoast_head_json":{"title":"Camerata Florian\u00f3polis apresenta cl\u00e1ssicos da m\u00fasica italiana, neste s\u00e1bado, em Laguna -","robots":{"index":"index","follow":"follow","max-snippet":"max-snippet:-1","max-image-preview":"max-image-preview:large","max-video-preview":"max-video-preview:-1"},"canonical":"https:\/\/sulsc.com\/index.php\/2023\/10\/24\/camerata-florianopolis-apresenta-classicos-da-musica-italiana-neste-sabado-em-laguna\/","og_locale":"en_US","og_type":"article","og_title":"Camerata Florian\u00f3polis apresenta cl\u00e1ssicos da m\u00fasica italiana, neste s\u00e1bado, em Laguna -","og_description":"Laguna recebe a Camerata Florian\u00f3polis neste s\u00e1bado (28), em Laguna. O evento ser\u00e1 realizado \u00e0s 20h, no Cine Teatro Mussi. Desta vez, o repert\u00f3rio ser\u00e3o as cl\u00e1ssicas da musica it\u00e1liana. Os ingressos para o evento ser\u00e3o trocados por 1kg de alimento. As trocas dever\u00e3o ser feitas nos dias 26 e 27 de outubro, das 13h &hellip; Camerata Florian\u00f3polis apresenta cl\u00e1ssicos da m\u00fasica italiana, neste s\u00e1bado, em Laguna Read More &raquo;","og_url":"https:\/\/sulsc.com\/index.php\/2023\/10\/24\/camerata-florianopolis-apresenta-classicos-da-musica-italiana-neste-sabado-em-laguna\/","article_author":"https:\/\/www.facebook.com\/profile.php?id=61559278119680","article_published_time":"2023-10-24T13:40:08+00:00","article_modified_time":"2023-10-24T12:42:07+00:00","og_image":[{"width":1080,"height":600,"url":"https:\/\/sulsc.com\/wp-content\/uploads\/2023\/10\/Banner-Camerata-Laguna.jpeg","type":"image\/jpeg"}],"author":"Reda\u00e7\u00e3o Sul SC","twitter_card":"summary_large_image","twitter_creator":"@https:\/\/twitter.com\/PortalSulSC","twitter_misc":{"Written by":"Reda\u00e7\u00e3o Sul SC","Est. reading time":"1 minute"},"schema":{"@context":"https:\/\/schema.org","@graph":[{"@type":"WebPage","@id":"https:\/\/sulsc.com\/index.php\/2023\/10\/24\/camerata-florianopolis-apresenta-classicos-da-musica-italiana-neste-sabado-em-laguna\/","url":"https:\/\/sulsc.com\/index.php\/2023\/10\/24\/camerata-florianopolis-apresenta-classicos-da-musica-italiana-neste-sabado-em-laguna\/","name":"Camerata Florian\u00f3polis apresenta cl\u00e1ssicos da m\u00fasica italiana, neste s\u00e1bado, em Laguna -","isPartOf":{"@id":"https:\/\/sulsc.com\/#website"},"datePublished":"2023-10-24T13:40:08+00:00","dateModified":"2023-10-24T12:42:07+00:00","author":{"@id":"https:\/\/sulsc.com\/#\/schema\/person\/84d2fc571684f6248ba83092f07750a3"},"breadcrumb":{"@id":"https:\/\/sulsc.com\/index.php\/2023\/10\/24\/camerata-florianopolis-apresenta-classicos-da-musica-italiana-neste-sabado-em-laguna\/#breadcrumb"},"inLanguage":"en-US","potentialAction":[{"@type":"ReadAction","target":["https:\/\/sulsc.com\/index.php\/2023\/10\/24\/camerata-florianopolis-apresenta-classicos-da-musica-italiana-neste-sabado-em-laguna\/"]}]},{"@type":"BreadcrumbList","@id":"https:\/\/sulsc.com\/index.php\/2023\/10\/24\/camerata-florianopolis-apresenta-classicos-da-musica-italiana-neste-sabado-em-laguna\/#breadcrumb","itemListElement":[{"@type":"ListItem","position":1,"name":"In\u00edcio","item":"https:\/\/sulsc.com\/"},{"@type":"ListItem","position":2,"name":"Camerata Florian\u00f3polis apresenta cl\u00e1ssicos da m\u00fasica italiana, neste s\u00e1bado, em Laguna"}]},{"@type":"WebSite","@id":"https:\/\/sulsc.com\/#website","url":"https:\/\/sulsc.com\/","name":"","description":"","potentialAction":[{"@type":"SearchAction","target":{"@type":"EntryPoint","urlTemplate":"https:\/\/sulsc.com\/?s={search_term_string}"},"query-input":"required name=search_term_string"}],"inLanguage":"en-US"},{"@type":"Person","@id":"https:\/\/sulsc.com\/#\/schema\/person\/84d2fc571684f6248ba83092f07750a3","name":"Reda\u00e7\u00e3o Sul SC","image":{"@type":"ImageObject","inLanguage":"en-US","@id":"https:\/\/sulsc.com\/#\/schema\/person\/image\/e08d7fe2cc4ed596372063bbe852b8d0","url":"https:\/\/sulsc.com\/wp-content\/uploads\/2023\/09\/redacao.png","contentUrl":"https:\/\/sulsc.com\/wp-content\/uploads\/2023\/09\/redacao.png","caption":"Reda\u00e7\u00e3o Sul SC"},"description":"Foco em um jornalismo imparcial, voltado \u00e0 qualidade dos seus conte\u00fados e, assim, levar informa\u00e7\u00e3o de valor que agregue \u00e0 vida dos leitores. Esta \u00e9 grande miss\u00e3o do Portal de Not\u00edcias Sul SC. N\u00e3o \u00e9 quantidade que muda o mundo, sempre foi e seguir\u00e1 sendo qualidade!","sameAs":["https:\/\/sulsc.com\/","https:\/\/www.facebook.com\/profile.php?id=61559278119680","https:\/\/www.instagram.com\/sulscportal\/?hl=pt-br","https:\/\/twitter.com\/https:\/\/twitter.com\/PortalSulSC","https:\/\/www.youtube.com\/channel\/UCv_BE8GeySluDov2n8qhVmw"],"url":"https:\/\/sulsc.com\/index.php\/author\/redacao\/"}]}},"authors":[],"_links":{"self":[{"href":"https:\/\/sulsc.com\/index.php\/wp-json\/wp\/v2\/posts\/2756"}],"collection":[{"href":"https:\/\/sulsc.com\/index.php\/wp-json\/wp\/v2\/posts"}],"about":[{"href":"https:\/\/sulsc.com\/index.php\/wp-json\/wp\/v2\/types\/post"}],"author":[{"embeddable":true,"href":"https:\/\/sulsc.com\/index.php\/wp-json\/wp\/v2\/users\/3"}],"replies":[{"embeddable":true,"href":"https:\/\/sulsc.com\/index.php\/wp-json\/wp\/v2\/comments?post=2756"}],"version-history":[{"count":1,"href":"https:\/\/sulsc.com\/index.php\/wp-json\/wp\/v2\/posts\/2756\/revisions"}],"predecessor-version":[{"id":2758,"href":"https:\/\/sulsc.com\/index.php\/wp-json\/wp\/v2\/posts\/2756\/revisions\/2758"}],"wp:featuredmedia":[{"embeddable":true,"href":"https:\/\/sulsc.com\/index.php\/wp-json\/wp\/v2\/media\/2757"}],"wp:attachment":[{"href":"https:\/\/sulsc.com\/index.php\/wp-json\/wp\/v2\/media?parent=2756"}],"wp:term":[{"taxonomy":"category","embeddable":true,"href":"https:\/\/sulsc.com\/index.php\/wp-json\/wp\/v2\/categories?post=2756"},{"taxonomy":"post_tag","embeddable":true,"href":"https:\/\/sulsc.com\/index.php\/wp-json\/wp\/v2\/tags?post=2756"}],"curies":[{"name":"wp","href":"https:\/\/api.w.org\/{rel}","templated":true}]}}