{"id":2759,"date":"2023-10-24T11:20:32","date_gmt":"2023-10-24T14:20:32","guid":{"rendered":"https:\/\/sulsc.com\/?p=2759"},"modified":"2023-10-24T10:52:49","modified_gmt":"2023-10-24T13:52:49","slug":"quermesse-de-tradicao-e-cultura-2023-inicia-nesta-quarta-feira-em-criciuma","status":"publish","type":"post","link":"https:\/\/sulsc.com\/index.php\/2023\/10\/24\/quermesse-de-tradicao-e-cultura-2023-inicia-nesta-quarta-feira-em-criciuma\/","title":{"rendered":"Quermesse de Tradi\u00e7\u00e3o e Cultura 2023 inicia nesta quarta-feira em Crici\u00fama"},"content":{"rendered":"<p>Com o objetivo de resgatar as origens dos povos que colonizaram Crici\u00fama, a tradicional Quermesse inicia nesta quarta-feira (25), na Pra\u00e7a Nereu Ramos, no Centro. Com uma s\u00e9rie de programa\u00e7\u00f5es art\u00edsticas e culturais, o evento reunir\u00e1 as tradi\u00e7\u00f5es das etnias que povoaram Crici\u00fama, sendo elas: italiana, portuguesa, alem\u00e3, \u00e1rabe, negra, espanhola e polonesa. A cerim\u00f4nia de abertura acontecer\u00e1 \u00e0s 20h e o evento seguir\u00e1 at\u00e9 s\u00e1bado (28).<\/p>\n<p>Segundo o presidente da Funda\u00e7\u00e3o Cultural de Crici\u00fama (FCC), Joster Favero, a Quermesse contar\u00e1, durante os quatro dias, com uma pra\u00e7a de alimenta\u00e7\u00e3o diversificada, repleta de quitutes t\u00edpicos de cada etnia, al\u00e9m de op\u00e7\u00f5es oferecidas por entidades beneficentes. A programa\u00e7\u00e3o art\u00edstica conta com apresenta\u00e7\u00f5es teatrais, de bandas e grupos de dan\u00e7a locais, para valorizar os talentos da cidade. \u201cSer\u00e1 uma festa dedicada ao retorno \u00e0s origens, para que as fam\u00edlias possam ocupar o centro da cidade e reviver um pouco das culturas e valores dos primeiros moradores da nossa cidade\u201d, ressaltou.<\/p>\n<p>A Quermesse deste ano seguir\u00e1 os mesmos padr\u00f5es do evento realizado em 2022, com o retorno de atividades no modelo original, criado na d\u00e9cada de 1980, no entorno da Catedral S\u00e3o Jos\u00e9. \u201cA Pra\u00e7a Nereu Ramos est\u00e1 localizada no cora\u00e7\u00e3o da cidade. Foi a partir desse ponto que o munic\u00edpio se desenvolveu, e se tornou o que \u00e9 hoje. Por isso, devemos valorizar essa tradicional evento e aproveitar a oportunidade de prestigiar e conhecer um pouco mais das nossas ra\u00edzes\u201d, finalizou o prefeito de Crici\u00fama, Cl\u00e9sio Salvaro.<\/p>\n<p><img fetchpriority=\"high\" decoding=\"async\" class=\"alignnone size-large wp-image-2761\" src=\"http:\/\/sulsc.com\/wp-content\/uploads\/2023\/10\/Aerea-Criciuma-1-1024x682.jpeg\" alt=\"\" width=\"1024\" height=\"682\" srcset=\"https:\/\/sulsc.com\/wp-content\/uploads\/2023\/10\/Aerea-Criciuma-1-1024x682.jpeg 1024w, https:\/\/sulsc.com\/wp-content\/uploads\/2023\/10\/Aerea-Criciuma-1-300x200.jpeg 300w, https:\/\/sulsc.com\/wp-content\/uploads\/2023\/10\/Aerea-Criciuma-1-768x512.jpeg 768w, https:\/\/sulsc.com\/wp-content\/uploads\/2023\/10\/Aerea-Criciuma-1-1536x1023.jpeg 1536w, https:\/\/sulsc.com\/wp-content\/uploads\/2023\/10\/Aerea-Criciuma-1.jpeg 1600w\" sizes=\"(max-width: 1024px) 100vw, 1024px\" \/><\/p>\n<p><strong>Sobre a Quermesse<\/strong><\/p>\n<p>A Quermesse Tradi\u00e7\u00e3o e Cultura j\u00e1 passou por v\u00e1rias transforma\u00e7\u00f5es. O evento iniciou em 1989 e seguiu at\u00e9 2000, na Pra\u00e7a Nereu Ramos. Ap\u00f3s 2000, a iniciativa come\u00e7ou a ser chamada de Festa das Etnias. De 2000 a 2006, a festa passou a ser itinerante. De 2006 at\u00e9 2019, o evento passou a ser realizado no Pavilh\u00e3o de Exposi\u00e7\u00e3o Jos\u00e9 Ijair Conti. No ano passado, a Quermesse foi retomada ao seu formato original, na \u00e1rea central de Crici\u00fama, ressaltando a tradi\u00e7\u00e3o de reunir as fam\u00edlias em torno da pra\u00e7a.<\/p>\n<p>&nbsp;<\/p>\n<p>Confira a programa\u00e7\u00e3o completa da Quermesse 2023:<\/p>\n<p>Quarta-feira (25\/10)<br \/>\n20h &#8211; Abertura<br \/>\n20h45 &#8211; Coral Vozes do Pa\u00e7o<br \/>\n21h10 &#8211; Escola de Dan\u00e7a Nova Jerusal\u00e9m<br \/>\n21h30 &#8211; Bless Ballet Escola de Dan\u00e7a<br \/>\n21h55 &#8211; Banda Republic<\/p>\n<p>Quinta-feira (26\/10)<br \/>\n20h45 &#8211; Ballet Valter Savi<br \/>\n21h05 &#8211; Clarissa Rocha em movimento<br \/>\n21h25 &#8211; Cia de Dan\u00e7a Unesc<br \/>\n21h45 &#8211; Hiago e Ana Paula<br \/>\n22h30 &#8211; Banda Stylus<\/p>\n<p>Sexta-feira (27\/10)<br \/>\n19h &#8211; Ana Caroline em Movimento<br \/>\n19h30 &#8211; Centro Social Urbano<br \/>\n19h50 &#8211; Culture Soul Escola de Dan\u00e7a<br \/>\n20h25 &#8211; Grupo Folcl\u00f3rico Orzel Bialy<br \/>\n20h40 &#8211; Grupo Folcl\u00f3rico Racho Acoriano<br \/>\n20h55 &#8211; Grupo Folcl\u00f3rico Immerfroh<br \/>\n21h15 &#8211; Grupo Folcl\u00f3rico Arabe<br \/>\n22h10 &#8211; Grupo Bellystars Dan\u00e7a do Ventre<br \/>\n22h20 &#8211; Coral Show Crian\u00e7as Feliz<br \/>\n23h00 &#8211; Banda Elton e Everton<\/p>\n<p>S\u00e1bado (28\/10)<br \/>\n10h &#8211; Escola de Talento Satc<br \/>\n10h25 &#8211; Escola Nac\u00f5es Cultura<br \/>\n10h40 &#8211; Grupo Cepin Academia<br \/>\n10h50 &#8211; Coral Infantil Crian\u00e7a Feliz<br \/>\n11h10 &#8211; Chorinho Carvoeiro<br \/>\n12h10 &#8211; Banda Trem de Ferro<br \/>\n13h15 &#8211; Banda Viola Caipira<\/p>\n<p>18h10 &#8211; Movimento N\u00facleo de Dan\u00e7a<br \/>\n18h25 &#8211; Grupo de Centro de Conviv\u00eancia (Afasc)<br \/>\n18h40 &#8211; Coral Cantar e Viver (Afasc)<br \/>\n19h10 &#8211; Grupo de Violeiro Centro de Conviv\u00eancia (Afasc)<br \/>\n19h40 &#8211; Banda South<br \/>\n20h20 &#8211; Grupo Folcl\u00f3rico Valsugana<br \/>\n20h40 &#8211; Grupo Vocal Triade<br \/>\n22h10 &#8211; Manuela Ven\u00e2ncio<br \/>\n23h10 &#8211; Banda Calque e Bruninho Chip<\/p>\n<p>&nbsp;<\/p>\n<p>Fonte: Pref. Crici\u00fama<\/p>\n","protected":false},"excerpt":{"rendered":"<p>Com o objetivo de resgatar as origens dos povos que colonizaram Crici\u00fama, a tradicional Quermesse inicia nesta quarta-feira (25), na Pra\u00e7a Nereu Ramos, no Centro. Com uma s\u00e9rie de programa\u00e7\u00f5es art\u00edsticas e culturais, o evento reunir\u00e1 as tradi\u00e7\u00f5es das etnias que povoaram Crici\u00fama, sendo elas: italiana, portuguesa, alem\u00e3, \u00e1rabe, negra, espanhola e polonesa. A cerim\u00f4nia &hellip;<\/p>\n<p class=\"read-more\"> <a class=\"\" href=\"https:\/\/sulsc.com\/index.php\/2023\/10\/24\/quermesse-de-tradicao-e-cultura-2023-inicia-nesta-quarta-feira-em-criciuma\/\"> <span class=\"screen-reader-text\">Quermesse de Tradi\u00e7\u00e3o e Cultura 2023 inicia nesta quarta-feira em Crici\u00fama<\/span> Read More &raquo;<\/a><\/p>\n","protected":false},"author":3,"featured_media":2760,"comment_status":"open","ping_status":"open","sticky":false,"template":"","format":"standard","meta":{"site-sidebar-layout":"default","site-content-layout":"","ast-site-content-layout":"default","site-content-style":"default","site-sidebar-style":"default","ast-global-header-display":"","ast-banner-title-visibility":"","ast-main-header-display":"","ast-hfb-above-header-display":"","ast-hfb-below-header-display":"","ast-hfb-mobile-header-display":"","site-post-title":"","ast-breadcrumbs-content":"","ast-featured-img":"","footer-sml-layout":"","theme-transparent-header-meta":"default","adv-header-id-meta":"","stick-header-meta":"","header-above-stick-meta":"","header-main-stick-meta":"","header-below-stick-meta":"","astra-migrate-meta-layouts":"set","footnotes":""},"categories":[1],"tags":[],"yoast_head":"<!-- This site is optimized with the Yoast SEO plugin v21.4 - https:\/\/yoast.com\/wordpress\/plugins\/seo\/ -->\n<title>Quermesse de Tradi\u00e7\u00e3o e Cultura 2023 inicia nesta quarta-feira em Crici\u00fama -<\/title>\n<meta name=\"robots\" content=\"index, follow, max-snippet:-1, max-image-preview:large, max-video-preview:-1\" \/>\n<link rel=\"canonical\" href=\"https:\/\/sulsc.com\/index.php\/2023\/10\/24\/quermesse-de-tradicao-e-cultura-2023-inicia-nesta-quarta-feira-em-criciuma\/\" \/>\n<meta property=\"og:locale\" content=\"en_US\" \/>\n<meta property=\"og:type\" content=\"article\" \/>\n<meta property=\"og:title\" content=\"Quermesse de Tradi\u00e7\u00e3o e Cultura 2023 inicia nesta quarta-feira em Crici\u00fama -\" \/>\n<meta property=\"og:description\" content=\"Com o objetivo de resgatar as origens dos povos que colonizaram Crici\u00fama, a tradicional Quermesse inicia nesta quarta-feira (25), na Pra\u00e7a Nereu Ramos, no Centro. Com uma s\u00e9rie de programa\u00e7\u00f5es art\u00edsticas e culturais, o evento reunir\u00e1 as tradi\u00e7\u00f5es das etnias que povoaram Crici\u00fama, sendo elas: italiana, portuguesa, alem\u00e3, \u00e1rabe, negra, espanhola e polonesa. A cerim\u00f4nia &hellip; Quermesse de Tradi\u00e7\u00e3o e Cultura 2023 inicia nesta quarta-feira em Crici\u00fama Read More &raquo;\" \/>\n<meta property=\"og:url\" content=\"https:\/\/sulsc.com\/index.php\/2023\/10\/24\/quermesse-de-tradicao-e-cultura-2023-inicia-nesta-quarta-feira-em-criciuma\/\" \/>\n<meta property=\"article:author\" content=\"https:\/\/www.facebook.com\/profile.php?id=61559278119680\" \/>\n<meta property=\"article:published_time\" content=\"2023-10-24T14:20:32+00:00\" \/>\n<meta property=\"article:modified_time\" content=\"2023-10-24T13:52:49+00:00\" \/>\n<meta property=\"og:image\" content=\"https:\/\/sulsc.com\/wp-content\/uploads\/2023\/10\/Aerea-Criciuma.jpeg\" \/>\n\t<meta property=\"og:image:width\" content=\"1600\" \/>\n\t<meta property=\"og:image:height\" content=\"1066\" \/>\n\t<meta property=\"og:image:type\" content=\"image\/jpeg\" \/>\n<meta name=\"author\" content=\"Reda\u00e7\u00e3o Sul SC\" \/>\n<meta name=\"twitter:card\" content=\"summary_large_image\" \/>\n<meta name=\"twitter:creator\" content=\"@https:\/\/twitter.com\/PortalSulSC\" \/>\n<meta name=\"twitter:label1\" content=\"Written by\" \/>\n\t<meta name=\"twitter:data1\" content=\"Reda\u00e7\u00e3o Sul SC\" \/>\n\t<meta name=\"twitter:label2\" content=\"Est. reading time\" \/>\n\t<meta name=\"twitter:data2\" content=\"4 minutes\" \/>\n<script type=\"application\/ld+json\" class=\"yoast-schema-graph\">{\"@context\":\"https:\/\/schema.org\",\"@graph\":[{\"@type\":\"WebPage\",\"@id\":\"https:\/\/sulsc.com\/index.php\/2023\/10\/24\/quermesse-de-tradicao-e-cultura-2023-inicia-nesta-quarta-feira-em-criciuma\/\",\"url\":\"https:\/\/sulsc.com\/index.php\/2023\/10\/24\/quermesse-de-tradicao-e-cultura-2023-inicia-nesta-quarta-feira-em-criciuma\/\",\"name\":\"Quermesse de Tradi\u00e7\u00e3o e Cultura 2023 inicia nesta quarta-feira em Crici\u00fama -\",\"isPartOf\":{\"@id\":\"https:\/\/sulsc.com\/#website\"},\"datePublished\":\"2023-10-24T14:20:32+00:00\",\"dateModified\":\"2023-10-24T13:52:49+00:00\",\"author\":{\"@id\":\"https:\/\/sulsc.com\/#\/schema\/person\/84d2fc571684f6248ba83092f07750a3\"},\"breadcrumb\":{\"@id\":\"https:\/\/sulsc.com\/index.php\/2023\/10\/24\/quermesse-de-tradicao-e-cultura-2023-inicia-nesta-quarta-feira-em-criciuma\/#breadcrumb\"},\"inLanguage\":\"en-US\",\"potentialAction\":[{\"@type\":\"ReadAction\",\"target\":[\"https:\/\/sulsc.com\/index.php\/2023\/10\/24\/quermesse-de-tradicao-e-cultura-2023-inicia-nesta-quarta-feira-em-criciuma\/\"]}]},{\"@type\":\"BreadcrumbList\",\"@id\":\"https:\/\/sulsc.com\/index.php\/2023\/10\/24\/quermesse-de-tradicao-e-cultura-2023-inicia-nesta-quarta-feira-em-criciuma\/#breadcrumb\",\"itemListElement\":[{\"@type\":\"ListItem\",\"position\":1,\"name\":\"In\u00edcio\",\"item\":\"https:\/\/sulsc.com\/\"},{\"@type\":\"ListItem\",\"position\":2,\"name\":\"Quermesse de Tradi\u00e7\u00e3o e Cultura 2023 inicia nesta quarta-feira em Crici\u00fama\"}]},{\"@type\":\"WebSite\",\"@id\":\"https:\/\/sulsc.com\/#website\",\"url\":\"https:\/\/sulsc.com\/\",\"name\":\"\",\"description\":\"\",\"potentialAction\":[{\"@type\":\"SearchAction\",\"target\":{\"@type\":\"EntryPoint\",\"urlTemplate\":\"https:\/\/sulsc.com\/?s={search_term_string}\"},\"query-input\":\"required name=search_term_string\"}],\"inLanguage\":\"en-US\"},{\"@type\":\"Person\",\"@id\":\"https:\/\/sulsc.com\/#\/schema\/person\/84d2fc571684f6248ba83092f07750a3\",\"name\":\"Reda\u00e7\u00e3o Sul SC\",\"image\":{\"@type\":\"ImageObject\",\"inLanguage\":\"en-US\",\"@id\":\"https:\/\/sulsc.com\/#\/schema\/person\/image\/e08d7fe2cc4ed596372063bbe852b8d0\",\"url\":\"https:\/\/sulsc.com\/wp-content\/uploads\/2023\/09\/redacao.png\",\"contentUrl\":\"https:\/\/sulsc.com\/wp-content\/uploads\/2023\/09\/redacao.png\",\"caption\":\"Reda\u00e7\u00e3o Sul SC\"},\"description\":\"Foco em um jornalismo imparcial, voltado \u00e0 qualidade dos seus conte\u00fados e, assim, levar informa\u00e7\u00e3o de valor que agregue \u00e0 vida dos leitores. Esta \u00e9 grande miss\u00e3o do Portal de Not\u00edcias Sul SC. N\u00e3o \u00e9 quantidade que muda o mundo, sempre foi e seguir\u00e1 sendo qualidade!\",\"sameAs\":[\"https:\/\/sulsc.com\/\",\"https:\/\/www.facebook.com\/profile.php?id=61559278119680\",\"https:\/\/www.instagram.com\/sulscportal\/?hl=pt-br\",\"https:\/\/twitter.com\/https:\/\/twitter.com\/PortalSulSC\",\"https:\/\/www.youtube.com\/channel\/UCv_BE8GeySluDov2n8qhVmw\"],\"url\":\"https:\/\/sulsc.com\/index.php\/author\/redacao\/\"}]}<\/script>\n<!-- \/ Yoast SEO plugin. -->","yoast_head_json":{"title":"Quermesse de Tradi\u00e7\u00e3o e Cultura 2023 inicia nesta quarta-feira em Crici\u00fama -","robots":{"index":"index","follow":"follow","max-snippet":"max-snippet:-1","max-image-preview":"max-image-preview:large","max-video-preview":"max-video-preview:-1"},"canonical":"https:\/\/sulsc.com\/index.php\/2023\/10\/24\/quermesse-de-tradicao-e-cultura-2023-inicia-nesta-quarta-feira-em-criciuma\/","og_locale":"en_US","og_type":"article","og_title":"Quermesse de Tradi\u00e7\u00e3o e Cultura 2023 inicia nesta quarta-feira em Crici\u00fama -","og_description":"Com o objetivo de resgatar as origens dos povos que colonizaram Crici\u00fama, a tradicional Quermesse inicia nesta quarta-feira (25), na Pra\u00e7a Nereu Ramos, no Centro. Com uma s\u00e9rie de programa\u00e7\u00f5es art\u00edsticas e culturais, o evento reunir\u00e1 as tradi\u00e7\u00f5es das etnias que povoaram Crici\u00fama, sendo elas: italiana, portuguesa, alem\u00e3, \u00e1rabe, negra, espanhola e polonesa. A cerim\u00f4nia &hellip; Quermesse de Tradi\u00e7\u00e3o e Cultura 2023 inicia nesta quarta-feira em Crici\u00fama Read More &raquo;","og_url":"https:\/\/sulsc.com\/index.php\/2023\/10\/24\/quermesse-de-tradicao-e-cultura-2023-inicia-nesta-quarta-feira-em-criciuma\/","article_author":"https:\/\/www.facebook.com\/profile.php?id=61559278119680","article_published_time":"2023-10-24T14:20:32+00:00","article_modified_time":"2023-10-24T13:52:49+00:00","og_image":[{"width":1600,"height":1066,"url":"https:\/\/sulsc.com\/wp-content\/uploads\/2023\/10\/Aerea-Criciuma.jpeg","type":"image\/jpeg"}],"author":"Reda\u00e7\u00e3o Sul SC","twitter_card":"summary_large_image","twitter_creator":"@https:\/\/twitter.com\/PortalSulSC","twitter_misc":{"Written by":"Reda\u00e7\u00e3o Sul SC","Est. reading time":"4 minutes"},"schema":{"@context":"https:\/\/schema.org","@graph":[{"@type":"WebPage","@id":"https:\/\/sulsc.com\/index.php\/2023\/10\/24\/quermesse-de-tradicao-e-cultura-2023-inicia-nesta-quarta-feira-em-criciuma\/","url":"https:\/\/sulsc.com\/index.php\/2023\/10\/24\/quermesse-de-tradicao-e-cultura-2023-inicia-nesta-quarta-feira-em-criciuma\/","name":"Quermesse de Tradi\u00e7\u00e3o e Cultura 2023 inicia nesta quarta-feira em Crici\u00fama -","isPartOf":{"@id":"https:\/\/sulsc.com\/#website"},"datePublished":"2023-10-24T14:20:32+00:00","dateModified":"2023-10-24T13:52:49+00:00","author":{"@id":"https:\/\/sulsc.com\/#\/schema\/person\/84d2fc571684f6248ba83092f07750a3"},"breadcrumb":{"@id":"https:\/\/sulsc.com\/index.php\/2023\/10\/24\/quermesse-de-tradicao-e-cultura-2023-inicia-nesta-quarta-feira-em-criciuma\/#breadcrumb"},"inLanguage":"en-US","potentialAction":[{"@type":"ReadAction","target":["https:\/\/sulsc.com\/index.php\/2023\/10\/24\/quermesse-de-tradicao-e-cultura-2023-inicia-nesta-quarta-feira-em-criciuma\/"]}]},{"@type":"BreadcrumbList","@id":"https:\/\/sulsc.com\/index.php\/2023\/10\/24\/quermesse-de-tradicao-e-cultura-2023-inicia-nesta-quarta-feira-em-criciuma\/#breadcrumb","itemListElement":[{"@type":"ListItem","position":1,"name":"In\u00edcio","item":"https:\/\/sulsc.com\/"},{"@type":"ListItem","position":2,"name":"Quermesse de Tradi\u00e7\u00e3o e Cultura 2023 inicia nesta quarta-feira em Crici\u00fama"}]},{"@type":"WebSite","@id":"https:\/\/sulsc.com\/#website","url":"https:\/\/sulsc.com\/","name":"","description":"","potentialAction":[{"@type":"SearchAction","target":{"@type":"EntryPoint","urlTemplate":"https:\/\/sulsc.com\/?s={search_term_string}"},"query-input":"required name=search_term_string"}],"inLanguage":"en-US"},{"@type":"Person","@id":"https:\/\/sulsc.com\/#\/schema\/person\/84d2fc571684f6248ba83092f07750a3","name":"Reda\u00e7\u00e3o Sul SC","image":{"@type":"ImageObject","inLanguage":"en-US","@id":"https:\/\/sulsc.com\/#\/schema\/person\/image\/e08d7fe2cc4ed596372063bbe852b8d0","url":"https:\/\/sulsc.com\/wp-content\/uploads\/2023\/09\/redacao.png","contentUrl":"https:\/\/sulsc.com\/wp-content\/uploads\/2023\/09\/redacao.png","caption":"Reda\u00e7\u00e3o Sul SC"},"description":"Foco em um jornalismo imparcial, voltado \u00e0 qualidade dos seus conte\u00fados e, assim, levar informa\u00e7\u00e3o de valor que agregue \u00e0 vida dos leitores. Esta \u00e9 grande miss\u00e3o do Portal de Not\u00edcias Sul SC. N\u00e3o \u00e9 quantidade que muda o mundo, sempre foi e seguir\u00e1 sendo qualidade!","sameAs":["https:\/\/sulsc.com\/","https:\/\/www.facebook.com\/profile.php?id=61559278119680","https:\/\/www.instagram.com\/sulscportal\/?hl=pt-br","https:\/\/twitter.com\/https:\/\/twitter.com\/PortalSulSC","https:\/\/www.youtube.com\/channel\/UCv_BE8GeySluDov2n8qhVmw"],"url":"https:\/\/sulsc.com\/index.php\/author\/redacao\/"}]}},"authors":[],"_links":{"self":[{"href":"https:\/\/sulsc.com\/index.php\/wp-json\/wp\/v2\/posts\/2759"}],"collection":[{"href":"https:\/\/sulsc.com\/index.php\/wp-json\/wp\/v2\/posts"}],"about":[{"href":"https:\/\/sulsc.com\/index.php\/wp-json\/wp\/v2\/types\/post"}],"author":[{"embeddable":true,"href":"https:\/\/sulsc.com\/index.php\/wp-json\/wp\/v2\/users\/3"}],"replies":[{"embeddable":true,"href":"https:\/\/sulsc.com\/index.php\/wp-json\/wp\/v2\/comments?post=2759"}],"version-history":[{"count":1,"href":"https:\/\/sulsc.com\/index.php\/wp-json\/wp\/v2\/posts\/2759\/revisions"}],"predecessor-version":[{"id":2762,"href":"https:\/\/sulsc.com\/index.php\/wp-json\/wp\/v2\/posts\/2759\/revisions\/2762"}],"wp:featuredmedia":[{"embeddable":true,"href":"https:\/\/sulsc.com\/index.php\/wp-json\/wp\/v2\/media\/2760"}],"wp:attachment":[{"href":"https:\/\/sulsc.com\/index.php\/wp-json\/wp\/v2\/media?parent=2759"}],"wp:term":[{"taxonomy":"category","embeddable":true,"href":"https:\/\/sulsc.com\/index.php\/wp-json\/wp\/v2\/categories?post=2759"},{"taxonomy":"post_tag","embeddable":true,"href":"https:\/\/sulsc.com\/index.php\/wp-json\/wp\/v2\/tags?post=2759"}],"curies":[{"name":"wp","href":"https:\/\/api.w.org\/{rel}","templated":true}]}}