{"id":27595,"date":"2025-09-25T16:55:51","date_gmt":"2025-09-25T19:55:51","guid":{"rendered":"https:\/\/sulsc.com\/?p=27595"},"modified":"2025-09-25T16:55:51","modified_gmt":"2025-09-25T19:55:51","slug":"baleia-e-encontrada-morta-em-balneario-rincao","status":"publish","type":"post","link":"https:\/\/sulsc.com\/index.php\/2025\/09\/25\/baleia-e-encontrada-morta-em-balneario-rincao\/","title":{"rendered":"Baleia \u00e9 encontrada morta em Balne\u00e1rio Rinc\u00e3o"},"content":{"rendered":"<p>Uma baleia jubarte foi encontrada morta na tarde dessa quarta-feira (24). O mam\u00edfero marinho de sete metros estava na praia de Balne\u00e1rio Rinc\u00e3o.\u00a0A informa\u00e7\u00e3o \u00e9 de que uma necropsia deve ser realizada para saber as causas da morte.<\/p>\n<p>A professora da Unesc e coordenadora do Museu de Zoologia de Crici\u00fama, Morgana Cirimbelli Gaidzinski, explicou que a equipe aguarda alguma institui\u00e7\u00e3o que realize necropsia, coletar algum material para que posteriormente a Prefeitura de Balne\u00e1rio Rinc\u00e3o fa\u00e7a o enterramento.<\/p>\n<p>\u201cEsta baleia encontrada morta \u00e9 um animal juvenil. De qualquer maneira, mesmo sem o laudo de necropsia, a coleta de dados como localiza\u00e7\u00e3o exata do encalhe, condi\u00e7\u00f5es ambientais, comprimento, estado corporal, registro fotogr\u00e1fico e marcas externas ajudam a entender a ecologia e a sa\u00fade populacional da esp\u00e9cie\u201d, afirmou a professora.<\/p>\n<p>Morgana explica que as baleias jubartes s\u00e3o altamente migrat\u00f3rias. Elas se reproduzem ao longo da costa brasileira durante o inverno e primavera, onde criam e amamentam seus filhotes.<\/p>\n<p><img fetchpriority=\"high\" decoding=\"async\" class=\"alignnone size-full wp-image-27596\" src=\"http:\/\/sulsc.com\/wp-content\/uploads\/2025\/09\/baleia.jpg\" alt=\"\" width=\"1280\" height=\"853\" srcset=\"https:\/\/sulsc.com\/wp-content\/uploads\/2025\/09\/baleia.jpg 1280w, https:\/\/sulsc.com\/wp-content\/uploads\/2025\/09\/baleia-300x200.jpg 300w, https:\/\/sulsc.com\/wp-content\/uploads\/2025\/09\/baleia-1024x682.jpg 1024w, https:\/\/sulsc.com\/wp-content\/uploads\/2025\/09\/baleia-768x512.jpg 768w\" sizes=\"(max-width: 1280px) 100vw, 1280px\" \/><\/p>\n<p><em>Fonte: Engeplus<\/em><\/p>\n<p>&nbsp;<\/p>\n","protected":false},"excerpt":{"rendered":"<p>Uma baleia jubarte foi encontrada morta na tarde dessa quarta-feira (24). O mam\u00edfero marinho de sete metros estava na praia de Balne\u00e1rio Rinc\u00e3o.\u00a0A informa\u00e7\u00e3o \u00e9 de que uma necropsia deve ser realizada para saber as causas da morte. A professora da Unesc e coordenadora do Museu de Zoologia de Crici\u00fama, Morgana Cirimbelli Gaidzinski, explicou que &hellip;<\/p>\n<p class=\"read-more\"> <a class=\"\" href=\"https:\/\/sulsc.com\/index.php\/2025\/09\/25\/baleia-e-encontrada-morta-em-balneario-rincao\/\"> <span class=\"screen-reader-text\">Baleia \u00e9 encontrada morta em Balne\u00e1rio Rinc\u00e3o<\/span> Read More &raquo;<\/a><\/p>\n","protected":false},"author":3,"featured_media":27596,"comment_status":"open","ping_status":"open","sticky":false,"template":"","format":"standard","meta":{"site-sidebar-layout":"default","site-content-layout":"","ast-site-content-layout":"default","site-content-style":"default","site-sidebar-style":"default","ast-global-header-display":"","ast-banner-title-visibility":"","ast-main-header-display":"","ast-hfb-above-header-display":"","ast-hfb-below-header-display":"","ast-hfb-mobile-header-display":"","site-post-title":"","ast-breadcrumbs-content":"","ast-featured-img":"","footer-sml-layout":"","theme-transparent-header-meta":"default","adv-header-id-meta":"","stick-header-meta":"","header-above-stick-meta":"","header-main-stick-meta":"","header-below-stick-meta":"","astra-migrate-meta-layouts":"set","footnotes":""},"categories":[17,12],"tags":[2393,2392],"yoast_head":"<!-- This site is optimized with the Yoast SEO plugin v21.4 - https:\/\/yoast.com\/wordpress\/plugins\/seo\/ -->\n<title>Baleia \u00e9 encontrada morta em Balne\u00e1rio Rinc\u00e3o -<\/title>\n<meta name=\"robots\" content=\"index, follow, max-snippet:-1, max-image-preview:large, max-video-preview:-1\" \/>\n<link rel=\"canonical\" href=\"https:\/\/sulsc.com\/index.php\/2025\/09\/25\/baleia-e-encontrada-morta-em-balneario-rincao\/\" \/>\n<meta property=\"og:locale\" content=\"en_US\" \/>\n<meta property=\"og:type\" content=\"article\" \/>\n<meta property=\"og:title\" content=\"Baleia \u00e9 encontrada morta em Balne\u00e1rio Rinc\u00e3o -\" \/>\n<meta property=\"og:description\" content=\"Uma baleia jubarte foi encontrada morta na tarde dessa quarta-feira (24). O mam\u00edfero marinho de sete metros estava na praia de Balne\u00e1rio Rinc\u00e3o.\u00a0A informa\u00e7\u00e3o \u00e9 de que uma necropsia deve ser realizada para saber as causas da morte. A professora da Unesc e coordenadora do Museu de Zoologia de Crici\u00fama, Morgana Cirimbelli Gaidzinski, explicou que &hellip; Baleia \u00e9 encontrada morta em Balne\u00e1rio Rinc\u00e3o Read More &raquo;\" \/>\n<meta property=\"og:url\" content=\"https:\/\/sulsc.com\/index.php\/2025\/09\/25\/baleia-e-encontrada-morta-em-balneario-rincao\/\" \/>\n<meta property=\"article:author\" content=\"https:\/\/www.facebook.com\/profile.php?id=61559278119680\" \/>\n<meta property=\"article:published_time\" content=\"2025-09-25T19:55:51+00:00\" \/>\n<meta property=\"og:image\" content=\"http:\/\/sulsc.com\/wp-content\/uploads\/2025\/09\/baleia.jpg\" \/>\n\t<meta property=\"og:image:width\" content=\"1280\" \/>\n\t<meta property=\"og:image:height\" content=\"853\" \/>\n\t<meta property=\"og:image:type\" content=\"image\/jpeg\" \/>\n<meta name=\"author\" content=\"Reda\u00e7\u00e3o Sul SC\" \/>\n<meta name=\"twitter:card\" content=\"summary_large_image\" \/>\n<meta name=\"twitter:creator\" content=\"@https:\/\/twitter.com\/PortalSulSC\" \/>\n<meta name=\"twitter:label1\" content=\"Written by\" \/>\n\t<meta name=\"twitter:data1\" content=\"Reda\u00e7\u00e3o Sul SC\" \/>\n\t<meta name=\"twitter:label2\" content=\"Est. reading time\" \/>\n\t<meta name=\"twitter:data2\" content=\"1 minute\" \/>\n<script type=\"application\/ld+json\" class=\"yoast-schema-graph\">{\"@context\":\"https:\/\/schema.org\",\"@graph\":[{\"@type\":\"WebPage\",\"@id\":\"https:\/\/sulsc.com\/index.php\/2025\/09\/25\/baleia-e-encontrada-morta-em-balneario-rincao\/\",\"url\":\"https:\/\/sulsc.com\/index.php\/2025\/09\/25\/baleia-e-encontrada-morta-em-balneario-rincao\/\",\"name\":\"Baleia \u00e9 encontrada morta em Balne\u00e1rio Rinc\u00e3o -\",\"isPartOf\":{\"@id\":\"https:\/\/sulsc.com\/#website\"},\"datePublished\":\"2025-09-25T19:55:51+00:00\",\"dateModified\":\"2025-09-25T19:55:51+00:00\",\"author\":{\"@id\":\"https:\/\/sulsc.com\/#\/schema\/person\/84d2fc571684f6248ba83092f07750a3\"},\"breadcrumb\":{\"@id\":\"https:\/\/sulsc.com\/index.php\/2025\/09\/25\/baleia-e-encontrada-morta-em-balneario-rincao\/#breadcrumb\"},\"inLanguage\":\"en-US\",\"potentialAction\":[{\"@type\":\"ReadAction\",\"target\":[\"https:\/\/sulsc.com\/index.php\/2025\/09\/25\/baleia-e-encontrada-morta-em-balneario-rincao\/\"]}]},{\"@type\":\"BreadcrumbList\",\"@id\":\"https:\/\/sulsc.com\/index.php\/2025\/09\/25\/baleia-e-encontrada-morta-em-balneario-rincao\/#breadcrumb\",\"itemListElement\":[{\"@type\":\"ListItem\",\"position\":1,\"name\":\"In\u00edcio\",\"item\":\"https:\/\/sulsc.com\/\"},{\"@type\":\"ListItem\",\"position\":2,\"name\":\"Baleia \u00e9 encontrada morta em Balne\u00e1rio Rinc\u00e3o\"}]},{\"@type\":\"WebSite\",\"@id\":\"https:\/\/sulsc.com\/#website\",\"url\":\"https:\/\/sulsc.com\/\",\"name\":\"\",\"description\":\"\",\"potentialAction\":[{\"@type\":\"SearchAction\",\"target\":{\"@type\":\"EntryPoint\",\"urlTemplate\":\"https:\/\/sulsc.com\/?s={search_term_string}\"},\"query-input\":\"required name=search_term_string\"}],\"inLanguage\":\"en-US\"},{\"@type\":\"Person\",\"@id\":\"https:\/\/sulsc.com\/#\/schema\/person\/84d2fc571684f6248ba83092f07750a3\",\"name\":\"Reda\u00e7\u00e3o Sul SC\",\"image\":{\"@type\":\"ImageObject\",\"inLanguage\":\"en-US\",\"@id\":\"https:\/\/sulsc.com\/#\/schema\/person\/image\/e08d7fe2cc4ed596372063bbe852b8d0\",\"url\":\"https:\/\/sulsc.com\/wp-content\/uploads\/2023\/09\/redacao.png\",\"contentUrl\":\"https:\/\/sulsc.com\/wp-content\/uploads\/2023\/09\/redacao.png\",\"caption\":\"Reda\u00e7\u00e3o Sul SC\"},\"description\":\"Foco em um jornalismo imparcial, voltado \u00e0 qualidade dos seus conte\u00fados e, assim, levar informa\u00e7\u00e3o de valor que agregue \u00e0 vida dos leitores. Esta \u00e9 grande miss\u00e3o do Portal de Not\u00edcias Sul SC. N\u00e3o \u00e9 quantidade que muda o mundo, sempre foi e seguir\u00e1 sendo qualidade!\",\"sameAs\":[\"https:\/\/sulsc.com\/\",\"https:\/\/www.facebook.com\/profile.php?id=61559278119680\",\"https:\/\/www.instagram.com\/sulscportal\/?hl=pt-br\",\"https:\/\/twitter.com\/https:\/\/twitter.com\/PortalSulSC\",\"https:\/\/www.youtube.com\/channel\/UCv_BE8GeySluDov2n8qhVmw\"],\"url\":\"https:\/\/sulsc.com\/index.php\/author\/redacao\/\"}]}<\/script>\n<!-- \/ Yoast SEO plugin. -->","yoast_head_json":{"title":"Baleia \u00e9 encontrada morta em Balne\u00e1rio Rinc\u00e3o -","robots":{"index":"index","follow":"follow","max-snippet":"max-snippet:-1","max-image-preview":"max-image-preview:large","max-video-preview":"max-video-preview:-1"},"canonical":"https:\/\/sulsc.com\/index.php\/2025\/09\/25\/baleia-e-encontrada-morta-em-balneario-rincao\/","og_locale":"en_US","og_type":"article","og_title":"Baleia \u00e9 encontrada morta em Balne\u00e1rio Rinc\u00e3o -","og_description":"Uma baleia jubarte foi encontrada morta na tarde dessa quarta-feira (24). O mam\u00edfero marinho de sete metros estava na praia de Balne\u00e1rio Rinc\u00e3o.\u00a0A informa\u00e7\u00e3o \u00e9 de que uma necropsia deve ser realizada para saber as causas da morte. A professora da Unesc e coordenadora do Museu de Zoologia de Crici\u00fama, Morgana Cirimbelli Gaidzinski, explicou que &hellip; Baleia \u00e9 encontrada morta em Balne\u00e1rio Rinc\u00e3o Read More &raquo;","og_url":"https:\/\/sulsc.com\/index.php\/2025\/09\/25\/baleia-e-encontrada-morta-em-balneario-rincao\/","article_author":"https:\/\/www.facebook.com\/profile.php?id=61559278119680","article_published_time":"2025-09-25T19:55:51+00:00","og_image":[{"width":1280,"height":853,"url":"http:\/\/sulsc.com\/wp-content\/uploads\/2025\/09\/baleia.jpg","type":"image\/jpeg"}],"author":"Reda\u00e7\u00e3o Sul SC","twitter_card":"summary_large_image","twitter_creator":"@https:\/\/twitter.com\/PortalSulSC","twitter_misc":{"Written by":"Reda\u00e7\u00e3o Sul SC","Est. reading time":"1 minute"},"schema":{"@context":"https:\/\/schema.org","@graph":[{"@type":"WebPage","@id":"https:\/\/sulsc.com\/index.php\/2025\/09\/25\/baleia-e-encontrada-morta-em-balneario-rincao\/","url":"https:\/\/sulsc.com\/index.php\/2025\/09\/25\/baleia-e-encontrada-morta-em-balneario-rincao\/","name":"Baleia \u00e9 encontrada morta em Balne\u00e1rio Rinc\u00e3o -","isPartOf":{"@id":"https:\/\/sulsc.com\/#website"},"datePublished":"2025-09-25T19:55:51+00:00","dateModified":"2025-09-25T19:55:51+00:00","author":{"@id":"https:\/\/sulsc.com\/#\/schema\/person\/84d2fc571684f6248ba83092f07750a3"},"breadcrumb":{"@id":"https:\/\/sulsc.com\/index.php\/2025\/09\/25\/baleia-e-encontrada-morta-em-balneario-rincao\/#breadcrumb"},"inLanguage":"en-US","potentialAction":[{"@type":"ReadAction","target":["https:\/\/sulsc.com\/index.php\/2025\/09\/25\/baleia-e-encontrada-morta-em-balneario-rincao\/"]}]},{"@type":"BreadcrumbList","@id":"https:\/\/sulsc.com\/index.php\/2025\/09\/25\/baleia-e-encontrada-morta-em-balneario-rincao\/#breadcrumb","itemListElement":[{"@type":"ListItem","position":1,"name":"In\u00edcio","item":"https:\/\/sulsc.com\/"},{"@type":"ListItem","position":2,"name":"Baleia \u00e9 encontrada morta em Balne\u00e1rio Rinc\u00e3o"}]},{"@type":"WebSite","@id":"https:\/\/sulsc.com\/#website","url":"https:\/\/sulsc.com\/","name":"","description":"","potentialAction":[{"@type":"SearchAction","target":{"@type":"EntryPoint","urlTemplate":"https:\/\/sulsc.com\/?s={search_term_string}"},"query-input":"required name=search_term_string"}],"inLanguage":"en-US"},{"@type":"Person","@id":"https:\/\/sulsc.com\/#\/schema\/person\/84d2fc571684f6248ba83092f07750a3","name":"Reda\u00e7\u00e3o Sul SC","image":{"@type":"ImageObject","inLanguage":"en-US","@id":"https:\/\/sulsc.com\/#\/schema\/person\/image\/e08d7fe2cc4ed596372063bbe852b8d0","url":"https:\/\/sulsc.com\/wp-content\/uploads\/2023\/09\/redacao.png","contentUrl":"https:\/\/sulsc.com\/wp-content\/uploads\/2023\/09\/redacao.png","caption":"Reda\u00e7\u00e3o Sul SC"},"description":"Foco em um jornalismo imparcial, voltado \u00e0 qualidade dos seus conte\u00fados e, assim, levar informa\u00e7\u00e3o de valor que agregue \u00e0 vida dos leitores. Esta \u00e9 grande miss\u00e3o do Portal de Not\u00edcias Sul SC. N\u00e3o \u00e9 quantidade que muda o mundo, sempre foi e seguir\u00e1 sendo qualidade!","sameAs":["https:\/\/sulsc.com\/","https:\/\/www.facebook.com\/profile.php?id=61559278119680","https:\/\/www.instagram.com\/sulscportal\/?hl=pt-br","https:\/\/twitter.com\/https:\/\/twitter.com\/PortalSulSC","https:\/\/www.youtube.com\/channel\/UCv_BE8GeySluDov2n8qhVmw"],"url":"https:\/\/sulsc.com\/index.php\/author\/redacao\/"}]}},"authors":[],"_links":{"self":[{"href":"https:\/\/sulsc.com\/index.php\/wp-json\/wp\/v2\/posts\/27595"}],"collection":[{"href":"https:\/\/sulsc.com\/index.php\/wp-json\/wp\/v2\/posts"}],"about":[{"href":"https:\/\/sulsc.com\/index.php\/wp-json\/wp\/v2\/types\/post"}],"author":[{"embeddable":true,"href":"https:\/\/sulsc.com\/index.php\/wp-json\/wp\/v2\/users\/3"}],"replies":[{"embeddable":true,"href":"https:\/\/sulsc.com\/index.php\/wp-json\/wp\/v2\/comments?post=27595"}],"version-history":[{"count":1,"href":"https:\/\/sulsc.com\/index.php\/wp-json\/wp\/v2\/posts\/27595\/revisions"}],"predecessor-version":[{"id":27597,"href":"https:\/\/sulsc.com\/index.php\/wp-json\/wp\/v2\/posts\/27595\/revisions\/27597"}],"wp:featuredmedia":[{"embeddable":true,"href":"https:\/\/sulsc.com\/index.php\/wp-json\/wp\/v2\/media\/27596"}],"wp:attachment":[{"href":"https:\/\/sulsc.com\/index.php\/wp-json\/wp\/v2\/media?parent=27595"}],"wp:term":[{"taxonomy":"category","embeddable":true,"href":"https:\/\/sulsc.com\/index.php\/wp-json\/wp\/v2\/categories?post=27595"},{"taxonomy":"post_tag","embeddable":true,"href":"https:\/\/sulsc.com\/index.php\/wp-json\/wp\/v2\/tags?post=27595"}],"curies":[{"name":"wp","href":"https:\/\/api.w.org\/{rel}","templated":true}]}}