{"id":27683,"date":"2025-09-27T15:31:31","date_gmt":"2025-09-27T18:31:31","guid":{"rendered":"https:\/\/sulsc.com\/?p=27683"},"modified":"2025-09-27T15:31:31","modified_gmt":"2025-09-27T18:31:31","slug":"inscricoes-para-curso-de-guarda-vidas-estao-abertas","status":"publish","type":"post","link":"https:\/\/sulsc.com\/index.php\/2025\/09\/27\/inscricoes-para-curso-de-guarda-vidas-estao-abertas\/","title":{"rendered":"Inscri\u00e7\u00f5es para Curso de Guarda Vidas est\u00e3o abertas"},"content":{"rendered":"<p>Est\u00e3o abertas as inscri\u00e7\u00f5es para o Curso de Guarda-Vidas Civil Volunt\u00e1rio (CGVCV), na \u00e1rea do 8\u00b0 BBM, para Imbituba, Garopaba, Laguna e Jaguaruna.\u00a0Ser\u00e3o disponibilizadas 30 vagas para cada munic\u00edpio e os candidatos poder\u00e3o fazer a inscri\u00e7\u00e3o at\u00e9 5 de outubro.<\/p>\n<p>A rela\u00e7\u00e3o das inscri\u00e7\u00f5es deferidas ser\u00e1 divulgada no dia 6 de outubro e os cursos ser\u00e3o realizados entre os dias 20 de outubro a 28 de novembro. Para participar, \u00e9 preciso ter idade m\u00ednima de 18 anos na data de in\u00edcio do curso e cumprir os demais requisitos do edital.<\/p>\n<div id=\"metaslider-id-25573\" style=\"width: 100%;\" class=\"ml-slider-3-99-0 metaslider metaslider-flex metaslider-25573 ml-slider has-onhover-arrows ms-theme-default-base has-dots-nav\" role=\"region\" aria-label=\"Meio\" data-width=\"1200\">\n    <div id=\"metaslider_container_25573\">\n        <div id=\"metaslider_25573\">\n            <ul class='slides'>\n                <li style=\"display: block; width: 100%;\" class=\"slide-25684 ms-image \" aria-roledescription=\"slide\" data-date=\"2025-07-24 07:55:40\"><img src=\"https:\/\/sulsc.com\/wp-content\/uploads\/2025\/07\/Marr-2-1000x166.jpg\" height=\"200\" width=\"1200\" alt=\"\" class=\"slider-25573 slide-25684 msDefaultImage\" title=\"Marr 2\" \/><\/li>\n                <li style=\"display: none; width: 100%;\" class=\"slide-32412 ms-image \" aria-roledescription=\"slide\" data-date=\"2026-02-18 13:59:46\"><img src=\"https:\/\/sulsc.com\/wp-content\/uploads\/2026\/02\/40dc1580-cad5-4867-bc58-c4243821ad38-1000x166.jpeg\" height=\"200\" width=\"1200\" alt=\"\" class=\"slider-25573 slide-32412 msDefaultImage\" title=\"40dc1580-cad5-4867-bc58-c4243821ad38\" \/><\/li>\n                <li style=\"display: none; width: 100%;\" class=\"slide-32766 ms-image \" aria-roledescription=\"slide\" data-date=\"2026-03-03 17:22:59\"><img src=\"https:\/\/sulsc.com\/wp-content\/uploads\/2026\/03\/271ce739-f268-41c5-8051-3de1a1750359-1000x166.jpeg\" height=\"200\" width=\"1200\" alt=\"\" class=\"slider-25573 slide-32766 msDefaultImage\" title=\"271ce739-f268-41c5-8051-3de1a1750359\" \/><\/li>\n            <\/ul>\n        <\/div>\n        \n    <\/div>\n<\/div>\n<p>Os editais e os links de inscri\u00e7\u00e3o est\u00e3o dispon\u00edveis nas redes sociais do respectivos quart\u00e9is: @cbmsc.imbituba @cbmsc.garopaba @cbmsc.laguna @cbmsc.jaguaruna e\u00a0@cbmsc.tubar\u00e3o<\/p>\n<p><img fetchpriority=\"high\" decoding=\"async\" class=\"alignnone size-full wp-image-27685\" src=\"http:\/\/sulsc.com\/wp-content\/uploads\/2025\/09\/Imagem-do-WhatsApp-de-2025-09-27-as-14.28.49_2621734e.jpg\" alt=\"\" width=\"1296\" height=\"864\" srcset=\"https:\/\/sulsc.com\/wp-content\/uploads\/2025\/09\/Imagem-do-WhatsApp-de-2025-09-27-as-14.28.49_2621734e.jpg 1296w, https:\/\/sulsc.com\/wp-content\/uploads\/2025\/09\/Imagem-do-WhatsApp-de-2025-09-27-as-14.28.49_2621734e-300x200.jpg 300w, https:\/\/sulsc.com\/wp-content\/uploads\/2025\/09\/Imagem-do-WhatsApp-de-2025-09-27-as-14.28.49_2621734e-1024x683.jpg 1024w, https:\/\/sulsc.com\/wp-content\/uploads\/2025\/09\/Imagem-do-WhatsApp-de-2025-09-27-as-14.28.49_2621734e-768x512.jpg 768w\" sizes=\"(max-width: 1296px) 100vw, 1296px\" \/><\/p>\n","protected":false},"excerpt":{"rendered":"<p>Est\u00e3o abertas as inscri\u00e7\u00f5es para o Curso de Guarda-Vidas Civil Volunt\u00e1rio (CGVCV), na \u00e1rea do 8\u00b0 BBM, para Imbituba, Garopaba, Laguna e Jaguaruna.\u00a0Ser\u00e3o disponibilizadas 30 vagas para cada munic\u00edpio e os candidatos poder\u00e3o fazer a inscri\u00e7\u00e3o at\u00e9 5 de outubro. A rela\u00e7\u00e3o das inscri\u00e7\u00f5es deferidas ser\u00e1 divulgada no dia 6 de outubro e os cursos &hellip;<\/p>\n<p class=\"read-more\"> <a class=\"\" href=\"https:\/\/sulsc.com\/index.php\/2025\/09\/27\/inscricoes-para-curso-de-guarda-vidas-estao-abertas\/\"> <span class=\"screen-reader-text\">Inscri\u00e7\u00f5es para Curso de Guarda Vidas est\u00e3o abertas<\/span> Read More &raquo;<\/a><\/p>\n","protected":false},"author":3,"featured_media":27684,"comment_status":"open","ping_status":"open","sticky":false,"template":"","format":"standard","meta":{"site-sidebar-layout":"default","site-content-layout":"","ast-site-content-layout":"default","site-content-style":"default","site-sidebar-style":"default","ast-global-header-display":"","ast-banner-title-visibility":"","ast-main-header-display":"","ast-hfb-above-header-display":"","ast-hfb-below-header-display":"","ast-hfb-mobile-header-display":"","site-post-title":"","ast-breadcrumbs-content":"","ast-featured-img":"","footer-sml-layout":"","theme-transparent-header-meta":"default","adv-header-id-meta":"","stick-header-meta":"","header-above-stick-meta":"","header-main-stick-meta":"","header-below-stick-meta":"","astra-migrate-meta-layouts":"set","footnotes":""},"categories":[1982,41,2105,22,8,21,12],"tags":[2003,2411,2412],"yoast_head":"<!-- This site is optimized with the Yoast SEO plugin v21.4 - https:\/\/yoast.com\/wordpress\/plugins\/seo\/ -->\n<title>Inscri\u00e7\u00f5es para Curso de Guarda Vidas est\u00e3o abertas -<\/title>\n<meta name=\"robots\" content=\"index, follow, max-snippet:-1, max-image-preview:large, max-video-preview:-1\" \/>\n<link rel=\"canonical\" href=\"https:\/\/sulsc.com\/index.php\/2025\/09\/27\/inscricoes-para-curso-de-guarda-vidas-estao-abertas\/\" \/>\n<meta property=\"og:locale\" content=\"en_US\" \/>\n<meta property=\"og:type\" content=\"article\" \/>\n<meta property=\"og:title\" content=\"Inscri\u00e7\u00f5es para Curso de Guarda Vidas est\u00e3o abertas -\" \/>\n<meta property=\"og:description\" content=\"Est\u00e3o abertas as inscri\u00e7\u00f5es para o Curso de Guarda-Vidas Civil Volunt\u00e1rio (CGVCV), na \u00e1rea do 8\u00b0 BBM, para Imbituba, Garopaba, Laguna e Jaguaruna.\u00a0Ser\u00e3o disponibilizadas 30 vagas para cada munic\u00edpio e os candidatos poder\u00e3o fazer a inscri\u00e7\u00e3o at\u00e9 5 de outubro. A rela\u00e7\u00e3o das inscri\u00e7\u00f5es deferidas ser\u00e1 divulgada no dia 6 de outubro e os cursos &hellip; Inscri\u00e7\u00f5es para Curso de Guarda Vidas est\u00e3o abertas Read More &raquo;\" \/>\n<meta property=\"og:url\" content=\"https:\/\/sulsc.com\/index.php\/2025\/09\/27\/inscricoes-para-curso-de-guarda-vidas-estao-abertas\/\" \/>\n<meta property=\"article:author\" content=\"https:\/\/www.facebook.com\/profile.php?id=61559278119680\" \/>\n<meta property=\"article:published_time\" content=\"2025-09-27T18:31:31+00:00\" \/>\n<meta property=\"og:image\" content=\"http:\/\/sulsc.com\/wp-content\/uploads\/2025\/09\/Imagem-do-WhatsApp-de-2025-09-27-as-14.28.48_759eb490.jpg\" \/>\n\t<meta property=\"og:image:width\" content=\"1296\" \/>\n\t<meta property=\"og:image:height\" content=\"864\" \/>\n\t<meta property=\"og:image:type\" content=\"image\/jpeg\" \/>\n<meta name=\"author\" content=\"Reda\u00e7\u00e3o Sul SC\" \/>\n<meta name=\"twitter:card\" content=\"summary_large_image\" \/>\n<meta name=\"twitter:creator\" content=\"@https:\/\/twitter.com\/PortalSulSC\" \/>\n<meta name=\"twitter:label1\" content=\"Written by\" \/>\n\t<meta name=\"twitter:data1\" content=\"Reda\u00e7\u00e3o Sul SC\" \/>\n\t<meta name=\"twitter:label2\" content=\"Est. reading time\" \/>\n\t<meta name=\"twitter:data2\" content=\"1 minute\" \/>\n<script type=\"application\/ld+json\" class=\"yoast-schema-graph\">{\"@context\":\"https:\/\/schema.org\",\"@graph\":[{\"@type\":\"WebPage\",\"@id\":\"https:\/\/sulsc.com\/index.php\/2025\/09\/27\/inscricoes-para-curso-de-guarda-vidas-estao-abertas\/\",\"url\":\"https:\/\/sulsc.com\/index.php\/2025\/09\/27\/inscricoes-para-curso-de-guarda-vidas-estao-abertas\/\",\"name\":\"Inscri\u00e7\u00f5es para Curso de Guarda Vidas est\u00e3o abertas -\",\"isPartOf\":{\"@id\":\"https:\/\/sulsc.com\/#website\"},\"datePublished\":\"2025-09-27T18:31:31+00:00\",\"dateModified\":\"2025-09-27T18:31:31+00:00\",\"author\":{\"@id\":\"https:\/\/sulsc.com\/#\/schema\/person\/84d2fc571684f6248ba83092f07750a3\"},\"breadcrumb\":{\"@id\":\"https:\/\/sulsc.com\/index.php\/2025\/09\/27\/inscricoes-para-curso-de-guarda-vidas-estao-abertas\/#breadcrumb\"},\"inLanguage\":\"en-US\",\"potentialAction\":[{\"@type\":\"ReadAction\",\"target\":[\"https:\/\/sulsc.com\/index.php\/2025\/09\/27\/inscricoes-para-curso-de-guarda-vidas-estao-abertas\/\"]}]},{\"@type\":\"BreadcrumbList\",\"@id\":\"https:\/\/sulsc.com\/index.php\/2025\/09\/27\/inscricoes-para-curso-de-guarda-vidas-estao-abertas\/#breadcrumb\",\"itemListElement\":[{\"@type\":\"ListItem\",\"position\":1,\"name\":\"In\u00edcio\",\"item\":\"https:\/\/sulsc.com\/\"},{\"@type\":\"ListItem\",\"position\":2,\"name\":\"Inscri\u00e7\u00f5es para Curso de Guarda Vidas est\u00e3o abertas\"}]},{\"@type\":\"WebSite\",\"@id\":\"https:\/\/sulsc.com\/#website\",\"url\":\"https:\/\/sulsc.com\/\",\"name\":\"\",\"description\":\"\",\"potentialAction\":[{\"@type\":\"SearchAction\",\"target\":{\"@type\":\"EntryPoint\",\"urlTemplate\":\"https:\/\/sulsc.com\/?s={search_term_string}\"},\"query-input\":\"required name=search_term_string\"}],\"inLanguage\":\"en-US\"},{\"@type\":\"Person\",\"@id\":\"https:\/\/sulsc.com\/#\/schema\/person\/84d2fc571684f6248ba83092f07750a3\",\"name\":\"Reda\u00e7\u00e3o Sul SC\",\"image\":{\"@type\":\"ImageObject\",\"inLanguage\":\"en-US\",\"@id\":\"https:\/\/sulsc.com\/#\/schema\/person\/image\/e08d7fe2cc4ed596372063bbe852b8d0\",\"url\":\"https:\/\/sulsc.com\/wp-content\/uploads\/2023\/09\/redacao.png\",\"contentUrl\":\"https:\/\/sulsc.com\/wp-content\/uploads\/2023\/09\/redacao.png\",\"caption\":\"Reda\u00e7\u00e3o Sul SC\"},\"description\":\"Foco em um jornalismo imparcial, voltado \u00e0 qualidade dos seus conte\u00fados e, assim, levar informa\u00e7\u00e3o de valor que agregue \u00e0 vida dos leitores. Esta \u00e9 grande miss\u00e3o do Portal de Not\u00edcias Sul SC. N\u00e3o \u00e9 quantidade que muda o mundo, sempre foi e seguir\u00e1 sendo qualidade!\",\"sameAs\":[\"https:\/\/sulsc.com\/\",\"https:\/\/www.facebook.com\/profile.php?id=61559278119680\",\"https:\/\/www.instagram.com\/sulscportal\/?hl=pt-br\",\"https:\/\/twitter.com\/https:\/\/twitter.com\/PortalSulSC\",\"https:\/\/www.youtube.com\/channel\/UCv_BE8GeySluDov2n8qhVmw\"],\"url\":\"https:\/\/sulsc.com\/index.php\/author\/redacao\/\"}]}<\/script>\n<!-- \/ Yoast SEO plugin. -->","yoast_head_json":{"title":"Inscri\u00e7\u00f5es para Curso de Guarda Vidas est\u00e3o abertas -","robots":{"index":"index","follow":"follow","max-snippet":"max-snippet:-1","max-image-preview":"max-image-preview:large","max-video-preview":"max-video-preview:-1"},"canonical":"https:\/\/sulsc.com\/index.php\/2025\/09\/27\/inscricoes-para-curso-de-guarda-vidas-estao-abertas\/","og_locale":"en_US","og_type":"article","og_title":"Inscri\u00e7\u00f5es para Curso de Guarda Vidas est\u00e3o abertas -","og_description":"Est\u00e3o abertas as inscri\u00e7\u00f5es para o Curso de Guarda-Vidas Civil Volunt\u00e1rio (CGVCV), na \u00e1rea do 8\u00b0 BBM, para Imbituba, Garopaba, Laguna e Jaguaruna.\u00a0Ser\u00e3o disponibilizadas 30 vagas para cada munic\u00edpio e os candidatos poder\u00e3o fazer a inscri\u00e7\u00e3o at\u00e9 5 de outubro. A rela\u00e7\u00e3o das inscri\u00e7\u00f5es deferidas ser\u00e1 divulgada no dia 6 de outubro e os cursos &hellip; Inscri\u00e7\u00f5es para Curso de Guarda Vidas est\u00e3o abertas Read More &raquo;","og_url":"https:\/\/sulsc.com\/index.php\/2025\/09\/27\/inscricoes-para-curso-de-guarda-vidas-estao-abertas\/","article_author":"https:\/\/www.facebook.com\/profile.php?id=61559278119680","article_published_time":"2025-09-27T18:31:31+00:00","og_image":[{"width":1296,"height":864,"url":"http:\/\/sulsc.com\/wp-content\/uploads\/2025\/09\/Imagem-do-WhatsApp-de-2025-09-27-as-14.28.48_759eb490.jpg","type":"image\/jpeg"}],"author":"Reda\u00e7\u00e3o Sul SC","twitter_card":"summary_large_image","twitter_creator":"@https:\/\/twitter.com\/PortalSulSC","twitter_misc":{"Written by":"Reda\u00e7\u00e3o Sul SC","Est. reading time":"1 minute"},"schema":{"@context":"https:\/\/schema.org","@graph":[{"@type":"WebPage","@id":"https:\/\/sulsc.com\/index.php\/2025\/09\/27\/inscricoes-para-curso-de-guarda-vidas-estao-abertas\/","url":"https:\/\/sulsc.com\/index.php\/2025\/09\/27\/inscricoes-para-curso-de-guarda-vidas-estao-abertas\/","name":"Inscri\u00e7\u00f5es para Curso de Guarda Vidas est\u00e3o abertas -","isPartOf":{"@id":"https:\/\/sulsc.com\/#website"},"datePublished":"2025-09-27T18:31:31+00:00","dateModified":"2025-09-27T18:31:31+00:00","author":{"@id":"https:\/\/sulsc.com\/#\/schema\/person\/84d2fc571684f6248ba83092f07750a3"},"breadcrumb":{"@id":"https:\/\/sulsc.com\/index.php\/2025\/09\/27\/inscricoes-para-curso-de-guarda-vidas-estao-abertas\/#breadcrumb"},"inLanguage":"en-US","potentialAction":[{"@type":"ReadAction","target":["https:\/\/sulsc.com\/index.php\/2025\/09\/27\/inscricoes-para-curso-de-guarda-vidas-estao-abertas\/"]}]},{"@type":"BreadcrumbList","@id":"https:\/\/sulsc.com\/index.php\/2025\/09\/27\/inscricoes-para-curso-de-guarda-vidas-estao-abertas\/#breadcrumb","itemListElement":[{"@type":"ListItem","position":1,"name":"In\u00edcio","item":"https:\/\/sulsc.com\/"},{"@type":"ListItem","position":2,"name":"Inscri\u00e7\u00f5es para Curso de Guarda Vidas est\u00e3o abertas"}]},{"@type":"WebSite","@id":"https:\/\/sulsc.com\/#website","url":"https:\/\/sulsc.com\/","name":"","description":"","potentialAction":[{"@type":"SearchAction","target":{"@type":"EntryPoint","urlTemplate":"https:\/\/sulsc.com\/?s={search_term_string}"},"query-input":"required name=search_term_string"}],"inLanguage":"en-US"},{"@type":"Person","@id":"https:\/\/sulsc.com\/#\/schema\/person\/84d2fc571684f6248ba83092f07750a3","name":"Reda\u00e7\u00e3o Sul SC","image":{"@type":"ImageObject","inLanguage":"en-US","@id":"https:\/\/sulsc.com\/#\/schema\/person\/image\/e08d7fe2cc4ed596372063bbe852b8d0","url":"https:\/\/sulsc.com\/wp-content\/uploads\/2023\/09\/redacao.png","contentUrl":"https:\/\/sulsc.com\/wp-content\/uploads\/2023\/09\/redacao.png","caption":"Reda\u00e7\u00e3o Sul SC"},"description":"Foco em um jornalismo imparcial, voltado \u00e0 qualidade dos seus conte\u00fados e, assim, levar informa\u00e7\u00e3o de valor que agregue \u00e0 vida dos leitores. Esta \u00e9 grande miss\u00e3o do Portal de Not\u00edcias Sul SC. N\u00e3o \u00e9 quantidade que muda o mundo, sempre foi e seguir\u00e1 sendo qualidade!","sameAs":["https:\/\/sulsc.com\/","https:\/\/www.facebook.com\/profile.php?id=61559278119680","https:\/\/www.instagram.com\/sulscportal\/?hl=pt-br","https:\/\/twitter.com\/https:\/\/twitter.com\/PortalSulSC","https:\/\/www.youtube.com\/channel\/UCv_BE8GeySluDov2n8qhVmw"],"url":"https:\/\/sulsc.com\/index.php\/author\/redacao\/"}]}},"authors":[],"_links":{"self":[{"href":"https:\/\/sulsc.com\/index.php\/wp-json\/wp\/v2\/posts\/27683"}],"collection":[{"href":"https:\/\/sulsc.com\/index.php\/wp-json\/wp\/v2\/posts"}],"about":[{"href":"https:\/\/sulsc.com\/index.php\/wp-json\/wp\/v2\/types\/post"}],"author":[{"embeddable":true,"href":"https:\/\/sulsc.com\/index.php\/wp-json\/wp\/v2\/users\/3"}],"replies":[{"embeddable":true,"href":"https:\/\/sulsc.com\/index.php\/wp-json\/wp\/v2\/comments?post=27683"}],"version-history":[{"count":1,"href":"https:\/\/sulsc.com\/index.php\/wp-json\/wp\/v2\/posts\/27683\/revisions"}],"predecessor-version":[{"id":27686,"href":"https:\/\/sulsc.com\/index.php\/wp-json\/wp\/v2\/posts\/27683\/revisions\/27686"}],"wp:featuredmedia":[{"embeddable":true,"href":"https:\/\/sulsc.com\/index.php\/wp-json\/wp\/v2\/media\/27684"}],"wp:attachment":[{"href":"https:\/\/sulsc.com\/index.php\/wp-json\/wp\/v2\/media?parent=27683"}],"wp:term":[{"taxonomy":"category","embeddable":true,"href":"https:\/\/sulsc.com\/index.php\/wp-json\/wp\/v2\/categories?post=27683"},{"taxonomy":"post_tag","embeddable":true,"href":"https:\/\/sulsc.com\/index.php\/wp-json\/wp\/v2\/tags?post=27683"}],"curies":[{"name":"wp","href":"https:\/\/api.w.org\/{rel}","templated":true}]}}