{"id":27726,"date":"2025-09-29T16:00:04","date_gmt":"2025-09-29T19:00:04","guid":{"rendered":"https:\/\/sulsc.com\/?p=27726"},"modified":"2025-09-29T13:01:09","modified_gmt":"2025-09-29T16:01:09","slug":"apa-da-baleia-franca-prefeitos-tentam-destravar-regularizacao-de-familias","status":"publish","type":"post","link":"https:\/\/sulsc.com\/index.php\/2025\/09\/29\/apa-da-baleia-franca-prefeitos-tentam-destravar-regularizacao-de-familias\/","title":{"rendered":"APA da Baleia Franca: prefeitos tentam destravar regulariza\u00e7\u00e3o de fam\u00edlias"},"content":{"rendered":"<p>Duas reuni\u00f5es para tratar do impasse que envolve a \u00c1rea de Prote\u00e7\u00e3o Ambiental (APA) da Baleia Franca, que abrange mun\u00edcipios do Sul de Santa Catarina, est\u00e3o marcadas para a pr\u00f3xima quarta-feira (1), em Bras\u00edlia. O encontro ser\u00e1 realizado na parte da manh\u00e3 na Advocacia-Geral da Uni\u00e3o (AGU), com participa\u00e7\u00e3o dos prefeitos de Laguna, Jaguaruna, Imbituba e Balne\u00e1rio Rinc\u00e3o.\u00a0\u00a0\u00c0 tarde, a pauta ser\u00e1 debatida no Instituto Chico Mendes de Conserva\u00e7\u00e3o da Biodiversidade (ICMBio).<\/p>\n<p>A Deputada Federal, Geov\u00e2nia de S\u00e1 destacou que o parecer da AGU foi um avan\u00e7o importante ao reconhecer que as \u00e1reas afetadas n\u00e3o se enquadram como rurais, mas urbanas e permite a possibilidade de regulariza\u00e7\u00e3o fundi\u00e1ria. O pr\u00f3ximo passo \u00e9 garantir que os mun\u00edcipios avancem nos processos de regulariza\u00e7\u00e3o, como j\u00e1 ocorreu em Jaguaruna.<\/p>\n<div id=\"metaslider-id-25573\" style=\"width: 100%;\" class=\"ml-slider-3-99-0 metaslider metaslider-flex metaslider-25573 ml-slider has-onhover-arrows ms-theme-default-base has-dots-nav\" role=\"region\" aria-label=\"Meio\" data-width=\"1200\">\n    <div id=\"metaslider_container_25573\">\n        <div id=\"metaslider_25573\">\n            <ul class='slides'>\n                <li style=\"display: block; width: 100%;\" class=\"slide-25684 ms-image \" aria-roledescription=\"slide\" data-date=\"2025-07-24 07:55:40\"><img src=\"https:\/\/sulsc.com\/wp-content\/uploads\/2025\/07\/Marr-2-1000x166.jpg\" height=\"200\" width=\"1200\" alt=\"\" class=\"slider-25573 slide-25684 msDefaultImage\" title=\"Marr 2\" \/><\/li>\n                <li style=\"display: none; width: 100%;\" class=\"slide-32412 ms-image \" aria-roledescription=\"slide\" data-date=\"2026-02-18 13:59:46\"><img src=\"https:\/\/sulsc.com\/wp-content\/uploads\/2026\/02\/40dc1580-cad5-4867-bc58-c4243821ad38-1000x166.jpeg\" height=\"200\" width=\"1200\" alt=\"\" class=\"slider-25573 slide-32412 msDefaultImage\" title=\"40dc1580-cad5-4867-bc58-c4243821ad38\" \/><\/li>\n                <li style=\"display: none; width: 100%;\" class=\"slide-32766 ms-image \" aria-roledescription=\"slide\" data-date=\"2026-03-03 17:22:59\"><img src=\"https:\/\/sulsc.com\/wp-content\/uploads\/2026\/03\/271ce739-f268-41c5-8051-3de1a1750359-1000x166.jpeg\" height=\"200\" width=\"1200\" alt=\"\" class=\"slider-25573 slide-32766 msDefaultImage\" title=\"271ce739-f268-41c5-8051-3de1a1750359\" \/><\/li>\n            <\/ul>\n        <\/div>\n        \n    <\/div>\n<\/div>\n<p>Al\u00e9m disso, tramitam projetos de lei no Congresso Nacional, apresentados pela parlamentar na C\u00e2mara e pelo senador Esperidi\u00e3o Amin no Senado, com o mesmo teor.\u00a0&#8220;Acho que avan\u00e7amos bastante, mas quarta-feira agora ser\u00e3o duas reuni\u00f5es imprescind\u00edveis, tanto no Executivo, na AGU, bem como no ICMBio. E, claro, nosso papel no Legislativo&#8221;, afirmou Geov\u00e2nia.<\/p>\n<p>A expectativa \u00e9 que a relatoria dos projetos, conduzida por Nilto Tatto na C\u00e2mara e Leila Barros no Senado, acelere a tramita\u00e7\u00e3o para garantir seguran\u00e7a jur\u00eddica a mais de 50 mil fam\u00edlias que vivem dentro da chamada \u201clinha vermelha\u201d da APA.<\/p>\n<figure id=\"attachment_27727\" aria-describedby=\"caption-attachment-27727\" style=\"width: 728px\" class=\"wp-caption alignnone\"><img fetchpriority=\"high\" decoding=\"async\" class=\"size-full wp-image-27727\" src=\"http:\/\/sulsc.com\/wp-content\/uploads\/2025\/09\/Geovania-de-Sa-12-84533-1_102137.jpg\" alt=\"\" width=\"728\" height=\"485\" srcset=\"https:\/\/sulsc.com\/wp-content\/uploads\/2025\/09\/Geovania-de-Sa-12-84533-1_102137.jpg 728w, https:\/\/sulsc.com\/wp-content\/uploads\/2025\/09\/Geovania-de-Sa-12-84533-1_102137-300x200.jpg 300w\" sizes=\"(max-width: 728px) 100vw, 728px\" \/><figcaption id=\"caption-attachment-27727\" class=\"wp-caption-text\">Foto: Arquivo\/ 4oito<\/figcaption><\/figure>\n<p><em>Fonte: 4Oito<\/em><\/p>\n","protected":false},"excerpt":{"rendered":"<p>Duas reuni\u00f5es para tratar do impasse que envolve a \u00c1rea de Prote\u00e7\u00e3o Ambiental (APA) da Baleia Franca, que abrange mun\u00edcipios do Sul de Santa Catarina, est\u00e3o marcadas para a pr\u00f3xima quarta-feira (1), em Bras\u00edlia. O encontro ser\u00e1 realizado na parte da manh\u00e3 na Advocacia-Geral da Uni\u00e3o (AGU), com participa\u00e7\u00e3o dos prefeitos de Laguna, Jaguaruna, Imbituba &hellip;<\/p>\n<p class=\"read-more\"> <a class=\"\" href=\"https:\/\/sulsc.com\/index.php\/2025\/09\/29\/apa-da-baleia-franca-prefeitos-tentam-destravar-regularizacao-de-familias\/\"> <span class=\"screen-reader-text\">APA da Baleia Franca: prefeitos tentam destravar regulariza\u00e7\u00e3o de fam\u00edlias<\/span> Read More &raquo;<\/a><\/p>\n","protected":false},"author":19,"featured_media":27727,"comment_status":"open","ping_status":"open","sticky":false,"template":"","format":"standard","meta":{"site-sidebar-layout":"default","site-content-layout":"","ast-site-content-layout":"default","site-content-style":"default","site-sidebar-style":"default","ast-global-header-display":"","ast-banner-title-visibility":"","ast-main-header-display":"","ast-hfb-above-header-display":"","ast-hfb-below-header-display":"","ast-hfb-mobile-header-display":"","site-post-title":"","ast-breadcrumbs-content":"","ast-featured-img":"","footer-sml-layout":"","theme-transparent-header-meta":"default","adv-header-id-meta":"","stick-header-meta":"","header-above-stick-meta":"","header-main-stick-meta":"","header-below-stick-meta":"","astra-migrate-meta-layouts":"set","footnotes":""},"categories":[1,17,6,14,12],"tags":[2419,2226,1799],"yoast_head":"<!-- This site is optimized with the Yoast SEO plugin v21.4 - https:\/\/yoast.com\/wordpress\/plugins\/seo\/ -->\n<title>APA da Baleia Franca: prefeitos tentam destravar regulariza\u00e7\u00e3o de fam\u00edlias -<\/title>\n<meta name=\"robots\" content=\"index, follow, max-snippet:-1, max-image-preview:large, max-video-preview:-1\" \/>\n<link rel=\"canonical\" href=\"https:\/\/sulsc.com\/index.php\/2025\/09\/29\/apa-da-baleia-franca-prefeitos-tentam-destravar-regularizacao-de-familias\/\" \/>\n<meta property=\"og:locale\" content=\"en_US\" \/>\n<meta property=\"og:type\" content=\"article\" \/>\n<meta property=\"og:title\" content=\"APA da Baleia Franca: prefeitos tentam destravar regulariza\u00e7\u00e3o de fam\u00edlias -\" \/>\n<meta property=\"og:description\" content=\"Duas reuni\u00f5es para tratar do impasse que envolve a \u00c1rea de Prote\u00e7\u00e3o Ambiental (APA) da Baleia Franca, que abrange mun\u00edcipios do Sul de Santa Catarina, est\u00e3o marcadas para a pr\u00f3xima quarta-feira (1), em Bras\u00edlia. O encontro ser\u00e1 realizado na parte da manh\u00e3 na Advocacia-Geral da Uni\u00e3o (AGU), com participa\u00e7\u00e3o dos prefeitos de Laguna, Jaguaruna, Imbituba &hellip; APA da Baleia Franca: prefeitos tentam destravar regulariza\u00e7\u00e3o de fam\u00edlias Read More &raquo;\" \/>\n<meta property=\"og:url\" content=\"https:\/\/sulsc.com\/index.php\/2025\/09\/29\/apa-da-baleia-franca-prefeitos-tentam-destravar-regularizacao-de-familias\/\" \/>\n<meta property=\"article:published_time\" content=\"2025-09-29T19:00:04+00:00\" \/>\n<meta property=\"article:modified_time\" content=\"2025-09-29T16:01:09+00:00\" \/>\n<meta property=\"og:image\" content=\"https:\/\/sulsc.com\/wp-content\/uploads\/2025\/09\/Geovania-de-Sa-12-84533-1_102137.jpg\" \/>\n\t<meta property=\"og:image:width\" content=\"728\" \/>\n\t<meta property=\"og:image:height\" content=\"485\" \/>\n\t<meta property=\"og:image:type\" content=\"image\/jpeg\" \/>\n<meta name=\"author\" content=\"Liliane Dias\" \/>\n<meta name=\"twitter:card\" content=\"summary_large_image\" \/>\n<meta name=\"twitter:label1\" content=\"Written by\" \/>\n\t<meta name=\"twitter:data1\" content=\"Liliane Dias\" \/>\n\t<meta name=\"twitter:label2\" content=\"Est. reading time\" \/>\n\t<meta name=\"twitter:data2\" content=\"2 minutes\" \/>\n<script type=\"application\/ld+json\" class=\"yoast-schema-graph\">{\"@context\":\"https:\/\/schema.org\",\"@graph\":[{\"@type\":\"WebPage\",\"@id\":\"https:\/\/sulsc.com\/index.php\/2025\/09\/29\/apa-da-baleia-franca-prefeitos-tentam-destravar-regularizacao-de-familias\/\",\"url\":\"https:\/\/sulsc.com\/index.php\/2025\/09\/29\/apa-da-baleia-franca-prefeitos-tentam-destravar-regularizacao-de-familias\/\",\"name\":\"APA da Baleia Franca: prefeitos tentam destravar regulariza\u00e7\u00e3o de fam\u00edlias -\",\"isPartOf\":{\"@id\":\"https:\/\/sulsc.com\/#website\"},\"datePublished\":\"2025-09-29T19:00:04+00:00\",\"dateModified\":\"2025-09-29T16:01:09+00:00\",\"author\":{\"@id\":\"https:\/\/sulsc.com\/#\/schema\/person\/66637b59e0638f6e4fdef226f0c124a8\"},\"breadcrumb\":{\"@id\":\"https:\/\/sulsc.com\/index.php\/2025\/09\/29\/apa-da-baleia-franca-prefeitos-tentam-destravar-regularizacao-de-familias\/#breadcrumb\"},\"inLanguage\":\"en-US\",\"potentialAction\":[{\"@type\":\"ReadAction\",\"target\":[\"https:\/\/sulsc.com\/index.php\/2025\/09\/29\/apa-da-baleia-franca-prefeitos-tentam-destravar-regularizacao-de-familias\/\"]}]},{\"@type\":\"BreadcrumbList\",\"@id\":\"https:\/\/sulsc.com\/index.php\/2025\/09\/29\/apa-da-baleia-franca-prefeitos-tentam-destravar-regularizacao-de-familias\/#breadcrumb\",\"itemListElement\":[{\"@type\":\"ListItem\",\"position\":1,\"name\":\"In\u00edcio\",\"item\":\"https:\/\/sulsc.com\/\"},{\"@type\":\"ListItem\",\"position\":2,\"name\":\"APA da Baleia Franca: prefeitos tentam destravar regulariza\u00e7\u00e3o de fam\u00edlias\"}]},{\"@type\":\"WebSite\",\"@id\":\"https:\/\/sulsc.com\/#website\",\"url\":\"https:\/\/sulsc.com\/\",\"name\":\"\",\"description\":\"\",\"potentialAction\":[{\"@type\":\"SearchAction\",\"target\":{\"@type\":\"EntryPoint\",\"urlTemplate\":\"https:\/\/sulsc.com\/?s={search_term_string}\"},\"query-input\":\"required name=search_term_string\"}],\"inLanguage\":\"en-US\"},{\"@type\":\"Person\",\"@id\":\"https:\/\/sulsc.com\/#\/schema\/person\/66637b59e0638f6e4fdef226f0c124a8\",\"name\":\"Liliane Dias\",\"image\":{\"@type\":\"ImageObject\",\"inLanguage\":\"en-US\",\"@id\":\"https:\/\/sulsc.com\/#\/schema\/person\/image\/60664e566b7e202a9743aaec3b01764a\",\"url\":\"https:\/\/sulsc.com\/wp-content\/uploads\/2023\/10\/Liliane-Dias.png\",\"contentUrl\":\"https:\/\/sulsc.com\/wp-content\/uploads\/2023\/10\/Liliane-Dias.png\",\"caption\":\"Liliane Dias\"},\"description\":\"Especialista em Gest\u00e3o de M\u00eddias Sociais e Marketing Digital, em Doc\u00eancia para Ensino Superior com foco em Planejamento Gr\u00e1fico, Jornalista e Publicit\u00e1ria. Atua na \u00e1rea de comunica\u00e7\u00e3o h\u00e1 24 anos. As a\u00e7\u00f5es de mercado mais recentes s\u00e3o em produ\u00e7\u00e3o de conte\u00fado web, cria\u00e7\u00e3o e execu\u00e7\u00e3o de pe\u00e7as gr\u00e1ficas, al\u00e9m de empreendedora do nicho de produtos\u00a0personalizados.\",\"sameAs\":[\"https:\/\/sulsc.com\/\"],\"url\":\"https:\/\/sulsc.com\/index.php\/author\/liliane-dias\/\"}]}<\/script>\n<!-- \/ Yoast SEO plugin. -->","yoast_head_json":{"title":"APA da Baleia Franca: prefeitos tentam destravar regulariza\u00e7\u00e3o de fam\u00edlias -","robots":{"index":"index","follow":"follow","max-snippet":"max-snippet:-1","max-image-preview":"max-image-preview:large","max-video-preview":"max-video-preview:-1"},"canonical":"https:\/\/sulsc.com\/index.php\/2025\/09\/29\/apa-da-baleia-franca-prefeitos-tentam-destravar-regularizacao-de-familias\/","og_locale":"en_US","og_type":"article","og_title":"APA da Baleia Franca: prefeitos tentam destravar regulariza\u00e7\u00e3o de fam\u00edlias -","og_description":"Duas reuni\u00f5es para tratar do impasse que envolve a \u00c1rea de Prote\u00e7\u00e3o Ambiental (APA) da Baleia Franca, que abrange mun\u00edcipios do Sul de Santa Catarina, est\u00e3o marcadas para a pr\u00f3xima quarta-feira (1), em Bras\u00edlia. O encontro ser\u00e1 realizado na parte da manh\u00e3 na Advocacia-Geral da Uni\u00e3o (AGU), com participa\u00e7\u00e3o dos prefeitos de Laguna, Jaguaruna, Imbituba &hellip; APA da Baleia Franca: prefeitos tentam destravar regulariza\u00e7\u00e3o de fam\u00edlias Read More &raquo;","og_url":"https:\/\/sulsc.com\/index.php\/2025\/09\/29\/apa-da-baleia-franca-prefeitos-tentam-destravar-regularizacao-de-familias\/","article_published_time":"2025-09-29T19:00:04+00:00","article_modified_time":"2025-09-29T16:01:09+00:00","og_image":[{"width":728,"height":485,"url":"https:\/\/sulsc.com\/wp-content\/uploads\/2025\/09\/Geovania-de-Sa-12-84533-1_102137.jpg","type":"image\/jpeg"}],"author":"Liliane Dias","twitter_card":"summary_large_image","twitter_misc":{"Written by":"Liliane Dias","Est. reading time":"2 minutes"},"schema":{"@context":"https:\/\/schema.org","@graph":[{"@type":"WebPage","@id":"https:\/\/sulsc.com\/index.php\/2025\/09\/29\/apa-da-baleia-franca-prefeitos-tentam-destravar-regularizacao-de-familias\/","url":"https:\/\/sulsc.com\/index.php\/2025\/09\/29\/apa-da-baleia-franca-prefeitos-tentam-destravar-regularizacao-de-familias\/","name":"APA da Baleia Franca: prefeitos tentam destravar regulariza\u00e7\u00e3o de fam\u00edlias -","isPartOf":{"@id":"https:\/\/sulsc.com\/#website"},"datePublished":"2025-09-29T19:00:04+00:00","dateModified":"2025-09-29T16:01:09+00:00","author":{"@id":"https:\/\/sulsc.com\/#\/schema\/person\/66637b59e0638f6e4fdef226f0c124a8"},"breadcrumb":{"@id":"https:\/\/sulsc.com\/index.php\/2025\/09\/29\/apa-da-baleia-franca-prefeitos-tentam-destravar-regularizacao-de-familias\/#breadcrumb"},"inLanguage":"en-US","potentialAction":[{"@type":"ReadAction","target":["https:\/\/sulsc.com\/index.php\/2025\/09\/29\/apa-da-baleia-franca-prefeitos-tentam-destravar-regularizacao-de-familias\/"]}]},{"@type":"BreadcrumbList","@id":"https:\/\/sulsc.com\/index.php\/2025\/09\/29\/apa-da-baleia-franca-prefeitos-tentam-destravar-regularizacao-de-familias\/#breadcrumb","itemListElement":[{"@type":"ListItem","position":1,"name":"In\u00edcio","item":"https:\/\/sulsc.com\/"},{"@type":"ListItem","position":2,"name":"APA da Baleia Franca: prefeitos tentam destravar regulariza\u00e7\u00e3o de fam\u00edlias"}]},{"@type":"WebSite","@id":"https:\/\/sulsc.com\/#website","url":"https:\/\/sulsc.com\/","name":"","description":"","potentialAction":[{"@type":"SearchAction","target":{"@type":"EntryPoint","urlTemplate":"https:\/\/sulsc.com\/?s={search_term_string}"},"query-input":"required name=search_term_string"}],"inLanguage":"en-US"},{"@type":"Person","@id":"https:\/\/sulsc.com\/#\/schema\/person\/66637b59e0638f6e4fdef226f0c124a8","name":"Liliane Dias","image":{"@type":"ImageObject","inLanguage":"en-US","@id":"https:\/\/sulsc.com\/#\/schema\/person\/image\/60664e566b7e202a9743aaec3b01764a","url":"https:\/\/sulsc.com\/wp-content\/uploads\/2023\/10\/Liliane-Dias.png","contentUrl":"https:\/\/sulsc.com\/wp-content\/uploads\/2023\/10\/Liliane-Dias.png","caption":"Liliane Dias"},"description":"Especialista em Gest\u00e3o de M\u00eddias Sociais e Marketing Digital, em Doc\u00eancia para Ensino Superior com foco em Planejamento Gr\u00e1fico, Jornalista e Publicit\u00e1ria. Atua na \u00e1rea de comunica\u00e7\u00e3o h\u00e1 24 anos. As a\u00e7\u00f5es de mercado mais recentes s\u00e3o em produ\u00e7\u00e3o de conte\u00fado web, cria\u00e7\u00e3o e execu\u00e7\u00e3o de pe\u00e7as gr\u00e1ficas, al\u00e9m de empreendedora do nicho de produtos\u00a0personalizados.","sameAs":["https:\/\/sulsc.com\/"],"url":"https:\/\/sulsc.com\/index.php\/author\/liliane-dias\/"}]}},"authors":[],"_links":{"self":[{"href":"https:\/\/sulsc.com\/index.php\/wp-json\/wp\/v2\/posts\/27726"}],"collection":[{"href":"https:\/\/sulsc.com\/index.php\/wp-json\/wp\/v2\/posts"}],"about":[{"href":"https:\/\/sulsc.com\/index.php\/wp-json\/wp\/v2\/types\/post"}],"author":[{"embeddable":true,"href":"https:\/\/sulsc.com\/index.php\/wp-json\/wp\/v2\/users\/19"}],"replies":[{"embeddable":true,"href":"https:\/\/sulsc.com\/index.php\/wp-json\/wp\/v2\/comments?post=27726"}],"version-history":[{"count":1,"href":"https:\/\/sulsc.com\/index.php\/wp-json\/wp\/v2\/posts\/27726\/revisions"}],"predecessor-version":[{"id":27728,"href":"https:\/\/sulsc.com\/index.php\/wp-json\/wp\/v2\/posts\/27726\/revisions\/27728"}],"wp:featuredmedia":[{"embeddable":true,"href":"https:\/\/sulsc.com\/index.php\/wp-json\/wp\/v2\/media\/27727"}],"wp:attachment":[{"href":"https:\/\/sulsc.com\/index.php\/wp-json\/wp\/v2\/media?parent=27726"}],"wp:term":[{"taxonomy":"category","embeddable":true,"href":"https:\/\/sulsc.com\/index.php\/wp-json\/wp\/v2\/categories?post=27726"},{"taxonomy":"post_tag","embeddable":true,"href":"https:\/\/sulsc.com\/index.php\/wp-json\/wp\/v2\/tags?post=27726"}],"curies":[{"name":"wp","href":"https:\/\/api.w.org\/{rel}","templated":true}]}}