{"id":27755,"date":"2025-09-30T07:19:51","date_gmt":"2025-09-30T10:19:51","guid":{"rendered":"https:\/\/sulsc.com\/?p=27755"},"modified":"2025-09-30T07:19:52","modified_gmt":"2025-09-30T10:19:52","slug":"ultimo-dia-do-mes-de-setembro-com-maximas-acima-dos-30oc-e-temporais-localizados","status":"publish","type":"post","link":"https:\/\/sulsc.com\/index.php\/2025\/09\/30\/ultimo-dia-do-mes-de-setembro-com-maximas-acima-dos-30oc-e-temporais-localizados\/","title":{"rendered":"\u00daltimo dia do m\u00eas de Setembro com m\u00e1ximas acima dos 30\u00baC e temporais localizados"},"content":{"rendered":"<p>O dia ser\u00e1 de tempo inst\u00e1vel com chuva mais persistente no decorrer do dia do Oeste ao Litoral Sul e principalmente \u00e0 tarde nas demais regi\u00f5es, devido a um cavado no Sul do Brasil e aproxima\u00e7\u00e3o de frente fria. H\u00e1 risco de temporais localizados.\u00a0O risco \u00e9 moderado a alto para ocorr\u00eancias associadas \u00e0 alagamentos e enxurradas, destelhamentos, danos na rede el\u00e9trica e queda de galhos e \u00e1rvores.<\/p>\n<p><strong>Temperaturas<\/strong><\/p>\n<p>No amanhecer, as temperaturas variam entre 10\u00b0C e 14\u00b0C nas \u00e1reas serranas, 15\u00b0C a 18\u00b0C nas demais regi\u00f5es. Durante a tarde, antes das instabilidades, as temperaturas se aproximam dos 30\/32\u00b0C no Litoral Sul e de 24\u00b0C a 28\u00b0C nas demais regi\u00f5es, com valores ligeiramente menores nas \u00e1reas serranas.<\/p>\n<p><strong>Vento:<\/strong> nordeste, fraco a moderado com rajadas.<br \/>\n<strong>Sistema predominante:<\/strong> cavado sobre o Sul do Brasil e aproxima\u00e7\u00e3o de frente fria.<\/p>\n<div id=\"metaslider-id-25573\" style=\"width: 100%;\" class=\"ml-slider-3-99-0 metaslider metaslider-flex metaslider-25573 ml-slider has-onhover-arrows ms-theme-default-base has-dots-nav\" role=\"region\" aria-label=\"Meio\" data-width=\"1200\">\n    <div id=\"metaslider_container_25573\">\n        <div id=\"metaslider_25573\">\n            <ul class='slides'>\n                <li style=\"display: block; width: 100%;\" class=\"slide-25684 ms-image \" aria-roledescription=\"slide\" data-date=\"2025-07-24 07:55:40\"><img src=\"https:\/\/sulsc.com\/wp-content\/uploads\/2025\/07\/Marr-2-1000x166.jpg\" height=\"200\" width=\"1200\" alt=\"\" class=\"slider-25573 slide-25684 msDefaultImage\" title=\"Marr 2\" \/><\/li>\n                <li style=\"display: none; width: 100%;\" class=\"slide-32412 ms-image \" aria-roledescription=\"slide\" data-date=\"2026-02-18 13:59:46\"><img src=\"https:\/\/sulsc.com\/wp-content\/uploads\/2026\/02\/40dc1580-cad5-4867-bc58-c4243821ad38-1000x166.jpeg\" height=\"200\" width=\"1200\" alt=\"\" class=\"slider-25573 slide-32412 msDefaultImage\" title=\"40dc1580-cad5-4867-bc58-c4243821ad38\" \/><\/li>\n                <li style=\"display: none; width: 100%;\" class=\"slide-32766 ms-image \" aria-roledescription=\"slide\" data-date=\"2026-03-03 17:22:59\"><img src=\"https:\/\/sulsc.com\/wp-content\/uploads\/2026\/03\/271ce739-f268-41c5-8051-3de1a1750359-1000x166.jpeg\" height=\"200\" width=\"1200\" alt=\"\" class=\"slider-25573 slide-32766 msDefaultImage\" title=\"271ce739-f268-41c5-8051-3de1a1750359\" \/><\/li>\n            <\/ul>\n        <\/div>\n        \n    <\/div>\n<\/div>\n<p>Amanh\u00e3 o primeiro dia do m\u00eas de Outubro, teremos um dia de tempo inst\u00e1vel com muitas nuvens e chuva no decorrer do dia devido a \u00e1reas de baixa press\u00e3o (cavado). Com temperaturas amena e variando entre 20 a 24\u00b0C.<\/p>\n","protected":false},"excerpt":{"rendered":"<p>O dia ser\u00e1 de tempo inst\u00e1vel com chuva mais persistente no decorrer do dia do Oeste ao Litoral Sul e principalmente \u00e0 tarde nas demais regi\u00f5es, devido a um cavado no Sul do Brasil e aproxima\u00e7\u00e3o de frente fria. H\u00e1 risco de temporais localizados.\u00a0O risco \u00e9 moderado a alto para ocorr\u00eancias associadas \u00e0 alagamentos e &hellip;<\/p>\n<p class=\"read-more\"> <a class=\"\" href=\"https:\/\/sulsc.com\/index.php\/2025\/09\/30\/ultimo-dia-do-mes-de-setembro-com-maximas-acima-dos-30oc-e-temporais-localizados\/\"> <span class=\"screen-reader-text\">\u00daltimo dia do m\u00eas de Setembro com m\u00e1ximas acima dos 30\u00baC e temporais localizados<\/span> Read More &raquo;<\/a><\/p>\n","protected":false},"author":3,"featured_media":26444,"comment_status":"open","ping_status":"open","sticky":false,"template":"","format":"standard","meta":{"site-sidebar-layout":"default","site-content-layout":"","ast-site-content-layout":"default","site-content-style":"default","site-sidebar-style":"default","ast-global-header-display":"","ast-banner-title-visibility":"","ast-main-header-display":"","ast-hfb-above-header-display":"","ast-hfb-below-header-display":"","ast-hfb-mobile-header-display":"","site-post-title":"","ast-breadcrumbs-content":"","ast-featured-img":"","footer-sml-layout":"","theme-transparent-header-meta":"default","adv-header-id-meta":"","stick-header-meta":"","header-above-stick-meta":"","header-main-stick-meta":"","header-below-stick-meta":"","astra-migrate-meta-layouts":"set","footnotes":""},"categories":[2354,2231,38,12],"tags":[90],"yoast_head":"<!-- This site is optimized with the Yoast SEO plugin v21.4 - https:\/\/yoast.com\/wordpress\/plugins\/seo\/ -->\n<title>\u00daltimo dia do m\u00eas de Setembro com m\u00e1ximas acima dos 30\u00baC e temporais localizados -<\/title>\n<meta name=\"robots\" content=\"index, follow, max-snippet:-1, max-image-preview:large, max-video-preview:-1\" \/>\n<link rel=\"canonical\" href=\"https:\/\/sulsc.com\/index.php\/2025\/09\/30\/ultimo-dia-do-mes-de-setembro-com-maximas-acima-dos-30oc-e-temporais-localizados\/\" \/>\n<meta property=\"og:locale\" content=\"en_US\" \/>\n<meta property=\"og:type\" content=\"article\" \/>\n<meta property=\"og:title\" content=\"\u00daltimo dia do m\u00eas de Setembro com m\u00e1ximas acima dos 30\u00baC e temporais localizados -\" \/>\n<meta property=\"og:description\" content=\"O dia ser\u00e1 de tempo inst\u00e1vel com chuva mais persistente no decorrer do dia do Oeste ao Litoral Sul e principalmente \u00e0 tarde nas demais regi\u00f5es, devido a um cavado no Sul do Brasil e aproxima\u00e7\u00e3o de frente fria. H\u00e1 risco de temporais localizados.\u00a0O risco \u00e9 moderado a alto para ocorr\u00eancias associadas \u00e0 alagamentos e &hellip; \u00daltimo dia do m\u00eas de Setembro com m\u00e1ximas acima dos 30\u00baC e temporais localizados Read More &raquo;\" \/>\n<meta property=\"og:url\" content=\"https:\/\/sulsc.com\/index.php\/2025\/09\/30\/ultimo-dia-do-mes-de-setembro-com-maximas-acima-dos-30oc-e-temporais-localizados\/\" \/>\n<meta property=\"article:author\" content=\"https:\/\/www.facebook.com\/profile.php?id=61559278119680\" \/>\n<meta property=\"article:published_time\" content=\"2025-09-30T10:19:51+00:00\" \/>\n<meta property=\"article:modified_time\" content=\"2025-09-30T10:19:52+00:00\" \/>\n<meta property=\"og:image\" content=\"http:\/\/sulsc.com\/wp-content\/uploads\/2025\/08\/74a3059a-08c9-43d7-a9fa-18d960ca298d.jpg\" \/>\n\t<meta property=\"og:image:width\" content=\"728\" \/>\n\t<meta property=\"og:image:height\" content=\"410\" \/>\n\t<meta property=\"og:image:type\" content=\"image\/jpeg\" \/>\n<meta name=\"author\" content=\"Reda\u00e7\u00e3o Sul SC\" \/>\n<meta name=\"twitter:card\" content=\"summary_large_image\" \/>\n<meta name=\"twitter:creator\" content=\"@https:\/\/twitter.com\/PortalSulSC\" \/>\n<meta name=\"twitter:label1\" content=\"Written by\" \/>\n\t<meta name=\"twitter:data1\" content=\"Reda\u00e7\u00e3o Sul SC\" \/>\n\t<meta name=\"twitter:label2\" content=\"Est. reading time\" \/>\n\t<meta name=\"twitter:data2\" content=\"1 minute\" \/>\n<script type=\"application\/ld+json\" class=\"yoast-schema-graph\">{\"@context\":\"https:\/\/schema.org\",\"@graph\":[{\"@type\":\"WebPage\",\"@id\":\"https:\/\/sulsc.com\/index.php\/2025\/09\/30\/ultimo-dia-do-mes-de-setembro-com-maximas-acima-dos-30oc-e-temporais-localizados\/\",\"url\":\"https:\/\/sulsc.com\/index.php\/2025\/09\/30\/ultimo-dia-do-mes-de-setembro-com-maximas-acima-dos-30oc-e-temporais-localizados\/\",\"name\":\"\u00daltimo dia do m\u00eas de Setembro com m\u00e1ximas acima dos 30\u00baC e temporais localizados -\",\"isPartOf\":{\"@id\":\"https:\/\/sulsc.com\/#website\"},\"datePublished\":\"2025-09-30T10:19:51+00:00\",\"dateModified\":\"2025-09-30T10:19:52+00:00\",\"author\":{\"@id\":\"https:\/\/sulsc.com\/#\/schema\/person\/84d2fc571684f6248ba83092f07750a3\"},\"breadcrumb\":{\"@id\":\"https:\/\/sulsc.com\/index.php\/2025\/09\/30\/ultimo-dia-do-mes-de-setembro-com-maximas-acima-dos-30oc-e-temporais-localizados\/#breadcrumb\"},\"inLanguage\":\"en-US\",\"potentialAction\":[{\"@type\":\"ReadAction\",\"target\":[\"https:\/\/sulsc.com\/index.php\/2025\/09\/30\/ultimo-dia-do-mes-de-setembro-com-maximas-acima-dos-30oc-e-temporais-localizados\/\"]}]},{\"@type\":\"BreadcrumbList\",\"@id\":\"https:\/\/sulsc.com\/index.php\/2025\/09\/30\/ultimo-dia-do-mes-de-setembro-com-maximas-acima-dos-30oc-e-temporais-localizados\/#breadcrumb\",\"itemListElement\":[{\"@type\":\"ListItem\",\"position\":1,\"name\":\"In\u00edcio\",\"item\":\"https:\/\/sulsc.com\/\"},{\"@type\":\"ListItem\",\"position\":2,\"name\":\"\u00daltimo dia do m\u00eas de Setembro com m\u00e1ximas acima dos 30\u00baC e temporais localizados\"}]},{\"@type\":\"WebSite\",\"@id\":\"https:\/\/sulsc.com\/#website\",\"url\":\"https:\/\/sulsc.com\/\",\"name\":\"\",\"description\":\"\",\"potentialAction\":[{\"@type\":\"SearchAction\",\"target\":{\"@type\":\"EntryPoint\",\"urlTemplate\":\"https:\/\/sulsc.com\/?s={search_term_string}\"},\"query-input\":\"required name=search_term_string\"}],\"inLanguage\":\"en-US\"},{\"@type\":\"Person\",\"@id\":\"https:\/\/sulsc.com\/#\/schema\/person\/84d2fc571684f6248ba83092f07750a3\",\"name\":\"Reda\u00e7\u00e3o Sul SC\",\"image\":{\"@type\":\"ImageObject\",\"inLanguage\":\"en-US\",\"@id\":\"https:\/\/sulsc.com\/#\/schema\/person\/image\/e08d7fe2cc4ed596372063bbe852b8d0\",\"url\":\"https:\/\/sulsc.com\/wp-content\/uploads\/2023\/09\/redacao.png\",\"contentUrl\":\"https:\/\/sulsc.com\/wp-content\/uploads\/2023\/09\/redacao.png\",\"caption\":\"Reda\u00e7\u00e3o Sul SC\"},\"description\":\"Foco em um jornalismo imparcial, voltado \u00e0 qualidade dos seus conte\u00fados e, assim, levar informa\u00e7\u00e3o de valor que agregue \u00e0 vida dos leitores. Esta \u00e9 grande miss\u00e3o do Portal de Not\u00edcias Sul SC. N\u00e3o \u00e9 quantidade que muda o mundo, sempre foi e seguir\u00e1 sendo qualidade!\",\"sameAs\":[\"https:\/\/sulsc.com\/\",\"https:\/\/www.facebook.com\/profile.php?id=61559278119680\",\"https:\/\/www.instagram.com\/sulscportal\/?hl=pt-br\",\"https:\/\/twitter.com\/https:\/\/twitter.com\/PortalSulSC\",\"https:\/\/www.youtube.com\/channel\/UCv_BE8GeySluDov2n8qhVmw\"],\"url\":\"https:\/\/sulsc.com\/index.php\/author\/redacao\/\"}]}<\/script>\n<!-- \/ Yoast SEO plugin. -->","yoast_head_json":{"title":"\u00daltimo dia do m\u00eas de Setembro com m\u00e1ximas acima dos 30\u00baC e temporais localizados -","robots":{"index":"index","follow":"follow","max-snippet":"max-snippet:-1","max-image-preview":"max-image-preview:large","max-video-preview":"max-video-preview:-1"},"canonical":"https:\/\/sulsc.com\/index.php\/2025\/09\/30\/ultimo-dia-do-mes-de-setembro-com-maximas-acima-dos-30oc-e-temporais-localizados\/","og_locale":"en_US","og_type":"article","og_title":"\u00daltimo dia do m\u00eas de Setembro com m\u00e1ximas acima dos 30\u00baC e temporais localizados -","og_description":"O dia ser\u00e1 de tempo inst\u00e1vel com chuva mais persistente no decorrer do dia do Oeste ao Litoral Sul e principalmente \u00e0 tarde nas demais regi\u00f5es, devido a um cavado no Sul do Brasil e aproxima\u00e7\u00e3o de frente fria. H\u00e1 risco de temporais localizados.\u00a0O risco \u00e9 moderado a alto para ocorr\u00eancias associadas \u00e0 alagamentos e &hellip; \u00daltimo dia do m\u00eas de Setembro com m\u00e1ximas acima dos 30\u00baC e temporais localizados Read More &raquo;","og_url":"https:\/\/sulsc.com\/index.php\/2025\/09\/30\/ultimo-dia-do-mes-de-setembro-com-maximas-acima-dos-30oc-e-temporais-localizados\/","article_author":"https:\/\/www.facebook.com\/profile.php?id=61559278119680","article_published_time":"2025-09-30T10:19:51+00:00","article_modified_time":"2025-09-30T10:19:52+00:00","og_image":[{"width":728,"height":410,"url":"http:\/\/sulsc.com\/wp-content\/uploads\/2025\/08\/74a3059a-08c9-43d7-a9fa-18d960ca298d.jpg","type":"image\/jpeg"}],"author":"Reda\u00e7\u00e3o Sul SC","twitter_card":"summary_large_image","twitter_creator":"@https:\/\/twitter.com\/PortalSulSC","twitter_misc":{"Written by":"Reda\u00e7\u00e3o Sul SC","Est. reading time":"1 minute"},"schema":{"@context":"https:\/\/schema.org","@graph":[{"@type":"WebPage","@id":"https:\/\/sulsc.com\/index.php\/2025\/09\/30\/ultimo-dia-do-mes-de-setembro-com-maximas-acima-dos-30oc-e-temporais-localizados\/","url":"https:\/\/sulsc.com\/index.php\/2025\/09\/30\/ultimo-dia-do-mes-de-setembro-com-maximas-acima-dos-30oc-e-temporais-localizados\/","name":"\u00daltimo dia do m\u00eas de Setembro com m\u00e1ximas acima dos 30\u00baC e temporais localizados -","isPartOf":{"@id":"https:\/\/sulsc.com\/#website"},"datePublished":"2025-09-30T10:19:51+00:00","dateModified":"2025-09-30T10:19:52+00:00","author":{"@id":"https:\/\/sulsc.com\/#\/schema\/person\/84d2fc571684f6248ba83092f07750a3"},"breadcrumb":{"@id":"https:\/\/sulsc.com\/index.php\/2025\/09\/30\/ultimo-dia-do-mes-de-setembro-com-maximas-acima-dos-30oc-e-temporais-localizados\/#breadcrumb"},"inLanguage":"en-US","potentialAction":[{"@type":"ReadAction","target":["https:\/\/sulsc.com\/index.php\/2025\/09\/30\/ultimo-dia-do-mes-de-setembro-com-maximas-acima-dos-30oc-e-temporais-localizados\/"]}]},{"@type":"BreadcrumbList","@id":"https:\/\/sulsc.com\/index.php\/2025\/09\/30\/ultimo-dia-do-mes-de-setembro-com-maximas-acima-dos-30oc-e-temporais-localizados\/#breadcrumb","itemListElement":[{"@type":"ListItem","position":1,"name":"In\u00edcio","item":"https:\/\/sulsc.com\/"},{"@type":"ListItem","position":2,"name":"\u00daltimo dia do m\u00eas de Setembro com m\u00e1ximas acima dos 30\u00baC e temporais localizados"}]},{"@type":"WebSite","@id":"https:\/\/sulsc.com\/#website","url":"https:\/\/sulsc.com\/","name":"","description":"","potentialAction":[{"@type":"SearchAction","target":{"@type":"EntryPoint","urlTemplate":"https:\/\/sulsc.com\/?s={search_term_string}"},"query-input":"required name=search_term_string"}],"inLanguage":"en-US"},{"@type":"Person","@id":"https:\/\/sulsc.com\/#\/schema\/person\/84d2fc571684f6248ba83092f07750a3","name":"Reda\u00e7\u00e3o Sul SC","image":{"@type":"ImageObject","inLanguage":"en-US","@id":"https:\/\/sulsc.com\/#\/schema\/person\/image\/e08d7fe2cc4ed596372063bbe852b8d0","url":"https:\/\/sulsc.com\/wp-content\/uploads\/2023\/09\/redacao.png","contentUrl":"https:\/\/sulsc.com\/wp-content\/uploads\/2023\/09\/redacao.png","caption":"Reda\u00e7\u00e3o Sul SC"},"description":"Foco em um jornalismo imparcial, voltado \u00e0 qualidade dos seus conte\u00fados e, assim, levar informa\u00e7\u00e3o de valor que agregue \u00e0 vida dos leitores. Esta \u00e9 grande miss\u00e3o do Portal de Not\u00edcias Sul SC. N\u00e3o \u00e9 quantidade que muda o mundo, sempre foi e seguir\u00e1 sendo qualidade!","sameAs":["https:\/\/sulsc.com\/","https:\/\/www.facebook.com\/profile.php?id=61559278119680","https:\/\/www.instagram.com\/sulscportal\/?hl=pt-br","https:\/\/twitter.com\/https:\/\/twitter.com\/PortalSulSC","https:\/\/www.youtube.com\/channel\/UCv_BE8GeySluDov2n8qhVmw"],"url":"https:\/\/sulsc.com\/index.php\/author\/redacao\/"}]}},"authors":[],"_links":{"self":[{"href":"https:\/\/sulsc.com\/index.php\/wp-json\/wp\/v2\/posts\/27755"}],"collection":[{"href":"https:\/\/sulsc.com\/index.php\/wp-json\/wp\/v2\/posts"}],"about":[{"href":"https:\/\/sulsc.com\/index.php\/wp-json\/wp\/v2\/types\/post"}],"author":[{"embeddable":true,"href":"https:\/\/sulsc.com\/index.php\/wp-json\/wp\/v2\/users\/3"}],"replies":[{"embeddable":true,"href":"https:\/\/sulsc.com\/index.php\/wp-json\/wp\/v2\/comments?post=27755"}],"version-history":[{"count":1,"href":"https:\/\/sulsc.com\/index.php\/wp-json\/wp\/v2\/posts\/27755\/revisions"}],"predecessor-version":[{"id":27757,"href":"https:\/\/sulsc.com\/index.php\/wp-json\/wp\/v2\/posts\/27755\/revisions\/27757"}],"wp:featuredmedia":[{"embeddable":true,"href":"https:\/\/sulsc.com\/index.php\/wp-json\/wp\/v2\/media\/26444"}],"wp:attachment":[{"href":"https:\/\/sulsc.com\/index.php\/wp-json\/wp\/v2\/media?parent=27755"}],"wp:term":[{"taxonomy":"category","embeddable":true,"href":"https:\/\/sulsc.com\/index.php\/wp-json\/wp\/v2\/categories?post=27755"},{"taxonomy":"post_tag","embeddable":true,"href":"https:\/\/sulsc.com\/index.php\/wp-json\/wp\/v2\/tags?post=27755"}],"curies":[{"name":"wp","href":"https:\/\/api.w.org\/{rel}","templated":true}]}}