{"id":27810,"date":"2025-10-01T07:31:37","date_gmt":"2025-10-01T10:31:37","guid":{"rendered":"https:\/\/sulsc.com\/?p=27810"},"modified":"2025-10-01T07:31:37","modified_gmt":"2025-10-01T10:31:37","slug":"o-primeiro-dia-do-mes-de-outubro-sera-fechado-com-maximas-nao-passando-dos-24oc-na-regiao-sul","status":"publish","type":"post","link":"https:\/\/sulsc.com\/index.php\/2025\/10\/01\/o-primeiro-dia-do-mes-de-outubro-sera-fechado-com-maximas-nao-passando-dos-24oc-na-regiao-sul\/","title":{"rendered":"O primeiro dia do m\u00eas de outubro ser\u00e1 fechado com m\u00e1ximas n\u00e3o passando dos 24\u00baC na regi\u00e3o Sul"},"content":{"rendered":"<p>O dia ser\u00e1 com a presen\u00e7a de muitas nuvens em toda SC, mas que por alguns momentos permitem aberturas de sol nesta quarta-feira (01\/10). Com o maior aquecimento e a influ\u00eancia de sistemas de baixa press\u00e3o, retornam as condi\u00e7\u00f5es para pancadas de chuva e temporais isolados entre o Extremo Oeste e o Planalto Norte, sobretudo nas \u00e1reas mais pr\u00f3ximas \u00e0 divisa com o Paran\u00e1 e a partir da tarde, com risco baixo a moderado para ocorr\u00eancias associadas aos temporais.<\/p>\n<p><strong>Temperaturas<\/strong><\/p>\n<p>As temperaturas m\u00e1ximas \u00e0 tarde, oscilam entre 18\u00b0C e 24\u00b0C na maior parte do estado, ficando mais altas no Extremo Oeste, onde variam entre 26 e 28\u00b0C.<\/p>\n<p><img fetchpriority=\"high\" decoding=\"async\" class=\"aligncenter size-full wp-image-27812\" src=\"http:\/\/sulsc.com\/wp-content\/uploads\/2025\/10\/Captura-de-tela-2025-10-01-015735-1024x697-1.png\" alt=\"\" width=\"1024\" height=\"697\" srcset=\"https:\/\/sulsc.com\/wp-content\/uploads\/2025\/10\/Captura-de-tela-2025-10-01-015735-1024x697-1.png 1024w, https:\/\/sulsc.com\/wp-content\/uploads\/2025\/10\/Captura-de-tela-2025-10-01-015735-1024x697-1-300x204.png 300w, https:\/\/sulsc.com\/wp-content\/uploads\/2025\/10\/Captura-de-tela-2025-10-01-015735-1024x697-1-768x523.png 768w\" sizes=\"(max-width: 1024px) 100vw, 1024px\" \/><\/p>\n<p><img decoding=\"async\" class=\"aligncenter size-full wp-image-22836\" src=\"http:\/\/sulsc.com\/wp-content\/uploads\/2025\/04\/Tempo-2.png\" alt=\"\" width=\"1024\" height=\"189\" srcset=\"https:\/\/sulsc.com\/wp-content\/uploads\/2025\/04\/Tempo-2.png 1024w, https:\/\/sulsc.com\/wp-content\/uploads\/2025\/04\/Tempo-2-300x55.png 300w, https:\/\/sulsc.com\/wp-content\/uploads\/2025\/04\/Tempo-2-768x142.png 768w\" sizes=\"(max-width: 1024px) 100vw, 1024px\" \/><\/p>\n<p><strong>Ventos:<\/strong> nordeste a sudeste, fraco a moderado, com rajadas.<br \/>\n<strong>Sistema predominante:<\/strong> cavado sobre o Sul do pa\u00eds.<\/p>\n<div id=\"metaslider-id-25573\" style=\"width: 100%;\" class=\"ml-slider-3-99-0 metaslider metaslider-flex metaslider-25573 ml-slider has-onhover-arrows ms-theme-default-base has-dots-nav\" role=\"region\" aria-label=\"Meio\" data-width=\"1200\">\n    <div id=\"metaslider_container_25573\">\n        <div id=\"metaslider_25573\">\n            <ul class='slides'>\n                <li style=\"display: block; width: 100%;\" class=\"slide-25684 ms-image \" aria-roledescription=\"slide\" data-date=\"2025-07-24 07:55:40\"><img src=\"https:\/\/sulsc.com\/wp-content\/uploads\/2025\/07\/Marr-2-1000x166.jpg\" height=\"200\" width=\"1200\" alt=\"\" class=\"slider-25573 slide-25684 msDefaultImage\" title=\"Marr 2\" \/><\/li>\n                <li style=\"display: none; width: 100%;\" class=\"slide-32412 ms-image \" aria-roledescription=\"slide\" data-date=\"2026-02-18 13:59:46\"><img src=\"https:\/\/sulsc.com\/wp-content\/uploads\/2026\/02\/40dc1580-cad5-4867-bc58-c4243821ad38-1000x166.jpeg\" height=\"200\" width=\"1200\" alt=\"\" class=\"slider-25573 slide-32412 msDefaultImage\" title=\"40dc1580-cad5-4867-bc58-c4243821ad38\" \/><\/li>\n                <li style=\"display: none; width: 100%;\" class=\"slide-32766 ms-image \" aria-roledescription=\"slide\" data-date=\"2026-03-03 17:22:59\"><img src=\"https:\/\/sulsc.com\/wp-content\/uploads\/2026\/03\/271ce739-f268-41c5-8051-3de1a1750359-1000x166.jpeg\" height=\"200\" width=\"1200\" alt=\"\" class=\"slider-25573 slide-32766 msDefaultImage\" title=\"271ce739-f268-41c5-8051-3de1a1750359\" \/><\/li>\n            <\/ul>\n        <\/div>\n        \n    <\/div>\n<\/div>\n<p><strong>Nesta quinta-feira (02\/10)<\/strong>, o tempo ter\u00e1 ainda a presen\u00e7a de muitas nuvens com chuva a qualquer hora do dia, devido a um cavado (\u00e1reas de baixa press\u00e3o). As temperatura tamb\u00e9m continuam amenas e variando entre 20 a 24\u00b0C.<\/p>\n<p>Fonte: Defesa Civil-SC\/Epagri-Ciram<\/p>\n<p><strong>Charges SulSC<\/strong><\/p>\n<p><img decoding=\"async\" class=\"aligncenter size-full wp-image-26688\" src=\"http:\/\/sulsc.com\/wp-content\/uploads\/2025\/09\/2fc4e9ac-fb20-4a40-b2f3-1d098e6085f2.jpg\" alt=\"\" width=\"1046\" height=\"766\" srcset=\"https:\/\/sulsc.com\/wp-content\/uploads\/2025\/09\/2fc4e9ac-fb20-4a40-b2f3-1d098e6085f2.jpg 1046w, https:\/\/sulsc.com\/wp-content\/uploads\/2025\/09\/2fc4e9ac-fb20-4a40-b2f3-1d098e6085f2-300x220.jpg 300w, https:\/\/sulsc.com\/wp-content\/uploads\/2025\/09\/2fc4e9ac-fb20-4a40-b2f3-1d098e6085f2-1024x750.jpg 1024w, https:\/\/sulsc.com\/wp-content\/uploads\/2025\/09\/2fc4e9ac-fb20-4a40-b2f3-1d098e6085f2-768x562.jpg 768w\" sizes=\"(max-width: 1046px) 100vw, 1046px\" \/><\/p>\n","protected":false},"excerpt":{"rendered":"<p>O dia ser\u00e1 com a presen\u00e7a de muitas nuvens em toda SC, mas que por alguns momentos permitem aberturas de sol nesta quarta-feira (01\/10). Com o maior aquecimento e a influ\u00eancia de sistemas de baixa press\u00e3o, retornam as condi\u00e7\u00f5es para pancadas de chuva e temporais isolados entre o Extremo Oeste e o Planalto Norte, sobretudo &hellip;<\/p>\n<p class=\"read-more\"> <a class=\"\" href=\"https:\/\/sulsc.com\/index.php\/2025\/10\/01\/o-primeiro-dia-do-mes-de-outubro-sera-fechado-com-maximas-nao-passando-dos-24oc-na-regiao-sul\/\"> <span class=\"screen-reader-text\">O primeiro dia do m\u00eas de outubro ser\u00e1 fechado com m\u00e1ximas n\u00e3o passando dos 24\u00baC na regi\u00e3o Sul<\/span> Read More &raquo;<\/a><\/p>\n","protected":false},"author":3,"featured_media":24986,"comment_status":"open","ping_status":"open","sticky":false,"template":"","format":"standard","meta":{"site-sidebar-layout":"default","site-content-layout":"","ast-site-content-layout":"default","site-content-style":"default","site-sidebar-style":"default","ast-global-header-display":"","ast-banner-title-visibility":"","ast-main-header-display":"","ast-hfb-above-header-display":"","ast-hfb-below-header-display":"","ast-hfb-mobile-header-display":"","site-post-title":"","ast-breadcrumbs-content":"","ast-featured-img":"","footer-sml-layout":"","theme-transparent-header-meta":"default","adv-header-id-meta":"","stick-header-meta":"","header-above-stick-meta":"","header-main-stick-meta":"","header-below-stick-meta":"","astra-migrate-meta-layouts":"set","footnotes":""},"categories":[2354,2231,1,38,12],"tags":[90],"yoast_head":"<!-- This site is optimized with the Yoast SEO plugin v21.4 - https:\/\/yoast.com\/wordpress\/plugins\/seo\/ -->\n<title>O primeiro dia do m\u00eas de outubro ser\u00e1 fechado com m\u00e1ximas n\u00e3o passando dos 24\u00baC na regi\u00e3o Sul -<\/title>\n<meta name=\"robots\" content=\"index, follow, max-snippet:-1, max-image-preview:large, max-video-preview:-1\" \/>\n<link rel=\"canonical\" href=\"https:\/\/sulsc.com\/index.php\/2025\/10\/01\/o-primeiro-dia-do-mes-de-outubro-sera-fechado-com-maximas-nao-passando-dos-24oc-na-regiao-sul\/\" \/>\n<meta property=\"og:locale\" content=\"en_US\" \/>\n<meta property=\"og:type\" content=\"article\" \/>\n<meta property=\"og:title\" content=\"O primeiro dia do m\u00eas de outubro ser\u00e1 fechado com m\u00e1ximas n\u00e3o passando dos 24\u00baC na regi\u00e3o Sul -\" \/>\n<meta property=\"og:description\" content=\"O dia ser\u00e1 com a presen\u00e7a de muitas nuvens em toda SC, mas que por alguns momentos permitem aberturas de sol nesta quarta-feira (01\/10). Com o maior aquecimento e a influ\u00eancia de sistemas de baixa press\u00e3o, retornam as condi\u00e7\u00f5es para pancadas de chuva e temporais isolados entre o Extremo Oeste e o Planalto Norte, sobretudo &hellip; O primeiro dia do m\u00eas de outubro ser\u00e1 fechado com m\u00e1ximas n\u00e3o passando dos 24\u00baC na regi\u00e3o Sul Read More &raquo;\" \/>\n<meta property=\"og:url\" content=\"https:\/\/sulsc.com\/index.php\/2025\/10\/01\/o-primeiro-dia-do-mes-de-outubro-sera-fechado-com-maximas-nao-passando-dos-24oc-na-regiao-sul\/\" \/>\n<meta property=\"article:author\" content=\"https:\/\/www.facebook.com\/profile.php?id=61559278119680\" \/>\n<meta property=\"article:published_time\" content=\"2025-10-01T10:31:37+00:00\" \/>\n<meta property=\"og:image\" content=\"http:\/\/sulsc.com\/wp-content\/uploads\/2025\/06\/a13-4.jpg\" \/>\n\t<meta property=\"og:image:width\" content=\"1600\" \/>\n\t<meta property=\"og:image:height\" content=\"1276\" \/>\n\t<meta property=\"og:image:type\" content=\"image\/jpeg\" \/>\n<meta name=\"author\" content=\"Reda\u00e7\u00e3o Sul SC\" \/>\n<meta name=\"twitter:card\" content=\"summary_large_image\" \/>\n<meta name=\"twitter:creator\" content=\"@https:\/\/twitter.com\/PortalSulSC\" \/>\n<meta name=\"twitter:label1\" content=\"Written by\" \/>\n\t<meta name=\"twitter:data1\" content=\"Reda\u00e7\u00e3o Sul SC\" \/>\n\t<meta name=\"twitter:label2\" content=\"Est. reading time\" \/>\n\t<meta name=\"twitter:data2\" content=\"2 minutes\" \/>\n<script type=\"application\/ld+json\" class=\"yoast-schema-graph\">{\"@context\":\"https:\/\/schema.org\",\"@graph\":[{\"@type\":\"WebPage\",\"@id\":\"https:\/\/sulsc.com\/index.php\/2025\/10\/01\/o-primeiro-dia-do-mes-de-outubro-sera-fechado-com-maximas-nao-passando-dos-24oc-na-regiao-sul\/\",\"url\":\"https:\/\/sulsc.com\/index.php\/2025\/10\/01\/o-primeiro-dia-do-mes-de-outubro-sera-fechado-com-maximas-nao-passando-dos-24oc-na-regiao-sul\/\",\"name\":\"O primeiro dia do m\u00eas de outubro ser\u00e1 fechado com m\u00e1ximas n\u00e3o passando dos 24\u00baC na regi\u00e3o Sul -\",\"isPartOf\":{\"@id\":\"https:\/\/sulsc.com\/#website\"},\"datePublished\":\"2025-10-01T10:31:37+00:00\",\"dateModified\":\"2025-10-01T10:31:37+00:00\",\"author\":{\"@id\":\"https:\/\/sulsc.com\/#\/schema\/person\/84d2fc571684f6248ba83092f07750a3\"},\"breadcrumb\":{\"@id\":\"https:\/\/sulsc.com\/index.php\/2025\/10\/01\/o-primeiro-dia-do-mes-de-outubro-sera-fechado-com-maximas-nao-passando-dos-24oc-na-regiao-sul\/#breadcrumb\"},\"inLanguage\":\"en-US\",\"potentialAction\":[{\"@type\":\"ReadAction\",\"target\":[\"https:\/\/sulsc.com\/index.php\/2025\/10\/01\/o-primeiro-dia-do-mes-de-outubro-sera-fechado-com-maximas-nao-passando-dos-24oc-na-regiao-sul\/\"]}]},{\"@type\":\"BreadcrumbList\",\"@id\":\"https:\/\/sulsc.com\/index.php\/2025\/10\/01\/o-primeiro-dia-do-mes-de-outubro-sera-fechado-com-maximas-nao-passando-dos-24oc-na-regiao-sul\/#breadcrumb\",\"itemListElement\":[{\"@type\":\"ListItem\",\"position\":1,\"name\":\"In\u00edcio\",\"item\":\"https:\/\/sulsc.com\/\"},{\"@type\":\"ListItem\",\"position\":2,\"name\":\"O primeiro dia do m\u00eas de outubro ser\u00e1 fechado com m\u00e1ximas n\u00e3o passando dos 24\u00baC na regi\u00e3o Sul\"}]},{\"@type\":\"WebSite\",\"@id\":\"https:\/\/sulsc.com\/#website\",\"url\":\"https:\/\/sulsc.com\/\",\"name\":\"\",\"description\":\"\",\"potentialAction\":[{\"@type\":\"SearchAction\",\"target\":{\"@type\":\"EntryPoint\",\"urlTemplate\":\"https:\/\/sulsc.com\/?s={search_term_string}\"},\"query-input\":\"required name=search_term_string\"}],\"inLanguage\":\"en-US\"},{\"@type\":\"Person\",\"@id\":\"https:\/\/sulsc.com\/#\/schema\/person\/84d2fc571684f6248ba83092f07750a3\",\"name\":\"Reda\u00e7\u00e3o Sul SC\",\"image\":{\"@type\":\"ImageObject\",\"inLanguage\":\"en-US\",\"@id\":\"https:\/\/sulsc.com\/#\/schema\/person\/image\/e08d7fe2cc4ed596372063bbe852b8d0\",\"url\":\"https:\/\/sulsc.com\/wp-content\/uploads\/2023\/09\/redacao.png\",\"contentUrl\":\"https:\/\/sulsc.com\/wp-content\/uploads\/2023\/09\/redacao.png\",\"caption\":\"Reda\u00e7\u00e3o Sul SC\"},\"description\":\"Foco em um jornalismo imparcial, voltado \u00e0 qualidade dos seus conte\u00fados e, assim, levar informa\u00e7\u00e3o de valor que agregue \u00e0 vida dos leitores. Esta \u00e9 grande miss\u00e3o do Portal de Not\u00edcias Sul SC. N\u00e3o \u00e9 quantidade que muda o mundo, sempre foi e seguir\u00e1 sendo qualidade!\",\"sameAs\":[\"https:\/\/sulsc.com\/\",\"https:\/\/www.facebook.com\/profile.php?id=61559278119680\",\"https:\/\/www.instagram.com\/sulscportal\/?hl=pt-br\",\"https:\/\/twitter.com\/https:\/\/twitter.com\/PortalSulSC\",\"https:\/\/www.youtube.com\/channel\/UCv_BE8GeySluDov2n8qhVmw\"],\"url\":\"https:\/\/sulsc.com\/index.php\/author\/redacao\/\"}]}<\/script>\n<!-- \/ Yoast SEO plugin. -->","yoast_head_json":{"title":"O primeiro dia do m\u00eas de outubro ser\u00e1 fechado com m\u00e1ximas n\u00e3o passando dos 24\u00baC na regi\u00e3o Sul -","robots":{"index":"index","follow":"follow","max-snippet":"max-snippet:-1","max-image-preview":"max-image-preview:large","max-video-preview":"max-video-preview:-1"},"canonical":"https:\/\/sulsc.com\/index.php\/2025\/10\/01\/o-primeiro-dia-do-mes-de-outubro-sera-fechado-com-maximas-nao-passando-dos-24oc-na-regiao-sul\/","og_locale":"en_US","og_type":"article","og_title":"O primeiro dia do m\u00eas de outubro ser\u00e1 fechado com m\u00e1ximas n\u00e3o passando dos 24\u00baC na regi\u00e3o Sul -","og_description":"O dia ser\u00e1 com a presen\u00e7a de muitas nuvens em toda SC, mas que por alguns momentos permitem aberturas de sol nesta quarta-feira (01\/10). Com o maior aquecimento e a influ\u00eancia de sistemas de baixa press\u00e3o, retornam as condi\u00e7\u00f5es para pancadas de chuva e temporais isolados entre o Extremo Oeste e o Planalto Norte, sobretudo &hellip; O primeiro dia do m\u00eas de outubro ser\u00e1 fechado com m\u00e1ximas n\u00e3o passando dos 24\u00baC na regi\u00e3o Sul Read More &raquo;","og_url":"https:\/\/sulsc.com\/index.php\/2025\/10\/01\/o-primeiro-dia-do-mes-de-outubro-sera-fechado-com-maximas-nao-passando-dos-24oc-na-regiao-sul\/","article_author":"https:\/\/www.facebook.com\/profile.php?id=61559278119680","article_published_time":"2025-10-01T10:31:37+00:00","og_image":[{"width":1600,"height":1276,"url":"http:\/\/sulsc.com\/wp-content\/uploads\/2025\/06\/a13-4.jpg","type":"image\/jpeg"}],"author":"Reda\u00e7\u00e3o Sul SC","twitter_card":"summary_large_image","twitter_creator":"@https:\/\/twitter.com\/PortalSulSC","twitter_misc":{"Written by":"Reda\u00e7\u00e3o Sul SC","Est. reading time":"2 minutes"},"schema":{"@context":"https:\/\/schema.org","@graph":[{"@type":"WebPage","@id":"https:\/\/sulsc.com\/index.php\/2025\/10\/01\/o-primeiro-dia-do-mes-de-outubro-sera-fechado-com-maximas-nao-passando-dos-24oc-na-regiao-sul\/","url":"https:\/\/sulsc.com\/index.php\/2025\/10\/01\/o-primeiro-dia-do-mes-de-outubro-sera-fechado-com-maximas-nao-passando-dos-24oc-na-regiao-sul\/","name":"O primeiro dia do m\u00eas de outubro ser\u00e1 fechado com m\u00e1ximas n\u00e3o passando dos 24\u00baC na regi\u00e3o Sul -","isPartOf":{"@id":"https:\/\/sulsc.com\/#website"},"datePublished":"2025-10-01T10:31:37+00:00","dateModified":"2025-10-01T10:31:37+00:00","author":{"@id":"https:\/\/sulsc.com\/#\/schema\/person\/84d2fc571684f6248ba83092f07750a3"},"breadcrumb":{"@id":"https:\/\/sulsc.com\/index.php\/2025\/10\/01\/o-primeiro-dia-do-mes-de-outubro-sera-fechado-com-maximas-nao-passando-dos-24oc-na-regiao-sul\/#breadcrumb"},"inLanguage":"en-US","potentialAction":[{"@type":"ReadAction","target":["https:\/\/sulsc.com\/index.php\/2025\/10\/01\/o-primeiro-dia-do-mes-de-outubro-sera-fechado-com-maximas-nao-passando-dos-24oc-na-regiao-sul\/"]}]},{"@type":"BreadcrumbList","@id":"https:\/\/sulsc.com\/index.php\/2025\/10\/01\/o-primeiro-dia-do-mes-de-outubro-sera-fechado-com-maximas-nao-passando-dos-24oc-na-regiao-sul\/#breadcrumb","itemListElement":[{"@type":"ListItem","position":1,"name":"In\u00edcio","item":"https:\/\/sulsc.com\/"},{"@type":"ListItem","position":2,"name":"O primeiro dia do m\u00eas de outubro ser\u00e1 fechado com m\u00e1ximas n\u00e3o passando dos 24\u00baC na regi\u00e3o Sul"}]},{"@type":"WebSite","@id":"https:\/\/sulsc.com\/#website","url":"https:\/\/sulsc.com\/","name":"","description":"","potentialAction":[{"@type":"SearchAction","target":{"@type":"EntryPoint","urlTemplate":"https:\/\/sulsc.com\/?s={search_term_string}"},"query-input":"required name=search_term_string"}],"inLanguage":"en-US"},{"@type":"Person","@id":"https:\/\/sulsc.com\/#\/schema\/person\/84d2fc571684f6248ba83092f07750a3","name":"Reda\u00e7\u00e3o Sul SC","image":{"@type":"ImageObject","inLanguage":"en-US","@id":"https:\/\/sulsc.com\/#\/schema\/person\/image\/e08d7fe2cc4ed596372063bbe852b8d0","url":"https:\/\/sulsc.com\/wp-content\/uploads\/2023\/09\/redacao.png","contentUrl":"https:\/\/sulsc.com\/wp-content\/uploads\/2023\/09\/redacao.png","caption":"Reda\u00e7\u00e3o Sul SC"},"description":"Foco em um jornalismo imparcial, voltado \u00e0 qualidade dos seus conte\u00fados e, assim, levar informa\u00e7\u00e3o de valor que agregue \u00e0 vida dos leitores. Esta \u00e9 grande miss\u00e3o do Portal de Not\u00edcias Sul SC. N\u00e3o \u00e9 quantidade que muda o mundo, sempre foi e seguir\u00e1 sendo qualidade!","sameAs":["https:\/\/sulsc.com\/","https:\/\/www.facebook.com\/profile.php?id=61559278119680","https:\/\/www.instagram.com\/sulscportal\/?hl=pt-br","https:\/\/twitter.com\/https:\/\/twitter.com\/PortalSulSC","https:\/\/www.youtube.com\/channel\/UCv_BE8GeySluDov2n8qhVmw"],"url":"https:\/\/sulsc.com\/index.php\/author\/redacao\/"}]}},"authors":[],"_links":{"self":[{"href":"https:\/\/sulsc.com\/index.php\/wp-json\/wp\/v2\/posts\/27810"}],"collection":[{"href":"https:\/\/sulsc.com\/index.php\/wp-json\/wp\/v2\/posts"}],"about":[{"href":"https:\/\/sulsc.com\/index.php\/wp-json\/wp\/v2\/types\/post"}],"author":[{"embeddable":true,"href":"https:\/\/sulsc.com\/index.php\/wp-json\/wp\/v2\/users\/3"}],"replies":[{"embeddable":true,"href":"https:\/\/sulsc.com\/index.php\/wp-json\/wp\/v2\/comments?post=27810"}],"version-history":[{"count":1,"href":"https:\/\/sulsc.com\/index.php\/wp-json\/wp\/v2\/posts\/27810\/revisions"}],"predecessor-version":[{"id":27813,"href":"https:\/\/sulsc.com\/index.php\/wp-json\/wp\/v2\/posts\/27810\/revisions\/27813"}],"wp:featuredmedia":[{"embeddable":true,"href":"https:\/\/sulsc.com\/index.php\/wp-json\/wp\/v2\/media\/24986"}],"wp:attachment":[{"href":"https:\/\/sulsc.com\/index.php\/wp-json\/wp\/v2\/media?parent=27810"}],"wp:term":[{"taxonomy":"category","embeddable":true,"href":"https:\/\/sulsc.com\/index.php\/wp-json\/wp\/v2\/categories?post=27810"},{"taxonomy":"post_tag","embeddable":true,"href":"https:\/\/sulsc.com\/index.php\/wp-json\/wp\/v2\/tags?post=27810"}],"curies":[{"name":"wp","href":"https:\/\/api.w.org\/{rel}","templated":true}]}}