{"id":2786,"date":"2023-10-24T16:40:52","date_gmt":"2023-10-24T19:40:52","guid":{"rendered":"https:\/\/sulsc.com\/?p=2786"},"modified":"2023-10-24T16:23:00","modified_gmt":"2023-10-24T19:23:00","slug":"casan-aplica-tarifa-emergencial-em-100-municipios-para-familias-com-casas-atingidas-pelas-cheias","status":"publish","type":"post","link":"https:\/\/sulsc.com\/index.php\/2023\/10\/24\/casan-aplica-tarifa-emergencial-em-100-municipios-para-familias-com-casas-atingidas-pelas-cheias\/","title":{"rendered":"Casan aplica tarifa emergencial em 100 munic\u00edpios para fam\u00edlias com casas atingidas pelas cheias"},"content":{"rendered":"<p id=\"ext-gen1267\" data-raofz=\"16\">Para aliviar o pesado fardo das fam\u00edlias neste retorno para casa ap\u00f3s semanas em abrigos, a Companhia Catarinense de \u00c1guas e Saneamento (Casan) vai conceder um desconto emergencial na fatura dos im\u00f3veis afetados pelas enchentes em cidades atendidas pela Companhia. Do total de 159 munic\u00edpios que emitiram decretos de Situa\u00e7\u00e3o de Emerg\u00eancia, 100 est\u00e3o inclu\u00eddos no desconto por recomenda\u00e7\u00e3o do governador Jorginho Mello.<\/p>\n<p data-raofz=\"16\">O an\u00fancio desta e outras medidas emergenciais foi feito nesta ter\u00e7a-feira (23) durante coletiva do Programa Recupera Santa Catarina, do Governo do Estado.\u00a0O desconto na fatura de \u00e1gua ser\u00e1 realizado com base na m\u00e9dia dos \u00faltimos seis meses de consumo, de forma a isentar a cobran\u00e7a do volume excedente utilizado nesse per\u00edodo.<\/p>\n<p data-raofz=\"16\">\u201cAs pessoas v\u00e3o ter a possibilidade de usar a \u00e1gua necess\u00e1ria para fazer a limpeza em suas casas sem que esse valor seja considerado\u201d, explica o diretor-presidente da Companhia, Edson Moritz. A redu\u00e7\u00e3o \u00e9 significativa quando pensamos que as pessoas precisam utilizar muita \u00e1gua para remover a lama que se acumula nos im\u00f3veis ap\u00f3s as cheias prolongadas.<\/p>\n<p data-raofz=\"16\"><img fetchpriority=\"high\" decoding=\"async\" class=\"wp-image-264859\" style=\"font-style: inherit; font-weight: bold;\" src=\"https:\/\/estado.sc.gov.br\/noticias\/wp-content\/uploads\/sites\/3\/2023\/10\/53280448916_bbb37a376f_c.jpg\" alt=\"\" width=\"799\" height=\"533\" \/><\/p>\n<figure class=\"wp-block-image size-full\">Foto: Governador Jorginho Mello e Secret\u00e1rio da Defesa Civil, Coronel Armando Reis, durante an\u00fancio de medidas emergenciais do programa Recupera Santa Catarina. Eduardo Valente\/GOVSC<figcaption class=\"wp-element-caption\"><\/figcaption><p data-raofz=\"16\">A Casan tamb\u00e9m se comprometeu em manter o fornecimento de \u00e1gua para as unidades com faturas atrasadas nos \u00faltimos 60 dias nessas mesmas \u00e1reas atingidas. Qualquer atraso poder\u00e1 ser avaliado de forma posterior, por meio do programa de parcelamento da Companhia.<\/p>\n<p data-raofz=\"16\">O benef\u00edcio do desconto emergencial precisa ser solicitado pelos moradores mediante preenchimento do formul\u00e1rio que ser\u00e1 disponibilizado pela Companhia nos pr\u00f3ximos dias, no site casan.com.br. \u00c9 necess\u00e1rio o envio de comprova\u00e7\u00e3o do dano ocorrido no im\u00f3vel (foto ou outro documento).<\/p>\n<p data-raofz=\"16\">\n<p id=\"ext-gen1267\" data-raofz=\"16\"><strong>Cidades beneficiadas com o desconto emergencial:<\/strong><\/p>\n<p data-raofz=\"16\">Agrol\u00e2ndia<br \/>\nAgron\u00f4mica<br \/>\n\u00c1guas de Chapec\u00f3<br \/>\nAlfredo Wagner<br \/>\nAngelina<br \/>\nAnita Garibaldi<br \/>\nApi\u00fana<br \/>\nAraquari<br \/>\nArroio Trinta<br \/>\nAscurra<br \/>\nAtalanta<br \/>\nAurora<br \/>\nBalne\u00e1rio Barra do Sul<br \/>\nBela Vista do Toldo<br \/>\nBenedito Novo<br \/>\nBocaina do Sul<br \/>\nBom Jardim da Serra<br \/>\nBotuver\u00e1<br \/>\nCampo Belo do Sul<br \/>\nCanoinhas<br \/>\nCap\u00e3o Alto<br \/>\nChapad\u00e3o do Lageado<br \/>\nChapec\u00f3<br \/>\nConc\u00f3rdia<br \/>\nCorreia Pinto<br \/>\nCuritibanos<br \/>\nDona Emma<br \/>\nDoutor Pedrinho<br \/>\nEntre Rios<br \/>\nErval Velho<br \/>\nForquilhinha<br \/>\nGaropaba<br \/>\nIbiam<br \/>\nIbirama<br \/>\nI\u00e7ara<br \/>\nImbuia<br \/>\nIndaial<br \/>\nIpira<br \/>\nIpumirim<br \/>\nIrani<br \/>\nIrine\u00f3polis<br \/>\nIt\u00e1<br \/>\nItai\u00f3polis<br \/>\nItuporanga<br \/>\nJabor\u00e1<br \/>\nJos\u00e9 Boiteux<br \/>\nLacerd\u00f3polis<br \/>\nLaguna<br \/>\nLaurentino<br \/>\nLauro M\u00fcller<br \/>\nLebon R\u00e9gis<br \/>\nLeoberto Leal<br \/>\nLind\u00f3ia do Sul<br \/>\nLontras<br \/>\nMacieira<br \/>\nMafra<br \/>\nMajor Gercino<br \/>\nMajor Vieira<br \/>\nMatos Costa<br \/>\nMirim Doce<br \/>\nMonte Castelo<br \/>\nOtac\u00edlio Costa<br \/>\nPainel<br \/>\nPalmeira<br \/>\nPalmitos<br \/>\nPaulo Lopes<br \/>\nPetrol\u00e2ndia<br \/>\nPinheiro Preto<br \/>\nPiratuba<br \/>\nPonte Alta<br \/>\nPonte Alta do Norte<br \/>\nPorto Uni\u00e3o<br \/>\nPouso Redondo<br \/>\nPresidente Nereu<br \/>\nRancho Queimado<br \/>\nRio do Campo<br \/>\nRio do Oeste<br \/>\nRio do Sul<br \/>\nRodeio<br \/>\nSalete<br \/>\nSalto Veloso<br \/>\nSanta Terezinha<br \/>\nSanto Amaro da Imperatriz<br \/>\nS\u00e3o Carlos<br \/>\nS\u00e3o Crist\u00f3v\u00e3o do Sul<br \/>\nS\u00e3o Jo\u00e3o do Sul<br \/>\nS\u00e3o Joaquim<br \/>\nS\u00e3o Jos\u00e9 do Cerrito<br \/>\nSider\u00f3polis<br \/>\nTai\u00f3<br \/>\nTangar\u00e1<br \/>\nTreze Tilias<br \/>\nTrombudo Central<br \/>\nUrubici<br \/>\nUrupema<br \/>\nVargem Bonita<br \/>\nVidal Ramos<br \/>\nVitor Meireles<br \/>\nWitmarsum<br \/>\nXavantina<\/p>\n<div class=\"addtoany_share_save_container addtoany_content addtoany_content_bottom\" data-raofz=\"16\">\n<div class=\"a2a_kit a2a_kit_size_22 addtoany_list\" data-a2a-url=\"https:\/\/estado.sc.gov.br\/noticias\/casan-aplica-tarifa-emergencial-em-100-municipios-para-familias-com-casas-atingidas-pelas-cheias-2\/\" data-a2a-title=\"CASAN aplica tarifa emergencial em 100 munic\u00edpios para fam\u00edlias com casas atingidas pelas cheias\" data-raofz=\"16\"><\/div>\n<\/div>\n<p>Fonte: Gov. SC<\/figure>\n","protected":false},"excerpt":{"rendered":"<p>Para aliviar o pesado fardo das fam\u00edlias neste retorno para casa ap\u00f3s semanas em abrigos, a Companhia Catarinense de \u00c1guas e Saneamento (Casan) vai conceder um desconto emergencial na fatura dos im\u00f3veis afetados pelas enchentes em cidades atendidas pela Companhia. Do total de 159 munic\u00edpios que emitiram decretos de Situa\u00e7\u00e3o de Emerg\u00eancia, 100 est\u00e3o inclu\u00eddos &hellip;<\/p>\n<p class=\"read-more\"> <a class=\"\" href=\"https:\/\/sulsc.com\/index.php\/2023\/10\/24\/casan-aplica-tarifa-emergencial-em-100-municipios-para-familias-com-casas-atingidas-pelas-cheias\/\"> <span class=\"screen-reader-text\">Casan aplica tarifa emergencial em 100 munic\u00edpios para fam\u00edlias com casas atingidas pelas cheias<\/span> Read More &raquo;<\/a><\/p>\n","protected":false},"author":3,"featured_media":2787,"comment_status":"open","ping_status":"open","sticky":false,"template":"","format":"standard","meta":{"site-sidebar-layout":"default","site-content-layout":"","ast-site-content-layout":"default","site-content-style":"default","site-sidebar-style":"default","ast-global-header-display":"","ast-banner-title-visibility":"","ast-main-header-display":"","ast-hfb-above-header-display":"","ast-hfb-below-header-display":"","ast-hfb-mobile-header-display":"","site-post-title":"","ast-breadcrumbs-content":"","ast-featured-img":"","footer-sml-layout":"","theme-transparent-header-meta":"default","adv-header-id-meta":"","stick-header-meta":"","header-above-stick-meta":"","header-main-stick-meta":"","header-below-stick-meta":"","astra-migrate-meta-layouts":"set","footnotes":""},"categories":[1],"tags":[],"yoast_head":"<!-- This site is optimized with the Yoast SEO plugin v21.4 - https:\/\/yoast.com\/wordpress\/plugins\/seo\/ -->\n<title>Casan aplica tarifa emergencial em 100 munic\u00edpios para fam\u00edlias com casas atingidas pelas cheias -<\/title>\n<meta name=\"robots\" content=\"index, follow, max-snippet:-1, max-image-preview:large, max-video-preview:-1\" \/>\n<link rel=\"canonical\" href=\"https:\/\/sulsc.com\/index.php\/2023\/10\/24\/casan-aplica-tarifa-emergencial-em-100-municipios-para-familias-com-casas-atingidas-pelas-cheias\/\" \/>\n<meta property=\"og:locale\" content=\"en_US\" \/>\n<meta property=\"og:type\" content=\"article\" \/>\n<meta property=\"og:title\" content=\"Casan aplica tarifa emergencial em 100 munic\u00edpios para fam\u00edlias com casas atingidas pelas cheias -\" \/>\n<meta property=\"og:description\" content=\"Para aliviar o pesado fardo das fam\u00edlias neste retorno para casa ap\u00f3s semanas em abrigos, a Companhia Catarinense de \u00c1guas e Saneamento (Casan) vai conceder um desconto emergencial na fatura dos im\u00f3veis afetados pelas enchentes em cidades atendidas pela Companhia. Do total de 159 munic\u00edpios que emitiram decretos de Situa\u00e7\u00e3o de Emerg\u00eancia, 100 est\u00e3o inclu\u00eddos &hellip; Casan aplica tarifa emergencial em 100 munic\u00edpios para fam\u00edlias com casas atingidas pelas cheias Read More &raquo;\" \/>\n<meta property=\"og:url\" content=\"https:\/\/sulsc.com\/index.php\/2023\/10\/24\/casan-aplica-tarifa-emergencial-em-100-municipios-para-familias-com-casas-atingidas-pelas-cheias\/\" \/>\n<meta property=\"article:author\" content=\"https:\/\/www.facebook.com\/profile.php?id=61559278119680\" \/>\n<meta property=\"article:published_time\" content=\"2023-10-24T19:40:52+00:00\" \/>\n<meta property=\"article:modified_time\" content=\"2023-10-24T19:23:00+00:00\" \/>\n<meta property=\"og:image\" content=\"https:\/\/sulsc.com\/wp-content\/uploads\/2023\/10\/Casan-aplica-tarifa-emergencial-em-100-municipios-para-familias-com-casas-atingidas-pelas-cheias.jpg\" \/>\n\t<meta property=\"og:image:width\" content=\"800\" \/>\n\t<meta property=\"og:image:height\" content=\"533\" \/>\n\t<meta property=\"og:image:type\" content=\"image\/jpeg\" \/>\n<meta name=\"author\" content=\"Reda\u00e7\u00e3o Sul SC\" \/>\n<meta name=\"twitter:card\" content=\"summary_large_image\" \/>\n<meta name=\"twitter:creator\" content=\"@https:\/\/twitter.com\/PortalSulSC\" \/>\n<meta name=\"twitter:label1\" content=\"Written by\" \/>\n\t<meta name=\"twitter:data1\" content=\"Reda\u00e7\u00e3o Sul SC\" \/>\n\t<meta name=\"twitter:label2\" content=\"Est. reading time\" \/>\n\t<meta name=\"twitter:data2\" content=\"3 minutes\" \/>\n<script type=\"application\/ld+json\" class=\"yoast-schema-graph\">{\"@context\":\"https:\/\/schema.org\",\"@graph\":[{\"@type\":\"WebPage\",\"@id\":\"https:\/\/sulsc.com\/index.php\/2023\/10\/24\/casan-aplica-tarifa-emergencial-em-100-municipios-para-familias-com-casas-atingidas-pelas-cheias\/\",\"url\":\"https:\/\/sulsc.com\/index.php\/2023\/10\/24\/casan-aplica-tarifa-emergencial-em-100-municipios-para-familias-com-casas-atingidas-pelas-cheias\/\",\"name\":\"Casan aplica tarifa emergencial em 100 munic\u00edpios para fam\u00edlias com casas atingidas pelas cheias -\",\"isPartOf\":{\"@id\":\"https:\/\/sulsc.com\/#website\"},\"datePublished\":\"2023-10-24T19:40:52+00:00\",\"dateModified\":\"2023-10-24T19:23:00+00:00\",\"author\":{\"@id\":\"https:\/\/sulsc.com\/#\/schema\/person\/84d2fc571684f6248ba83092f07750a3\"},\"breadcrumb\":{\"@id\":\"https:\/\/sulsc.com\/index.php\/2023\/10\/24\/casan-aplica-tarifa-emergencial-em-100-municipios-para-familias-com-casas-atingidas-pelas-cheias\/#breadcrumb\"},\"inLanguage\":\"en-US\",\"potentialAction\":[{\"@type\":\"ReadAction\",\"target\":[\"https:\/\/sulsc.com\/index.php\/2023\/10\/24\/casan-aplica-tarifa-emergencial-em-100-municipios-para-familias-com-casas-atingidas-pelas-cheias\/\"]}]},{\"@type\":\"BreadcrumbList\",\"@id\":\"https:\/\/sulsc.com\/index.php\/2023\/10\/24\/casan-aplica-tarifa-emergencial-em-100-municipios-para-familias-com-casas-atingidas-pelas-cheias\/#breadcrumb\",\"itemListElement\":[{\"@type\":\"ListItem\",\"position\":1,\"name\":\"In\u00edcio\",\"item\":\"https:\/\/sulsc.com\/\"},{\"@type\":\"ListItem\",\"position\":2,\"name\":\"Casan aplica tarifa emergencial em 100 munic\u00edpios para fam\u00edlias com casas atingidas pelas cheias\"}]},{\"@type\":\"WebSite\",\"@id\":\"https:\/\/sulsc.com\/#website\",\"url\":\"https:\/\/sulsc.com\/\",\"name\":\"\",\"description\":\"\",\"potentialAction\":[{\"@type\":\"SearchAction\",\"target\":{\"@type\":\"EntryPoint\",\"urlTemplate\":\"https:\/\/sulsc.com\/?s={search_term_string}\"},\"query-input\":\"required name=search_term_string\"}],\"inLanguage\":\"en-US\"},{\"@type\":\"Person\",\"@id\":\"https:\/\/sulsc.com\/#\/schema\/person\/84d2fc571684f6248ba83092f07750a3\",\"name\":\"Reda\u00e7\u00e3o Sul SC\",\"image\":{\"@type\":\"ImageObject\",\"inLanguage\":\"en-US\",\"@id\":\"https:\/\/sulsc.com\/#\/schema\/person\/image\/e08d7fe2cc4ed596372063bbe852b8d0\",\"url\":\"https:\/\/sulsc.com\/wp-content\/uploads\/2023\/09\/redacao.png\",\"contentUrl\":\"https:\/\/sulsc.com\/wp-content\/uploads\/2023\/09\/redacao.png\",\"caption\":\"Reda\u00e7\u00e3o Sul SC\"},\"description\":\"Foco em um jornalismo imparcial, voltado \u00e0 qualidade dos seus conte\u00fados e, assim, levar informa\u00e7\u00e3o de valor que agregue \u00e0 vida dos leitores. Esta \u00e9 grande miss\u00e3o do Portal de Not\u00edcias Sul SC. N\u00e3o \u00e9 quantidade que muda o mundo, sempre foi e seguir\u00e1 sendo qualidade!\",\"sameAs\":[\"https:\/\/sulsc.com\/\",\"https:\/\/www.facebook.com\/profile.php?id=61559278119680\",\"https:\/\/www.instagram.com\/sulscportal\/?hl=pt-br\",\"https:\/\/twitter.com\/https:\/\/twitter.com\/PortalSulSC\",\"https:\/\/www.youtube.com\/channel\/UCv_BE8GeySluDov2n8qhVmw\"],\"url\":\"https:\/\/sulsc.com\/index.php\/author\/redacao\/\"}]}<\/script>\n<!-- \/ Yoast SEO plugin. -->","yoast_head_json":{"title":"Casan aplica tarifa emergencial em 100 munic\u00edpios para fam\u00edlias com casas atingidas pelas cheias -","robots":{"index":"index","follow":"follow","max-snippet":"max-snippet:-1","max-image-preview":"max-image-preview:large","max-video-preview":"max-video-preview:-1"},"canonical":"https:\/\/sulsc.com\/index.php\/2023\/10\/24\/casan-aplica-tarifa-emergencial-em-100-municipios-para-familias-com-casas-atingidas-pelas-cheias\/","og_locale":"en_US","og_type":"article","og_title":"Casan aplica tarifa emergencial em 100 munic\u00edpios para fam\u00edlias com casas atingidas pelas cheias -","og_description":"Para aliviar o pesado fardo das fam\u00edlias neste retorno para casa ap\u00f3s semanas em abrigos, a Companhia Catarinense de \u00c1guas e Saneamento (Casan) vai conceder um desconto emergencial na fatura dos im\u00f3veis afetados pelas enchentes em cidades atendidas pela Companhia. Do total de 159 munic\u00edpios que emitiram decretos de Situa\u00e7\u00e3o de Emerg\u00eancia, 100 est\u00e3o inclu\u00eddos &hellip; Casan aplica tarifa emergencial em 100 munic\u00edpios para fam\u00edlias com casas atingidas pelas cheias Read More &raquo;","og_url":"https:\/\/sulsc.com\/index.php\/2023\/10\/24\/casan-aplica-tarifa-emergencial-em-100-municipios-para-familias-com-casas-atingidas-pelas-cheias\/","article_author":"https:\/\/www.facebook.com\/profile.php?id=61559278119680","article_published_time":"2023-10-24T19:40:52+00:00","article_modified_time":"2023-10-24T19:23:00+00:00","og_image":[{"width":800,"height":533,"url":"https:\/\/sulsc.com\/wp-content\/uploads\/2023\/10\/Casan-aplica-tarifa-emergencial-em-100-municipios-para-familias-com-casas-atingidas-pelas-cheias.jpg","type":"image\/jpeg"}],"author":"Reda\u00e7\u00e3o Sul SC","twitter_card":"summary_large_image","twitter_creator":"@https:\/\/twitter.com\/PortalSulSC","twitter_misc":{"Written by":"Reda\u00e7\u00e3o Sul SC","Est. reading time":"3 minutes"},"schema":{"@context":"https:\/\/schema.org","@graph":[{"@type":"WebPage","@id":"https:\/\/sulsc.com\/index.php\/2023\/10\/24\/casan-aplica-tarifa-emergencial-em-100-municipios-para-familias-com-casas-atingidas-pelas-cheias\/","url":"https:\/\/sulsc.com\/index.php\/2023\/10\/24\/casan-aplica-tarifa-emergencial-em-100-municipios-para-familias-com-casas-atingidas-pelas-cheias\/","name":"Casan aplica tarifa emergencial em 100 munic\u00edpios para fam\u00edlias com casas atingidas pelas cheias -","isPartOf":{"@id":"https:\/\/sulsc.com\/#website"},"datePublished":"2023-10-24T19:40:52+00:00","dateModified":"2023-10-24T19:23:00+00:00","author":{"@id":"https:\/\/sulsc.com\/#\/schema\/person\/84d2fc571684f6248ba83092f07750a3"},"breadcrumb":{"@id":"https:\/\/sulsc.com\/index.php\/2023\/10\/24\/casan-aplica-tarifa-emergencial-em-100-municipios-para-familias-com-casas-atingidas-pelas-cheias\/#breadcrumb"},"inLanguage":"en-US","potentialAction":[{"@type":"ReadAction","target":["https:\/\/sulsc.com\/index.php\/2023\/10\/24\/casan-aplica-tarifa-emergencial-em-100-municipios-para-familias-com-casas-atingidas-pelas-cheias\/"]}]},{"@type":"BreadcrumbList","@id":"https:\/\/sulsc.com\/index.php\/2023\/10\/24\/casan-aplica-tarifa-emergencial-em-100-municipios-para-familias-com-casas-atingidas-pelas-cheias\/#breadcrumb","itemListElement":[{"@type":"ListItem","position":1,"name":"In\u00edcio","item":"https:\/\/sulsc.com\/"},{"@type":"ListItem","position":2,"name":"Casan aplica tarifa emergencial em 100 munic\u00edpios para fam\u00edlias com casas atingidas pelas cheias"}]},{"@type":"WebSite","@id":"https:\/\/sulsc.com\/#website","url":"https:\/\/sulsc.com\/","name":"","description":"","potentialAction":[{"@type":"SearchAction","target":{"@type":"EntryPoint","urlTemplate":"https:\/\/sulsc.com\/?s={search_term_string}"},"query-input":"required name=search_term_string"}],"inLanguage":"en-US"},{"@type":"Person","@id":"https:\/\/sulsc.com\/#\/schema\/person\/84d2fc571684f6248ba83092f07750a3","name":"Reda\u00e7\u00e3o Sul SC","image":{"@type":"ImageObject","inLanguage":"en-US","@id":"https:\/\/sulsc.com\/#\/schema\/person\/image\/e08d7fe2cc4ed596372063bbe852b8d0","url":"https:\/\/sulsc.com\/wp-content\/uploads\/2023\/09\/redacao.png","contentUrl":"https:\/\/sulsc.com\/wp-content\/uploads\/2023\/09\/redacao.png","caption":"Reda\u00e7\u00e3o Sul SC"},"description":"Foco em um jornalismo imparcial, voltado \u00e0 qualidade dos seus conte\u00fados e, assim, levar informa\u00e7\u00e3o de valor que agregue \u00e0 vida dos leitores. Esta \u00e9 grande miss\u00e3o do Portal de Not\u00edcias Sul SC. N\u00e3o \u00e9 quantidade que muda o mundo, sempre foi e seguir\u00e1 sendo qualidade!","sameAs":["https:\/\/sulsc.com\/","https:\/\/www.facebook.com\/profile.php?id=61559278119680","https:\/\/www.instagram.com\/sulscportal\/?hl=pt-br","https:\/\/twitter.com\/https:\/\/twitter.com\/PortalSulSC","https:\/\/www.youtube.com\/channel\/UCv_BE8GeySluDov2n8qhVmw"],"url":"https:\/\/sulsc.com\/index.php\/author\/redacao\/"}]}},"authors":[],"_links":{"self":[{"href":"https:\/\/sulsc.com\/index.php\/wp-json\/wp\/v2\/posts\/2786"}],"collection":[{"href":"https:\/\/sulsc.com\/index.php\/wp-json\/wp\/v2\/posts"}],"about":[{"href":"https:\/\/sulsc.com\/index.php\/wp-json\/wp\/v2\/types\/post"}],"author":[{"embeddable":true,"href":"https:\/\/sulsc.com\/index.php\/wp-json\/wp\/v2\/users\/3"}],"replies":[{"embeddable":true,"href":"https:\/\/sulsc.com\/index.php\/wp-json\/wp\/v2\/comments?post=2786"}],"version-history":[{"count":1,"href":"https:\/\/sulsc.com\/index.php\/wp-json\/wp\/v2\/posts\/2786\/revisions"}],"predecessor-version":[{"id":2788,"href":"https:\/\/sulsc.com\/index.php\/wp-json\/wp\/v2\/posts\/2786\/revisions\/2788"}],"wp:featuredmedia":[{"embeddable":true,"href":"https:\/\/sulsc.com\/index.php\/wp-json\/wp\/v2\/media\/2787"}],"wp:attachment":[{"href":"https:\/\/sulsc.com\/index.php\/wp-json\/wp\/v2\/media?parent=2786"}],"wp:term":[{"taxonomy":"category","embeddable":true,"href":"https:\/\/sulsc.com\/index.php\/wp-json\/wp\/v2\/categories?post=2786"},{"taxonomy":"post_tag","embeddable":true,"href":"https:\/\/sulsc.com\/index.php\/wp-json\/wp\/v2\/tags?post=2786"}],"curies":[{"name":"wp","href":"https:\/\/api.w.org\/{rel}","templated":true}]}}