{"id":2790,"date":"2023-10-24T17:20:04","date_gmt":"2023-10-24T20:20:04","guid":{"rendered":"https:\/\/sulsc.com\/?p=2790"},"modified":"2023-10-24T17:27:37","modified_gmt":"2023-10-24T20:27:37","slug":"braco-do-norte-comemora-68-anos-com-muitas-atracoes","status":"publish","type":"post","link":"https:\/\/sulsc.com\/index.php\/2023\/10\/24\/braco-do-norte-comemora-68-anos-com-muitas-atracoes\/","title":{"rendered":"Bra\u00e7o do Norte comemora 68 anos com muitas atra\u00e7\u00f5es"},"content":{"rendered":"<p>Os 68 anos de emancipa\u00e7\u00e3o pol\u00edtico-administrativa de Bra\u00e7o do Norte foram comemorados com uma s\u00e9rie de atra\u00e7\u00f5es culturais e esportivas. A apresenta\u00e7\u00e3o principal foi a Camerata Florian\u00f3polis, com o Especial Beatles, que lotou o Parque da Fam\u00edlia na noite de s\u00e1bado (21).<\/p>\n<p>A programa\u00e7\u00e3o iniciou na noite de quarta-feira (18), com as atra\u00e7\u00f5es da R\u00e1dio Stylo FM que apresentou Joaquina Leal, J\u00fanior M\u00fcller, Brotherrock e Pagode do Biga (PDB). J\u00e1 na quinta-feira (19), iniciou o Rodeio Crioulo Nacional, no CTG Est\u00e2ncia do Vale, que foi at\u00e9 o domingo (23). Tamb\u00e9m no dia 19, a R\u00e1dio Verde Vale apresentou, no Parque da Fam\u00edlia, o Padre Ezequiel Dal Pozzo, para uma noite de celebra\u00e7\u00e3o e agradecimentos.<\/p>\n<p>Na sexta-feira (20), foi a grande final do Soletrando, que este ano ficou com as escolas Matilde Niehues Philippi, do S\u00e3o Janu\u00e1rio, e Professor Ant\u00f4nio Rohden, do Centro. Tamb\u00e9m teve in\u00edcio o 2\u00b0 Torneio de Bocha Cidade de Bra\u00e7o do Norte, no Pavilh\u00e3o de Bocha Fredolino Augusto Kuerten. A noite, foi a vez do Festival Sertanejo da R\u00e1dio Hiperativa, que contou com o DJ Kleiton Matos, Mari e Rafa, Daniel Alberton e F\u00e1bio Varela.<\/p>\n<p><img fetchpriority=\"high\" decoding=\"async\" class=\"alignnone size-large wp-image-2792\" src=\"http:\/\/sulsc.com\/wp-content\/uploads\/2023\/10\/WhatsApp-Image-2023-10-23-at-21.09.55-1024x681.jpeg\" alt=\"\" width=\"1024\" height=\"681\" srcset=\"https:\/\/sulsc.com\/wp-content\/uploads\/2023\/10\/WhatsApp-Image-2023-10-23-at-21.09.55-1024x681.jpeg 1024w, https:\/\/sulsc.com\/wp-content\/uploads\/2023\/10\/WhatsApp-Image-2023-10-23-at-21.09.55-300x200.jpeg 300w, https:\/\/sulsc.com\/wp-content\/uploads\/2023\/10\/WhatsApp-Image-2023-10-23-at-21.09.55-768x511.jpeg 768w, https:\/\/sulsc.com\/wp-content\/uploads\/2023\/10\/WhatsApp-Image-2023-10-23-at-21.09.55-1536x1021.jpeg 1536w, https:\/\/sulsc.com\/wp-content\/uploads\/2023\/10\/WhatsApp-Image-2023-10-23-at-21.09.55.jpeg 1600w\" sizes=\"(max-width: 1024px) 100vw, 1024px\" \/><\/p>\n<p>O s\u00e1bado (21), iniciou com o BN Bier Festival, com m\u00fasica ao vivo na pra\u00e7a de alimenta\u00e7\u00e3o montada no Parque da Fam\u00edlia. A tarde, a tradicional Valley Run reuniu centenas de corredores. Na categoria feminina, a bra\u00e7onortense Let\u00edcia Askel Batista, foi a grande campe\u00e3 geral, completando os 8 quil\u00f4metros em 40min10s. Foram premiados com trof\u00e9us os atletas do 1\u00b0 ao 5\u00b0 lugar geral solo e duplas e, tamb\u00e9m, do 1\u00b0 ao 3\u00b0 lugar nas faixas et\u00e1rias na modalidade solo. Os atletas que completaram o percurso receberam medalhas de participa\u00e7\u00e3o.<\/p>\n<p>O domingo, dia do Munic\u00edpio, iniciou com um passeio cicl\u00edstico, promovido pelo Pedal BN, com a participa\u00e7\u00e3o de mais de 40 ciclistas, com sa\u00edda e chegada no Parque da Fam\u00edlia. A \u00faltima atividade no parque foi o Campeonato de Taco. J\u00e1 na Pra\u00e7a Padre R\u00f6er, no Centro, o dia de foi de confraterniza\u00e7\u00e3o com o Encontro de Carros Antigos, organizado pelo Amigos e Antigos do Vale.<br \/>\nPara o prefeito, Beto Kuerten Marcelino, as comemora\u00e7\u00f5es foram grandiosas.<\/p>\n<p>\u201cAgrade\u00e7o muito ao p\u00fablico que compareceu, participou de forma ordeira e, como sempre, prestigiou toda a programa\u00e7\u00e3o que foi feita com muito carinho, cuidada em cada detalhe pela nossa equipe organizadora aguerrida e nossos parceiros\u201d, encerrou o prefeito.<\/p>\n","protected":false},"excerpt":{"rendered":"<p>Os 68 anos de emancipa\u00e7\u00e3o pol\u00edtico-administrativa de Bra\u00e7o do Norte foram comemorados com uma s\u00e9rie de atra\u00e7\u00f5es culturais e esportivas. A apresenta\u00e7\u00e3o principal foi a Camerata Florian\u00f3polis, com o Especial Beatles, que lotou o Parque da Fam\u00edlia na noite de s\u00e1bado (21). A programa\u00e7\u00e3o iniciou na noite de quarta-feira (18), com as atra\u00e7\u00f5es da R\u00e1dio &hellip;<\/p>\n<p class=\"read-more\"> <a class=\"\" href=\"https:\/\/sulsc.com\/index.php\/2023\/10\/24\/braco-do-norte-comemora-68-anos-com-muitas-atracoes\/\"> <span class=\"screen-reader-text\">Bra\u00e7o do Norte comemora 68 anos com muitas atra\u00e7\u00f5es<\/span> Read More &raquo;<\/a><\/p>\n","protected":false},"author":3,"featured_media":2791,"comment_status":"open","ping_status":"open","sticky":false,"template":"","format":"standard","meta":{"site-sidebar-layout":"default","site-content-layout":"","ast-site-content-layout":"default","site-content-style":"default","site-sidebar-style":"default","ast-global-header-display":"","ast-banner-title-visibility":"","ast-main-header-display":"","ast-hfb-above-header-display":"","ast-hfb-below-header-display":"","ast-hfb-mobile-header-display":"","site-post-title":"","ast-breadcrumbs-content":"","ast-featured-img":"","footer-sml-layout":"","theme-transparent-header-meta":"default","adv-header-id-meta":"","stick-header-meta":"","header-above-stick-meta":"","header-main-stick-meta":"","header-below-stick-meta":"","astra-migrate-meta-layouts":"set","footnotes":""},"categories":[1],"tags":[],"yoast_head":"<!-- This site is optimized with the Yoast SEO plugin v21.4 - https:\/\/yoast.com\/wordpress\/plugins\/seo\/ -->\n<title>Bra\u00e7o do Norte comemora 68 anos com muitas atra\u00e7\u00f5es -<\/title>\n<meta name=\"robots\" content=\"index, follow, max-snippet:-1, max-image-preview:large, max-video-preview:-1\" \/>\n<link rel=\"canonical\" href=\"https:\/\/sulsc.com\/index.php\/2023\/10\/24\/braco-do-norte-comemora-68-anos-com-muitas-atracoes\/\" \/>\n<meta property=\"og:locale\" content=\"en_US\" \/>\n<meta property=\"og:type\" content=\"article\" \/>\n<meta property=\"og:title\" content=\"Bra\u00e7o do Norte comemora 68 anos com muitas atra\u00e7\u00f5es -\" \/>\n<meta property=\"og:description\" content=\"Os 68 anos de emancipa\u00e7\u00e3o pol\u00edtico-administrativa de Bra\u00e7o do Norte foram comemorados com uma s\u00e9rie de atra\u00e7\u00f5es culturais e esportivas. A apresenta\u00e7\u00e3o principal foi a Camerata Florian\u00f3polis, com o Especial Beatles, que lotou o Parque da Fam\u00edlia na noite de s\u00e1bado (21). A programa\u00e7\u00e3o iniciou na noite de quarta-feira (18), com as atra\u00e7\u00f5es da R\u00e1dio &hellip; Bra\u00e7o do Norte comemora 68 anos com muitas atra\u00e7\u00f5es Read More &raquo;\" \/>\n<meta property=\"og:url\" content=\"https:\/\/sulsc.com\/index.php\/2023\/10\/24\/braco-do-norte-comemora-68-anos-com-muitas-atracoes\/\" \/>\n<meta property=\"article:author\" content=\"https:\/\/www.facebook.com\/profile.php?id=61559278119680\" \/>\n<meta property=\"article:published_time\" content=\"2023-10-24T20:20:04+00:00\" \/>\n<meta property=\"article:modified_time\" content=\"2023-10-24T20:27:37+00:00\" \/>\n<meta property=\"og:image\" content=\"http:\/\/sulsc.com\/wp-content\/uploads\/2023\/10\/WhatsApp-Image-2023-10-23-at-21.10.03.jpeg\" \/>\n\t<meta property=\"og:image:width\" content=\"1600\" \/>\n\t<meta property=\"og:image:height\" content=\"1064\" \/>\n\t<meta property=\"og:image:type\" content=\"image\/jpeg\" \/>\n<meta name=\"author\" content=\"Reda\u00e7\u00e3o Sul SC\" \/>\n<meta name=\"twitter:card\" content=\"summary_large_image\" \/>\n<meta name=\"twitter:creator\" content=\"@https:\/\/twitter.com\/PortalSulSC\" \/>\n<meta name=\"twitter:label1\" content=\"Written by\" \/>\n\t<meta name=\"twitter:data1\" content=\"Reda\u00e7\u00e3o Sul SC\" \/>\n\t<meta name=\"twitter:label2\" content=\"Est. reading time\" \/>\n\t<meta name=\"twitter:data2\" content=\"3 minutes\" \/>\n<script type=\"application\/ld+json\" class=\"yoast-schema-graph\">{\"@context\":\"https:\/\/schema.org\",\"@graph\":[{\"@type\":\"WebPage\",\"@id\":\"https:\/\/sulsc.com\/index.php\/2023\/10\/24\/braco-do-norte-comemora-68-anos-com-muitas-atracoes\/\",\"url\":\"https:\/\/sulsc.com\/index.php\/2023\/10\/24\/braco-do-norte-comemora-68-anos-com-muitas-atracoes\/\",\"name\":\"Bra\u00e7o do Norte comemora 68 anos com muitas atra\u00e7\u00f5es -\",\"isPartOf\":{\"@id\":\"https:\/\/sulsc.com\/#website\"},\"datePublished\":\"2023-10-24T20:20:04+00:00\",\"dateModified\":\"2023-10-24T20:27:37+00:00\",\"author\":{\"@id\":\"https:\/\/sulsc.com\/#\/schema\/person\/84d2fc571684f6248ba83092f07750a3\"},\"breadcrumb\":{\"@id\":\"https:\/\/sulsc.com\/index.php\/2023\/10\/24\/braco-do-norte-comemora-68-anos-com-muitas-atracoes\/#breadcrumb\"},\"inLanguage\":\"en-US\",\"potentialAction\":[{\"@type\":\"ReadAction\",\"target\":[\"https:\/\/sulsc.com\/index.php\/2023\/10\/24\/braco-do-norte-comemora-68-anos-com-muitas-atracoes\/\"]}]},{\"@type\":\"BreadcrumbList\",\"@id\":\"https:\/\/sulsc.com\/index.php\/2023\/10\/24\/braco-do-norte-comemora-68-anos-com-muitas-atracoes\/#breadcrumb\",\"itemListElement\":[{\"@type\":\"ListItem\",\"position\":1,\"name\":\"In\u00edcio\",\"item\":\"https:\/\/sulsc.com\/\"},{\"@type\":\"ListItem\",\"position\":2,\"name\":\"Bra\u00e7o do Norte comemora 68 anos com muitas atra\u00e7\u00f5es\"}]},{\"@type\":\"WebSite\",\"@id\":\"https:\/\/sulsc.com\/#website\",\"url\":\"https:\/\/sulsc.com\/\",\"name\":\"\",\"description\":\"\",\"potentialAction\":[{\"@type\":\"SearchAction\",\"target\":{\"@type\":\"EntryPoint\",\"urlTemplate\":\"https:\/\/sulsc.com\/?s={search_term_string}\"},\"query-input\":\"required name=search_term_string\"}],\"inLanguage\":\"en-US\"},{\"@type\":\"Person\",\"@id\":\"https:\/\/sulsc.com\/#\/schema\/person\/84d2fc571684f6248ba83092f07750a3\",\"name\":\"Reda\u00e7\u00e3o Sul SC\",\"image\":{\"@type\":\"ImageObject\",\"inLanguage\":\"en-US\",\"@id\":\"https:\/\/sulsc.com\/#\/schema\/person\/image\/e08d7fe2cc4ed596372063bbe852b8d0\",\"url\":\"https:\/\/sulsc.com\/wp-content\/uploads\/2023\/09\/redacao.png\",\"contentUrl\":\"https:\/\/sulsc.com\/wp-content\/uploads\/2023\/09\/redacao.png\",\"caption\":\"Reda\u00e7\u00e3o Sul SC\"},\"description\":\"Foco em um jornalismo imparcial, voltado \u00e0 qualidade dos seus conte\u00fados e, assim, levar informa\u00e7\u00e3o de valor que agregue \u00e0 vida dos leitores. Esta \u00e9 grande miss\u00e3o do Portal de Not\u00edcias Sul SC. N\u00e3o \u00e9 quantidade que muda o mundo, sempre foi e seguir\u00e1 sendo qualidade!\",\"sameAs\":[\"https:\/\/sulsc.com\/\",\"https:\/\/www.facebook.com\/profile.php?id=61559278119680\",\"https:\/\/www.instagram.com\/sulscportal\/?hl=pt-br\",\"https:\/\/twitter.com\/https:\/\/twitter.com\/PortalSulSC\",\"https:\/\/www.youtube.com\/channel\/UCv_BE8GeySluDov2n8qhVmw\"],\"url\":\"https:\/\/sulsc.com\/index.php\/author\/redacao\/\"}]}<\/script>\n<!-- \/ Yoast SEO plugin. -->","yoast_head_json":{"title":"Bra\u00e7o do Norte comemora 68 anos com muitas atra\u00e7\u00f5es -","robots":{"index":"index","follow":"follow","max-snippet":"max-snippet:-1","max-image-preview":"max-image-preview:large","max-video-preview":"max-video-preview:-1"},"canonical":"https:\/\/sulsc.com\/index.php\/2023\/10\/24\/braco-do-norte-comemora-68-anos-com-muitas-atracoes\/","og_locale":"en_US","og_type":"article","og_title":"Bra\u00e7o do Norte comemora 68 anos com muitas atra\u00e7\u00f5es -","og_description":"Os 68 anos de emancipa\u00e7\u00e3o pol\u00edtico-administrativa de Bra\u00e7o do Norte foram comemorados com uma s\u00e9rie de atra\u00e7\u00f5es culturais e esportivas. A apresenta\u00e7\u00e3o principal foi a Camerata Florian\u00f3polis, com o Especial Beatles, que lotou o Parque da Fam\u00edlia na noite de s\u00e1bado (21). A programa\u00e7\u00e3o iniciou na noite de quarta-feira (18), com as atra\u00e7\u00f5es da R\u00e1dio &hellip; Bra\u00e7o do Norte comemora 68 anos com muitas atra\u00e7\u00f5es Read More &raquo;","og_url":"https:\/\/sulsc.com\/index.php\/2023\/10\/24\/braco-do-norte-comemora-68-anos-com-muitas-atracoes\/","article_author":"https:\/\/www.facebook.com\/profile.php?id=61559278119680","article_published_time":"2023-10-24T20:20:04+00:00","article_modified_time":"2023-10-24T20:27:37+00:00","og_image":[{"width":1600,"height":1064,"url":"http:\/\/sulsc.com\/wp-content\/uploads\/2023\/10\/WhatsApp-Image-2023-10-23-at-21.10.03.jpeg","type":"image\/jpeg"}],"author":"Reda\u00e7\u00e3o Sul SC","twitter_card":"summary_large_image","twitter_creator":"@https:\/\/twitter.com\/PortalSulSC","twitter_misc":{"Written by":"Reda\u00e7\u00e3o Sul SC","Est. reading time":"3 minutes"},"schema":{"@context":"https:\/\/schema.org","@graph":[{"@type":"WebPage","@id":"https:\/\/sulsc.com\/index.php\/2023\/10\/24\/braco-do-norte-comemora-68-anos-com-muitas-atracoes\/","url":"https:\/\/sulsc.com\/index.php\/2023\/10\/24\/braco-do-norte-comemora-68-anos-com-muitas-atracoes\/","name":"Bra\u00e7o do Norte comemora 68 anos com muitas atra\u00e7\u00f5es -","isPartOf":{"@id":"https:\/\/sulsc.com\/#website"},"datePublished":"2023-10-24T20:20:04+00:00","dateModified":"2023-10-24T20:27:37+00:00","author":{"@id":"https:\/\/sulsc.com\/#\/schema\/person\/84d2fc571684f6248ba83092f07750a3"},"breadcrumb":{"@id":"https:\/\/sulsc.com\/index.php\/2023\/10\/24\/braco-do-norte-comemora-68-anos-com-muitas-atracoes\/#breadcrumb"},"inLanguage":"en-US","potentialAction":[{"@type":"ReadAction","target":["https:\/\/sulsc.com\/index.php\/2023\/10\/24\/braco-do-norte-comemora-68-anos-com-muitas-atracoes\/"]}]},{"@type":"BreadcrumbList","@id":"https:\/\/sulsc.com\/index.php\/2023\/10\/24\/braco-do-norte-comemora-68-anos-com-muitas-atracoes\/#breadcrumb","itemListElement":[{"@type":"ListItem","position":1,"name":"In\u00edcio","item":"https:\/\/sulsc.com\/"},{"@type":"ListItem","position":2,"name":"Bra\u00e7o do Norte comemora 68 anos com muitas atra\u00e7\u00f5es"}]},{"@type":"WebSite","@id":"https:\/\/sulsc.com\/#website","url":"https:\/\/sulsc.com\/","name":"","description":"","potentialAction":[{"@type":"SearchAction","target":{"@type":"EntryPoint","urlTemplate":"https:\/\/sulsc.com\/?s={search_term_string}"},"query-input":"required name=search_term_string"}],"inLanguage":"en-US"},{"@type":"Person","@id":"https:\/\/sulsc.com\/#\/schema\/person\/84d2fc571684f6248ba83092f07750a3","name":"Reda\u00e7\u00e3o Sul SC","image":{"@type":"ImageObject","inLanguage":"en-US","@id":"https:\/\/sulsc.com\/#\/schema\/person\/image\/e08d7fe2cc4ed596372063bbe852b8d0","url":"https:\/\/sulsc.com\/wp-content\/uploads\/2023\/09\/redacao.png","contentUrl":"https:\/\/sulsc.com\/wp-content\/uploads\/2023\/09\/redacao.png","caption":"Reda\u00e7\u00e3o Sul SC"},"description":"Foco em um jornalismo imparcial, voltado \u00e0 qualidade dos seus conte\u00fados e, assim, levar informa\u00e7\u00e3o de valor que agregue \u00e0 vida dos leitores. Esta \u00e9 grande miss\u00e3o do Portal de Not\u00edcias Sul SC. N\u00e3o \u00e9 quantidade que muda o mundo, sempre foi e seguir\u00e1 sendo qualidade!","sameAs":["https:\/\/sulsc.com\/","https:\/\/www.facebook.com\/profile.php?id=61559278119680","https:\/\/www.instagram.com\/sulscportal\/?hl=pt-br","https:\/\/twitter.com\/https:\/\/twitter.com\/PortalSulSC","https:\/\/www.youtube.com\/channel\/UCv_BE8GeySluDov2n8qhVmw"],"url":"https:\/\/sulsc.com\/index.php\/author\/redacao\/"}]}},"authors":[],"_links":{"self":[{"href":"https:\/\/sulsc.com\/index.php\/wp-json\/wp\/v2\/posts\/2790"}],"collection":[{"href":"https:\/\/sulsc.com\/index.php\/wp-json\/wp\/v2\/posts"}],"about":[{"href":"https:\/\/sulsc.com\/index.php\/wp-json\/wp\/v2\/types\/post"}],"author":[{"embeddable":true,"href":"https:\/\/sulsc.com\/index.php\/wp-json\/wp\/v2\/users\/3"}],"replies":[{"embeddable":true,"href":"https:\/\/sulsc.com\/index.php\/wp-json\/wp\/v2\/comments?post=2790"}],"version-history":[{"count":1,"href":"https:\/\/sulsc.com\/index.php\/wp-json\/wp\/v2\/posts\/2790\/revisions"}],"predecessor-version":[{"id":2793,"href":"https:\/\/sulsc.com\/index.php\/wp-json\/wp\/v2\/posts\/2790\/revisions\/2793"}],"wp:featuredmedia":[{"embeddable":true,"href":"https:\/\/sulsc.com\/index.php\/wp-json\/wp\/v2\/media\/2791"}],"wp:attachment":[{"href":"https:\/\/sulsc.com\/index.php\/wp-json\/wp\/v2\/media?parent=2790"}],"wp:term":[{"taxonomy":"category","embeddable":true,"href":"https:\/\/sulsc.com\/index.php\/wp-json\/wp\/v2\/categories?post=2790"},{"taxonomy":"post_tag","embeddable":true,"href":"https:\/\/sulsc.com\/index.php\/wp-json\/wp\/v2\/tags?post=2790"}],"curies":[{"name":"wp","href":"https:\/\/api.w.org\/{rel}","templated":true}]}}