{"id":27943,"date":"2025-10-03T08:00:26","date_gmt":"2025-10-03T11:00:26","guid":{"rendered":"https:\/\/sulsc.com\/?p=27943"},"modified":"2025-10-03T08:05:55","modified_gmt":"2025-10-03T11:05:55","slug":"menina-de-3-anos-e-hospitalizada-apos-tomar-suco-com-cacos-de-vidro-em-ararangua","status":"publish","type":"post","link":"https:\/\/sulsc.com\/index.php\/2025\/10\/03\/menina-de-3-anos-e-hospitalizada-apos-tomar-suco-com-cacos-de-vidro-em-ararangua\/","title":{"rendered":"Menina de 3 anos \u00e9 hospitalizada ap\u00f3s tomar suco com cacos de vidro, em Ararangu\u00e1"},"content":{"rendered":"<p><span dir=\"auto\" style=\"vertical-align: inherit;\"><span dir=\"auto\" style=\"vertical-align: inherit;\">Uma menina de apenas tr\u00eas anos foi encaminhada ao hospital ap\u00f3s ingerir suco de morango com cacos de vidro. O fato ocorreu durante um rod\u00edzio de pizzas, em Ararangu\u00e1, na noite de 21 de setembro, mas s\u00f3 aconteceu \u00e0 tona nesta quarta-feira (1\u00ba).<\/span><\/span><\/p>\n<p><span dir=\"auto\" style=\"vertical-align: inherit;\"><span dir=\"auto\" style=\"vertical-align: inherit;\">Segundo o delegado Lucas Fernandes da Rosa, respons\u00e1vel pelo inqu\u00e9rito policial, a fam\u00edlia, durante o jantar, pediu, entre outras bebidas, um suco de morango para a filha, que foi servido em um copo de conserva com canudo. O pai da crian\u00e7a foi procurado, mas preferiu n\u00e3o se manifestar at\u00e9 a conclus\u00e3o das investiga\u00e7\u00f5es.<\/span><\/span><\/p>\n<div id=\"metaslider-id-25573\" style=\"width: 100%;\" class=\"ml-slider-3-99-0 metaslider metaslider-flex metaslider-25573 ml-slider has-onhover-arrows ms-theme-default-base has-dots-nav\" role=\"region\" aria-label=\"Meio\" data-width=\"1200\">\n    <div id=\"metaslider_container_25573\">\n        <div id=\"metaslider_25573\">\n            <ul class='slides'>\n                <li style=\"display: block; width: 100%;\" class=\"slide-25684 ms-image \" aria-roledescription=\"slide\" data-date=\"2025-07-24 07:55:40\"><img src=\"https:\/\/sulsc.com\/wp-content\/uploads\/2025\/07\/Marr-2-1000x166.jpg\" height=\"200\" width=\"1200\" alt=\"\" class=\"slider-25573 slide-25684 msDefaultImage\" title=\"Marr 2\" \/><\/li>\n                <li style=\"display: none; width: 100%;\" class=\"slide-32412 ms-image \" aria-roledescription=\"slide\" data-date=\"2026-02-18 13:59:46\"><img src=\"https:\/\/sulsc.com\/wp-content\/uploads\/2026\/02\/40dc1580-cad5-4867-bc58-c4243821ad38-1000x166.jpeg\" height=\"200\" width=\"1200\" alt=\"\" class=\"slider-25573 slide-32412 msDefaultImage\" title=\"40dc1580-cad5-4867-bc58-c4243821ad38\" \/><\/li>\n                <li style=\"display: none; width: 100%;\" class=\"slide-32766 ms-image \" aria-roledescription=\"slide\" data-date=\"2026-03-03 17:22:59\"><img src=\"https:\/\/sulsc.com\/wp-content\/uploads\/2026\/03\/271ce739-f268-41c5-8051-3de1a1750359-1000x166.jpeg\" height=\"200\" width=\"1200\" alt=\"\" class=\"slider-25573 slide-32766 msDefaultImage\" title=\"271ce739-f268-41c5-8051-3de1a1750359\" \/><\/li>\n            <\/ul>\n        <\/div>\n        \n    <\/div>\n<\/div>\n<p><span dir=\"auto\" style=\"vertical-align: inherit;\"><span dir=\"auto\" style=\"vertical-align: inherit;\">Em determinado momento, a crian\u00e7a come\u00e7ou a mexer. Ao verificar, a m\u00e3e encontrou um caco de vidro na boca da menina. Ela tamb\u00e9m experimentou o suco e observou a presen\u00e7a de diversos fragmentos de vidro no fundo do copo, misturados \u00e0 bebida. O copo foi levado \u00e0 delegacia e um boletim de ocorr\u00eancia registrado.<\/span><\/span><\/p>\n<p><span dir=\"auto\" style=\"vertical-align: inherit;\"><span dir=\"auto\" style=\"vertical-align: inherit;\">A menina ficou por dois dias em observa\u00e7\u00e3o no Hospital Unimed, em Crici\u00fama. O delegado aguarda os laudos periciais da Pol\u00edcia Cient\u00edfica, os depoimentos e o prontu\u00e1rio m\u00e9dico para apurar o grau das les\u00f5es sofridas. O caso \u00e9 investigado como crime contra as rela\u00e7\u00f5es de consumo. O nome da pizzaria n\u00e3o foi divulgado, pois as investiga\u00e7\u00f5es correm em sigilo.<\/span><\/span><\/p>\n<p><img fetchpriority=\"high\" decoding=\"async\" class=\"alignnone size-full wp-image-27946\" src=\"http:\/\/sulsc.com\/wp-content\/uploads\/2025\/10\/o-suco-de-cenoura-na-tabela-de-madeira-scaled.jpg\" alt=\"\" width=\"2560\" height=\"2387\" srcset=\"https:\/\/sulsc.com\/wp-content\/uploads\/2025\/10\/o-suco-de-cenoura-na-tabela-de-madeira-scaled.jpg 2560w, https:\/\/sulsc.com\/wp-content\/uploads\/2025\/10\/o-suco-de-cenoura-na-tabela-de-madeira-300x280.jpg 300w, https:\/\/sulsc.com\/wp-content\/uploads\/2025\/10\/o-suco-de-cenoura-na-tabela-de-madeira-1024x955.jpg 1024w, https:\/\/sulsc.com\/wp-content\/uploads\/2025\/10\/o-suco-de-cenoura-na-tabela-de-madeira-768x716.jpg 768w, https:\/\/sulsc.com\/wp-content\/uploads\/2025\/10\/o-suco-de-cenoura-na-tabela-de-madeira-1536x1432.jpg 1536w, https:\/\/sulsc.com\/wp-content\/uploads\/2025\/10\/o-suco-de-cenoura-na-tabela-de-madeira-2048x1910.jpg 2048w\" sizes=\"(max-width: 2560px) 100vw, 2560px\" \/><\/p>\n<p><em><span dir=\"auto\" style=\"vertical-align: inherit;\"><span dir=\"auto\" style=\"vertical-align: inherit;\">Fonte: HN Not\u00edcias<\/span><\/span><\/em><\/p>\n","protected":false},"excerpt":{"rendered":"<p>Uma menina de apenas tr\u00eas anos foi encaminhada ao hospital ap\u00f3s ingerir suco de morango com cacos de vidro. O fato ocorreu durante um rod\u00edzio de pizzas, em Ararangu\u00e1, na noite de 21 de setembro, mas s\u00f3 aconteceu \u00e0 tona nesta quarta-feira (1\u00ba). Segundo o delegado Lucas Fernandes da Rosa, respons\u00e1vel pelo inqu\u00e9rito policial, a &hellip;<\/p>\n<p class=\"read-more\"> <a class=\"\" href=\"https:\/\/sulsc.com\/index.php\/2025\/10\/03\/menina-de-3-anos-e-hospitalizada-apos-tomar-suco-com-cacos-de-vidro-em-ararangua\/\"> <span class=\"screen-reader-text\">Menina de 3 anos \u00e9 hospitalizada ap\u00f3s tomar suco com cacos de vidro, em Ararangu\u00e1<\/span> Read More &raquo;<\/a><\/p>\n","protected":false},"author":3,"featured_media":27946,"comment_status":"open","ping_status":"open","sticky":false,"template":"","format":"standard","meta":{"site-sidebar-layout":"default","site-content-layout":"","ast-site-content-layout":"default","site-content-style":"default","site-sidebar-style":"default","ast-global-header-display":"","ast-banner-title-visibility":"","ast-main-header-display":"","ast-hfb-above-header-display":"","ast-hfb-below-header-display":"","ast-hfb-mobile-header-display":"","site-post-title":"","ast-breadcrumbs-content":"","ast-featured-img":"","footer-sml-layout":"","theme-transparent-header-meta":"default","adv-header-id-meta":"","stick-header-meta":"","header-above-stick-meta":"","header-main-stick-meta":"","header-below-stick-meta":"","astra-migrate-meta-layouts":"set","footnotes":""},"categories":[24,8,12],"tags":[1056,2447],"yoast_head":"<!-- This site is optimized with the Yoast SEO plugin v21.4 - https:\/\/yoast.com\/wordpress\/plugins\/seo\/ -->\n<title>Menina de 3 anos \u00e9 hospitalizada ap\u00f3s tomar suco com cacos de vidro, em Ararangu\u00e1 -<\/title>\n<meta name=\"robots\" content=\"index, follow, max-snippet:-1, max-image-preview:large, max-video-preview:-1\" \/>\n<link rel=\"canonical\" href=\"https:\/\/sulsc.com\/index.php\/2025\/10\/03\/menina-de-3-anos-e-hospitalizada-apos-tomar-suco-com-cacos-de-vidro-em-ararangua\/\" \/>\n<meta property=\"og:locale\" content=\"en_US\" \/>\n<meta property=\"og:type\" content=\"article\" \/>\n<meta property=\"og:title\" content=\"Menina de 3 anos \u00e9 hospitalizada ap\u00f3s tomar suco com cacos de vidro, em Ararangu\u00e1 -\" \/>\n<meta property=\"og:description\" content=\"Uma menina de apenas tr\u00eas anos foi encaminhada ao hospital ap\u00f3s ingerir suco de morango com cacos de vidro. O fato ocorreu durante um rod\u00edzio de pizzas, em Ararangu\u00e1, na noite de 21 de setembro, mas s\u00f3 aconteceu \u00e0 tona nesta quarta-feira (1\u00ba). Segundo o delegado Lucas Fernandes da Rosa, respons\u00e1vel pelo inqu\u00e9rito policial, a &hellip; Menina de 3 anos \u00e9 hospitalizada ap\u00f3s tomar suco com cacos de vidro, em Ararangu\u00e1 Read More &raquo;\" \/>\n<meta property=\"og:url\" content=\"https:\/\/sulsc.com\/index.php\/2025\/10\/03\/menina-de-3-anos-e-hospitalizada-apos-tomar-suco-com-cacos-de-vidro-em-ararangua\/\" \/>\n<meta property=\"article:author\" content=\"https:\/\/www.facebook.com\/profile.php?id=61559278119680\" \/>\n<meta property=\"article:published_time\" content=\"2025-10-03T11:00:26+00:00\" \/>\n<meta property=\"article:modified_time\" content=\"2025-10-03T11:05:55+00:00\" \/>\n<meta property=\"og:image\" content=\"http:\/\/sulsc.com\/wp-content\/uploads\/2025\/10\/o-suco-de-cenoura-na-tabela-de-madeira-scaled.jpg\" \/>\n\t<meta property=\"og:image:width\" content=\"2560\" \/>\n\t<meta property=\"og:image:height\" content=\"2387\" \/>\n\t<meta property=\"og:image:type\" content=\"image\/jpeg\" \/>\n<meta name=\"author\" content=\"Reda\u00e7\u00e3o Sul SC\" \/>\n<meta name=\"twitter:card\" content=\"summary_large_image\" \/>\n<meta name=\"twitter:creator\" content=\"@https:\/\/twitter.com\/PortalSulSC\" \/>\n<meta name=\"twitter:label1\" content=\"Written by\" \/>\n\t<meta name=\"twitter:data1\" content=\"Reda\u00e7\u00e3o Sul SC\" \/>\n\t<meta name=\"twitter:label2\" content=\"Est. reading time\" \/>\n\t<meta name=\"twitter:data2\" content=\"2 minutes\" \/>\n<script type=\"application\/ld+json\" class=\"yoast-schema-graph\">{\"@context\":\"https:\/\/schema.org\",\"@graph\":[{\"@type\":\"WebPage\",\"@id\":\"https:\/\/sulsc.com\/index.php\/2025\/10\/03\/menina-de-3-anos-e-hospitalizada-apos-tomar-suco-com-cacos-de-vidro-em-ararangua\/\",\"url\":\"https:\/\/sulsc.com\/index.php\/2025\/10\/03\/menina-de-3-anos-e-hospitalizada-apos-tomar-suco-com-cacos-de-vidro-em-ararangua\/\",\"name\":\"Menina de 3 anos \u00e9 hospitalizada ap\u00f3s tomar suco com cacos de vidro, em Ararangu\u00e1 -\",\"isPartOf\":{\"@id\":\"https:\/\/sulsc.com\/#website\"},\"datePublished\":\"2025-10-03T11:00:26+00:00\",\"dateModified\":\"2025-10-03T11:05:55+00:00\",\"author\":{\"@id\":\"https:\/\/sulsc.com\/#\/schema\/person\/84d2fc571684f6248ba83092f07750a3\"},\"breadcrumb\":{\"@id\":\"https:\/\/sulsc.com\/index.php\/2025\/10\/03\/menina-de-3-anos-e-hospitalizada-apos-tomar-suco-com-cacos-de-vidro-em-ararangua\/#breadcrumb\"},\"inLanguage\":\"en-US\",\"potentialAction\":[{\"@type\":\"ReadAction\",\"target\":[\"https:\/\/sulsc.com\/index.php\/2025\/10\/03\/menina-de-3-anos-e-hospitalizada-apos-tomar-suco-com-cacos-de-vidro-em-ararangua\/\"]}]},{\"@type\":\"BreadcrumbList\",\"@id\":\"https:\/\/sulsc.com\/index.php\/2025\/10\/03\/menina-de-3-anos-e-hospitalizada-apos-tomar-suco-com-cacos-de-vidro-em-ararangua\/#breadcrumb\",\"itemListElement\":[{\"@type\":\"ListItem\",\"position\":1,\"name\":\"In\u00edcio\",\"item\":\"https:\/\/sulsc.com\/\"},{\"@type\":\"ListItem\",\"position\":2,\"name\":\"Menina de 3 anos \u00e9 hospitalizada ap\u00f3s tomar suco com cacos de vidro, em Ararangu\u00e1\"}]},{\"@type\":\"WebSite\",\"@id\":\"https:\/\/sulsc.com\/#website\",\"url\":\"https:\/\/sulsc.com\/\",\"name\":\"\",\"description\":\"\",\"potentialAction\":[{\"@type\":\"SearchAction\",\"target\":{\"@type\":\"EntryPoint\",\"urlTemplate\":\"https:\/\/sulsc.com\/?s={search_term_string}\"},\"query-input\":\"required name=search_term_string\"}],\"inLanguage\":\"en-US\"},{\"@type\":\"Person\",\"@id\":\"https:\/\/sulsc.com\/#\/schema\/person\/84d2fc571684f6248ba83092f07750a3\",\"name\":\"Reda\u00e7\u00e3o Sul SC\",\"image\":{\"@type\":\"ImageObject\",\"inLanguage\":\"en-US\",\"@id\":\"https:\/\/sulsc.com\/#\/schema\/person\/image\/e08d7fe2cc4ed596372063bbe852b8d0\",\"url\":\"https:\/\/sulsc.com\/wp-content\/uploads\/2023\/09\/redacao.png\",\"contentUrl\":\"https:\/\/sulsc.com\/wp-content\/uploads\/2023\/09\/redacao.png\",\"caption\":\"Reda\u00e7\u00e3o Sul SC\"},\"description\":\"Foco em um jornalismo imparcial, voltado \u00e0 qualidade dos seus conte\u00fados e, assim, levar informa\u00e7\u00e3o de valor que agregue \u00e0 vida dos leitores. Esta \u00e9 grande miss\u00e3o do Portal de Not\u00edcias Sul SC. N\u00e3o \u00e9 quantidade que muda o mundo, sempre foi e seguir\u00e1 sendo qualidade!\",\"sameAs\":[\"https:\/\/sulsc.com\/\",\"https:\/\/www.facebook.com\/profile.php?id=61559278119680\",\"https:\/\/www.instagram.com\/sulscportal\/?hl=pt-br\",\"https:\/\/twitter.com\/https:\/\/twitter.com\/PortalSulSC\",\"https:\/\/www.youtube.com\/channel\/UCv_BE8GeySluDov2n8qhVmw\"],\"url\":\"https:\/\/sulsc.com\/index.php\/author\/redacao\/\"}]}<\/script>\n<!-- \/ Yoast SEO plugin. -->","yoast_head_json":{"title":"Menina de 3 anos \u00e9 hospitalizada ap\u00f3s tomar suco com cacos de vidro, em Ararangu\u00e1 -","robots":{"index":"index","follow":"follow","max-snippet":"max-snippet:-1","max-image-preview":"max-image-preview:large","max-video-preview":"max-video-preview:-1"},"canonical":"https:\/\/sulsc.com\/index.php\/2025\/10\/03\/menina-de-3-anos-e-hospitalizada-apos-tomar-suco-com-cacos-de-vidro-em-ararangua\/","og_locale":"en_US","og_type":"article","og_title":"Menina de 3 anos \u00e9 hospitalizada ap\u00f3s tomar suco com cacos de vidro, em Ararangu\u00e1 -","og_description":"Uma menina de apenas tr\u00eas anos foi encaminhada ao hospital ap\u00f3s ingerir suco de morango com cacos de vidro. O fato ocorreu durante um rod\u00edzio de pizzas, em Ararangu\u00e1, na noite de 21 de setembro, mas s\u00f3 aconteceu \u00e0 tona nesta quarta-feira (1\u00ba). Segundo o delegado Lucas Fernandes da Rosa, respons\u00e1vel pelo inqu\u00e9rito policial, a &hellip; Menina de 3 anos \u00e9 hospitalizada ap\u00f3s tomar suco com cacos de vidro, em Ararangu\u00e1 Read More &raquo;","og_url":"https:\/\/sulsc.com\/index.php\/2025\/10\/03\/menina-de-3-anos-e-hospitalizada-apos-tomar-suco-com-cacos-de-vidro-em-ararangua\/","article_author":"https:\/\/www.facebook.com\/profile.php?id=61559278119680","article_published_time":"2025-10-03T11:00:26+00:00","article_modified_time":"2025-10-03T11:05:55+00:00","og_image":[{"width":2560,"height":2387,"url":"http:\/\/sulsc.com\/wp-content\/uploads\/2025\/10\/o-suco-de-cenoura-na-tabela-de-madeira-scaled.jpg","type":"image\/jpeg"}],"author":"Reda\u00e7\u00e3o Sul SC","twitter_card":"summary_large_image","twitter_creator":"@https:\/\/twitter.com\/PortalSulSC","twitter_misc":{"Written by":"Reda\u00e7\u00e3o Sul SC","Est. reading time":"2 minutes"},"schema":{"@context":"https:\/\/schema.org","@graph":[{"@type":"WebPage","@id":"https:\/\/sulsc.com\/index.php\/2025\/10\/03\/menina-de-3-anos-e-hospitalizada-apos-tomar-suco-com-cacos-de-vidro-em-ararangua\/","url":"https:\/\/sulsc.com\/index.php\/2025\/10\/03\/menina-de-3-anos-e-hospitalizada-apos-tomar-suco-com-cacos-de-vidro-em-ararangua\/","name":"Menina de 3 anos \u00e9 hospitalizada ap\u00f3s tomar suco com cacos de vidro, em Ararangu\u00e1 -","isPartOf":{"@id":"https:\/\/sulsc.com\/#website"},"datePublished":"2025-10-03T11:00:26+00:00","dateModified":"2025-10-03T11:05:55+00:00","author":{"@id":"https:\/\/sulsc.com\/#\/schema\/person\/84d2fc571684f6248ba83092f07750a3"},"breadcrumb":{"@id":"https:\/\/sulsc.com\/index.php\/2025\/10\/03\/menina-de-3-anos-e-hospitalizada-apos-tomar-suco-com-cacos-de-vidro-em-ararangua\/#breadcrumb"},"inLanguage":"en-US","potentialAction":[{"@type":"ReadAction","target":["https:\/\/sulsc.com\/index.php\/2025\/10\/03\/menina-de-3-anos-e-hospitalizada-apos-tomar-suco-com-cacos-de-vidro-em-ararangua\/"]}]},{"@type":"BreadcrumbList","@id":"https:\/\/sulsc.com\/index.php\/2025\/10\/03\/menina-de-3-anos-e-hospitalizada-apos-tomar-suco-com-cacos-de-vidro-em-ararangua\/#breadcrumb","itemListElement":[{"@type":"ListItem","position":1,"name":"In\u00edcio","item":"https:\/\/sulsc.com\/"},{"@type":"ListItem","position":2,"name":"Menina de 3 anos \u00e9 hospitalizada ap\u00f3s tomar suco com cacos de vidro, em Ararangu\u00e1"}]},{"@type":"WebSite","@id":"https:\/\/sulsc.com\/#website","url":"https:\/\/sulsc.com\/","name":"","description":"","potentialAction":[{"@type":"SearchAction","target":{"@type":"EntryPoint","urlTemplate":"https:\/\/sulsc.com\/?s={search_term_string}"},"query-input":"required name=search_term_string"}],"inLanguage":"en-US"},{"@type":"Person","@id":"https:\/\/sulsc.com\/#\/schema\/person\/84d2fc571684f6248ba83092f07750a3","name":"Reda\u00e7\u00e3o Sul SC","image":{"@type":"ImageObject","inLanguage":"en-US","@id":"https:\/\/sulsc.com\/#\/schema\/person\/image\/e08d7fe2cc4ed596372063bbe852b8d0","url":"https:\/\/sulsc.com\/wp-content\/uploads\/2023\/09\/redacao.png","contentUrl":"https:\/\/sulsc.com\/wp-content\/uploads\/2023\/09\/redacao.png","caption":"Reda\u00e7\u00e3o Sul SC"},"description":"Foco em um jornalismo imparcial, voltado \u00e0 qualidade dos seus conte\u00fados e, assim, levar informa\u00e7\u00e3o de valor que agregue \u00e0 vida dos leitores. Esta \u00e9 grande miss\u00e3o do Portal de Not\u00edcias Sul SC. N\u00e3o \u00e9 quantidade que muda o mundo, sempre foi e seguir\u00e1 sendo qualidade!","sameAs":["https:\/\/sulsc.com\/","https:\/\/www.facebook.com\/profile.php?id=61559278119680","https:\/\/www.instagram.com\/sulscportal\/?hl=pt-br","https:\/\/twitter.com\/https:\/\/twitter.com\/PortalSulSC","https:\/\/www.youtube.com\/channel\/UCv_BE8GeySluDov2n8qhVmw"],"url":"https:\/\/sulsc.com\/index.php\/author\/redacao\/"}]}},"authors":[],"_links":{"self":[{"href":"https:\/\/sulsc.com\/index.php\/wp-json\/wp\/v2\/posts\/27943"}],"collection":[{"href":"https:\/\/sulsc.com\/index.php\/wp-json\/wp\/v2\/posts"}],"about":[{"href":"https:\/\/sulsc.com\/index.php\/wp-json\/wp\/v2\/types\/post"}],"author":[{"embeddable":true,"href":"https:\/\/sulsc.com\/index.php\/wp-json\/wp\/v2\/users\/3"}],"replies":[{"embeddable":true,"href":"https:\/\/sulsc.com\/index.php\/wp-json\/wp\/v2\/comments?post=27943"}],"version-history":[{"count":5,"href":"https:\/\/sulsc.com\/index.php\/wp-json\/wp\/v2\/posts\/27943\/revisions"}],"predecessor-version":[{"id":27956,"href":"https:\/\/sulsc.com\/index.php\/wp-json\/wp\/v2\/posts\/27943\/revisions\/27956"}],"wp:featuredmedia":[{"embeddable":true,"href":"https:\/\/sulsc.com\/index.php\/wp-json\/wp\/v2\/media\/27946"}],"wp:attachment":[{"href":"https:\/\/sulsc.com\/index.php\/wp-json\/wp\/v2\/media?parent=27943"}],"wp:term":[{"taxonomy":"category","embeddable":true,"href":"https:\/\/sulsc.com\/index.php\/wp-json\/wp\/v2\/categories?post=27943"},{"taxonomy":"post_tag","embeddable":true,"href":"https:\/\/sulsc.com\/index.php\/wp-json\/wp\/v2\/tags?post=27943"}],"curies":[{"name":"wp","href":"https:\/\/api.w.org\/{rel}","templated":true}]}}