{"id":27954,"date":"2025-10-03T10:00:10","date_gmt":"2025-10-03T13:00:10","guid":{"rendered":"https:\/\/sulsc.com\/?p=27954"},"modified":"2025-10-03T10:17:40","modified_gmt":"2025-10-03T13:17:40","slug":"jovem-e-agredido-e-roubado-por-criminosos-em-ararangua","status":"publish","type":"post","link":"https:\/\/sulsc.com\/index.php\/2025\/10\/03\/jovem-e-agredido-e-roubado-por-criminosos-em-ararangua\/","title":{"rendered":"Jovem \u00e9 agredido e roubado por criminosos em Ararangu\u00e1"},"content":{"rendered":"<p>Uma ocorr\u00eancia de agress\u00e3o e roubo foi registrada na noite dessa quinta-feira (3), em Ararangu\u00e1. Um jovem, de 25 anos, foi agredido por tr\u00eas criminosos, no bairro Lago\u00e3o, por volta das 20 horas.<\/p>\n<p>Segundo a Pol\u00edcia Militar (PM), a guarni\u00e7\u00e3o foi acionada por populares, ap\u00f3s o homem, com o rosto machucado, pedir ajuda.\u00a0A v\u00edtima contou aos policiais que estava caminhando pela avenida XV de Novembro, quando foi abordado por um trio que o colocou em um carro Ford Fiesta. Eles o agrediram, roubaram seu celular, sua carteira e o soltaram em seguida.<\/p>\n<div id=\"metaslider-id-25573\" style=\"width: 100%;\" class=\"ml-slider-3-99-0 metaslider metaslider-flex metaslider-25573 ml-slider has-onhover-arrows ms-theme-default-base has-dots-nav\" role=\"region\" aria-label=\"Meio\" data-width=\"1200\">\n    <div id=\"metaslider_container_25573\">\n        <div id=\"metaslider_25573\">\n            <ul class='slides'>\n                <li style=\"display: block; width: 100%;\" class=\"slide-25684 ms-image \" aria-roledescription=\"slide\" data-date=\"2025-07-24 07:55:40\"><img src=\"https:\/\/sulsc.com\/wp-content\/uploads\/2025\/07\/Marr-2-1000x166.jpg\" height=\"200\" width=\"1200\" alt=\"\" class=\"slider-25573 slide-25684 msDefaultImage\" title=\"Marr 2\" \/><\/li>\n                <li style=\"display: none; width: 100%;\" class=\"slide-32412 ms-image \" aria-roledescription=\"slide\" data-date=\"2026-02-18 13:59:46\"><img src=\"https:\/\/sulsc.com\/wp-content\/uploads\/2026\/02\/40dc1580-cad5-4867-bc58-c4243821ad38-1000x166.jpeg\" height=\"200\" width=\"1200\" alt=\"\" class=\"slider-25573 slide-32412 msDefaultImage\" title=\"40dc1580-cad5-4867-bc58-c4243821ad38\" \/><\/li>\n                <li style=\"display: none; width: 100%;\" class=\"slide-32766 ms-image \" aria-roledescription=\"slide\" data-date=\"2026-03-03 17:22:59\"><img src=\"https:\/\/sulsc.com\/wp-content\/uploads\/2026\/03\/271ce739-f268-41c5-8051-3de1a1750359-1000x166.jpeg\" height=\"200\" width=\"1200\" alt=\"\" class=\"slider-25573 slide-32766 msDefaultImage\" title=\"271ce739-f268-41c5-8051-3de1a1750359\" \/><\/li>\n            <\/ul>\n        <\/div>\n        \n    <\/div>\n<\/div>\n<p>De acordo com a PM, a v\u00edtima foi atendida pelo Servi\u00e7o de Atendimento M\u00f3vel de Urg\u00eancia (Samu) e conduzida \u00e0 Unidade de Pronto Atendimento (UPA). A guarni\u00e7\u00e3o realizou rondas, mas n\u00e3o encontrou os agressores. Um boletim de ocorr\u00eancia foi registrado e a Pol\u00edcia Civil investigar\u00e1 o caso.<\/p>\n<p><img fetchpriority=\"high\" decoding=\"async\" class=\"alignnone size-full wp-image-2204\" src=\"http:\/\/sulsc.com\/wp-content\/uploads\/2023\/10\/giroflex.webp\" alt=\"\" width=\"1130\" height=\"580\" srcset=\"https:\/\/sulsc.com\/wp-content\/uploads\/2023\/10\/giroflex.webp 1130w, https:\/\/sulsc.com\/wp-content\/uploads\/2023\/10\/giroflex-300x154.webp 300w, https:\/\/sulsc.com\/wp-content\/uploads\/2023\/10\/giroflex-1024x526.webp 1024w, https:\/\/sulsc.com\/wp-content\/uploads\/2023\/10\/giroflex-768x394.webp 768w\" sizes=\"(max-width: 1130px) 100vw, 1130px\" \/><\/p>\n<p><em>Fonte: Engeplus<\/em><\/p>\n","protected":false},"excerpt":{"rendered":"<p>Uma ocorr\u00eancia de agress\u00e3o e roubo foi registrada na noite dessa quinta-feira (3), em Ararangu\u00e1. Um jovem, de 25 anos, foi agredido por tr\u00eas criminosos, no bairro Lago\u00e3o, por volta das 20 horas. Segundo a Pol\u00edcia Militar (PM), a guarni\u00e7\u00e3o foi acionada por populares, ap\u00f3s o homem, com o rosto machucado, pedir ajuda.\u00a0A v\u00edtima contou &hellip;<\/p>\n<p class=\"read-more\"> <a class=\"\" href=\"https:\/\/sulsc.com\/index.php\/2025\/10\/03\/jovem-e-agredido-e-roubado-por-criminosos-em-ararangua\/\"> <span class=\"screen-reader-text\">Jovem \u00e9 agredido e roubado por criminosos em Ararangu\u00e1<\/span> Read More &raquo;<\/a><\/p>\n","protected":false},"author":3,"featured_media":2018,"comment_status":"open","ping_status":"open","sticky":false,"template":"","format":"standard","meta":{"site-sidebar-layout":"default","site-content-layout":"","ast-site-content-layout":"default","site-content-style":"default","site-sidebar-style":"default","ast-global-header-display":"","ast-banner-title-visibility":"","ast-main-header-display":"","ast-hfb-above-header-display":"","ast-hfb-below-header-display":"","ast-hfb-mobile-header-display":"","site-post-title":"","ast-breadcrumbs-content":"","ast-featured-img":"","footer-sml-layout":"","theme-transparent-header-meta":"default","adv-header-id-meta":"","stick-header-meta":"","header-above-stick-meta":"","header-main-stick-meta":"","header-below-stick-meta":"","astra-migrate-meta-layouts":"set","footnotes":""},"categories":[24,8,12],"tags":[329,231,91],"yoast_head":"<!-- This site is optimized with the Yoast SEO plugin v21.4 - https:\/\/yoast.com\/wordpress\/plugins\/seo\/ -->\n<title>Jovem \u00e9 agredido e roubado por criminosos em Ararangu\u00e1 -<\/title>\n<meta name=\"robots\" content=\"index, follow, max-snippet:-1, max-image-preview:large, max-video-preview:-1\" \/>\n<link rel=\"canonical\" href=\"https:\/\/sulsc.com\/index.php\/2025\/10\/03\/jovem-e-agredido-e-roubado-por-criminosos-em-ararangua\/\" \/>\n<meta property=\"og:locale\" content=\"en_US\" \/>\n<meta property=\"og:type\" content=\"article\" \/>\n<meta property=\"og:title\" content=\"Jovem \u00e9 agredido e roubado por criminosos em Ararangu\u00e1 -\" \/>\n<meta property=\"og:description\" content=\"Uma ocorr\u00eancia de agress\u00e3o e roubo foi registrada na noite dessa quinta-feira (3), em Ararangu\u00e1. Um jovem, de 25 anos, foi agredido por tr\u00eas criminosos, no bairro Lago\u00e3o, por volta das 20 horas. Segundo a Pol\u00edcia Militar (PM), a guarni\u00e7\u00e3o foi acionada por populares, ap\u00f3s o homem, com o rosto machucado, pedir ajuda.\u00a0A v\u00edtima contou &hellip; Jovem \u00e9 agredido e roubado por criminosos em Ararangu\u00e1 Read More &raquo;\" \/>\n<meta property=\"og:url\" content=\"https:\/\/sulsc.com\/index.php\/2025\/10\/03\/jovem-e-agredido-e-roubado-por-criminosos-em-ararangua\/\" \/>\n<meta property=\"article:author\" content=\"https:\/\/www.facebook.com\/profile.php?id=61559278119680\" \/>\n<meta property=\"article:published_time\" content=\"2025-10-03T13:00:10+00:00\" \/>\n<meta property=\"article:modified_time\" content=\"2025-10-03T13:17:40+00:00\" \/>\n<meta property=\"og:image\" content=\"http:\/\/sulsc.com\/wp-content\/uploads\/2023\/10\/giroflex-4.jpg\" \/>\n\t<meta property=\"og:image:width\" content=\"615\" \/>\n\t<meta property=\"og:image:height\" content=\"300\" \/>\n\t<meta property=\"og:image:type\" content=\"image\/jpeg\" \/>\n<meta name=\"author\" content=\"Reda\u00e7\u00e3o Sul SC\" \/>\n<meta name=\"twitter:card\" content=\"summary_large_image\" \/>\n<meta name=\"twitter:creator\" content=\"@https:\/\/twitter.com\/PortalSulSC\" \/>\n<meta name=\"twitter:label1\" content=\"Written by\" \/>\n\t<meta name=\"twitter:data1\" content=\"Reda\u00e7\u00e3o Sul SC\" \/>\n\t<meta name=\"twitter:label2\" content=\"Est. reading time\" \/>\n\t<meta name=\"twitter:data2\" content=\"1 minute\" \/>\n<script type=\"application\/ld+json\" class=\"yoast-schema-graph\">{\"@context\":\"https:\/\/schema.org\",\"@graph\":[{\"@type\":\"WebPage\",\"@id\":\"https:\/\/sulsc.com\/index.php\/2025\/10\/03\/jovem-e-agredido-e-roubado-por-criminosos-em-ararangua\/\",\"url\":\"https:\/\/sulsc.com\/index.php\/2025\/10\/03\/jovem-e-agredido-e-roubado-por-criminosos-em-ararangua\/\",\"name\":\"Jovem \u00e9 agredido e roubado por criminosos em Ararangu\u00e1 -\",\"isPartOf\":{\"@id\":\"https:\/\/sulsc.com\/#website\"},\"datePublished\":\"2025-10-03T13:00:10+00:00\",\"dateModified\":\"2025-10-03T13:17:40+00:00\",\"author\":{\"@id\":\"https:\/\/sulsc.com\/#\/schema\/person\/84d2fc571684f6248ba83092f07750a3\"},\"breadcrumb\":{\"@id\":\"https:\/\/sulsc.com\/index.php\/2025\/10\/03\/jovem-e-agredido-e-roubado-por-criminosos-em-ararangua\/#breadcrumb\"},\"inLanguage\":\"en-US\",\"potentialAction\":[{\"@type\":\"ReadAction\",\"target\":[\"https:\/\/sulsc.com\/index.php\/2025\/10\/03\/jovem-e-agredido-e-roubado-por-criminosos-em-ararangua\/\"]}]},{\"@type\":\"BreadcrumbList\",\"@id\":\"https:\/\/sulsc.com\/index.php\/2025\/10\/03\/jovem-e-agredido-e-roubado-por-criminosos-em-ararangua\/#breadcrumb\",\"itemListElement\":[{\"@type\":\"ListItem\",\"position\":1,\"name\":\"In\u00edcio\",\"item\":\"https:\/\/sulsc.com\/\"},{\"@type\":\"ListItem\",\"position\":2,\"name\":\"Jovem \u00e9 agredido e roubado por criminosos em Ararangu\u00e1\"}]},{\"@type\":\"WebSite\",\"@id\":\"https:\/\/sulsc.com\/#website\",\"url\":\"https:\/\/sulsc.com\/\",\"name\":\"\",\"description\":\"\",\"potentialAction\":[{\"@type\":\"SearchAction\",\"target\":{\"@type\":\"EntryPoint\",\"urlTemplate\":\"https:\/\/sulsc.com\/?s={search_term_string}\"},\"query-input\":\"required name=search_term_string\"}],\"inLanguage\":\"en-US\"},{\"@type\":\"Person\",\"@id\":\"https:\/\/sulsc.com\/#\/schema\/person\/84d2fc571684f6248ba83092f07750a3\",\"name\":\"Reda\u00e7\u00e3o Sul SC\",\"image\":{\"@type\":\"ImageObject\",\"inLanguage\":\"en-US\",\"@id\":\"https:\/\/sulsc.com\/#\/schema\/person\/image\/e08d7fe2cc4ed596372063bbe852b8d0\",\"url\":\"https:\/\/sulsc.com\/wp-content\/uploads\/2023\/09\/redacao.png\",\"contentUrl\":\"https:\/\/sulsc.com\/wp-content\/uploads\/2023\/09\/redacao.png\",\"caption\":\"Reda\u00e7\u00e3o Sul SC\"},\"description\":\"Foco em um jornalismo imparcial, voltado \u00e0 qualidade dos seus conte\u00fados e, assim, levar informa\u00e7\u00e3o de valor que agregue \u00e0 vida dos leitores. Esta \u00e9 grande miss\u00e3o do Portal de Not\u00edcias Sul SC. N\u00e3o \u00e9 quantidade que muda o mundo, sempre foi e seguir\u00e1 sendo qualidade!\",\"sameAs\":[\"https:\/\/sulsc.com\/\",\"https:\/\/www.facebook.com\/profile.php?id=61559278119680\",\"https:\/\/www.instagram.com\/sulscportal\/?hl=pt-br\",\"https:\/\/twitter.com\/https:\/\/twitter.com\/PortalSulSC\",\"https:\/\/www.youtube.com\/channel\/UCv_BE8GeySluDov2n8qhVmw\"],\"url\":\"https:\/\/sulsc.com\/index.php\/author\/redacao\/\"}]}<\/script>\n<!-- \/ Yoast SEO plugin. -->","yoast_head_json":{"title":"Jovem \u00e9 agredido e roubado por criminosos em Ararangu\u00e1 -","robots":{"index":"index","follow":"follow","max-snippet":"max-snippet:-1","max-image-preview":"max-image-preview:large","max-video-preview":"max-video-preview:-1"},"canonical":"https:\/\/sulsc.com\/index.php\/2025\/10\/03\/jovem-e-agredido-e-roubado-por-criminosos-em-ararangua\/","og_locale":"en_US","og_type":"article","og_title":"Jovem \u00e9 agredido e roubado por criminosos em Ararangu\u00e1 -","og_description":"Uma ocorr\u00eancia de agress\u00e3o e roubo foi registrada na noite dessa quinta-feira (3), em Ararangu\u00e1. Um jovem, de 25 anos, foi agredido por tr\u00eas criminosos, no bairro Lago\u00e3o, por volta das 20 horas. Segundo a Pol\u00edcia Militar (PM), a guarni\u00e7\u00e3o foi acionada por populares, ap\u00f3s o homem, com o rosto machucado, pedir ajuda.\u00a0A v\u00edtima contou &hellip; Jovem \u00e9 agredido e roubado por criminosos em Ararangu\u00e1 Read More &raquo;","og_url":"https:\/\/sulsc.com\/index.php\/2025\/10\/03\/jovem-e-agredido-e-roubado-por-criminosos-em-ararangua\/","article_author":"https:\/\/www.facebook.com\/profile.php?id=61559278119680","article_published_time":"2025-10-03T13:00:10+00:00","article_modified_time":"2025-10-03T13:17:40+00:00","og_image":[{"width":615,"height":300,"url":"http:\/\/sulsc.com\/wp-content\/uploads\/2023\/10\/giroflex-4.jpg","type":"image\/jpeg"}],"author":"Reda\u00e7\u00e3o Sul SC","twitter_card":"summary_large_image","twitter_creator":"@https:\/\/twitter.com\/PortalSulSC","twitter_misc":{"Written by":"Reda\u00e7\u00e3o Sul SC","Est. reading time":"1 minute"},"schema":{"@context":"https:\/\/schema.org","@graph":[{"@type":"WebPage","@id":"https:\/\/sulsc.com\/index.php\/2025\/10\/03\/jovem-e-agredido-e-roubado-por-criminosos-em-ararangua\/","url":"https:\/\/sulsc.com\/index.php\/2025\/10\/03\/jovem-e-agredido-e-roubado-por-criminosos-em-ararangua\/","name":"Jovem \u00e9 agredido e roubado por criminosos em Ararangu\u00e1 -","isPartOf":{"@id":"https:\/\/sulsc.com\/#website"},"datePublished":"2025-10-03T13:00:10+00:00","dateModified":"2025-10-03T13:17:40+00:00","author":{"@id":"https:\/\/sulsc.com\/#\/schema\/person\/84d2fc571684f6248ba83092f07750a3"},"breadcrumb":{"@id":"https:\/\/sulsc.com\/index.php\/2025\/10\/03\/jovem-e-agredido-e-roubado-por-criminosos-em-ararangua\/#breadcrumb"},"inLanguage":"en-US","potentialAction":[{"@type":"ReadAction","target":["https:\/\/sulsc.com\/index.php\/2025\/10\/03\/jovem-e-agredido-e-roubado-por-criminosos-em-ararangua\/"]}]},{"@type":"BreadcrumbList","@id":"https:\/\/sulsc.com\/index.php\/2025\/10\/03\/jovem-e-agredido-e-roubado-por-criminosos-em-ararangua\/#breadcrumb","itemListElement":[{"@type":"ListItem","position":1,"name":"In\u00edcio","item":"https:\/\/sulsc.com\/"},{"@type":"ListItem","position":2,"name":"Jovem \u00e9 agredido e roubado por criminosos em Ararangu\u00e1"}]},{"@type":"WebSite","@id":"https:\/\/sulsc.com\/#website","url":"https:\/\/sulsc.com\/","name":"","description":"","potentialAction":[{"@type":"SearchAction","target":{"@type":"EntryPoint","urlTemplate":"https:\/\/sulsc.com\/?s={search_term_string}"},"query-input":"required name=search_term_string"}],"inLanguage":"en-US"},{"@type":"Person","@id":"https:\/\/sulsc.com\/#\/schema\/person\/84d2fc571684f6248ba83092f07750a3","name":"Reda\u00e7\u00e3o Sul SC","image":{"@type":"ImageObject","inLanguage":"en-US","@id":"https:\/\/sulsc.com\/#\/schema\/person\/image\/e08d7fe2cc4ed596372063bbe852b8d0","url":"https:\/\/sulsc.com\/wp-content\/uploads\/2023\/09\/redacao.png","contentUrl":"https:\/\/sulsc.com\/wp-content\/uploads\/2023\/09\/redacao.png","caption":"Reda\u00e7\u00e3o Sul SC"},"description":"Foco em um jornalismo imparcial, voltado \u00e0 qualidade dos seus conte\u00fados e, assim, levar informa\u00e7\u00e3o de valor que agregue \u00e0 vida dos leitores. Esta \u00e9 grande miss\u00e3o do Portal de Not\u00edcias Sul SC. N\u00e3o \u00e9 quantidade que muda o mundo, sempre foi e seguir\u00e1 sendo qualidade!","sameAs":["https:\/\/sulsc.com\/","https:\/\/www.facebook.com\/profile.php?id=61559278119680","https:\/\/www.instagram.com\/sulscportal\/?hl=pt-br","https:\/\/twitter.com\/https:\/\/twitter.com\/PortalSulSC","https:\/\/www.youtube.com\/channel\/UCv_BE8GeySluDov2n8qhVmw"],"url":"https:\/\/sulsc.com\/index.php\/author\/redacao\/"}]}},"authors":[],"_links":{"self":[{"href":"https:\/\/sulsc.com\/index.php\/wp-json\/wp\/v2\/posts\/27954"}],"collection":[{"href":"https:\/\/sulsc.com\/index.php\/wp-json\/wp\/v2\/posts"}],"about":[{"href":"https:\/\/sulsc.com\/index.php\/wp-json\/wp\/v2\/types\/post"}],"author":[{"embeddable":true,"href":"https:\/\/sulsc.com\/index.php\/wp-json\/wp\/v2\/users\/3"}],"replies":[{"embeddable":true,"href":"https:\/\/sulsc.com\/index.php\/wp-json\/wp\/v2\/comments?post=27954"}],"version-history":[{"count":2,"href":"https:\/\/sulsc.com\/index.php\/wp-json\/wp\/v2\/posts\/27954\/revisions"}],"predecessor-version":[{"id":27962,"href":"https:\/\/sulsc.com\/index.php\/wp-json\/wp\/v2\/posts\/27954\/revisions\/27962"}],"wp:featuredmedia":[{"embeddable":true,"href":"https:\/\/sulsc.com\/index.php\/wp-json\/wp\/v2\/media\/2018"}],"wp:attachment":[{"href":"https:\/\/sulsc.com\/index.php\/wp-json\/wp\/v2\/media?parent=27954"}],"wp:term":[{"taxonomy":"category","embeddable":true,"href":"https:\/\/sulsc.com\/index.php\/wp-json\/wp\/v2\/categories?post=27954"},{"taxonomy":"post_tag","embeddable":true,"href":"https:\/\/sulsc.com\/index.php\/wp-json\/wp\/v2\/tags?post=27954"}],"curies":[{"name":"wp","href":"https:\/\/api.w.org\/{rel}","templated":true}]}}