{"id":27987,"date":"2025-10-04T08:36:27","date_gmt":"2025-10-04T11:36:27","guid":{"rendered":"https:\/\/sulsc.com\/?p=27987"},"modified":"2025-10-04T08:36:27","modified_gmt":"2025-10-04T11:36:27","slug":"a-chuva-da-uma-tregua-neste-sabado-mas-com-possibilidades-de-temporais-isolados-na-parte-da-tarde","status":"publish","type":"post","link":"https:\/\/sulsc.com\/index.php\/2025\/10\/04\/a-chuva-da-uma-tregua-neste-sabado-mas-com-possibilidades-de-temporais-isolados-na-parte-da-tarde\/","title":{"rendered":"A chuva da uma tr\u00e9gua neste s\u00e1bado mas com possibilidades de temporais isolados na parte da tarde"},"content":{"rendered":"<p>O s\u00e1bado (04) come\u00e7a com sol entre nuvens em SC. A partir de meados da tarde, o calor combinado a umidade dispon\u00edvel provoca temporais isolados, principalmente no centro-leste catarinense. O risco \u00e9 moderado a alto para ocorr\u00eancias associadas \u00e0 alagamentos, destelhamentos, danos na rede el\u00e9trica e queda de galhos e \u00e1rvores.<\/p>\n<p><strong>Temperaturas<\/strong><\/p>\n<p>As temperaturas se elevam \u00e0 tarde as m\u00e1ximas passam dos 30\u00b0C no Grande Oeste e Litoral Sul e variam de 22 a 26\u00b0C nas demais regi\u00f5es.<\/p>\n<p><img fetchpriority=\"high\" decoding=\"async\" class=\"aligncenter size-full wp-image-27988\" src=\"http:\/\/sulsc.com\/wp-content\/uploads\/2025\/10\/image-13-1024x698-1.png\" alt=\"\" width=\"1024\" height=\"698\" srcset=\"https:\/\/sulsc.com\/wp-content\/uploads\/2025\/10\/image-13-1024x698-1.png 1024w, https:\/\/sulsc.com\/wp-content\/uploads\/2025\/10\/image-13-1024x698-1-300x204.png 300w, https:\/\/sulsc.com\/wp-content\/uploads\/2025\/10\/image-13-1024x698-1-768x524.png 768w\" sizes=\"(max-width: 1024px) 100vw, 1024px\" \/><\/p>\n<p><img decoding=\"async\" class=\"aligncenter size-full wp-image-22836\" src=\"http:\/\/sulsc.com\/wp-content\/uploads\/2025\/04\/Tempo-2.png\" alt=\"\" width=\"1024\" height=\"189\" srcset=\"https:\/\/sulsc.com\/wp-content\/uploads\/2025\/04\/Tempo-2.png 1024w, https:\/\/sulsc.com\/wp-content\/uploads\/2025\/04\/Tempo-2-300x55.png 300w, https:\/\/sulsc.com\/wp-content\/uploads\/2025\/04\/Tempo-2-768x142.png 768w\" sizes=\"(max-width: 1024px) 100vw, 1024px\" \/><\/p>\n<p><strong>Vento<\/strong>: nordeste, fraco a moderado, com rajadas, mais intensas entre a Grande Florian\u00f3polis e Litoral Sul (50 a 70km\/h).<\/p>\n<p><strong>Mar:<\/strong> agitado com ondas de nordeste entre 2,0 e 2,5m.<\/p>\n<p><strong>Sistema predominante:<\/strong> VCAN influenciando o Sul do Brasil, afastando-se para o oceano.<\/p>\n<div id=\"metaslider-id-25573\" style=\"width: 100%;\" class=\"ml-slider-3-99-0 metaslider metaslider-flex metaslider-25573 ml-slider has-onhover-arrows ms-theme-default-base has-dots-nav\" role=\"region\" aria-label=\"Meio\" data-width=\"1200\">\n    <div id=\"metaslider_container_25573\">\n        <div id=\"metaslider_25573\">\n            <ul class='slides'>\n                <li style=\"display: block; width: 100%;\" class=\"slide-25684 ms-image \" aria-roledescription=\"slide\" data-date=\"2025-07-24 07:55:40\"><img src=\"https:\/\/sulsc.com\/wp-content\/uploads\/2025\/07\/Marr-2-1000x166.jpg\" height=\"200\" width=\"1200\" alt=\"\" class=\"slider-25573 slide-25684 msDefaultImage\" title=\"Marr 2\" \/><\/li>\n                <li style=\"display: none; width: 100%;\" class=\"slide-32412 ms-image \" aria-roledescription=\"slide\" data-date=\"2026-02-18 13:59:46\"><img src=\"https:\/\/sulsc.com\/wp-content\/uploads\/2026\/02\/40dc1580-cad5-4867-bc58-c4243821ad38-1000x166.jpeg\" height=\"200\" width=\"1200\" alt=\"\" class=\"slider-25573 slide-32412 msDefaultImage\" title=\"40dc1580-cad5-4867-bc58-c4243821ad38\" \/><\/li>\n                <li style=\"display: none; width: 100%;\" class=\"slide-32766 ms-image \" aria-roledescription=\"slide\" data-date=\"2026-03-03 17:22:59\"><img src=\"https:\/\/sulsc.com\/wp-content\/uploads\/2026\/03\/271ce739-f268-41c5-8051-3de1a1750359-1000x166.jpeg\" height=\"200\" width=\"1200\" alt=\"\" class=\"slider-25573 slide-32766 msDefaultImage\" title=\"271ce739-f268-41c5-8051-3de1a1750359\" \/><\/li>\n            <\/ul>\n        <\/div>\n        \n    <\/div>\n<\/div>\n<p><strong>Amanh\u00e3 domingo (05)<\/strong>, o sol predomina e as temperaturas se elevam rapidamente, com o predom\u00ednio do vento de norte, que transporta o ar quente e seco da regi\u00e3o central do pa\u00eds. O destaque \u00e9 nas temperaturas que durante a tarde as m\u00e1ximas superam os 30\u00b0C na maioria das regi\u00f5es, chegando aos 35\u00b0C no Extremo Oeste e no Litoral Sul.<\/p>\n<p>Fonte: Defesa Civil-SC\/Epagri-Ciram<\/p>\n","protected":false},"excerpt":{"rendered":"<p>O s\u00e1bado (04) come\u00e7a com sol entre nuvens em SC. A partir de meados da tarde, o calor combinado a umidade dispon\u00edvel provoca temporais isolados, principalmente no centro-leste catarinense. O risco \u00e9 moderado a alto para ocorr\u00eancias associadas \u00e0 alagamentos, destelhamentos, danos na rede el\u00e9trica e queda de galhos e \u00e1rvores. Temperaturas As temperaturas se &hellip;<\/p>\n<p class=\"read-more\"> <a class=\"\" href=\"https:\/\/sulsc.com\/index.php\/2025\/10\/04\/a-chuva-da-uma-tregua-neste-sabado-mas-com-possibilidades-de-temporais-isolados-na-parte-da-tarde\/\"> <span class=\"screen-reader-text\">A chuva da uma tr\u00e9gua neste s\u00e1bado mas com possibilidades de temporais isolados na parte da tarde<\/span> Read More &raquo;<\/a><\/p>\n","protected":false},"author":3,"featured_media":16928,"comment_status":"open","ping_status":"open","sticky":false,"template":"","format":"standard","meta":{"site-sidebar-layout":"default","site-content-layout":"","ast-site-content-layout":"default","site-content-style":"default","site-sidebar-style":"default","ast-global-header-display":"","ast-banner-title-visibility":"","ast-main-header-display":"","ast-hfb-above-header-display":"","ast-hfb-below-header-display":"","ast-hfb-mobile-header-display":"","site-post-title":"","ast-breadcrumbs-content":"","ast-featured-img":"","footer-sml-layout":"","theme-transparent-header-meta":"default","adv-header-id-meta":"","stick-header-meta":"","header-above-stick-meta":"","header-main-stick-meta":"","header-below-stick-meta":"","astra-migrate-meta-layouts":"set","footnotes":""},"categories":[2354,2231,14,38,12],"tags":[90],"yoast_head":"<!-- This site is optimized with the Yoast SEO plugin v21.4 - https:\/\/yoast.com\/wordpress\/plugins\/seo\/ -->\n<title>A chuva da uma tr\u00e9gua neste s\u00e1bado mas com possibilidades de temporais isolados na parte da tarde -<\/title>\n<meta name=\"robots\" content=\"index, follow, max-snippet:-1, max-image-preview:large, max-video-preview:-1\" \/>\n<link rel=\"canonical\" href=\"https:\/\/sulsc.com\/index.php\/2025\/10\/04\/a-chuva-da-uma-tregua-neste-sabado-mas-com-possibilidades-de-temporais-isolados-na-parte-da-tarde\/\" \/>\n<meta property=\"og:locale\" content=\"en_US\" \/>\n<meta property=\"og:type\" content=\"article\" \/>\n<meta property=\"og:title\" content=\"A chuva da uma tr\u00e9gua neste s\u00e1bado mas com possibilidades de temporais isolados na parte da tarde -\" \/>\n<meta property=\"og:description\" content=\"O s\u00e1bado (04) come\u00e7a com sol entre nuvens em SC. A partir de meados da tarde, o calor combinado a umidade dispon\u00edvel provoca temporais isolados, principalmente no centro-leste catarinense. O risco \u00e9 moderado a alto para ocorr\u00eancias associadas \u00e0 alagamentos, destelhamentos, danos na rede el\u00e9trica e queda de galhos e \u00e1rvores. Temperaturas As temperaturas se &hellip; A chuva da uma tr\u00e9gua neste s\u00e1bado mas com possibilidades de temporais isolados na parte da tarde Read More &raquo;\" \/>\n<meta property=\"og:url\" content=\"https:\/\/sulsc.com\/index.php\/2025\/10\/04\/a-chuva-da-uma-tregua-neste-sabado-mas-com-possibilidades-de-temporais-isolados-na-parte-da-tarde\/\" \/>\n<meta property=\"article:author\" content=\"https:\/\/www.facebook.com\/profile.php?id=61559278119680\" \/>\n<meta property=\"article:published_time\" content=\"2025-10-04T11:36:27+00:00\" \/>\n<meta property=\"og:image\" content=\"http:\/\/sulsc.com\/wp-content\/uploads\/2024\/11\/Tempo-3.jpg\" \/>\n\t<meta property=\"og:image:width\" content=\"640\" \/>\n\t<meta property=\"og:image:height\" content=\"480\" \/>\n\t<meta property=\"og:image:type\" content=\"image\/jpeg\" \/>\n<meta name=\"author\" content=\"Reda\u00e7\u00e3o Sul SC\" \/>\n<meta name=\"twitter:card\" content=\"summary_large_image\" \/>\n<meta name=\"twitter:creator\" content=\"@https:\/\/twitter.com\/PortalSulSC\" \/>\n<meta name=\"twitter:label1\" content=\"Written by\" \/>\n\t<meta name=\"twitter:data1\" content=\"Reda\u00e7\u00e3o Sul SC\" \/>\n\t<meta name=\"twitter:label2\" content=\"Est. reading time\" \/>\n\t<meta name=\"twitter:data2\" content=\"2 minutes\" \/>\n<script type=\"application\/ld+json\" class=\"yoast-schema-graph\">{\"@context\":\"https:\/\/schema.org\",\"@graph\":[{\"@type\":\"WebPage\",\"@id\":\"https:\/\/sulsc.com\/index.php\/2025\/10\/04\/a-chuva-da-uma-tregua-neste-sabado-mas-com-possibilidades-de-temporais-isolados-na-parte-da-tarde\/\",\"url\":\"https:\/\/sulsc.com\/index.php\/2025\/10\/04\/a-chuva-da-uma-tregua-neste-sabado-mas-com-possibilidades-de-temporais-isolados-na-parte-da-tarde\/\",\"name\":\"A chuva da uma tr\u00e9gua neste s\u00e1bado mas com possibilidades de temporais isolados na parte da tarde -\",\"isPartOf\":{\"@id\":\"https:\/\/sulsc.com\/#website\"},\"datePublished\":\"2025-10-04T11:36:27+00:00\",\"dateModified\":\"2025-10-04T11:36:27+00:00\",\"author\":{\"@id\":\"https:\/\/sulsc.com\/#\/schema\/person\/84d2fc571684f6248ba83092f07750a3\"},\"breadcrumb\":{\"@id\":\"https:\/\/sulsc.com\/index.php\/2025\/10\/04\/a-chuva-da-uma-tregua-neste-sabado-mas-com-possibilidades-de-temporais-isolados-na-parte-da-tarde\/#breadcrumb\"},\"inLanguage\":\"en-US\",\"potentialAction\":[{\"@type\":\"ReadAction\",\"target\":[\"https:\/\/sulsc.com\/index.php\/2025\/10\/04\/a-chuva-da-uma-tregua-neste-sabado-mas-com-possibilidades-de-temporais-isolados-na-parte-da-tarde\/\"]}]},{\"@type\":\"BreadcrumbList\",\"@id\":\"https:\/\/sulsc.com\/index.php\/2025\/10\/04\/a-chuva-da-uma-tregua-neste-sabado-mas-com-possibilidades-de-temporais-isolados-na-parte-da-tarde\/#breadcrumb\",\"itemListElement\":[{\"@type\":\"ListItem\",\"position\":1,\"name\":\"In\u00edcio\",\"item\":\"https:\/\/sulsc.com\/\"},{\"@type\":\"ListItem\",\"position\":2,\"name\":\"A chuva da uma tr\u00e9gua neste s\u00e1bado mas com possibilidades de temporais isolados na parte da tarde\"}]},{\"@type\":\"WebSite\",\"@id\":\"https:\/\/sulsc.com\/#website\",\"url\":\"https:\/\/sulsc.com\/\",\"name\":\"\",\"description\":\"\",\"potentialAction\":[{\"@type\":\"SearchAction\",\"target\":{\"@type\":\"EntryPoint\",\"urlTemplate\":\"https:\/\/sulsc.com\/?s={search_term_string}\"},\"query-input\":\"required name=search_term_string\"}],\"inLanguage\":\"en-US\"},{\"@type\":\"Person\",\"@id\":\"https:\/\/sulsc.com\/#\/schema\/person\/84d2fc571684f6248ba83092f07750a3\",\"name\":\"Reda\u00e7\u00e3o Sul SC\",\"image\":{\"@type\":\"ImageObject\",\"inLanguage\":\"en-US\",\"@id\":\"https:\/\/sulsc.com\/#\/schema\/person\/image\/e08d7fe2cc4ed596372063bbe852b8d0\",\"url\":\"https:\/\/sulsc.com\/wp-content\/uploads\/2023\/09\/redacao.png\",\"contentUrl\":\"https:\/\/sulsc.com\/wp-content\/uploads\/2023\/09\/redacao.png\",\"caption\":\"Reda\u00e7\u00e3o Sul SC\"},\"description\":\"Foco em um jornalismo imparcial, voltado \u00e0 qualidade dos seus conte\u00fados e, assim, levar informa\u00e7\u00e3o de valor que agregue \u00e0 vida dos leitores. Esta \u00e9 grande miss\u00e3o do Portal de Not\u00edcias Sul SC. N\u00e3o \u00e9 quantidade que muda o mundo, sempre foi e seguir\u00e1 sendo qualidade!\",\"sameAs\":[\"https:\/\/sulsc.com\/\",\"https:\/\/www.facebook.com\/profile.php?id=61559278119680\",\"https:\/\/www.instagram.com\/sulscportal\/?hl=pt-br\",\"https:\/\/twitter.com\/https:\/\/twitter.com\/PortalSulSC\",\"https:\/\/www.youtube.com\/channel\/UCv_BE8GeySluDov2n8qhVmw\"],\"url\":\"https:\/\/sulsc.com\/index.php\/author\/redacao\/\"}]}<\/script>\n<!-- \/ Yoast SEO plugin. -->","yoast_head_json":{"title":"A chuva da uma tr\u00e9gua neste s\u00e1bado mas com possibilidades de temporais isolados na parte da tarde -","robots":{"index":"index","follow":"follow","max-snippet":"max-snippet:-1","max-image-preview":"max-image-preview:large","max-video-preview":"max-video-preview:-1"},"canonical":"https:\/\/sulsc.com\/index.php\/2025\/10\/04\/a-chuva-da-uma-tregua-neste-sabado-mas-com-possibilidades-de-temporais-isolados-na-parte-da-tarde\/","og_locale":"en_US","og_type":"article","og_title":"A chuva da uma tr\u00e9gua neste s\u00e1bado mas com possibilidades de temporais isolados na parte da tarde -","og_description":"O s\u00e1bado (04) come\u00e7a com sol entre nuvens em SC. A partir de meados da tarde, o calor combinado a umidade dispon\u00edvel provoca temporais isolados, principalmente no centro-leste catarinense. O risco \u00e9 moderado a alto para ocorr\u00eancias associadas \u00e0 alagamentos, destelhamentos, danos na rede el\u00e9trica e queda de galhos e \u00e1rvores. Temperaturas As temperaturas se &hellip; A chuva da uma tr\u00e9gua neste s\u00e1bado mas com possibilidades de temporais isolados na parte da tarde Read More &raquo;","og_url":"https:\/\/sulsc.com\/index.php\/2025\/10\/04\/a-chuva-da-uma-tregua-neste-sabado-mas-com-possibilidades-de-temporais-isolados-na-parte-da-tarde\/","article_author":"https:\/\/www.facebook.com\/profile.php?id=61559278119680","article_published_time":"2025-10-04T11:36:27+00:00","og_image":[{"width":640,"height":480,"url":"http:\/\/sulsc.com\/wp-content\/uploads\/2024\/11\/Tempo-3.jpg","type":"image\/jpeg"}],"author":"Reda\u00e7\u00e3o Sul SC","twitter_card":"summary_large_image","twitter_creator":"@https:\/\/twitter.com\/PortalSulSC","twitter_misc":{"Written by":"Reda\u00e7\u00e3o Sul SC","Est. reading time":"2 minutes"},"schema":{"@context":"https:\/\/schema.org","@graph":[{"@type":"WebPage","@id":"https:\/\/sulsc.com\/index.php\/2025\/10\/04\/a-chuva-da-uma-tregua-neste-sabado-mas-com-possibilidades-de-temporais-isolados-na-parte-da-tarde\/","url":"https:\/\/sulsc.com\/index.php\/2025\/10\/04\/a-chuva-da-uma-tregua-neste-sabado-mas-com-possibilidades-de-temporais-isolados-na-parte-da-tarde\/","name":"A chuva da uma tr\u00e9gua neste s\u00e1bado mas com possibilidades de temporais isolados na parte da tarde -","isPartOf":{"@id":"https:\/\/sulsc.com\/#website"},"datePublished":"2025-10-04T11:36:27+00:00","dateModified":"2025-10-04T11:36:27+00:00","author":{"@id":"https:\/\/sulsc.com\/#\/schema\/person\/84d2fc571684f6248ba83092f07750a3"},"breadcrumb":{"@id":"https:\/\/sulsc.com\/index.php\/2025\/10\/04\/a-chuva-da-uma-tregua-neste-sabado-mas-com-possibilidades-de-temporais-isolados-na-parte-da-tarde\/#breadcrumb"},"inLanguage":"en-US","potentialAction":[{"@type":"ReadAction","target":["https:\/\/sulsc.com\/index.php\/2025\/10\/04\/a-chuva-da-uma-tregua-neste-sabado-mas-com-possibilidades-de-temporais-isolados-na-parte-da-tarde\/"]}]},{"@type":"BreadcrumbList","@id":"https:\/\/sulsc.com\/index.php\/2025\/10\/04\/a-chuva-da-uma-tregua-neste-sabado-mas-com-possibilidades-de-temporais-isolados-na-parte-da-tarde\/#breadcrumb","itemListElement":[{"@type":"ListItem","position":1,"name":"In\u00edcio","item":"https:\/\/sulsc.com\/"},{"@type":"ListItem","position":2,"name":"A chuva da uma tr\u00e9gua neste s\u00e1bado mas com possibilidades de temporais isolados na parte da tarde"}]},{"@type":"WebSite","@id":"https:\/\/sulsc.com\/#website","url":"https:\/\/sulsc.com\/","name":"","description":"","potentialAction":[{"@type":"SearchAction","target":{"@type":"EntryPoint","urlTemplate":"https:\/\/sulsc.com\/?s={search_term_string}"},"query-input":"required name=search_term_string"}],"inLanguage":"en-US"},{"@type":"Person","@id":"https:\/\/sulsc.com\/#\/schema\/person\/84d2fc571684f6248ba83092f07750a3","name":"Reda\u00e7\u00e3o Sul SC","image":{"@type":"ImageObject","inLanguage":"en-US","@id":"https:\/\/sulsc.com\/#\/schema\/person\/image\/e08d7fe2cc4ed596372063bbe852b8d0","url":"https:\/\/sulsc.com\/wp-content\/uploads\/2023\/09\/redacao.png","contentUrl":"https:\/\/sulsc.com\/wp-content\/uploads\/2023\/09\/redacao.png","caption":"Reda\u00e7\u00e3o Sul SC"},"description":"Foco em um jornalismo imparcial, voltado \u00e0 qualidade dos seus conte\u00fados e, assim, levar informa\u00e7\u00e3o de valor que agregue \u00e0 vida dos leitores. Esta \u00e9 grande miss\u00e3o do Portal de Not\u00edcias Sul SC. N\u00e3o \u00e9 quantidade que muda o mundo, sempre foi e seguir\u00e1 sendo qualidade!","sameAs":["https:\/\/sulsc.com\/","https:\/\/www.facebook.com\/profile.php?id=61559278119680","https:\/\/www.instagram.com\/sulscportal\/?hl=pt-br","https:\/\/twitter.com\/https:\/\/twitter.com\/PortalSulSC","https:\/\/www.youtube.com\/channel\/UCv_BE8GeySluDov2n8qhVmw"],"url":"https:\/\/sulsc.com\/index.php\/author\/redacao\/"}]}},"authors":[],"_links":{"self":[{"href":"https:\/\/sulsc.com\/index.php\/wp-json\/wp\/v2\/posts\/27987"}],"collection":[{"href":"https:\/\/sulsc.com\/index.php\/wp-json\/wp\/v2\/posts"}],"about":[{"href":"https:\/\/sulsc.com\/index.php\/wp-json\/wp\/v2\/types\/post"}],"author":[{"embeddable":true,"href":"https:\/\/sulsc.com\/index.php\/wp-json\/wp\/v2\/users\/3"}],"replies":[{"embeddable":true,"href":"https:\/\/sulsc.com\/index.php\/wp-json\/wp\/v2\/comments?post=27987"}],"version-history":[{"count":1,"href":"https:\/\/sulsc.com\/index.php\/wp-json\/wp\/v2\/posts\/27987\/revisions"}],"predecessor-version":[{"id":27989,"href":"https:\/\/sulsc.com\/index.php\/wp-json\/wp\/v2\/posts\/27987\/revisions\/27989"}],"wp:featuredmedia":[{"embeddable":true,"href":"https:\/\/sulsc.com\/index.php\/wp-json\/wp\/v2\/media\/16928"}],"wp:attachment":[{"href":"https:\/\/sulsc.com\/index.php\/wp-json\/wp\/v2\/media?parent=27987"}],"wp:term":[{"taxonomy":"category","embeddable":true,"href":"https:\/\/sulsc.com\/index.php\/wp-json\/wp\/v2\/categories?post=27987"},{"taxonomy":"post_tag","embeddable":true,"href":"https:\/\/sulsc.com\/index.php\/wp-json\/wp\/v2\/tags?post=27987"}],"curies":[{"name":"wp","href":"https:\/\/api.w.org\/{rel}","templated":true}]}}