{"id":2816,"date":"2023-10-25T08:00:13","date_gmt":"2023-10-25T11:00:13","guid":{"rendered":"https:\/\/sulsc.com\/?p=2816"},"modified":"2023-10-25T06:45:02","modified_gmt":"2023-10-25T09:45:02","slug":"rixa-disputa-e-tentativa-de-homicidio-por-bananas-levara-trio-ao-tribunal-do-juri","status":"publish","type":"post","link":"https:\/\/sulsc.com\/index.php\/2023\/10\/25\/rixa-disputa-e-tentativa-de-homicidio-por-bananas-levara-trio-ao-tribunal-do-juri\/","title":{"rendered":"Rixa, disputa e tentativa de homic\u00eddio por bananas levar\u00e1 trio ao tribunal do J\u00fari"},"content":{"rendered":"<p>Um trio, acusado de tentar assassinar o motorista de caminh\u00e3o que transportava bananas no sul do Estado, enfrentar\u00e1 sess\u00e3o do Tribunal do J\u00fari. A decis\u00e3o foi confirmada pela 3\u00ba C\u00e2mara Criminal do Tribunal de Justi\u00e7a de Santa Catarina. Os r\u00e9us tamb\u00e9m atuam no com\u00e9rcio varejista de frutas da regi\u00e3o e possu\u00edam rixa antiga com a v\u00edtima que, ap\u00f3s trabalhar com eles, transferiu-se para uma empresa concorrente.<\/p>\n<p>O crime aconteceu em Santa Rosa do Sul, em 2015. A v\u00edtima deparou-se com um carro parado na estrada quando dirigia um caminh\u00e3o para realizar um carregamento de bananas, por volta das 23h45. Ao lado do ve\u00edculo, um homem pedia por ajuda. O motorista n\u00e3o desceu do caminh\u00e3o, mas reduziu a velocidade e pode ouvir algu\u00e9m ordenar: \u201cAtira !, Atira !\u2026\u201d.<\/p>\n<p>Ap\u00f3s o comando, um segundo homem &#8211; que at\u00e9 ent\u00e3o estava escondido no meio do mato \u2013 apareceu no acostamento, arma em punho, e efetuou diversos disparos. O condutor foi atingido no bra\u00e7o esquerdo e no rosto mas mesmo assim conseguiu fugir e seguir sua rota at\u00e9 a casa de seu patr\u00e3o, onde pediu socorro e foi levado ao hospital mais pr\u00f3ximo.<\/p>\n<p>A v\u00edtima n\u00e3o conhecia os dois homens, mas acredita que agiram por conta da rivalidade existente entre sua ex e nova empresa e que teriam sido contratados para mat\u00e1-la. Alguns meses antes, o funcion\u00e1rio j\u00e1 havia registrado agress\u00e3o e amea\u00e7a de morte perpetradas pelo suposto mandante do crime &#8211; seu ex-colega de trabalho -, que, segundo a v\u00edtima, era a \u00fanica pessoa que sabia do seu itiner\u00e1rio naquela noite.<\/p>\n<p><img fetchpriority=\"high\" decoding=\"async\" class=\"alignnone size-full wp-image-2817\" src=\"http:\/\/sulsc.com\/wp-content\/uploads\/2023\/10\/bananas.jpeg\" alt=\"\" width=\"555\" height=\"370\" srcset=\"https:\/\/sulsc.com\/wp-content\/uploads\/2023\/10\/bananas.jpeg 555w, https:\/\/sulsc.com\/wp-content\/uploads\/2023\/10\/bananas-300x200.jpeg 300w\" sizes=\"(max-width: 555px) 100vw, 555px\" \/><\/p>\n<p>De acordo com os autos, a rixa entre as duas empresas j\u00e1 era conhecida pelos envolvidos. Antes de serem rivais, eram s\u00f3cias, e a v\u00edtima trabalhava para o dono da produtora concorrente. A rela\u00e7\u00e3o de ambos n\u00e3o terminou pacificamente, j\u00e1 que a v\u00edtima abriu um processo contra o ex-patr\u00e3o por este n\u00e3o ter pago seus direitos trabalhistas. No fim do acordo na justi\u00e7a, o homem exigiu que a v\u00edtima parasse de trabalhar na empresa concorrente. A ordem n\u00e3o foi acatada.<\/p>\n<p>Durante a investiga\u00e7\u00e3o, a Pol\u00edcia Militar foi at\u00e9 o local do ocorrido e avistou um carro, com o cap\u00f4 ainda quente, que se encaixava no depoimento da v\u00edtima. A casa pertencia ao suposto mandante do crime. L\u00e1, encontraram uma espingarda sem autoriza\u00e7\u00e3o e em desacordo com a determina\u00e7\u00e3o legal ou regulamentar, que possu\u00eda cartuchos deflagrados, mas o dono alegou n\u00e3o utilizar h\u00e1 muito tempo.<\/p>\n<p>Dias depois do crime, a v\u00edtima mudou de resid\u00eancia. Segundo o depoimento, ela continua a sofrer amea\u00e7as de morte pelo seu ex-patr\u00e3o. Os acusados, entretanto, negam ter qualquer envolvimento ou participa\u00e7\u00e3o com o crime.<\/p>\n<p>A defesa, em seu apelo ao TJ, solicitou a absolvi\u00e7\u00e3o sum\u00e1ria, ou subsidiariamente a impron\u00fancia dos r\u00e9us, diante da aus\u00eancia de ind\u00edcios de autoria. O pleito foi conhecido e desprovido. De acordo com o desembargador relator, \u00e9 f\u00e1cil perceber a exist\u00eancia de ao menos duas vers\u00f5es para os fatos, assim como a presen\u00e7a de materialidade e ind\u00edcios suficientes de autoria. Eles ser\u00e3o julgados pelo Tribunal do J\u00fari por tentativa de homic\u00eddio qualificado pela emboscada e recurso que dificultou a defesa da v\u00edtima.<\/p>\n<p>&nbsp;<\/p>\n<p>Fonte: TJSC<\/p>\n","protected":false},"excerpt":{"rendered":"<p>Um trio, acusado de tentar assassinar o motorista de caminh\u00e3o que transportava bananas no sul do Estado, enfrentar\u00e1 sess\u00e3o do Tribunal do J\u00fari. A decis\u00e3o foi confirmada pela 3\u00ba C\u00e2mara Criminal do Tribunal de Justi\u00e7a de Santa Catarina. Os r\u00e9us tamb\u00e9m atuam no com\u00e9rcio varejista de frutas da regi\u00e3o e possu\u00edam rixa antiga com a &hellip;<\/p>\n<p class=\"read-more\"> <a class=\"\" href=\"https:\/\/sulsc.com\/index.php\/2023\/10\/25\/rixa-disputa-e-tentativa-de-homicidio-por-bananas-levara-trio-ao-tribunal-do-juri\/\"> <span class=\"screen-reader-text\">Rixa, disputa e tentativa de homic\u00eddio por bananas levar\u00e1 trio ao tribunal do J\u00fari<\/span> Read More &raquo;<\/a><\/p>\n","protected":false},"author":3,"featured_media":1844,"comment_status":"open","ping_status":"open","sticky":false,"template":"","format":"standard","meta":{"site-sidebar-layout":"default","site-content-layout":"","ast-site-content-layout":"default","site-content-style":"default","site-sidebar-style":"default","ast-global-header-display":"","ast-banner-title-visibility":"","ast-main-header-display":"","ast-hfb-above-header-display":"","ast-hfb-below-header-display":"","ast-hfb-mobile-header-display":"","site-post-title":"","ast-breadcrumbs-content":"","ast-featured-img":"","footer-sml-layout":"","theme-transparent-header-meta":"default","adv-header-id-meta":"","stick-header-meta":"","header-above-stick-meta":"","header-main-stick-meta":"","header-below-stick-meta":"","astra-migrate-meta-layouts":"set","footnotes":""},"categories":[1,8],"tags":[],"yoast_head":"<!-- This site is optimized with the Yoast SEO plugin v21.4 - https:\/\/yoast.com\/wordpress\/plugins\/seo\/ -->\n<title>Rixa, disputa e tentativa de homic\u00eddio por bananas levar\u00e1 trio ao tribunal do J\u00fari -<\/title>\n<meta name=\"robots\" content=\"index, follow, max-snippet:-1, max-image-preview:large, max-video-preview:-1\" \/>\n<link rel=\"canonical\" href=\"https:\/\/sulsc.com\/index.php\/2023\/10\/25\/rixa-disputa-e-tentativa-de-homicidio-por-bananas-levara-trio-ao-tribunal-do-juri\/\" \/>\n<meta property=\"og:locale\" content=\"en_US\" \/>\n<meta property=\"og:type\" content=\"article\" \/>\n<meta property=\"og:title\" content=\"Rixa, disputa e tentativa de homic\u00eddio por bananas levar\u00e1 trio ao tribunal do J\u00fari -\" \/>\n<meta property=\"og:description\" content=\"Um trio, acusado de tentar assassinar o motorista de caminh\u00e3o que transportava bananas no sul do Estado, enfrentar\u00e1 sess\u00e3o do Tribunal do J\u00fari. A decis\u00e3o foi confirmada pela 3\u00ba C\u00e2mara Criminal do Tribunal de Justi\u00e7a de Santa Catarina. Os r\u00e9us tamb\u00e9m atuam no com\u00e9rcio varejista de frutas da regi\u00e3o e possu\u00edam rixa antiga com a &hellip; Rixa, disputa e tentativa de homic\u00eddio por bananas levar\u00e1 trio ao tribunal do J\u00fari Read More &raquo;\" \/>\n<meta property=\"og:url\" content=\"https:\/\/sulsc.com\/index.php\/2023\/10\/25\/rixa-disputa-e-tentativa-de-homicidio-por-bananas-levara-trio-ao-tribunal-do-juri\/\" \/>\n<meta property=\"article:author\" content=\"https:\/\/www.facebook.com\/profile.php?id=61559278119680\" \/>\n<meta property=\"article:published_time\" content=\"2023-10-25T11:00:13+00:00\" \/>\n<meta property=\"article:modified_time\" content=\"2023-10-25T09:45:02+00:00\" \/>\n<meta property=\"og:image\" content=\"https:\/\/sulsc.com\/wp-content\/uploads\/2023\/10\/Justica-condenacao.jpg\" \/>\n\t<meta property=\"og:image:width\" content=\"500\" \/>\n\t<meta property=\"og:image:height\" content=\"334\" \/>\n\t<meta property=\"og:image:type\" content=\"image\/jpeg\" \/>\n<meta name=\"author\" content=\"Reda\u00e7\u00e3o Sul SC\" \/>\n<meta name=\"twitter:card\" content=\"summary_large_image\" \/>\n<meta name=\"twitter:creator\" content=\"@https:\/\/twitter.com\/PortalSulSC\" \/>\n<meta name=\"twitter:label1\" content=\"Written by\" \/>\n\t<meta name=\"twitter:data1\" content=\"Reda\u00e7\u00e3o Sul SC\" \/>\n\t<meta name=\"twitter:label2\" content=\"Est. reading time\" \/>\n\t<meta name=\"twitter:data2\" content=\"4 minutes\" \/>\n<script type=\"application\/ld+json\" class=\"yoast-schema-graph\">{\"@context\":\"https:\/\/schema.org\",\"@graph\":[{\"@type\":\"WebPage\",\"@id\":\"https:\/\/sulsc.com\/index.php\/2023\/10\/25\/rixa-disputa-e-tentativa-de-homicidio-por-bananas-levara-trio-ao-tribunal-do-juri\/\",\"url\":\"https:\/\/sulsc.com\/index.php\/2023\/10\/25\/rixa-disputa-e-tentativa-de-homicidio-por-bananas-levara-trio-ao-tribunal-do-juri\/\",\"name\":\"Rixa, disputa e tentativa de homic\u00eddio por bananas levar\u00e1 trio ao tribunal do J\u00fari -\",\"isPartOf\":{\"@id\":\"https:\/\/sulsc.com\/#website\"},\"datePublished\":\"2023-10-25T11:00:13+00:00\",\"dateModified\":\"2023-10-25T09:45:02+00:00\",\"author\":{\"@id\":\"https:\/\/sulsc.com\/#\/schema\/person\/84d2fc571684f6248ba83092f07750a3\"},\"breadcrumb\":{\"@id\":\"https:\/\/sulsc.com\/index.php\/2023\/10\/25\/rixa-disputa-e-tentativa-de-homicidio-por-bananas-levara-trio-ao-tribunal-do-juri\/#breadcrumb\"},\"inLanguage\":\"en-US\",\"potentialAction\":[{\"@type\":\"ReadAction\",\"target\":[\"https:\/\/sulsc.com\/index.php\/2023\/10\/25\/rixa-disputa-e-tentativa-de-homicidio-por-bananas-levara-trio-ao-tribunal-do-juri\/\"]}]},{\"@type\":\"BreadcrumbList\",\"@id\":\"https:\/\/sulsc.com\/index.php\/2023\/10\/25\/rixa-disputa-e-tentativa-de-homicidio-por-bananas-levara-trio-ao-tribunal-do-juri\/#breadcrumb\",\"itemListElement\":[{\"@type\":\"ListItem\",\"position\":1,\"name\":\"In\u00edcio\",\"item\":\"https:\/\/sulsc.com\/\"},{\"@type\":\"ListItem\",\"position\":2,\"name\":\"Rixa, disputa e tentativa de homic\u00eddio por bananas levar\u00e1 trio ao tribunal do J\u00fari\"}]},{\"@type\":\"WebSite\",\"@id\":\"https:\/\/sulsc.com\/#website\",\"url\":\"https:\/\/sulsc.com\/\",\"name\":\"\",\"description\":\"\",\"potentialAction\":[{\"@type\":\"SearchAction\",\"target\":{\"@type\":\"EntryPoint\",\"urlTemplate\":\"https:\/\/sulsc.com\/?s={search_term_string}\"},\"query-input\":\"required name=search_term_string\"}],\"inLanguage\":\"en-US\"},{\"@type\":\"Person\",\"@id\":\"https:\/\/sulsc.com\/#\/schema\/person\/84d2fc571684f6248ba83092f07750a3\",\"name\":\"Reda\u00e7\u00e3o Sul SC\",\"image\":{\"@type\":\"ImageObject\",\"inLanguage\":\"en-US\",\"@id\":\"https:\/\/sulsc.com\/#\/schema\/person\/image\/e08d7fe2cc4ed596372063bbe852b8d0\",\"url\":\"https:\/\/sulsc.com\/wp-content\/uploads\/2023\/09\/redacao.png\",\"contentUrl\":\"https:\/\/sulsc.com\/wp-content\/uploads\/2023\/09\/redacao.png\",\"caption\":\"Reda\u00e7\u00e3o Sul SC\"},\"description\":\"Foco em um jornalismo imparcial, voltado \u00e0 qualidade dos seus conte\u00fados e, assim, levar informa\u00e7\u00e3o de valor que agregue \u00e0 vida dos leitores. Esta \u00e9 grande miss\u00e3o do Portal de Not\u00edcias Sul SC. N\u00e3o \u00e9 quantidade que muda o mundo, sempre foi e seguir\u00e1 sendo qualidade!\",\"sameAs\":[\"https:\/\/sulsc.com\/\",\"https:\/\/www.facebook.com\/profile.php?id=61559278119680\",\"https:\/\/www.instagram.com\/sulscportal\/?hl=pt-br\",\"https:\/\/twitter.com\/https:\/\/twitter.com\/PortalSulSC\",\"https:\/\/www.youtube.com\/channel\/UCv_BE8GeySluDov2n8qhVmw\"],\"url\":\"https:\/\/sulsc.com\/index.php\/author\/redacao\/\"}]}<\/script>\n<!-- \/ Yoast SEO plugin. -->","yoast_head_json":{"title":"Rixa, disputa e tentativa de homic\u00eddio por bananas levar\u00e1 trio ao tribunal do J\u00fari -","robots":{"index":"index","follow":"follow","max-snippet":"max-snippet:-1","max-image-preview":"max-image-preview:large","max-video-preview":"max-video-preview:-1"},"canonical":"https:\/\/sulsc.com\/index.php\/2023\/10\/25\/rixa-disputa-e-tentativa-de-homicidio-por-bananas-levara-trio-ao-tribunal-do-juri\/","og_locale":"en_US","og_type":"article","og_title":"Rixa, disputa e tentativa de homic\u00eddio por bananas levar\u00e1 trio ao tribunal do J\u00fari -","og_description":"Um trio, acusado de tentar assassinar o motorista de caminh\u00e3o que transportava bananas no sul do Estado, enfrentar\u00e1 sess\u00e3o do Tribunal do J\u00fari. A decis\u00e3o foi confirmada pela 3\u00ba C\u00e2mara Criminal do Tribunal de Justi\u00e7a de Santa Catarina. Os r\u00e9us tamb\u00e9m atuam no com\u00e9rcio varejista de frutas da regi\u00e3o e possu\u00edam rixa antiga com a &hellip; Rixa, disputa e tentativa de homic\u00eddio por bananas levar\u00e1 trio ao tribunal do J\u00fari Read More &raquo;","og_url":"https:\/\/sulsc.com\/index.php\/2023\/10\/25\/rixa-disputa-e-tentativa-de-homicidio-por-bananas-levara-trio-ao-tribunal-do-juri\/","article_author":"https:\/\/www.facebook.com\/profile.php?id=61559278119680","article_published_time":"2023-10-25T11:00:13+00:00","article_modified_time":"2023-10-25T09:45:02+00:00","og_image":[{"width":500,"height":334,"url":"https:\/\/sulsc.com\/wp-content\/uploads\/2023\/10\/Justica-condenacao.jpg","type":"image\/jpeg"}],"author":"Reda\u00e7\u00e3o Sul SC","twitter_card":"summary_large_image","twitter_creator":"@https:\/\/twitter.com\/PortalSulSC","twitter_misc":{"Written by":"Reda\u00e7\u00e3o Sul SC","Est. reading time":"4 minutes"},"schema":{"@context":"https:\/\/schema.org","@graph":[{"@type":"WebPage","@id":"https:\/\/sulsc.com\/index.php\/2023\/10\/25\/rixa-disputa-e-tentativa-de-homicidio-por-bananas-levara-trio-ao-tribunal-do-juri\/","url":"https:\/\/sulsc.com\/index.php\/2023\/10\/25\/rixa-disputa-e-tentativa-de-homicidio-por-bananas-levara-trio-ao-tribunal-do-juri\/","name":"Rixa, disputa e tentativa de homic\u00eddio por bananas levar\u00e1 trio ao tribunal do J\u00fari -","isPartOf":{"@id":"https:\/\/sulsc.com\/#website"},"datePublished":"2023-10-25T11:00:13+00:00","dateModified":"2023-10-25T09:45:02+00:00","author":{"@id":"https:\/\/sulsc.com\/#\/schema\/person\/84d2fc571684f6248ba83092f07750a3"},"breadcrumb":{"@id":"https:\/\/sulsc.com\/index.php\/2023\/10\/25\/rixa-disputa-e-tentativa-de-homicidio-por-bananas-levara-trio-ao-tribunal-do-juri\/#breadcrumb"},"inLanguage":"en-US","potentialAction":[{"@type":"ReadAction","target":["https:\/\/sulsc.com\/index.php\/2023\/10\/25\/rixa-disputa-e-tentativa-de-homicidio-por-bananas-levara-trio-ao-tribunal-do-juri\/"]}]},{"@type":"BreadcrumbList","@id":"https:\/\/sulsc.com\/index.php\/2023\/10\/25\/rixa-disputa-e-tentativa-de-homicidio-por-bananas-levara-trio-ao-tribunal-do-juri\/#breadcrumb","itemListElement":[{"@type":"ListItem","position":1,"name":"In\u00edcio","item":"https:\/\/sulsc.com\/"},{"@type":"ListItem","position":2,"name":"Rixa, disputa e tentativa de homic\u00eddio por bananas levar\u00e1 trio ao tribunal do J\u00fari"}]},{"@type":"WebSite","@id":"https:\/\/sulsc.com\/#website","url":"https:\/\/sulsc.com\/","name":"","description":"","potentialAction":[{"@type":"SearchAction","target":{"@type":"EntryPoint","urlTemplate":"https:\/\/sulsc.com\/?s={search_term_string}"},"query-input":"required name=search_term_string"}],"inLanguage":"en-US"},{"@type":"Person","@id":"https:\/\/sulsc.com\/#\/schema\/person\/84d2fc571684f6248ba83092f07750a3","name":"Reda\u00e7\u00e3o Sul SC","image":{"@type":"ImageObject","inLanguage":"en-US","@id":"https:\/\/sulsc.com\/#\/schema\/person\/image\/e08d7fe2cc4ed596372063bbe852b8d0","url":"https:\/\/sulsc.com\/wp-content\/uploads\/2023\/09\/redacao.png","contentUrl":"https:\/\/sulsc.com\/wp-content\/uploads\/2023\/09\/redacao.png","caption":"Reda\u00e7\u00e3o Sul SC"},"description":"Foco em um jornalismo imparcial, voltado \u00e0 qualidade dos seus conte\u00fados e, assim, levar informa\u00e7\u00e3o de valor que agregue \u00e0 vida dos leitores. Esta \u00e9 grande miss\u00e3o do Portal de Not\u00edcias Sul SC. N\u00e3o \u00e9 quantidade que muda o mundo, sempre foi e seguir\u00e1 sendo qualidade!","sameAs":["https:\/\/sulsc.com\/","https:\/\/www.facebook.com\/profile.php?id=61559278119680","https:\/\/www.instagram.com\/sulscportal\/?hl=pt-br","https:\/\/twitter.com\/https:\/\/twitter.com\/PortalSulSC","https:\/\/www.youtube.com\/channel\/UCv_BE8GeySluDov2n8qhVmw"],"url":"https:\/\/sulsc.com\/index.php\/author\/redacao\/"}]}},"authors":[],"_links":{"self":[{"href":"https:\/\/sulsc.com\/index.php\/wp-json\/wp\/v2\/posts\/2816"}],"collection":[{"href":"https:\/\/sulsc.com\/index.php\/wp-json\/wp\/v2\/posts"}],"about":[{"href":"https:\/\/sulsc.com\/index.php\/wp-json\/wp\/v2\/types\/post"}],"author":[{"embeddable":true,"href":"https:\/\/sulsc.com\/index.php\/wp-json\/wp\/v2\/users\/3"}],"replies":[{"embeddable":true,"href":"https:\/\/sulsc.com\/index.php\/wp-json\/wp\/v2\/comments?post=2816"}],"version-history":[{"count":1,"href":"https:\/\/sulsc.com\/index.php\/wp-json\/wp\/v2\/posts\/2816\/revisions"}],"predecessor-version":[{"id":2818,"href":"https:\/\/sulsc.com\/index.php\/wp-json\/wp\/v2\/posts\/2816\/revisions\/2818"}],"wp:featuredmedia":[{"embeddable":true,"href":"https:\/\/sulsc.com\/index.php\/wp-json\/wp\/v2\/media\/1844"}],"wp:attachment":[{"href":"https:\/\/sulsc.com\/index.php\/wp-json\/wp\/v2\/media?parent=2816"}],"wp:term":[{"taxonomy":"category","embeddable":true,"href":"https:\/\/sulsc.com\/index.php\/wp-json\/wp\/v2\/categories?post=2816"},{"taxonomy":"post_tag","embeddable":true,"href":"https:\/\/sulsc.com\/index.php\/wp-json\/wp\/v2\/tags?post=2816"}],"curies":[{"name":"wp","href":"https:\/\/api.w.org\/{rel}","templated":true}]}}