{"id":28172,"date":"2025-10-08T18:10:04","date_gmt":"2025-10-08T21:10:04","guid":{"rendered":"https:\/\/sulsc.com\/?p=28172"},"modified":"2025-10-08T17:28:37","modified_gmt":"2025-10-08T20:28:37","slug":"operacao-festas-de-outubro-tem-inicio-nesta-sexta-feira-10-nas-rodovias-federais","status":"publish","type":"post","link":"https:\/\/sulsc.com\/index.php\/2025\/10\/08\/operacao-festas-de-outubro-tem-inicio-nesta-sexta-feira-10-nas-rodovias-federais\/","title":{"rendered":"Opera\u00e7\u00e3o Festas de Outubro tem in\u00edcio nesta sexta-feira (10) nas rodovias federais"},"content":{"rendered":"<p>A Opera\u00e7\u00e3o Festas de Outubro 2025, da Pol\u00edcia Rodovi\u00e1ria Federal (PRF), ter\u00e1 in\u00edcio nesta sexta-feira (10) e ser\u00e1 encerrada no domingo (26), \u00faltimo dia da Oktoberfest, em Blumenau. A a\u00e7\u00e3o tem por objetivo prevenir acidentes na BR-470, regi\u00e3o do Vale do Itaja\u00ed, e na BR-101, no trecho que vai de Florian\u00f3polis at\u00e9 o norte do estado.<\/p>\n<p>Outubro \u00e9 um m\u00eas em que a PRF registra fluxo intenso de ve\u00edculos nas rodovias federais catarinenses. Al\u00e9m da Oktoberfest, milhares de pessoas tamb\u00e9m se deslocam para a Fenarreco, em Brusque; Festa do Imigrante, em Timb\u00f3; e Marejada, em Itaja\u00ed.<\/p>\n<p>As comemora\u00e7\u00f5es de outubro t\u00eam grande apelo para o consumo de bebidas alco\u00f3licas. Por isso, a aplica\u00e7\u00e3o da Lei Seca estar\u00e1 entre as prioridades das equipes de fiscaliza\u00e7\u00e3o, especialmente nos fins de semana e durante as madrugadas, quando muitos turistas voltam para casa dirigindo sob efeito de \u00e1lcool.<\/p>\n<p>Tamb\u00e9m ser\u00e3o efetuadas abordagens educativas aos motoristas que se dirigem \u00e0s festas. Agentes do Grupo de Educa\u00e7\u00e3o para o Tr\u00e2nsito da PRF v\u00e3o alertar sobre os riscos da embriaguez ao volante e dar dicas para uma viagem segura.<\/p>\n<div id=\"metaslider-id-25573\" style=\"width: 100%;\" class=\"ml-slider-3-99-0 metaslider metaslider-flex metaslider-25573 ml-slider has-onhover-arrows ms-theme-default-base has-dots-nav\" role=\"region\" aria-label=\"Meio\" data-width=\"1200\">\n    <div id=\"metaslider_container_25573\">\n        <div id=\"metaslider_25573\">\n            <ul class='slides'>\n                <li style=\"display: block; width: 100%;\" class=\"slide-25684 ms-image \" aria-roledescription=\"slide\" data-date=\"2025-07-24 07:55:40\"><img src=\"https:\/\/sulsc.com\/wp-content\/uploads\/2025\/07\/Marr-2-1000x166.jpg\" height=\"200\" width=\"1200\" alt=\"\" class=\"slider-25573 slide-25684 msDefaultImage\" title=\"Marr 2\" \/><\/li>\n                <li style=\"display: none; width: 100%;\" class=\"slide-32412 ms-image \" aria-roledescription=\"slide\" data-date=\"2026-02-18 13:59:46\"><img src=\"https:\/\/sulsc.com\/wp-content\/uploads\/2026\/02\/40dc1580-cad5-4867-bc58-c4243821ad38-1000x166.jpeg\" height=\"200\" width=\"1200\" alt=\"\" class=\"slider-25573 slide-32412 msDefaultImage\" title=\"40dc1580-cad5-4867-bc58-c4243821ad38\" \/><\/li>\n                <li style=\"display: none; width: 100%;\" class=\"slide-32766 ms-image \" aria-roledescription=\"slide\" data-date=\"2026-03-03 17:22:59\"><img src=\"https:\/\/sulsc.com\/wp-content\/uploads\/2026\/03\/271ce739-f268-41c5-8051-3de1a1750359-1000x166.jpeg\" height=\"200\" width=\"1200\" alt=\"\" class=\"slider-25573 slide-32766 msDefaultImage\" title=\"271ce739-f268-41c5-8051-3de1a1750359\" \/><\/li>\n            <\/ul>\n        <\/div>\n        \n    <\/div>\n<\/div>\n<p>A orienta\u00e7\u00e3o \u00e9 que as pessoas se desloquem em grupo e elejam o \u201cmotorista da vez\u201d, aquele que n\u00e3o vai beber e ser\u00e1 o respons\u00e1vel pelo volante, trazendo todos de volta pra casa com seguran\u00e7a. Outra recomenda\u00e7\u00e3o \u00e9 utilizar vans, \u00f4nibus, t\u00e1xis ou aplicativos de viagens, para que todos possam aproveitar as festas sem nenhum imprevisto.<\/p>\n<p>Em 2024, a Opera\u00e7\u00e3o Festas de Outubro terminou com 164 flagrantes de motoristas dirigindo sob efeito de \u00e1lcool. Todos receberam multa no valor de R$ 2.934,70 e respondem a processo de suspens\u00e3o da Carteira Nacional de Habilita\u00e7\u00e3o (CNH).<\/p>\n<p>Vale ressaltar que a Opera\u00e7\u00e3o Festas de Outubro tamb\u00e9m mobiliza a Pol\u00edcia Militar Rodovi\u00e1ria (PMRv\/SC), Pol\u00edcia Militar (PM\/SC) e Guardas Municipais de Blumenau, Gaspar e Indaial. Nos pr\u00f3ximos tr\u00eas finais de semana, al\u00e9m de atuar individualmente, as for\u00e7as de seguran\u00e7a v\u00e3o operar de maneira integrada. A ideia \u00e9 montar um cintur\u00e3o de seguran\u00e7a nas ruas e estradas que d\u00e3o acesso \u00e0s festas com a\u00e7\u00f5es simult\u00e2neas, para potencializar a fiscaliza\u00e7\u00e3o e reduzir acidentes.<\/p>\n<p><img fetchpriority=\"high\" decoding=\"async\" class=\"alignnone size-full wp-image-28175\" src=\"http:\/\/sulsc.com\/wp-content\/uploads\/2025\/10\/PRF-Bafometro.jpg\" alt=\"\" width=\"1600\" height=\"1136\" srcset=\"https:\/\/sulsc.com\/wp-content\/uploads\/2025\/10\/PRF-Bafometro.jpg 1600w, https:\/\/sulsc.com\/wp-content\/uploads\/2025\/10\/PRF-Bafometro-300x213.jpg 300w, https:\/\/sulsc.com\/wp-content\/uploads\/2025\/10\/PRF-Bafometro-1024x727.jpg 1024w, https:\/\/sulsc.com\/wp-content\/uploads\/2025\/10\/PRF-Bafometro-768x545.jpg 768w, https:\/\/sulsc.com\/wp-content\/uploads\/2025\/10\/PRF-Bafometro-1536x1091.jpg 1536w\" sizes=\"(max-width: 1600px) 100vw, 1600px\" \/><\/p>\n","protected":false},"excerpt":{"rendered":"<p>A Opera\u00e7\u00e3o Festas de Outubro 2025, da Pol\u00edcia Rodovi\u00e1ria Federal (PRF), ter\u00e1 in\u00edcio nesta sexta-feira (10) e ser\u00e1 encerrada no domingo (26), \u00faltimo dia da Oktoberfest, em Blumenau. A a\u00e7\u00e3o tem por objetivo prevenir acidentes na BR-470, regi\u00e3o do Vale do Itaja\u00ed, e na BR-101, no trecho que vai de Florian\u00f3polis at\u00e9 o norte do &hellip;<\/p>\n<p class=\"read-more\"> <a class=\"\" href=\"https:\/\/sulsc.com\/index.php\/2025\/10\/08\/operacao-festas-de-outubro-tem-inicio-nesta-sexta-feira-10-nas-rodovias-federais\/\"> <span class=\"screen-reader-text\">Opera\u00e7\u00e3o Festas de Outubro tem in\u00edcio nesta sexta-feira (10) nas rodovias federais<\/span> Read More &raquo;<\/a><\/p>\n","protected":false},"author":3,"featured_media":28174,"comment_status":"open","ping_status":"open","sticky":false,"template":"","format":"standard","meta":{"site-sidebar-layout":"default","site-content-layout":"","ast-site-content-layout":"default","site-content-style":"default","site-sidebar-style":"default","ast-global-header-display":"","ast-banner-title-visibility":"","ast-main-header-display":"","ast-hfb-above-header-display":"","ast-hfb-below-header-display":"","ast-hfb-mobile-header-display":"","site-post-title":"","ast-breadcrumbs-content":"","ast-featured-img":"","footer-sml-layout":"","theme-transparent-header-meta":"default","adv-header-id-meta":"","stick-header-meta":"","header-above-stick-meta":"","header-main-stick-meta":"","header-below-stick-meta":"","astra-migrate-meta-layouts":"set","footnotes":""},"categories":[14,8,12],"tags":[2489,476,1661],"yoast_head":"<!-- This site is optimized with the Yoast SEO plugin v21.4 - https:\/\/yoast.com\/wordpress\/plugins\/seo\/ -->\n<title>Opera\u00e7\u00e3o Festas de Outubro tem in\u00edcio nesta sexta-feira (10) nas rodovias federais -<\/title>\n<meta name=\"robots\" content=\"index, follow, max-snippet:-1, max-image-preview:large, max-video-preview:-1\" \/>\n<link rel=\"canonical\" href=\"https:\/\/sulsc.com\/index.php\/2025\/10\/08\/operacao-festas-de-outubro-tem-inicio-nesta-sexta-feira-10-nas-rodovias-federais\/\" \/>\n<meta property=\"og:locale\" content=\"en_US\" \/>\n<meta property=\"og:type\" content=\"article\" \/>\n<meta property=\"og:title\" content=\"Opera\u00e7\u00e3o Festas de Outubro tem in\u00edcio nesta sexta-feira (10) nas rodovias federais -\" \/>\n<meta property=\"og:description\" content=\"A Opera\u00e7\u00e3o Festas de Outubro 2025, da Pol\u00edcia Rodovi\u00e1ria Federal (PRF), ter\u00e1 in\u00edcio nesta sexta-feira (10) e ser\u00e1 encerrada no domingo (26), \u00faltimo dia da Oktoberfest, em Blumenau. A a\u00e7\u00e3o tem por objetivo prevenir acidentes na BR-470, regi\u00e3o do Vale do Itaja\u00ed, e na BR-101, no trecho que vai de Florian\u00f3polis at\u00e9 o norte do &hellip; Opera\u00e7\u00e3o Festas de Outubro tem in\u00edcio nesta sexta-feira (10) nas rodovias federais Read More &raquo;\" \/>\n<meta property=\"og:url\" content=\"https:\/\/sulsc.com\/index.php\/2025\/10\/08\/operacao-festas-de-outubro-tem-inicio-nesta-sexta-feira-10-nas-rodovias-federais\/\" \/>\n<meta property=\"article:author\" content=\"https:\/\/www.facebook.com\/profile.php?id=61559278119680\" \/>\n<meta property=\"article:published_time\" content=\"2025-10-08T21:10:04+00:00\" \/>\n<meta property=\"article:modified_time\" content=\"2025-10-08T20:28:37+00:00\" \/>\n<meta property=\"og:image\" content=\"https:\/\/sulsc.com\/wp-content\/uploads\/2025\/10\/PRF-e-PMSC.jpg\" \/>\n\t<meta property=\"og:image:width\" content=\"1112\" \/>\n\t<meta property=\"og:image:height\" content=\"1339\" \/>\n\t<meta property=\"og:image:type\" content=\"image\/jpeg\" \/>\n<meta name=\"author\" content=\"Reda\u00e7\u00e3o Sul SC\" \/>\n<meta name=\"twitter:card\" content=\"summary_large_image\" \/>\n<meta name=\"twitter:creator\" content=\"@https:\/\/twitter.com\/PortalSulSC\" \/>\n<meta name=\"twitter:label1\" content=\"Written by\" \/>\n\t<meta name=\"twitter:data1\" content=\"Reda\u00e7\u00e3o Sul SC\" \/>\n\t<meta name=\"twitter:label2\" content=\"Est. reading time\" \/>\n\t<meta name=\"twitter:data2\" content=\"2 minutes\" \/>\n<script type=\"application\/ld+json\" class=\"yoast-schema-graph\">{\"@context\":\"https:\/\/schema.org\",\"@graph\":[{\"@type\":\"WebPage\",\"@id\":\"https:\/\/sulsc.com\/index.php\/2025\/10\/08\/operacao-festas-de-outubro-tem-inicio-nesta-sexta-feira-10-nas-rodovias-federais\/\",\"url\":\"https:\/\/sulsc.com\/index.php\/2025\/10\/08\/operacao-festas-de-outubro-tem-inicio-nesta-sexta-feira-10-nas-rodovias-federais\/\",\"name\":\"Opera\u00e7\u00e3o Festas de Outubro tem in\u00edcio nesta sexta-feira (10) nas rodovias federais -\",\"isPartOf\":{\"@id\":\"https:\/\/sulsc.com\/#website\"},\"datePublished\":\"2025-10-08T21:10:04+00:00\",\"dateModified\":\"2025-10-08T20:28:37+00:00\",\"author\":{\"@id\":\"https:\/\/sulsc.com\/#\/schema\/person\/84d2fc571684f6248ba83092f07750a3\"},\"breadcrumb\":{\"@id\":\"https:\/\/sulsc.com\/index.php\/2025\/10\/08\/operacao-festas-de-outubro-tem-inicio-nesta-sexta-feira-10-nas-rodovias-federais\/#breadcrumb\"},\"inLanguage\":\"en-US\",\"potentialAction\":[{\"@type\":\"ReadAction\",\"target\":[\"https:\/\/sulsc.com\/index.php\/2025\/10\/08\/operacao-festas-de-outubro-tem-inicio-nesta-sexta-feira-10-nas-rodovias-federais\/\"]}]},{\"@type\":\"BreadcrumbList\",\"@id\":\"https:\/\/sulsc.com\/index.php\/2025\/10\/08\/operacao-festas-de-outubro-tem-inicio-nesta-sexta-feira-10-nas-rodovias-federais\/#breadcrumb\",\"itemListElement\":[{\"@type\":\"ListItem\",\"position\":1,\"name\":\"In\u00edcio\",\"item\":\"https:\/\/sulsc.com\/\"},{\"@type\":\"ListItem\",\"position\":2,\"name\":\"Opera\u00e7\u00e3o Festas de Outubro tem in\u00edcio nesta sexta-feira (10) nas rodovias federais\"}]},{\"@type\":\"WebSite\",\"@id\":\"https:\/\/sulsc.com\/#website\",\"url\":\"https:\/\/sulsc.com\/\",\"name\":\"\",\"description\":\"\",\"potentialAction\":[{\"@type\":\"SearchAction\",\"target\":{\"@type\":\"EntryPoint\",\"urlTemplate\":\"https:\/\/sulsc.com\/?s={search_term_string}\"},\"query-input\":\"required name=search_term_string\"}],\"inLanguage\":\"en-US\"},{\"@type\":\"Person\",\"@id\":\"https:\/\/sulsc.com\/#\/schema\/person\/84d2fc571684f6248ba83092f07750a3\",\"name\":\"Reda\u00e7\u00e3o Sul SC\",\"image\":{\"@type\":\"ImageObject\",\"inLanguage\":\"en-US\",\"@id\":\"https:\/\/sulsc.com\/#\/schema\/person\/image\/e08d7fe2cc4ed596372063bbe852b8d0\",\"url\":\"https:\/\/sulsc.com\/wp-content\/uploads\/2023\/09\/redacao.png\",\"contentUrl\":\"https:\/\/sulsc.com\/wp-content\/uploads\/2023\/09\/redacao.png\",\"caption\":\"Reda\u00e7\u00e3o Sul SC\"},\"description\":\"Foco em um jornalismo imparcial, voltado \u00e0 qualidade dos seus conte\u00fados e, assim, levar informa\u00e7\u00e3o de valor que agregue \u00e0 vida dos leitores. Esta \u00e9 grande miss\u00e3o do Portal de Not\u00edcias Sul SC. N\u00e3o \u00e9 quantidade que muda o mundo, sempre foi e seguir\u00e1 sendo qualidade!\",\"sameAs\":[\"https:\/\/sulsc.com\/\",\"https:\/\/www.facebook.com\/profile.php?id=61559278119680\",\"https:\/\/www.instagram.com\/sulscportal\/?hl=pt-br\",\"https:\/\/twitter.com\/https:\/\/twitter.com\/PortalSulSC\",\"https:\/\/www.youtube.com\/channel\/UCv_BE8GeySluDov2n8qhVmw\"],\"url\":\"https:\/\/sulsc.com\/index.php\/author\/redacao\/\"}]}<\/script>\n<!-- \/ Yoast SEO plugin. -->","yoast_head_json":{"title":"Opera\u00e7\u00e3o Festas de Outubro tem in\u00edcio nesta sexta-feira (10) nas rodovias federais -","robots":{"index":"index","follow":"follow","max-snippet":"max-snippet:-1","max-image-preview":"max-image-preview:large","max-video-preview":"max-video-preview:-1"},"canonical":"https:\/\/sulsc.com\/index.php\/2025\/10\/08\/operacao-festas-de-outubro-tem-inicio-nesta-sexta-feira-10-nas-rodovias-federais\/","og_locale":"en_US","og_type":"article","og_title":"Opera\u00e7\u00e3o Festas de Outubro tem in\u00edcio nesta sexta-feira (10) nas rodovias federais -","og_description":"A Opera\u00e7\u00e3o Festas de Outubro 2025, da Pol\u00edcia Rodovi\u00e1ria Federal (PRF), ter\u00e1 in\u00edcio nesta sexta-feira (10) e ser\u00e1 encerrada no domingo (26), \u00faltimo dia da Oktoberfest, em Blumenau. A a\u00e7\u00e3o tem por objetivo prevenir acidentes na BR-470, regi\u00e3o do Vale do Itaja\u00ed, e na BR-101, no trecho que vai de Florian\u00f3polis at\u00e9 o norte do &hellip; Opera\u00e7\u00e3o Festas de Outubro tem in\u00edcio nesta sexta-feira (10) nas rodovias federais Read More &raquo;","og_url":"https:\/\/sulsc.com\/index.php\/2025\/10\/08\/operacao-festas-de-outubro-tem-inicio-nesta-sexta-feira-10-nas-rodovias-federais\/","article_author":"https:\/\/www.facebook.com\/profile.php?id=61559278119680","article_published_time":"2025-10-08T21:10:04+00:00","article_modified_time":"2025-10-08T20:28:37+00:00","og_image":[{"width":1112,"height":1339,"url":"https:\/\/sulsc.com\/wp-content\/uploads\/2025\/10\/PRF-e-PMSC.jpg","type":"image\/jpeg"}],"author":"Reda\u00e7\u00e3o Sul SC","twitter_card":"summary_large_image","twitter_creator":"@https:\/\/twitter.com\/PortalSulSC","twitter_misc":{"Written by":"Reda\u00e7\u00e3o Sul SC","Est. reading time":"2 minutes"},"schema":{"@context":"https:\/\/schema.org","@graph":[{"@type":"WebPage","@id":"https:\/\/sulsc.com\/index.php\/2025\/10\/08\/operacao-festas-de-outubro-tem-inicio-nesta-sexta-feira-10-nas-rodovias-federais\/","url":"https:\/\/sulsc.com\/index.php\/2025\/10\/08\/operacao-festas-de-outubro-tem-inicio-nesta-sexta-feira-10-nas-rodovias-federais\/","name":"Opera\u00e7\u00e3o Festas de Outubro tem in\u00edcio nesta sexta-feira (10) nas rodovias federais -","isPartOf":{"@id":"https:\/\/sulsc.com\/#website"},"datePublished":"2025-10-08T21:10:04+00:00","dateModified":"2025-10-08T20:28:37+00:00","author":{"@id":"https:\/\/sulsc.com\/#\/schema\/person\/84d2fc571684f6248ba83092f07750a3"},"breadcrumb":{"@id":"https:\/\/sulsc.com\/index.php\/2025\/10\/08\/operacao-festas-de-outubro-tem-inicio-nesta-sexta-feira-10-nas-rodovias-federais\/#breadcrumb"},"inLanguage":"en-US","potentialAction":[{"@type":"ReadAction","target":["https:\/\/sulsc.com\/index.php\/2025\/10\/08\/operacao-festas-de-outubro-tem-inicio-nesta-sexta-feira-10-nas-rodovias-federais\/"]}]},{"@type":"BreadcrumbList","@id":"https:\/\/sulsc.com\/index.php\/2025\/10\/08\/operacao-festas-de-outubro-tem-inicio-nesta-sexta-feira-10-nas-rodovias-federais\/#breadcrumb","itemListElement":[{"@type":"ListItem","position":1,"name":"In\u00edcio","item":"https:\/\/sulsc.com\/"},{"@type":"ListItem","position":2,"name":"Opera\u00e7\u00e3o Festas de Outubro tem in\u00edcio nesta sexta-feira (10) nas rodovias federais"}]},{"@type":"WebSite","@id":"https:\/\/sulsc.com\/#website","url":"https:\/\/sulsc.com\/","name":"","description":"","potentialAction":[{"@type":"SearchAction","target":{"@type":"EntryPoint","urlTemplate":"https:\/\/sulsc.com\/?s={search_term_string}"},"query-input":"required name=search_term_string"}],"inLanguage":"en-US"},{"@type":"Person","@id":"https:\/\/sulsc.com\/#\/schema\/person\/84d2fc571684f6248ba83092f07750a3","name":"Reda\u00e7\u00e3o Sul SC","image":{"@type":"ImageObject","inLanguage":"en-US","@id":"https:\/\/sulsc.com\/#\/schema\/person\/image\/e08d7fe2cc4ed596372063bbe852b8d0","url":"https:\/\/sulsc.com\/wp-content\/uploads\/2023\/09\/redacao.png","contentUrl":"https:\/\/sulsc.com\/wp-content\/uploads\/2023\/09\/redacao.png","caption":"Reda\u00e7\u00e3o Sul SC"},"description":"Foco em um jornalismo imparcial, voltado \u00e0 qualidade dos seus conte\u00fados e, assim, levar informa\u00e7\u00e3o de valor que agregue \u00e0 vida dos leitores. Esta \u00e9 grande miss\u00e3o do Portal de Not\u00edcias Sul SC. N\u00e3o \u00e9 quantidade que muda o mundo, sempre foi e seguir\u00e1 sendo qualidade!","sameAs":["https:\/\/sulsc.com\/","https:\/\/www.facebook.com\/profile.php?id=61559278119680","https:\/\/www.instagram.com\/sulscportal\/?hl=pt-br","https:\/\/twitter.com\/https:\/\/twitter.com\/PortalSulSC","https:\/\/www.youtube.com\/channel\/UCv_BE8GeySluDov2n8qhVmw"],"url":"https:\/\/sulsc.com\/index.php\/author\/redacao\/"}]}},"authors":[],"_links":{"self":[{"href":"https:\/\/sulsc.com\/index.php\/wp-json\/wp\/v2\/posts\/28172"}],"collection":[{"href":"https:\/\/sulsc.com\/index.php\/wp-json\/wp\/v2\/posts"}],"about":[{"href":"https:\/\/sulsc.com\/index.php\/wp-json\/wp\/v2\/types\/post"}],"author":[{"embeddable":true,"href":"https:\/\/sulsc.com\/index.php\/wp-json\/wp\/v2\/users\/3"}],"replies":[{"embeddable":true,"href":"https:\/\/sulsc.com\/index.php\/wp-json\/wp\/v2\/comments?post=28172"}],"version-history":[{"count":1,"href":"https:\/\/sulsc.com\/index.php\/wp-json\/wp\/v2\/posts\/28172\/revisions"}],"predecessor-version":[{"id":28176,"href":"https:\/\/sulsc.com\/index.php\/wp-json\/wp\/v2\/posts\/28172\/revisions\/28176"}],"wp:featuredmedia":[{"embeddable":true,"href":"https:\/\/sulsc.com\/index.php\/wp-json\/wp\/v2\/media\/28174"}],"wp:attachment":[{"href":"https:\/\/sulsc.com\/index.php\/wp-json\/wp\/v2\/media?parent=28172"}],"wp:term":[{"taxonomy":"category","embeddable":true,"href":"https:\/\/sulsc.com\/index.php\/wp-json\/wp\/v2\/categories?post=28172"},{"taxonomy":"post_tag","embeddable":true,"href":"https:\/\/sulsc.com\/index.php\/wp-json\/wp\/v2\/tags?post=28172"}],"curies":[{"name":"wp","href":"https:\/\/api.w.org\/{rel}","templated":true}]}}