{"id":28178,"date":"2025-10-09T07:00:20","date_gmt":"2025-10-09T10:00:20","guid":{"rendered":"https:\/\/sulsc.com\/?p=28178"},"modified":"2025-10-09T06:53:45","modified_gmt":"2025-10-09T09:53:45","slug":"acidente-entre-caminhao-e-moto-resulta-em-vitima-fatal-em-treze-de-maio","status":"publish","type":"post","link":"https:\/\/sulsc.com\/index.php\/2025\/10\/09\/acidente-entre-caminhao-e-moto-resulta-em-vitima-fatal-em-treze-de-maio\/","title":{"rendered":"Acidente entre caminh\u00e3o e moto resulta em v\u00edtima fatal, em Treze de Maio"},"content":{"rendered":"<p>Um acidente de tr\u00e2nsito resultou em morte na tarde dessa quarta-feira (8), em Treze de Maio. A Pol\u00edcia Militar Rodovi\u00e1ria (PMRv) foi acionada por volta das 14h40, para atender a ocorr\u00eancia na SC-441, KM 13,550, de sinistro de tr\u00e2nsito com pessoa ferida ou morta e homic\u00eddio culposo na dire\u00e7\u00e3o de ve\u00edculo automotor.<\/p>\n<p>De acordo com a PMRv, a colis\u00e3o frontal envolveu tr\u00eas ve\u00edculos. O primeiro, uma motocicleta Honda\/CG 125 Titan KS, em que o condutor de 58 anos, veio a \u00f3bito no local. A motocicleta foi removida ao p\u00e1tio da permission\u00e1ria por solicita\u00e7\u00e3o dos agentes da Pol\u00edcia Cient\u00edfica.<\/p>\n<p>O segundo e terceiro ve\u00edculos, um caminh\u00e3o trator DAF\/XF105 FTS 460A e o semirreboque SR\/Randon SR FG, em que o condutor, de 46 anos, n\u00e3o teve nenhum ferimento. Foi realizado o teste de etil\u00f4metro no condutor, por\u00e9m, nenhuma concentra\u00e7\u00e3o de \u00e1lcool foi constatada (t\u00edquete de n\u00famero 152).<\/p>\n<p>Vale ressaltar que o disco do tac\u00f3grafo, que estava aferido, foi recolhido pela Pol\u00edcia Cient\u00edfica para posterior per\u00edcia. Al\u00e9m disso, o caminh\u00e3o trator foi autuado por estar com equipamento obrigat\u00f3rio em desacordo com o estabelecido pelo Contran e o Semirreboque autuado por conduzir ve\u00edculo por mau estado de conserva\u00e7\u00e3o (tr\u00eas pneus lisos), comprometendo a seguran\u00e7a e conduzir o ve\u00edculo com qualquer uma das placas sem legibilidade e visibilidade.<\/p>\n<div id=\"metaslider-id-25573\" style=\"width: 100%;\" class=\"ml-slider-3-99-0 metaslider metaslider-flex metaslider-25573 ml-slider has-onhover-arrows ms-theme-default-base has-dots-nav\" role=\"region\" aria-label=\"Meio\" data-width=\"1200\">\n    <div id=\"metaslider_container_25573\">\n        <div id=\"metaslider_25573\">\n            <ul class='slides'>\n                <li style=\"display: block; width: 100%;\" class=\"slide-25684 ms-image \" aria-roledescription=\"slide\" data-date=\"2025-07-24 07:55:40\"><img src=\"https:\/\/sulsc.com\/wp-content\/uploads\/2025\/07\/Marr-2-1000x166.jpg\" height=\"200\" width=\"1200\" alt=\"\" class=\"slider-25573 slide-25684 msDefaultImage\" title=\"Marr 2\" \/><\/li>\n                <li style=\"display: none; width: 100%;\" class=\"slide-32412 ms-image \" aria-roledescription=\"slide\" data-date=\"2026-02-18 13:59:46\"><img src=\"https:\/\/sulsc.com\/wp-content\/uploads\/2026\/02\/40dc1580-cad5-4867-bc58-c4243821ad38-1000x166.jpeg\" height=\"200\" width=\"1200\" alt=\"\" class=\"slider-25573 slide-32412 msDefaultImage\" title=\"40dc1580-cad5-4867-bc58-c4243821ad38\" \/><\/li>\n                <li style=\"display: none; width: 100%;\" class=\"slide-32766 ms-image \" aria-roledescription=\"slide\" data-date=\"2026-03-03 17:22:59\"><img src=\"https:\/\/sulsc.com\/wp-content\/uploads\/2026\/03\/271ce739-f268-41c5-8051-3de1a1750359-1000x166.jpeg\" height=\"200\" width=\"1200\" alt=\"\" class=\"slider-25573 slide-32766 msDefaultImage\" title=\"271ce739-f268-41c5-8051-3de1a1750359\" \/><\/li>\n            <\/ul>\n        <\/div>\n        \n    <\/div>\n<\/div>\n<p>Quando a guarni\u00e7\u00e3o chegou ao local os ve\u00edculos j\u00e1 tinham sido retirados da posi\u00e7\u00e3o final e a v\u00edtima em \u00f3bito, estava dentro da ambul\u00e2ncia dos Bombeiros Volunt\u00e1rios e aguardava a chegada do Instituto M\u00e9dico Legal (IML). J\u00e1 a combina\u00e7\u00e3o de ve\u00edculos foi liberada para o pr\u00f3prio condutor.<\/p>\n<p>Ap\u00f3s o levantamento do acidente de tr\u00e2nsito, aliado as declara\u00e7\u00e3o do condutor, a indica\u00e7\u00e3o \u00e9 de que, quem deu causa ao sinistro, teria sido o condutor da motocicleta, visto que, o condutor da Honda \/CG 125 Titan KS transitava pela Rodovia SC 441, no sentido Centro \/ bairro S\u00e3o Gabriel, quando na altura do Km 13,550, por motivos desconhecidos, invadiu a contram\u00e3o de dire\u00e7\u00e3o e colidiu frontalmente com o caminh\u00e3o trator.<\/p>\n<p>Detritos estavam espalhados sobre as duas faixas de rolamento e havia uma pequena marca na faixa do sentido bairro S\u00e3o Gabriel \/ Centro de Treze de Maio. Vale ressaltar que o relator trabalha como Bombeiro Comunit\u00e1rio no Batalh\u00e3o dos Bombeiros Militares no munic\u00edpio de Tubar\u00e3o e por conta disso, iniciou o procedimento de reanima\u00e7\u00e3o, acionou os Bombeiros Volunt\u00e1rios de Jaguaruna e a aeronave Saer do munic\u00edpio de Crici\u00fama, que ajudaram na tentativa de reanimar a v\u00edtima por cerca de 30 minutos, por\u00e9m, sem \u00eaxito.<\/p>\n<p>A Rodovia possui um perfil t\u00e9cnico rural com caracter\u00edstica urbana, tangente em n\u00edvel, curva aberta, pistas separadas por linha dupla cont\u00ednua amarela apagadas, sinaliza\u00e7\u00e3o vertical existente e vis\u00edvel, trecho da via desprovida de acostamento e o clima de tempo bom. O tr\u00e2nsito ficou em meia pista, sendo interrompido totalmente, por aproximadamente 40 minutos para os trabalhos da Pol\u00edcia Cient\u00edfica.<\/p>\n<p><img fetchpriority=\"high\" decoding=\"async\" class=\"alignnone size-full wp-image-28181\" src=\"http:\/\/sulsc.com\/wp-content\/uploads\/2025\/10\/02.jpg\" alt=\"\" width=\"1600\" height=\"1204\" srcset=\"https:\/\/sulsc.com\/wp-content\/uploads\/2025\/10\/02.jpg 1600w, https:\/\/sulsc.com\/wp-content\/uploads\/2025\/10\/02-300x226.jpg 300w, https:\/\/sulsc.com\/wp-content\/uploads\/2025\/10\/02-1024x771.jpg 1024w, https:\/\/sulsc.com\/wp-content\/uploads\/2025\/10\/02-768x578.jpg 768w, https:\/\/sulsc.com\/wp-content\/uploads\/2025\/10\/02-1536x1156.jpg 1536w\" sizes=\"(max-width: 1600px) 100vw, 1600px\" \/><\/p>\n","protected":false},"excerpt":{"rendered":"<p>Um acidente de tr\u00e2nsito resultou em morte na tarde dessa quarta-feira (8), em Treze de Maio. A Pol\u00edcia Militar Rodovi\u00e1ria (PMRv) foi acionada por volta das 14h40, para atender a ocorr\u00eancia na SC-441, KM 13,550, de sinistro de tr\u00e2nsito com pessoa ferida ou morta e homic\u00eddio culposo na dire\u00e7\u00e3o de ve\u00edculo automotor. De acordo com &hellip;<\/p>\n<p class=\"read-more\"> <a class=\"\" href=\"https:\/\/sulsc.com\/index.php\/2025\/10\/09\/acidente-entre-caminhao-e-moto-resulta-em-vitima-fatal-em-treze-de-maio\/\"> <span class=\"screen-reader-text\">Acidente entre caminh\u00e3o e moto resulta em v\u00edtima fatal, em Treze de Maio<\/span> Read More &raquo;<\/a><\/p>\n","protected":false},"author":3,"featured_media":28180,"comment_status":"open","ping_status":"open","sticky":false,"template":"","format":"standard","meta":{"site-sidebar-layout":"default","site-content-layout":"","ast-site-content-layout":"default","site-content-style":"default","site-sidebar-style":"default","ast-global-header-display":"","ast-banner-title-visibility":"","ast-main-header-display":"","ast-hfb-above-header-display":"","ast-hfb-below-header-display":"","ast-hfb-mobile-header-display":"","site-post-title":"","ast-breadcrumbs-content":"","ast-featured-img":"","footer-sml-layout":"","theme-transparent-header-meta":"default","adv-header-id-meta":"","stick-header-meta":"","header-above-stick-meta":"","header-main-stick-meta":"","header-below-stick-meta":"","astra-migrate-meta-layouts":"set","footnotes":""},"categories":[8,12],"tags":[680,1990],"yoast_head":"<!-- This site is optimized with the Yoast SEO plugin v21.4 - https:\/\/yoast.com\/wordpress\/plugins\/seo\/ -->\n<title>Acidente entre caminh\u00e3o e moto resulta em v\u00edtima fatal, em Treze de Maio -<\/title>\n<meta name=\"robots\" content=\"index, follow, max-snippet:-1, max-image-preview:large, max-video-preview:-1\" \/>\n<link rel=\"canonical\" href=\"https:\/\/sulsc.com\/index.php\/2025\/10\/09\/acidente-entre-caminhao-e-moto-resulta-em-vitima-fatal-em-treze-de-maio\/\" \/>\n<meta property=\"og:locale\" content=\"en_US\" \/>\n<meta property=\"og:type\" content=\"article\" \/>\n<meta property=\"og:title\" content=\"Acidente entre caminh\u00e3o e moto resulta em v\u00edtima fatal, em Treze de Maio -\" \/>\n<meta property=\"og:description\" content=\"Um acidente de tr\u00e2nsito resultou em morte na tarde dessa quarta-feira (8), em Treze de Maio. A Pol\u00edcia Militar Rodovi\u00e1ria (PMRv) foi acionada por volta das 14h40, para atender a ocorr\u00eancia na SC-441, KM 13,550, de sinistro de tr\u00e2nsito com pessoa ferida ou morta e homic\u00eddio culposo na dire\u00e7\u00e3o de ve\u00edculo automotor. De acordo com &hellip; Acidente entre caminh\u00e3o e moto resulta em v\u00edtima fatal, em Treze de Maio Read More &raquo;\" \/>\n<meta property=\"og:url\" content=\"https:\/\/sulsc.com\/index.php\/2025\/10\/09\/acidente-entre-caminhao-e-moto-resulta-em-vitima-fatal-em-treze-de-maio\/\" \/>\n<meta property=\"article:author\" content=\"https:\/\/www.facebook.com\/profile.php?id=61559278119680\" \/>\n<meta property=\"article:published_time\" content=\"2025-10-09T10:00:20+00:00\" \/>\n<meta property=\"article:modified_time\" content=\"2025-10-09T09:53:45+00:00\" \/>\n<meta property=\"og:image\" content=\"https:\/\/sulsc.com\/wp-content\/uploads\/2025\/10\/01-1.jpg\" \/>\n\t<meta property=\"og:image:width\" content=\"1600\" \/>\n\t<meta property=\"og:image:height\" content=\"1204\" \/>\n\t<meta property=\"og:image:type\" content=\"image\/jpeg\" \/>\n<meta name=\"author\" content=\"Reda\u00e7\u00e3o Sul SC\" \/>\n<meta name=\"twitter:card\" content=\"summary_large_image\" \/>\n<meta name=\"twitter:creator\" content=\"@https:\/\/twitter.com\/PortalSulSC\" \/>\n<meta name=\"twitter:label1\" content=\"Written by\" \/>\n\t<meta name=\"twitter:data1\" content=\"Reda\u00e7\u00e3o Sul SC\" \/>\n\t<meta name=\"twitter:label2\" content=\"Est. reading time\" \/>\n\t<meta name=\"twitter:data2\" content=\"3 minutes\" \/>\n<script type=\"application\/ld+json\" class=\"yoast-schema-graph\">{\"@context\":\"https:\/\/schema.org\",\"@graph\":[{\"@type\":\"WebPage\",\"@id\":\"https:\/\/sulsc.com\/index.php\/2025\/10\/09\/acidente-entre-caminhao-e-moto-resulta-em-vitima-fatal-em-treze-de-maio\/\",\"url\":\"https:\/\/sulsc.com\/index.php\/2025\/10\/09\/acidente-entre-caminhao-e-moto-resulta-em-vitima-fatal-em-treze-de-maio\/\",\"name\":\"Acidente entre caminh\u00e3o e moto resulta em v\u00edtima fatal, em Treze de Maio -\",\"isPartOf\":{\"@id\":\"https:\/\/sulsc.com\/#website\"},\"datePublished\":\"2025-10-09T10:00:20+00:00\",\"dateModified\":\"2025-10-09T09:53:45+00:00\",\"author\":{\"@id\":\"https:\/\/sulsc.com\/#\/schema\/person\/84d2fc571684f6248ba83092f07750a3\"},\"breadcrumb\":{\"@id\":\"https:\/\/sulsc.com\/index.php\/2025\/10\/09\/acidente-entre-caminhao-e-moto-resulta-em-vitima-fatal-em-treze-de-maio\/#breadcrumb\"},\"inLanguage\":\"en-US\",\"potentialAction\":[{\"@type\":\"ReadAction\",\"target\":[\"https:\/\/sulsc.com\/index.php\/2025\/10\/09\/acidente-entre-caminhao-e-moto-resulta-em-vitima-fatal-em-treze-de-maio\/\"]}]},{\"@type\":\"BreadcrumbList\",\"@id\":\"https:\/\/sulsc.com\/index.php\/2025\/10\/09\/acidente-entre-caminhao-e-moto-resulta-em-vitima-fatal-em-treze-de-maio\/#breadcrumb\",\"itemListElement\":[{\"@type\":\"ListItem\",\"position\":1,\"name\":\"In\u00edcio\",\"item\":\"https:\/\/sulsc.com\/\"},{\"@type\":\"ListItem\",\"position\":2,\"name\":\"Acidente entre caminh\u00e3o e moto resulta em v\u00edtima fatal, em Treze de Maio\"}]},{\"@type\":\"WebSite\",\"@id\":\"https:\/\/sulsc.com\/#website\",\"url\":\"https:\/\/sulsc.com\/\",\"name\":\"\",\"description\":\"\",\"potentialAction\":[{\"@type\":\"SearchAction\",\"target\":{\"@type\":\"EntryPoint\",\"urlTemplate\":\"https:\/\/sulsc.com\/?s={search_term_string}\"},\"query-input\":\"required name=search_term_string\"}],\"inLanguage\":\"en-US\"},{\"@type\":\"Person\",\"@id\":\"https:\/\/sulsc.com\/#\/schema\/person\/84d2fc571684f6248ba83092f07750a3\",\"name\":\"Reda\u00e7\u00e3o Sul SC\",\"image\":{\"@type\":\"ImageObject\",\"inLanguage\":\"en-US\",\"@id\":\"https:\/\/sulsc.com\/#\/schema\/person\/image\/e08d7fe2cc4ed596372063bbe852b8d0\",\"url\":\"https:\/\/sulsc.com\/wp-content\/uploads\/2023\/09\/redacao.png\",\"contentUrl\":\"https:\/\/sulsc.com\/wp-content\/uploads\/2023\/09\/redacao.png\",\"caption\":\"Reda\u00e7\u00e3o Sul SC\"},\"description\":\"Foco em um jornalismo imparcial, voltado \u00e0 qualidade dos seus conte\u00fados e, assim, levar informa\u00e7\u00e3o de valor que agregue \u00e0 vida dos leitores. Esta \u00e9 grande miss\u00e3o do Portal de Not\u00edcias Sul SC. N\u00e3o \u00e9 quantidade que muda o mundo, sempre foi e seguir\u00e1 sendo qualidade!\",\"sameAs\":[\"https:\/\/sulsc.com\/\",\"https:\/\/www.facebook.com\/profile.php?id=61559278119680\",\"https:\/\/www.instagram.com\/sulscportal\/?hl=pt-br\",\"https:\/\/twitter.com\/https:\/\/twitter.com\/PortalSulSC\",\"https:\/\/www.youtube.com\/channel\/UCv_BE8GeySluDov2n8qhVmw\"],\"url\":\"https:\/\/sulsc.com\/index.php\/author\/redacao\/\"}]}<\/script>\n<!-- \/ Yoast SEO plugin. -->","yoast_head_json":{"title":"Acidente entre caminh\u00e3o e moto resulta em v\u00edtima fatal, em Treze de Maio -","robots":{"index":"index","follow":"follow","max-snippet":"max-snippet:-1","max-image-preview":"max-image-preview:large","max-video-preview":"max-video-preview:-1"},"canonical":"https:\/\/sulsc.com\/index.php\/2025\/10\/09\/acidente-entre-caminhao-e-moto-resulta-em-vitima-fatal-em-treze-de-maio\/","og_locale":"en_US","og_type":"article","og_title":"Acidente entre caminh\u00e3o e moto resulta em v\u00edtima fatal, em Treze de Maio -","og_description":"Um acidente de tr\u00e2nsito resultou em morte na tarde dessa quarta-feira (8), em Treze de Maio. A Pol\u00edcia Militar Rodovi\u00e1ria (PMRv) foi acionada por volta das 14h40, para atender a ocorr\u00eancia na SC-441, KM 13,550, de sinistro de tr\u00e2nsito com pessoa ferida ou morta e homic\u00eddio culposo na dire\u00e7\u00e3o de ve\u00edculo automotor. De acordo com &hellip; Acidente entre caminh\u00e3o e moto resulta em v\u00edtima fatal, em Treze de Maio Read More &raquo;","og_url":"https:\/\/sulsc.com\/index.php\/2025\/10\/09\/acidente-entre-caminhao-e-moto-resulta-em-vitima-fatal-em-treze-de-maio\/","article_author":"https:\/\/www.facebook.com\/profile.php?id=61559278119680","article_published_time":"2025-10-09T10:00:20+00:00","article_modified_time":"2025-10-09T09:53:45+00:00","og_image":[{"width":1600,"height":1204,"url":"https:\/\/sulsc.com\/wp-content\/uploads\/2025\/10\/01-1.jpg","type":"image\/jpeg"}],"author":"Reda\u00e7\u00e3o Sul SC","twitter_card":"summary_large_image","twitter_creator":"@https:\/\/twitter.com\/PortalSulSC","twitter_misc":{"Written by":"Reda\u00e7\u00e3o Sul SC","Est. reading time":"3 minutes"},"schema":{"@context":"https:\/\/schema.org","@graph":[{"@type":"WebPage","@id":"https:\/\/sulsc.com\/index.php\/2025\/10\/09\/acidente-entre-caminhao-e-moto-resulta-em-vitima-fatal-em-treze-de-maio\/","url":"https:\/\/sulsc.com\/index.php\/2025\/10\/09\/acidente-entre-caminhao-e-moto-resulta-em-vitima-fatal-em-treze-de-maio\/","name":"Acidente entre caminh\u00e3o e moto resulta em v\u00edtima fatal, em Treze de Maio -","isPartOf":{"@id":"https:\/\/sulsc.com\/#website"},"datePublished":"2025-10-09T10:00:20+00:00","dateModified":"2025-10-09T09:53:45+00:00","author":{"@id":"https:\/\/sulsc.com\/#\/schema\/person\/84d2fc571684f6248ba83092f07750a3"},"breadcrumb":{"@id":"https:\/\/sulsc.com\/index.php\/2025\/10\/09\/acidente-entre-caminhao-e-moto-resulta-em-vitima-fatal-em-treze-de-maio\/#breadcrumb"},"inLanguage":"en-US","potentialAction":[{"@type":"ReadAction","target":["https:\/\/sulsc.com\/index.php\/2025\/10\/09\/acidente-entre-caminhao-e-moto-resulta-em-vitima-fatal-em-treze-de-maio\/"]}]},{"@type":"BreadcrumbList","@id":"https:\/\/sulsc.com\/index.php\/2025\/10\/09\/acidente-entre-caminhao-e-moto-resulta-em-vitima-fatal-em-treze-de-maio\/#breadcrumb","itemListElement":[{"@type":"ListItem","position":1,"name":"In\u00edcio","item":"https:\/\/sulsc.com\/"},{"@type":"ListItem","position":2,"name":"Acidente entre caminh\u00e3o e moto resulta em v\u00edtima fatal, em Treze de Maio"}]},{"@type":"WebSite","@id":"https:\/\/sulsc.com\/#website","url":"https:\/\/sulsc.com\/","name":"","description":"","potentialAction":[{"@type":"SearchAction","target":{"@type":"EntryPoint","urlTemplate":"https:\/\/sulsc.com\/?s={search_term_string}"},"query-input":"required name=search_term_string"}],"inLanguage":"en-US"},{"@type":"Person","@id":"https:\/\/sulsc.com\/#\/schema\/person\/84d2fc571684f6248ba83092f07750a3","name":"Reda\u00e7\u00e3o Sul SC","image":{"@type":"ImageObject","inLanguage":"en-US","@id":"https:\/\/sulsc.com\/#\/schema\/person\/image\/e08d7fe2cc4ed596372063bbe852b8d0","url":"https:\/\/sulsc.com\/wp-content\/uploads\/2023\/09\/redacao.png","contentUrl":"https:\/\/sulsc.com\/wp-content\/uploads\/2023\/09\/redacao.png","caption":"Reda\u00e7\u00e3o Sul SC"},"description":"Foco em um jornalismo imparcial, voltado \u00e0 qualidade dos seus conte\u00fados e, assim, levar informa\u00e7\u00e3o de valor que agregue \u00e0 vida dos leitores. Esta \u00e9 grande miss\u00e3o do Portal de Not\u00edcias Sul SC. N\u00e3o \u00e9 quantidade que muda o mundo, sempre foi e seguir\u00e1 sendo qualidade!","sameAs":["https:\/\/sulsc.com\/","https:\/\/www.facebook.com\/profile.php?id=61559278119680","https:\/\/www.instagram.com\/sulscportal\/?hl=pt-br","https:\/\/twitter.com\/https:\/\/twitter.com\/PortalSulSC","https:\/\/www.youtube.com\/channel\/UCv_BE8GeySluDov2n8qhVmw"],"url":"https:\/\/sulsc.com\/index.php\/author\/redacao\/"}]}},"authors":[],"_links":{"self":[{"href":"https:\/\/sulsc.com\/index.php\/wp-json\/wp\/v2\/posts\/28178"}],"collection":[{"href":"https:\/\/sulsc.com\/index.php\/wp-json\/wp\/v2\/posts"}],"about":[{"href":"https:\/\/sulsc.com\/index.php\/wp-json\/wp\/v2\/types\/post"}],"author":[{"embeddable":true,"href":"https:\/\/sulsc.com\/index.php\/wp-json\/wp\/v2\/users\/3"}],"replies":[{"embeddable":true,"href":"https:\/\/sulsc.com\/index.php\/wp-json\/wp\/v2\/comments?post=28178"}],"version-history":[{"count":5,"href":"https:\/\/sulsc.com\/index.php\/wp-json\/wp\/v2\/posts\/28178\/revisions"}],"predecessor-version":[{"id":28187,"href":"https:\/\/sulsc.com\/index.php\/wp-json\/wp\/v2\/posts\/28178\/revisions\/28187"}],"wp:featuredmedia":[{"embeddable":true,"href":"https:\/\/sulsc.com\/index.php\/wp-json\/wp\/v2\/media\/28180"}],"wp:attachment":[{"href":"https:\/\/sulsc.com\/index.php\/wp-json\/wp\/v2\/media?parent=28178"}],"wp:term":[{"taxonomy":"category","embeddable":true,"href":"https:\/\/sulsc.com\/index.php\/wp-json\/wp\/v2\/categories?post=28178"},{"taxonomy":"post_tag","embeddable":true,"href":"https:\/\/sulsc.com\/index.php\/wp-json\/wp\/v2\/tags?post=28178"}],"curies":[{"name":"wp","href":"https:\/\/api.w.org\/{rel}","templated":true}]}}