{"id":28185,"date":"2025-10-09T08:00:37","date_gmt":"2025-10-09T11:00:37","guid":{"rendered":"https:\/\/sulsc.com\/?p=28185"},"modified":"2025-10-09T06:53:03","modified_gmt":"2025-10-09T09:53:03","slug":"acusado-de-roubo-em-estabelecimento-e-preso-em-capivari-de-baixo","status":"publish","type":"post","link":"https:\/\/sulsc.com\/index.php\/2025\/10\/09\/acusado-de-roubo-em-estabelecimento-e-preso-em-capivari-de-baixo\/","title":{"rendered":"Acusado de roubo em estabelecimento \u00e9 preso em Capivari de Baixo"},"content":{"rendered":"<p>Um crime de roubo em estabelecimento comercial foi registrado na manh\u00e3 dessa quarta-feira (8), no Centro de Capivari de Baixo. A guarni\u00e7\u00e3o da Pol\u00edcia Militar foi acionada, via Centro de Opera\u00e7\u00f5es da Pol\u00edcia Militar (Copom), para atender a ocorr\u00eancia por volta das 8h40.<\/p>\n<p>A informa\u00e7\u00e3o \u00e9 de que o suspeito teria entrado no estabelecimento em posse de uma faca de cozinha e anunciado o assalto. O autor estava agressivo, amea\u00e7ou de morte a v\u00edtima e deu v\u00e1rios socos no balc\u00e3o, que resultou em um monitor de computador danificado.<\/p>\n<div id=\"metaslider-id-25573\" style=\"width: 100%;\" class=\"ml-slider-3-99-0 metaslider metaslider-flex metaslider-25573 ml-slider has-onhover-arrows ms-theme-default-base has-dots-nav\" role=\"region\" aria-label=\"Meio\" data-width=\"1200\">\n    <div id=\"metaslider_container_25573\">\n        <div id=\"metaslider_25573\">\n            <ul class='slides'>\n                <li style=\"display: block; width: 100%;\" class=\"slide-25684 ms-image \" aria-roledescription=\"slide\" data-date=\"2025-07-24 07:55:40\"><img src=\"https:\/\/sulsc.com\/wp-content\/uploads\/2025\/07\/Marr-2-1000x166.jpg\" height=\"200\" width=\"1200\" alt=\"\" class=\"slider-25573 slide-25684 msDefaultImage\" title=\"Marr 2\" \/><\/li>\n                <li style=\"display: none; width: 100%;\" class=\"slide-32412 ms-image \" aria-roledescription=\"slide\" data-date=\"2026-02-18 13:59:46\"><img src=\"https:\/\/sulsc.com\/wp-content\/uploads\/2026\/02\/40dc1580-cad5-4867-bc58-c4243821ad38-1000x166.jpeg\" height=\"200\" width=\"1200\" alt=\"\" class=\"slider-25573 slide-32412 msDefaultImage\" title=\"40dc1580-cad5-4867-bc58-c4243821ad38\" \/><\/li>\n                <li style=\"display: none; width: 100%;\" class=\"slide-32766 ms-image \" aria-roledescription=\"slide\" data-date=\"2026-03-03 17:22:59\"><img src=\"https:\/\/sulsc.com\/wp-content\/uploads\/2026\/03\/271ce739-f268-41c5-8051-3de1a1750359-1000x166.jpeg\" height=\"200\" width=\"1200\" alt=\"\" class=\"slider-25573 slide-32766 msDefaultImage\" title=\"271ce739-f268-41c5-8051-3de1a1750359\" \/><\/li>\n            <\/ul>\n        <\/div>\n        \n    <\/div>\n<\/div>\n<p>Com base nas imagens registradas pelas c\u00e2meras foi constatado que o agente teria se evadido em dire\u00e7\u00e3o ao bairro Tr\u00eas de Maio. Seguindo com as buscas, foi realizado algumas dilig\u00eancias e encontrado as roupas utilizadas pelo o autor do assalto em uma casa abandonada. A partir da\u00ed foi poss\u00edvel identificar o suspeito e proceder a sua captura.<\/p>\n<p>Diante de todas as informa\u00e7\u00f5es a guarni\u00e7\u00e3o se dirigiu at\u00e9 a resid\u00eancia do autor. Na chegada os policiais j\u00e1 avistaram por meio de uma janela aberta. Diante dos fatos o homem, de 25 anos, foi conduzido at\u00e9 a Central de Plant\u00e3o Policial de Tubar\u00e3o para lavratura dos procedimentos.<\/p>\n<p><img fetchpriority=\"high\" decoding=\"async\" class=\"alignnone size-full wp-image-21909\" src=\"http:\/\/sulsc.com\/wp-content\/uploads\/2025\/03\/sirene-policia-11-1-1068x801-1-1.webp\" alt=\"\" width=\"1068\" height=\"801\" srcset=\"https:\/\/sulsc.com\/wp-content\/uploads\/2025\/03\/sirene-policia-11-1-1068x801-1-1.webp 1068w, https:\/\/sulsc.com\/wp-content\/uploads\/2025\/03\/sirene-policia-11-1-1068x801-1-1-300x225.webp 300w, https:\/\/sulsc.com\/wp-content\/uploads\/2025\/03\/sirene-policia-11-1-1068x801-1-1-1024x768.webp 1024w, https:\/\/sulsc.com\/wp-content\/uploads\/2025\/03\/sirene-policia-11-1-1068x801-1-1-768x576.webp 768w\" sizes=\"(max-width: 1068px) 100vw, 1068px\" \/><\/p>\n","protected":false},"excerpt":{"rendered":"<p>Um crime de roubo em estabelecimento comercial foi registrado na manh\u00e3 dessa quarta-feira (8), no Centro de Capivari de Baixo. A guarni\u00e7\u00e3o da Pol\u00edcia Militar foi acionada, via Centro de Opera\u00e7\u00f5es da Pol\u00edcia Militar (Copom), para atender a ocorr\u00eancia por volta das 8h40. A informa\u00e7\u00e3o \u00e9 de que o suspeito teria entrado no estabelecimento em &hellip;<\/p>\n<p class=\"read-more\"> <a class=\"\" href=\"https:\/\/sulsc.com\/index.php\/2025\/10\/09\/acusado-de-roubo-em-estabelecimento-e-preso-em-capivari-de-baixo\/\"> <span class=\"screen-reader-text\">Acusado de roubo em estabelecimento \u00e9 preso em Capivari de Baixo<\/span> Read More &raquo;<\/a><\/p>\n","protected":false},"author":3,"featured_media":27046,"comment_status":"open","ping_status":"open","sticky":false,"template":"","format":"standard","meta":{"site-sidebar-layout":"default","site-content-layout":"","ast-site-content-layout":"default","site-content-style":"default","site-sidebar-style":"default","ast-global-header-display":"","ast-banner-title-visibility":"","ast-main-header-display":"","ast-hfb-above-header-display":"","ast-hfb-below-header-display":"","ast-hfb-mobile-header-display":"","site-post-title":"","ast-breadcrumbs-content":"","ast-featured-img":"","footer-sml-layout":"","theme-transparent-header-meta":"default","adv-header-id-meta":"","stick-header-meta":"","header-above-stick-meta":"","header-main-stick-meta":"","header-below-stick-meta":"","astra-migrate-meta-layouts":"set","footnotes":""},"categories":[42,8,12],"tags":[539,231,2490],"yoast_head":"<!-- This site is optimized with the Yoast SEO plugin v21.4 - https:\/\/yoast.com\/wordpress\/plugins\/seo\/ -->\n<title>Acusado de roubo em estabelecimento \u00e9 preso em Capivari de Baixo -<\/title>\n<meta name=\"robots\" content=\"index, follow, max-snippet:-1, max-image-preview:large, max-video-preview:-1\" \/>\n<link rel=\"canonical\" href=\"https:\/\/sulsc.com\/index.php\/2025\/10\/09\/acusado-de-roubo-em-estabelecimento-e-preso-em-capivari-de-baixo\/\" \/>\n<meta property=\"og:locale\" content=\"en_US\" \/>\n<meta property=\"og:type\" content=\"article\" \/>\n<meta property=\"og:title\" content=\"Acusado de roubo em estabelecimento \u00e9 preso em Capivari de Baixo -\" \/>\n<meta property=\"og:description\" content=\"Um crime de roubo em estabelecimento comercial foi registrado na manh\u00e3 dessa quarta-feira (8), no Centro de Capivari de Baixo. A guarni\u00e7\u00e3o da Pol\u00edcia Militar foi acionada, via Centro de Opera\u00e7\u00f5es da Pol\u00edcia Militar (Copom), para atender a ocorr\u00eancia por volta das 8h40. A informa\u00e7\u00e3o \u00e9 de que o suspeito teria entrado no estabelecimento em &hellip; Acusado de roubo em estabelecimento \u00e9 preso em Capivari de Baixo Read More &raquo;\" \/>\n<meta property=\"og:url\" content=\"https:\/\/sulsc.com\/index.php\/2025\/10\/09\/acusado-de-roubo-em-estabelecimento-e-preso-em-capivari-de-baixo\/\" \/>\n<meta property=\"article:author\" content=\"https:\/\/www.facebook.com\/profile.php?id=61559278119680\" \/>\n<meta property=\"article:published_time\" content=\"2025-10-09T11:00:37+00:00\" \/>\n<meta property=\"article:modified_time\" content=\"2025-10-09T09:53:03+00:00\" \/>\n<meta property=\"og:image\" content=\"https:\/\/sulsc.com\/wp-content\/uploads\/2025\/09\/policia-militar-sirene.jpg\" \/>\n\t<meta property=\"og:image:width\" content=\"1200\" \/>\n\t<meta property=\"og:image:height\" content=\"792\" \/>\n\t<meta property=\"og:image:type\" content=\"image\/jpeg\" \/>\n<meta name=\"author\" content=\"Reda\u00e7\u00e3o Sul SC\" \/>\n<meta name=\"twitter:card\" content=\"summary_large_image\" \/>\n<meta name=\"twitter:creator\" content=\"@https:\/\/twitter.com\/PortalSulSC\" \/>\n<meta name=\"twitter:label1\" content=\"Written by\" \/>\n\t<meta name=\"twitter:data1\" content=\"Reda\u00e7\u00e3o Sul SC\" \/>\n\t<meta name=\"twitter:label2\" content=\"Est. reading time\" \/>\n\t<meta name=\"twitter:data2\" content=\"2 minutes\" \/>\n<script type=\"application\/ld+json\" class=\"yoast-schema-graph\">{\"@context\":\"https:\/\/schema.org\",\"@graph\":[{\"@type\":\"WebPage\",\"@id\":\"https:\/\/sulsc.com\/index.php\/2025\/10\/09\/acusado-de-roubo-em-estabelecimento-e-preso-em-capivari-de-baixo\/\",\"url\":\"https:\/\/sulsc.com\/index.php\/2025\/10\/09\/acusado-de-roubo-em-estabelecimento-e-preso-em-capivari-de-baixo\/\",\"name\":\"Acusado de roubo em estabelecimento \u00e9 preso em Capivari de Baixo -\",\"isPartOf\":{\"@id\":\"https:\/\/sulsc.com\/#website\"},\"datePublished\":\"2025-10-09T11:00:37+00:00\",\"dateModified\":\"2025-10-09T09:53:03+00:00\",\"author\":{\"@id\":\"https:\/\/sulsc.com\/#\/schema\/person\/84d2fc571684f6248ba83092f07750a3\"},\"breadcrumb\":{\"@id\":\"https:\/\/sulsc.com\/index.php\/2025\/10\/09\/acusado-de-roubo-em-estabelecimento-e-preso-em-capivari-de-baixo\/#breadcrumb\"},\"inLanguage\":\"en-US\",\"potentialAction\":[{\"@type\":\"ReadAction\",\"target\":[\"https:\/\/sulsc.com\/index.php\/2025\/10\/09\/acusado-de-roubo-em-estabelecimento-e-preso-em-capivari-de-baixo\/\"]}]},{\"@type\":\"BreadcrumbList\",\"@id\":\"https:\/\/sulsc.com\/index.php\/2025\/10\/09\/acusado-de-roubo-em-estabelecimento-e-preso-em-capivari-de-baixo\/#breadcrumb\",\"itemListElement\":[{\"@type\":\"ListItem\",\"position\":1,\"name\":\"In\u00edcio\",\"item\":\"https:\/\/sulsc.com\/\"},{\"@type\":\"ListItem\",\"position\":2,\"name\":\"Acusado de roubo em estabelecimento \u00e9 preso em Capivari de Baixo\"}]},{\"@type\":\"WebSite\",\"@id\":\"https:\/\/sulsc.com\/#website\",\"url\":\"https:\/\/sulsc.com\/\",\"name\":\"\",\"description\":\"\",\"potentialAction\":[{\"@type\":\"SearchAction\",\"target\":{\"@type\":\"EntryPoint\",\"urlTemplate\":\"https:\/\/sulsc.com\/?s={search_term_string}\"},\"query-input\":\"required name=search_term_string\"}],\"inLanguage\":\"en-US\"},{\"@type\":\"Person\",\"@id\":\"https:\/\/sulsc.com\/#\/schema\/person\/84d2fc571684f6248ba83092f07750a3\",\"name\":\"Reda\u00e7\u00e3o Sul SC\",\"image\":{\"@type\":\"ImageObject\",\"inLanguage\":\"en-US\",\"@id\":\"https:\/\/sulsc.com\/#\/schema\/person\/image\/e08d7fe2cc4ed596372063bbe852b8d0\",\"url\":\"https:\/\/sulsc.com\/wp-content\/uploads\/2023\/09\/redacao.png\",\"contentUrl\":\"https:\/\/sulsc.com\/wp-content\/uploads\/2023\/09\/redacao.png\",\"caption\":\"Reda\u00e7\u00e3o Sul SC\"},\"description\":\"Foco em um jornalismo imparcial, voltado \u00e0 qualidade dos seus conte\u00fados e, assim, levar informa\u00e7\u00e3o de valor que agregue \u00e0 vida dos leitores. Esta \u00e9 grande miss\u00e3o do Portal de Not\u00edcias Sul SC. N\u00e3o \u00e9 quantidade que muda o mundo, sempre foi e seguir\u00e1 sendo qualidade!\",\"sameAs\":[\"https:\/\/sulsc.com\/\",\"https:\/\/www.facebook.com\/profile.php?id=61559278119680\",\"https:\/\/www.instagram.com\/sulscportal\/?hl=pt-br\",\"https:\/\/twitter.com\/https:\/\/twitter.com\/PortalSulSC\",\"https:\/\/www.youtube.com\/channel\/UCv_BE8GeySluDov2n8qhVmw\"],\"url\":\"https:\/\/sulsc.com\/index.php\/author\/redacao\/\"}]}<\/script>\n<!-- \/ Yoast SEO plugin. -->","yoast_head_json":{"title":"Acusado de roubo em estabelecimento \u00e9 preso em Capivari de Baixo -","robots":{"index":"index","follow":"follow","max-snippet":"max-snippet:-1","max-image-preview":"max-image-preview:large","max-video-preview":"max-video-preview:-1"},"canonical":"https:\/\/sulsc.com\/index.php\/2025\/10\/09\/acusado-de-roubo-em-estabelecimento-e-preso-em-capivari-de-baixo\/","og_locale":"en_US","og_type":"article","og_title":"Acusado de roubo em estabelecimento \u00e9 preso em Capivari de Baixo -","og_description":"Um crime de roubo em estabelecimento comercial foi registrado na manh\u00e3 dessa quarta-feira (8), no Centro de Capivari de Baixo. A guarni\u00e7\u00e3o da Pol\u00edcia Militar foi acionada, via Centro de Opera\u00e7\u00f5es da Pol\u00edcia Militar (Copom), para atender a ocorr\u00eancia por volta das 8h40. A informa\u00e7\u00e3o \u00e9 de que o suspeito teria entrado no estabelecimento em &hellip; Acusado de roubo em estabelecimento \u00e9 preso em Capivari de Baixo Read More &raquo;","og_url":"https:\/\/sulsc.com\/index.php\/2025\/10\/09\/acusado-de-roubo-em-estabelecimento-e-preso-em-capivari-de-baixo\/","article_author":"https:\/\/www.facebook.com\/profile.php?id=61559278119680","article_published_time":"2025-10-09T11:00:37+00:00","article_modified_time":"2025-10-09T09:53:03+00:00","og_image":[{"width":1200,"height":792,"url":"https:\/\/sulsc.com\/wp-content\/uploads\/2025\/09\/policia-militar-sirene.jpg","type":"image\/jpeg"}],"author":"Reda\u00e7\u00e3o Sul SC","twitter_card":"summary_large_image","twitter_creator":"@https:\/\/twitter.com\/PortalSulSC","twitter_misc":{"Written by":"Reda\u00e7\u00e3o Sul SC","Est. reading time":"2 minutes"},"schema":{"@context":"https:\/\/schema.org","@graph":[{"@type":"WebPage","@id":"https:\/\/sulsc.com\/index.php\/2025\/10\/09\/acusado-de-roubo-em-estabelecimento-e-preso-em-capivari-de-baixo\/","url":"https:\/\/sulsc.com\/index.php\/2025\/10\/09\/acusado-de-roubo-em-estabelecimento-e-preso-em-capivari-de-baixo\/","name":"Acusado de roubo em estabelecimento \u00e9 preso em Capivari de Baixo -","isPartOf":{"@id":"https:\/\/sulsc.com\/#website"},"datePublished":"2025-10-09T11:00:37+00:00","dateModified":"2025-10-09T09:53:03+00:00","author":{"@id":"https:\/\/sulsc.com\/#\/schema\/person\/84d2fc571684f6248ba83092f07750a3"},"breadcrumb":{"@id":"https:\/\/sulsc.com\/index.php\/2025\/10\/09\/acusado-de-roubo-em-estabelecimento-e-preso-em-capivari-de-baixo\/#breadcrumb"},"inLanguage":"en-US","potentialAction":[{"@type":"ReadAction","target":["https:\/\/sulsc.com\/index.php\/2025\/10\/09\/acusado-de-roubo-em-estabelecimento-e-preso-em-capivari-de-baixo\/"]}]},{"@type":"BreadcrumbList","@id":"https:\/\/sulsc.com\/index.php\/2025\/10\/09\/acusado-de-roubo-em-estabelecimento-e-preso-em-capivari-de-baixo\/#breadcrumb","itemListElement":[{"@type":"ListItem","position":1,"name":"In\u00edcio","item":"https:\/\/sulsc.com\/"},{"@type":"ListItem","position":2,"name":"Acusado de roubo em estabelecimento \u00e9 preso em Capivari de Baixo"}]},{"@type":"WebSite","@id":"https:\/\/sulsc.com\/#website","url":"https:\/\/sulsc.com\/","name":"","description":"","potentialAction":[{"@type":"SearchAction","target":{"@type":"EntryPoint","urlTemplate":"https:\/\/sulsc.com\/?s={search_term_string}"},"query-input":"required name=search_term_string"}],"inLanguage":"en-US"},{"@type":"Person","@id":"https:\/\/sulsc.com\/#\/schema\/person\/84d2fc571684f6248ba83092f07750a3","name":"Reda\u00e7\u00e3o Sul SC","image":{"@type":"ImageObject","inLanguage":"en-US","@id":"https:\/\/sulsc.com\/#\/schema\/person\/image\/e08d7fe2cc4ed596372063bbe852b8d0","url":"https:\/\/sulsc.com\/wp-content\/uploads\/2023\/09\/redacao.png","contentUrl":"https:\/\/sulsc.com\/wp-content\/uploads\/2023\/09\/redacao.png","caption":"Reda\u00e7\u00e3o Sul SC"},"description":"Foco em um jornalismo imparcial, voltado \u00e0 qualidade dos seus conte\u00fados e, assim, levar informa\u00e7\u00e3o de valor que agregue \u00e0 vida dos leitores. Esta \u00e9 grande miss\u00e3o do Portal de Not\u00edcias Sul SC. N\u00e3o \u00e9 quantidade que muda o mundo, sempre foi e seguir\u00e1 sendo qualidade!","sameAs":["https:\/\/sulsc.com\/","https:\/\/www.facebook.com\/profile.php?id=61559278119680","https:\/\/www.instagram.com\/sulscportal\/?hl=pt-br","https:\/\/twitter.com\/https:\/\/twitter.com\/PortalSulSC","https:\/\/www.youtube.com\/channel\/UCv_BE8GeySluDov2n8qhVmw"],"url":"https:\/\/sulsc.com\/index.php\/author\/redacao\/"}]}},"authors":[],"_links":{"self":[{"href":"https:\/\/sulsc.com\/index.php\/wp-json\/wp\/v2\/posts\/28185"}],"collection":[{"href":"https:\/\/sulsc.com\/index.php\/wp-json\/wp\/v2\/posts"}],"about":[{"href":"https:\/\/sulsc.com\/index.php\/wp-json\/wp\/v2\/types\/post"}],"author":[{"embeddable":true,"href":"https:\/\/sulsc.com\/index.php\/wp-json\/wp\/v2\/users\/3"}],"replies":[{"embeddable":true,"href":"https:\/\/sulsc.com\/index.php\/wp-json\/wp\/v2\/comments?post=28185"}],"version-history":[{"count":1,"href":"https:\/\/sulsc.com\/index.php\/wp-json\/wp\/v2\/posts\/28185\/revisions"}],"predecessor-version":[{"id":28186,"href":"https:\/\/sulsc.com\/index.php\/wp-json\/wp\/v2\/posts\/28185\/revisions\/28186"}],"wp:featuredmedia":[{"embeddable":true,"href":"https:\/\/sulsc.com\/index.php\/wp-json\/wp\/v2\/media\/27046"}],"wp:attachment":[{"href":"https:\/\/sulsc.com\/index.php\/wp-json\/wp\/v2\/media?parent=28185"}],"wp:term":[{"taxonomy":"category","embeddable":true,"href":"https:\/\/sulsc.com\/index.php\/wp-json\/wp\/v2\/categories?post=28185"},{"taxonomy":"post_tag","embeddable":true,"href":"https:\/\/sulsc.com\/index.php\/wp-json\/wp\/v2\/tags?post=28185"}],"curies":[{"name":"wp","href":"https:\/\/api.w.org\/{rel}","templated":true}]}}