{"id":28204,"date":"2025-10-09T14:00:09","date_gmt":"2025-10-09T17:00:09","guid":{"rendered":"https:\/\/sulsc.com\/?p=28204"},"modified":"2025-10-09T10:57:00","modified_gmt":"2025-10-09T13:57:00","slug":"pena-maior-para-exploracao-sexual-de-criancas-e-aprovada","status":"publish","type":"post","link":"https:\/\/sulsc.com\/index.php\/2025\/10\/09\/pena-maior-para-exploracao-sexual-de-criancas-e-aprovada\/","title":{"rendered":"Pena maior para explora\u00e7\u00e3o sexual de crian\u00e7as \u00e9 aprovada"},"content":{"rendered":"<p>O Projeto de Lei (PL) 425\/2024, que endurece a pena para a pr\u00e1tica de crime de explora\u00e7\u00e3o sexual de crian\u00e7as e adolescentes foi aprovado pela Comiss\u00e3o de Constitui\u00e7\u00e3o e Justi\u00e7a do Senado (CCJ). O ato ocorreu na quarta-feira (8) em car\u00e1ter terminativo. Caso n\u00e3o haja recurso para vota\u00e7\u00e3o em plen\u00e1rio, a proposta segue para an\u00e1lise da C\u00e2mara dos Deputados.<\/p>\n<p>Antes, a mat\u00e9ria havia sido aprovada na Comiss\u00e3o de Direitos Humanos (CDH). O projeto altera o C\u00f3digo Penal. Atualmente, a pena para o crime \u00e9 de quatro a dez anos de reclus\u00e3o. O projeto eleva a puni\u00e7\u00e3o para seis a 12 anos de reclus\u00e3o.<\/p>\n<p>A relatora do projeto, senadora Eliziane Gama (PSD-MA), argumentou que o projeto corrige distor\u00e7\u00f5es na aplica\u00e7\u00e3o pr\u00e1tica da pena, uma vez que o atual patamar sancionat\u00f3rio ainda admite, em hip\u00f3teses de gravidade inequ\u00edvoca, a fixa\u00e7\u00e3o de regime inicial aberto e a substitui\u00e7\u00e3o da pena privativa de liberdade por restritivas de direitos.<\/p>\n<div id=\"metaslider-id-25573\" style=\"width: 100%;\" class=\"ml-slider-3-99-0 metaslider metaslider-flex metaslider-25573 ml-slider has-onhover-arrows ms-theme-default-base has-dots-nav\" role=\"region\" aria-label=\"Meio\" data-width=\"1200\">\n    <div id=\"metaslider_container_25573\">\n        <div id=\"metaslider_25573\">\n            <ul class='slides'>\n                <li style=\"display: block; width: 100%;\" class=\"slide-25684 ms-image \" aria-roledescription=\"slide\" data-date=\"2025-07-24 07:55:40\"><img src=\"https:\/\/sulsc.com\/wp-content\/uploads\/2025\/07\/Marr-2-1000x166.jpg\" height=\"200\" width=\"1200\" alt=\"\" class=\"slider-25573 slide-25684 msDefaultImage\" title=\"Marr 2\" \/><\/li>\n                <li style=\"display: none; width: 100%;\" class=\"slide-32412 ms-image \" aria-roledescription=\"slide\" data-date=\"2026-02-18 13:59:46\"><img src=\"https:\/\/sulsc.com\/wp-content\/uploads\/2026\/02\/40dc1580-cad5-4867-bc58-c4243821ad38-1000x166.jpeg\" height=\"200\" width=\"1200\" alt=\"\" class=\"slider-25573 slide-32412 msDefaultImage\" title=\"40dc1580-cad5-4867-bc58-c4243821ad38\" \/><\/li>\n                <li style=\"display: none; width: 100%;\" class=\"slide-32766 ms-image \" aria-roledescription=\"slide\" data-date=\"2026-03-03 17:22:59\"><img src=\"https:\/\/sulsc.com\/wp-content\/uploads\/2026\/03\/271ce739-f268-41c5-8051-3de1a1750359-1000x166.jpeg\" height=\"200\" width=\"1200\" alt=\"\" class=\"slider-25573 slide-32766 msDefaultImage\" title=\"271ce739-f268-41c5-8051-3de1a1750359\" \/><\/li>\n            <\/ul>\n        <\/div>\n        \n    <\/div>\n<\/div>\n<p>\u201cCom a majora\u00e7\u00e3o, o tipo penal passa a refletir de forma mais condizente a gravidade da conduta, assegurando maior efetividade \u00e0 tutela da dignidade sexual de pessoas em condi\u00e7\u00e3o de hipervulnerabilidade\u201d, afirmou.<\/p>\n<p>Eliziane apontou ainda que o aumento da pena tamb\u00e9m tem car\u00e1ter dissuas\u00f3rio.\u00a0&#8220;A explora\u00e7\u00e3o sexual de menores e vulner\u00e1veis, muitas vezes praticada de modo sistem\u00e1tico e com fins lucrativos, constitui uma das mais graves viola\u00e7\u00f5es de direitos humanos e exige uma reprimenda compat\u00edvel com sua nocividade social&#8221;, disse.<\/p>\n<p>&#8220;A majora\u00e7\u00e3o da pena contribui para reduzir incentivos \u00e0 pr\u00e1tica, conferir maior efetividade \u00e0 persecu\u00e7\u00e3o penal e harmonizar o ordenamento interno aos compromissos internacionais assumidos pelo Brasil, como a Conven\u00e7\u00e3o sobre os Direitos da Crian\u00e7a e o Protocolo Facultativo relativo \u00e0 venda de crian\u00e7as, prostitui\u00e7\u00e3o infantil e pornografia infantil\u201d, defendeu.<\/p>\n<p><img fetchpriority=\"high\" decoding=\"async\" class=\"alignnone size-full wp-image-28207\" src=\"http:\/\/sulsc.com\/wp-content\/uploads\/2025\/10\/Imagem-do-WhatsApp-de-2025-10-09-as-10.52.04_6fbab4d5.jpg\" alt=\"\" width=\"1170\" height=\"700\" srcset=\"https:\/\/sulsc.com\/wp-content\/uploads\/2025\/10\/Imagem-do-WhatsApp-de-2025-10-09-as-10.52.04_6fbab4d5.jpg 1170w, https:\/\/sulsc.com\/wp-content\/uploads\/2025\/10\/Imagem-do-WhatsApp-de-2025-10-09-as-10.52.04_6fbab4d5-300x179.jpg 300w, https:\/\/sulsc.com\/wp-content\/uploads\/2025\/10\/Imagem-do-WhatsApp-de-2025-10-09-as-10.52.04_6fbab4d5-1024x613.jpg 1024w, https:\/\/sulsc.com\/wp-content\/uploads\/2025\/10\/Imagem-do-WhatsApp-de-2025-10-09-as-10.52.04_6fbab4d5-768x459.jpg 768w\" sizes=\"(max-width: 1170px) 100vw, 1170px\" \/><\/p>\n","protected":false},"excerpt":{"rendered":"<p>O Projeto de Lei (PL) 425\/2024, que endurece a pena para a pr\u00e1tica de crime de explora\u00e7\u00e3o sexual de crian\u00e7as e adolescentes foi aprovado pela Comiss\u00e3o de Constitui\u00e7\u00e3o e Justi\u00e7a do Senado (CCJ). O ato ocorreu na quarta-feira (8) em car\u00e1ter terminativo. Caso n\u00e3o haja recurso para vota\u00e7\u00e3o em plen\u00e1rio, a proposta segue para an\u00e1lise &hellip;<\/p>\n<p class=\"read-more\"> <a class=\"\" href=\"https:\/\/sulsc.com\/index.php\/2025\/10\/09\/pena-maior-para-exploracao-sexual-de-criancas-e-aprovada\/\"> <span class=\"screen-reader-text\">Pena maior para explora\u00e7\u00e3o sexual de crian\u00e7as \u00e9 aprovada<\/span> Read More &raquo;<\/a><\/p>\n","protected":false},"author":3,"featured_media":28207,"comment_status":"open","ping_status":"open","sticky":false,"template":"","format":"standard","meta":{"site-sidebar-layout":"default","site-content-layout":"","ast-site-content-layout":"default","site-content-style":"default","site-sidebar-style":"default","ast-global-header-display":"","ast-banner-title-visibility":"","ast-main-header-display":"","ast-hfb-above-header-display":"","ast-hfb-below-header-display":"","ast-hfb-mobile-header-display":"","site-post-title":"","ast-breadcrumbs-content":"","ast-featured-img":"","footer-sml-layout":"","theme-transparent-header-meta":"default","adv-header-id-meta":"","stick-header-meta":"","header-above-stick-meta":"","header-main-stick-meta":"","header-below-stick-meta":"","astra-migrate-meta-layouts":"set","footnotes":""},"categories":[15,8,12],"tags":[2492,127,1799],"yoast_head":"<!-- This site is optimized with the Yoast SEO plugin v21.4 - https:\/\/yoast.com\/wordpress\/plugins\/seo\/ -->\n<title>Pena maior para explora\u00e7\u00e3o sexual de crian\u00e7as \u00e9 aprovada -<\/title>\n<meta name=\"robots\" content=\"index, follow, max-snippet:-1, max-image-preview:large, max-video-preview:-1\" \/>\n<link rel=\"canonical\" href=\"https:\/\/sulsc.com\/index.php\/2025\/10\/09\/pena-maior-para-exploracao-sexual-de-criancas-e-aprovada\/\" \/>\n<meta property=\"og:locale\" content=\"en_US\" \/>\n<meta property=\"og:type\" content=\"article\" \/>\n<meta property=\"og:title\" content=\"Pena maior para explora\u00e7\u00e3o sexual de crian\u00e7as \u00e9 aprovada -\" \/>\n<meta property=\"og:description\" content=\"O Projeto de Lei (PL) 425\/2024, que endurece a pena para a pr\u00e1tica de crime de explora\u00e7\u00e3o sexual de crian\u00e7as e adolescentes foi aprovado pela Comiss\u00e3o de Constitui\u00e7\u00e3o e Justi\u00e7a do Senado (CCJ). O ato ocorreu na quarta-feira (8) em car\u00e1ter terminativo. Caso n\u00e3o haja recurso para vota\u00e7\u00e3o em plen\u00e1rio, a proposta segue para an\u00e1lise &hellip; Pena maior para explora\u00e7\u00e3o sexual de crian\u00e7as \u00e9 aprovada Read More &raquo;\" \/>\n<meta property=\"og:url\" content=\"https:\/\/sulsc.com\/index.php\/2025\/10\/09\/pena-maior-para-exploracao-sexual-de-criancas-e-aprovada\/\" \/>\n<meta property=\"article:author\" content=\"https:\/\/www.facebook.com\/profile.php?id=61559278119680\" \/>\n<meta property=\"article:published_time\" content=\"2025-10-09T17:00:09+00:00\" \/>\n<meta property=\"article:modified_time\" content=\"2025-10-09T13:57:00+00:00\" \/>\n<meta property=\"og:image\" content=\"https:\/\/sulsc.com\/wp-content\/uploads\/2025\/10\/Imagem-do-WhatsApp-de-2025-10-09-as-10.52.04_6fbab4d5.jpg\" \/>\n\t<meta property=\"og:image:width\" content=\"1170\" \/>\n\t<meta property=\"og:image:height\" content=\"700\" \/>\n\t<meta property=\"og:image:type\" content=\"image\/jpeg\" \/>\n<meta name=\"author\" content=\"Reda\u00e7\u00e3o Sul SC\" \/>\n<meta name=\"twitter:card\" content=\"summary_large_image\" \/>\n<meta name=\"twitter:creator\" content=\"@https:\/\/twitter.com\/PortalSulSC\" \/>\n<meta name=\"twitter:label1\" content=\"Written by\" \/>\n\t<meta name=\"twitter:data1\" content=\"Reda\u00e7\u00e3o Sul SC\" \/>\n\t<meta name=\"twitter:label2\" content=\"Est. reading time\" \/>\n\t<meta name=\"twitter:data2\" content=\"2 minutes\" \/>\n<script type=\"application\/ld+json\" class=\"yoast-schema-graph\">{\"@context\":\"https:\/\/schema.org\",\"@graph\":[{\"@type\":\"WebPage\",\"@id\":\"https:\/\/sulsc.com\/index.php\/2025\/10\/09\/pena-maior-para-exploracao-sexual-de-criancas-e-aprovada\/\",\"url\":\"https:\/\/sulsc.com\/index.php\/2025\/10\/09\/pena-maior-para-exploracao-sexual-de-criancas-e-aprovada\/\",\"name\":\"Pena maior para explora\u00e7\u00e3o sexual de crian\u00e7as \u00e9 aprovada -\",\"isPartOf\":{\"@id\":\"https:\/\/sulsc.com\/#website\"},\"datePublished\":\"2025-10-09T17:00:09+00:00\",\"dateModified\":\"2025-10-09T13:57:00+00:00\",\"author\":{\"@id\":\"https:\/\/sulsc.com\/#\/schema\/person\/84d2fc571684f6248ba83092f07750a3\"},\"breadcrumb\":{\"@id\":\"https:\/\/sulsc.com\/index.php\/2025\/10\/09\/pena-maior-para-exploracao-sexual-de-criancas-e-aprovada\/#breadcrumb\"},\"inLanguage\":\"en-US\",\"potentialAction\":[{\"@type\":\"ReadAction\",\"target\":[\"https:\/\/sulsc.com\/index.php\/2025\/10\/09\/pena-maior-para-exploracao-sexual-de-criancas-e-aprovada\/\"]}]},{\"@type\":\"BreadcrumbList\",\"@id\":\"https:\/\/sulsc.com\/index.php\/2025\/10\/09\/pena-maior-para-exploracao-sexual-de-criancas-e-aprovada\/#breadcrumb\",\"itemListElement\":[{\"@type\":\"ListItem\",\"position\":1,\"name\":\"In\u00edcio\",\"item\":\"https:\/\/sulsc.com\/\"},{\"@type\":\"ListItem\",\"position\":2,\"name\":\"Pena maior para explora\u00e7\u00e3o sexual de crian\u00e7as \u00e9 aprovada\"}]},{\"@type\":\"WebSite\",\"@id\":\"https:\/\/sulsc.com\/#website\",\"url\":\"https:\/\/sulsc.com\/\",\"name\":\"\",\"description\":\"\",\"potentialAction\":[{\"@type\":\"SearchAction\",\"target\":{\"@type\":\"EntryPoint\",\"urlTemplate\":\"https:\/\/sulsc.com\/?s={search_term_string}\"},\"query-input\":\"required name=search_term_string\"}],\"inLanguage\":\"en-US\"},{\"@type\":\"Person\",\"@id\":\"https:\/\/sulsc.com\/#\/schema\/person\/84d2fc571684f6248ba83092f07750a3\",\"name\":\"Reda\u00e7\u00e3o Sul SC\",\"image\":{\"@type\":\"ImageObject\",\"inLanguage\":\"en-US\",\"@id\":\"https:\/\/sulsc.com\/#\/schema\/person\/image\/e08d7fe2cc4ed596372063bbe852b8d0\",\"url\":\"https:\/\/sulsc.com\/wp-content\/uploads\/2023\/09\/redacao.png\",\"contentUrl\":\"https:\/\/sulsc.com\/wp-content\/uploads\/2023\/09\/redacao.png\",\"caption\":\"Reda\u00e7\u00e3o Sul SC\"},\"description\":\"Foco em um jornalismo imparcial, voltado \u00e0 qualidade dos seus conte\u00fados e, assim, levar informa\u00e7\u00e3o de valor que agregue \u00e0 vida dos leitores. Esta \u00e9 grande miss\u00e3o do Portal de Not\u00edcias Sul SC. N\u00e3o \u00e9 quantidade que muda o mundo, sempre foi e seguir\u00e1 sendo qualidade!\",\"sameAs\":[\"https:\/\/sulsc.com\/\",\"https:\/\/www.facebook.com\/profile.php?id=61559278119680\",\"https:\/\/www.instagram.com\/sulscportal\/?hl=pt-br\",\"https:\/\/twitter.com\/https:\/\/twitter.com\/PortalSulSC\",\"https:\/\/www.youtube.com\/channel\/UCv_BE8GeySluDov2n8qhVmw\"],\"url\":\"https:\/\/sulsc.com\/index.php\/author\/redacao\/\"}]}<\/script>\n<!-- \/ Yoast SEO plugin. -->","yoast_head_json":{"title":"Pena maior para explora\u00e7\u00e3o sexual de crian\u00e7as \u00e9 aprovada -","robots":{"index":"index","follow":"follow","max-snippet":"max-snippet:-1","max-image-preview":"max-image-preview:large","max-video-preview":"max-video-preview:-1"},"canonical":"https:\/\/sulsc.com\/index.php\/2025\/10\/09\/pena-maior-para-exploracao-sexual-de-criancas-e-aprovada\/","og_locale":"en_US","og_type":"article","og_title":"Pena maior para explora\u00e7\u00e3o sexual de crian\u00e7as \u00e9 aprovada -","og_description":"O Projeto de Lei (PL) 425\/2024, que endurece a pena para a pr\u00e1tica de crime de explora\u00e7\u00e3o sexual de crian\u00e7as e adolescentes foi aprovado pela Comiss\u00e3o de Constitui\u00e7\u00e3o e Justi\u00e7a do Senado (CCJ). O ato ocorreu na quarta-feira (8) em car\u00e1ter terminativo. Caso n\u00e3o haja recurso para vota\u00e7\u00e3o em plen\u00e1rio, a proposta segue para an\u00e1lise &hellip; Pena maior para explora\u00e7\u00e3o sexual de crian\u00e7as \u00e9 aprovada Read More &raquo;","og_url":"https:\/\/sulsc.com\/index.php\/2025\/10\/09\/pena-maior-para-exploracao-sexual-de-criancas-e-aprovada\/","article_author":"https:\/\/www.facebook.com\/profile.php?id=61559278119680","article_published_time":"2025-10-09T17:00:09+00:00","article_modified_time":"2025-10-09T13:57:00+00:00","og_image":[{"width":1170,"height":700,"url":"https:\/\/sulsc.com\/wp-content\/uploads\/2025\/10\/Imagem-do-WhatsApp-de-2025-10-09-as-10.52.04_6fbab4d5.jpg","type":"image\/jpeg"}],"author":"Reda\u00e7\u00e3o Sul SC","twitter_card":"summary_large_image","twitter_creator":"@https:\/\/twitter.com\/PortalSulSC","twitter_misc":{"Written by":"Reda\u00e7\u00e3o Sul SC","Est. reading time":"2 minutes"},"schema":{"@context":"https:\/\/schema.org","@graph":[{"@type":"WebPage","@id":"https:\/\/sulsc.com\/index.php\/2025\/10\/09\/pena-maior-para-exploracao-sexual-de-criancas-e-aprovada\/","url":"https:\/\/sulsc.com\/index.php\/2025\/10\/09\/pena-maior-para-exploracao-sexual-de-criancas-e-aprovada\/","name":"Pena maior para explora\u00e7\u00e3o sexual de crian\u00e7as \u00e9 aprovada -","isPartOf":{"@id":"https:\/\/sulsc.com\/#website"},"datePublished":"2025-10-09T17:00:09+00:00","dateModified":"2025-10-09T13:57:00+00:00","author":{"@id":"https:\/\/sulsc.com\/#\/schema\/person\/84d2fc571684f6248ba83092f07750a3"},"breadcrumb":{"@id":"https:\/\/sulsc.com\/index.php\/2025\/10\/09\/pena-maior-para-exploracao-sexual-de-criancas-e-aprovada\/#breadcrumb"},"inLanguage":"en-US","potentialAction":[{"@type":"ReadAction","target":["https:\/\/sulsc.com\/index.php\/2025\/10\/09\/pena-maior-para-exploracao-sexual-de-criancas-e-aprovada\/"]}]},{"@type":"BreadcrumbList","@id":"https:\/\/sulsc.com\/index.php\/2025\/10\/09\/pena-maior-para-exploracao-sexual-de-criancas-e-aprovada\/#breadcrumb","itemListElement":[{"@type":"ListItem","position":1,"name":"In\u00edcio","item":"https:\/\/sulsc.com\/"},{"@type":"ListItem","position":2,"name":"Pena maior para explora\u00e7\u00e3o sexual de crian\u00e7as \u00e9 aprovada"}]},{"@type":"WebSite","@id":"https:\/\/sulsc.com\/#website","url":"https:\/\/sulsc.com\/","name":"","description":"","potentialAction":[{"@type":"SearchAction","target":{"@type":"EntryPoint","urlTemplate":"https:\/\/sulsc.com\/?s={search_term_string}"},"query-input":"required name=search_term_string"}],"inLanguage":"en-US"},{"@type":"Person","@id":"https:\/\/sulsc.com\/#\/schema\/person\/84d2fc571684f6248ba83092f07750a3","name":"Reda\u00e7\u00e3o Sul SC","image":{"@type":"ImageObject","inLanguage":"en-US","@id":"https:\/\/sulsc.com\/#\/schema\/person\/image\/e08d7fe2cc4ed596372063bbe852b8d0","url":"https:\/\/sulsc.com\/wp-content\/uploads\/2023\/09\/redacao.png","contentUrl":"https:\/\/sulsc.com\/wp-content\/uploads\/2023\/09\/redacao.png","caption":"Reda\u00e7\u00e3o Sul SC"},"description":"Foco em um jornalismo imparcial, voltado \u00e0 qualidade dos seus conte\u00fados e, assim, levar informa\u00e7\u00e3o de valor que agregue \u00e0 vida dos leitores. Esta \u00e9 grande miss\u00e3o do Portal de Not\u00edcias Sul SC. N\u00e3o \u00e9 quantidade que muda o mundo, sempre foi e seguir\u00e1 sendo qualidade!","sameAs":["https:\/\/sulsc.com\/","https:\/\/www.facebook.com\/profile.php?id=61559278119680","https:\/\/www.instagram.com\/sulscportal\/?hl=pt-br","https:\/\/twitter.com\/https:\/\/twitter.com\/PortalSulSC","https:\/\/www.youtube.com\/channel\/UCv_BE8GeySluDov2n8qhVmw"],"url":"https:\/\/sulsc.com\/index.php\/author\/redacao\/"}]}},"authors":[],"_links":{"self":[{"href":"https:\/\/sulsc.com\/index.php\/wp-json\/wp\/v2\/posts\/28204"}],"collection":[{"href":"https:\/\/sulsc.com\/index.php\/wp-json\/wp\/v2\/posts"}],"about":[{"href":"https:\/\/sulsc.com\/index.php\/wp-json\/wp\/v2\/types\/post"}],"author":[{"embeddable":true,"href":"https:\/\/sulsc.com\/index.php\/wp-json\/wp\/v2\/users\/3"}],"replies":[{"embeddable":true,"href":"https:\/\/sulsc.com\/index.php\/wp-json\/wp\/v2\/comments?post=28204"}],"version-history":[{"count":1,"href":"https:\/\/sulsc.com\/index.php\/wp-json\/wp\/v2\/posts\/28204\/revisions"}],"predecessor-version":[{"id":28208,"href":"https:\/\/sulsc.com\/index.php\/wp-json\/wp\/v2\/posts\/28204\/revisions\/28208"}],"wp:featuredmedia":[{"embeddable":true,"href":"https:\/\/sulsc.com\/index.php\/wp-json\/wp\/v2\/media\/28207"}],"wp:attachment":[{"href":"https:\/\/sulsc.com\/index.php\/wp-json\/wp\/v2\/media?parent=28204"}],"wp:term":[{"taxonomy":"category","embeddable":true,"href":"https:\/\/sulsc.com\/index.php\/wp-json\/wp\/v2\/categories?post=28204"},{"taxonomy":"post_tag","embeddable":true,"href":"https:\/\/sulsc.com\/index.php\/wp-json\/wp\/v2\/tags?post=28204"}],"curies":[{"name":"wp","href":"https:\/\/api.w.org\/{rel}","templated":true}]}}