{"id":28221,"date":"2025-10-09T17:05:43","date_gmt":"2025-10-09T20:05:43","guid":{"rendered":"https:\/\/sulsc.com\/?p=28221"},"modified":"2025-10-09T17:17:29","modified_gmt":"2025-10-09T20:17:29","slug":"condenado-perde-idoneidade-e-preso-em-flagrante-com-arma-de-uso-restrito-em-capivari-de-baixo","status":"publish","type":"post","link":"https:\/\/sulsc.com\/index.php\/2025\/10\/09\/condenado-perde-idoneidade-e-preso-em-flagrante-com-arma-de-uso-restrito-em-capivari-de-baixo\/","title":{"rendered":"Condenado perde idoneidade e \u00e9 preso em flagrante com arma de uso restrito em Capivari de Baixo"},"content":{"rendered":"<p>A Pol\u00edcia Civil de Capivari de Baixo, com o apoio da Ag\u00eancia de Intelig\u00eancia da PM, deflagrou, nesta quarta-feira (09), uma opera\u00e7\u00e3o policial visando ao cumprimento de mandado de busca e apreens\u00e3o expedido pelo Ju\u00edzo das Garantias da Vara Regional de Tubar\u00e3o.<\/p>\n<p>O mandado foi representado pelo Minist\u00e9rio P\u00fablico, ap\u00f3s o recebimento de expediente do Ex\u00e9rcito Brasileiro comunicando a decis\u00e3o administrativa de cancelamento do Certificado de Registro (CR) de um indiv\u00edduo em raz\u00e3o da perda do requisito de idoneidade moral, uma vez que ele havia sido condenado pela pr\u00e1tica criminosa.<\/p>\n<div id=\"metaslider-id-25573\" style=\"width: 100%;\" class=\"ml-slider-3-99-0 metaslider metaslider-flex metaslider-25573 ml-slider has-onhover-arrows ms-theme-default-base has-dots-nav\" role=\"region\" aria-label=\"Meio\" data-width=\"1200\">\n    <div id=\"metaslider_container_25573\">\n        <div id=\"metaslider_25573\">\n            <ul class='slides'>\n                <li style=\"display: block; width: 100%;\" class=\"slide-25684 ms-image \" aria-roledescription=\"slide\" data-date=\"2025-07-24 07:55:40\"><img src=\"https:\/\/sulsc.com\/wp-content\/uploads\/2025\/07\/Marr-2-1000x166.jpg\" height=\"200\" width=\"1200\" alt=\"\" class=\"slider-25573 slide-25684 msDefaultImage\" title=\"Marr 2\" \/><\/li>\n                <li style=\"display: none; width: 100%;\" class=\"slide-32412 ms-image \" aria-roledescription=\"slide\" data-date=\"2026-02-18 13:59:46\"><img src=\"https:\/\/sulsc.com\/wp-content\/uploads\/2026\/02\/40dc1580-cad5-4867-bc58-c4243821ad38-1000x166.jpeg\" height=\"200\" width=\"1200\" alt=\"\" class=\"slider-25573 slide-32412 msDefaultImage\" title=\"40dc1580-cad5-4867-bc58-c4243821ad38\" \/><\/li>\n                <li style=\"display: none; width: 100%;\" class=\"slide-32766 ms-image \" aria-roledescription=\"slide\" data-date=\"2026-03-03 17:22:59\"><img src=\"https:\/\/sulsc.com\/wp-content\/uploads\/2026\/03\/271ce739-f268-41c5-8051-3de1a1750359-1000x166.jpeg\" height=\"200\" width=\"1200\" alt=\"\" class=\"slider-25573 slide-32766 msDefaultImage\" title=\"271ce739-f268-41c5-8051-3de1a1750359\" \/><\/li>\n            <\/ul>\n        <\/div>\n        \n    <\/div>\n<\/div>\n<p>Durante o cumprimento da medida judicial, realizado na resid\u00eancia do investigado, situada no munic\u00edpio de Capivari de Baixo, os policiais civis apreenderam uma espingarda semiautom\u00e1tica calibre 12 vague e cerca de 200 muni\u00e7\u00f5es. Tamb\u00e9m foram localizados acess\u00f3rios e equipamentos utilizados em recarga de muni\u00e7\u00f5es.<\/p>\n<p><img fetchpriority=\"high\" decoding=\"async\" class=\"aligncenter size-full wp-image-28222\" src=\"http:\/\/sulsc.com\/wp-content\/uploads\/2025\/10\/ec57dd66-9ca1-4984-b0bf-493ee0368f69.jpg\" alt=\"\" width=\"1080\" height=\"821\" srcset=\"https:\/\/sulsc.com\/wp-content\/uploads\/2025\/10\/ec57dd66-9ca1-4984-b0bf-493ee0368f69.jpg 1080w, https:\/\/sulsc.com\/wp-content\/uploads\/2025\/10\/ec57dd66-9ca1-4984-b0bf-493ee0368f69-300x228.jpg 300w, https:\/\/sulsc.com\/wp-content\/uploads\/2025\/10\/ec57dd66-9ca1-4984-b0bf-493ee0368f69-1024x778.jpg 1024w, https:\/\/sulsc.com\/wp-content\/uploads\/2025\/10\/ec57dd66-9ca1-4984-b0bf-493ee0368f69-768x584.jpg 768w\" sizes=\"(max-width: 1080px) 100vw, 1080px\" \/><\/p>\n<p>Policia Civil Capivari de Baixo\/Divulga\u00e7\u00e3o\/SulSC<\/p>\n<p>O suspeito foi preso em flagrante pelo crime previsto no artigo 16 da Lei n\u00ba 10.826\/2003 (Estatuto do Desarmamento) \u2014 posse ou porte ilegal de arma de fogo de uso restrito.<\/p>\n<p>Ap\u00f3s a lavratura do auto de pris\u00e3o em flagrante, o conduzido foi encaminhado ao Pres\u00eddio Regional de Tubar\u00e3o, onde permanece \u00e0 disposi\u00e7\u00e3o da Justi\u00e7a.<\/p>\n","protected":false},"excerpt":{"rendered":"<p>A Pol\u00edcia Civil de Capivari de Baixo, com o apoio da Ag\u00eancia de Intelig\u00eancia da PM, deflagrou, nesta quarta-feira (09), uma opera\u00e7\u00e3o policial visando ao cumprimento de mandado de busca e apreens\u00e3o expedido pelo Ju\u00edzo das Garantias da Vara Regional de Tubar\u00e3o. O mandado foi representado pelo Minist\u00e9rio P\u00fablico, ap\u00f3s o recebimento de expediente do &hellip;<\/p>\n<p class=\"read-more\"> <a class=\"\" href=\"https:\/\/sulsc.com\/index.php\/2025\/10\/09\/condenado-perde-idoneidade-e-preso-em-flagrante-com-arma-de-uso-restrito-em-capivari-de-baixo\/\"> <span class=\"screen-reader-text\">Condenado perde idoneidade e \u00e9 preso em flagrante com arma de uso restrito em Capivari de Baixo<\/span> Read More &raquo;<\/a><\/p>\n","protected":false},"author":3,"featured_media":5754,"comment_status":"open","ping_status":"open","sticky":false,"template":"","format":"standard","meta":{"site-sidebar-layout":"default","site-content-layout":"","ast-site-content-layout":"default","site-content-style":"default","site-sidebar-style":"default","ast-global-header-display":"","ast-banner-title-visibility":"","ast-main-header-display":"","ast-hfb-above-header-display":"","ast-hfb-below-header-display":"","ast-hfb-mobile-header-display":"","site-post-title":"","ast-breadcrumbs-content":"","ast-featured-img":"","footer-sml-layout":"","theme-transparent-header-meta":"default","adv-header-id-meta":"","stick-header-meta":"","header-above-stick-meta":"","header-main-stick-meta":"","header-below-stick-meta":"","astra-migrate-meta-layouts":"set","footnotes":""},"categories":[42,1,8,12],"tags":[521],"yoast_head":"<!-- This site is optimized with the Yoast SEO plugin v21.4 - https:\/\/yoast.com\/wordpress\/plugins\/seo\/ -->\n<title>Condenado perde idoneidade e \u00e9 preso em flagrante com arma de uso restrito em Capivari de Baixo -<\/title>\n<meta name=\"robots\" content=\"index, follow, max-snippet:-1, max-image-preview:large, max-video-preview:-1\" \/>\n<link rel=\"canonical\" href=\"https:\/\/sulsc.com\/index.php\/2025\/10\/09\/condenado-perde-idoneidade-e-preso-em-flagrante-com-arma-de-uso-restrito-em-capivari-de-baixo\/\" \/>\n<meta property=\"og:locale\" content=\"en_US\" \/>\n<meta property=\"og:type\" content=\"article\" \/>\n<meta property=\"og:title\" content=\"Condenado perde idoneidade e \u00e9 preso em flagrante com arma de uso restrito em Capivari de Baixo -\" \/>\n<meta property=\"og:description\" content=\"A Pol\u00edcia Civil de Capivari de Baixo, com o apoio da Ag\u00eancia de Intelig\u00eancia da PM, deflagrou, nesta quarta-feira (09), uma opera\u00e7\u00e3o policial visando ao cumprimento de mandado de busca e apreens\u00e3o expedido pelo Ju\u00edzo das Garantias da Vara Regional de Tubar\u00e3o. O mandado foi representado pelo Minist\u00e9rio P\u00fablico, ap\u00f3s o recebimento de expediente do &hellip; Condenado perde idoneidade e \u00e9 preso em flagrante com arma de uso restrito em Capivari de Baixo Read More &raquo;\" \/>\n<meta property=\"og:url\" content=\"https:\/\/sulsc.com\/index.php\/2025\/10\/09\/condenado-perde-idoneidade-e-preso-em-flagrante-com-arma-de-uso-restrito-em-capivari-de-baixo\/\" \/>\n<meta property=\"article:author\" content=\"https:\/\/www.facebook.com\/profile.php?id=61559278119680\" \/>\n<meta property=\"article:published_time\" content=\"2025-10-09T20:05:43+00:00\" \/>\n<meta property=\"article:modified_time\" content=\"2025-10-09T20:17:29+00:00\" \/>\n<meta property=\"og:image\" content=\"http:\/\/sulsc.com\/wp-content\/uploads\/2023\/12\/prisao.jpeg\" \/>\n\t<meta property=\"og:image:width\" content=\"1170\" \/>\n\t<meta property=\"og:image:height\" content=\"766\" \/>\n\t<meta property=\"og:image:type\" content=\"image\/jpeg\" \/>\n<meta name=\"author\" content=\"Reda\u00e7\u00e3o Sul SC\" \/>\n<meta name=\"twitter:card\" content=\"summary_large_image\" \/>\n<meta name=\"twitter:creator\" content=\"@https:\/\/twitter.com\/PortalSulSC\" \/>\n<meta name=\"twitter:label1\" content=\"Written by\" \/>\n\t<meta name=\"twitter:data1\" content=\"Reda\u00e7\u00e3o Sul SC\" \/>\n\t<meta name=\"twitter:label2\" content=\"Est. reading time\" \/>\n\t<meta name=\"twitter:data2\" content=\"2 minutes\" \/>\n<script type=\"application\/ld+json\" class=\"yoast-schema-graph\">{\"@context\":\"https:\/\/schema.org\",\"@graph\":[{\"@type\":\"WebPage\",\"@id\":\"https:\/\/sulsc.com\/index.php\/2025\/10\/09\/condenado-perde-idoneidade-e-preso-em-flagrante-com-arma-de-uso-restrito-em-capivari-de-baixo\/\",\"url\":\"https:\/\/sulsc.com\/index.php\/2025\/10\/09\/condenado-perde-idoneidade-e-preso-em-flagrante-com-arma-de-uso-restrito-em-capivari-de-baixo\/\",\"name\":\"Condenado perde idoneidade e \u00e9 preso em flagrante com arma de uso restrito em Capivari de Baixo -\",\"isPartOf\":{\"@id\":\"https:\/\/sulsc.com\/#website\"},\"datePublished\":\"2025-10-09T20:05:43+00:00\",\"dateModified\":\"2025-10-09T20:17:29+00:00\",\"author\":{\"@id\":\"https:\/\/sulsc.com\/#\/schema\/person\/84d2fc571684f6248ba83092f07750a3\"},\"breadcrumb\":{\"@id\":\"https:\/\/sulsc.com\/index.php\/2025\/10\/09\/condenado-perde-idoneidade-e-preso-em-flagrante-com-arma-de-uso-restrito-em-capivari-de-baixo\/#breadcrumb\"},\"inLanguage\":\"en-US\",\"potentialAction\":[{\"@type\":\"ReadAction\",\"target\":[\"https:\/\/sulsc.com\/index.php\/2025\/10\/09\/condenado-perde-idoneidade-e-preso-em-flagrante-com-arma-de-uso-restrito-em-capivari-de-baixo\/\"]}]},{\"@type\":\"BreadcrumbList\",\"@id\":\"https:\/\/sulsc.com\/index.php\/2025\/10\/09\/condenado-perde-idoneidade-e-preso-em-flagrante-com-arma-de-uso-restrito-em-capivari-de-baixo\/#breadcrumb\",\"itemListElement\":[{\"@type\":\"ListItem\",\"position\":1,\"name\":\"In\u00edcio\",\"item\":\"https:\/\/sulsc.com\/\"},{\"@type\":\"ListItem\",\"position\":2,\"name\":\"Condenado perde idoneidade e \u00e9 preso em flagrante com arma de uso restrito em Capivari de Baixo\"}]},{\"@type\":\"WebSite\",\"@id\":\"https:\/\/sulsc.com\/#website\",\"url\":\"https:\/\/sulsc.com\/\",\"name\":\"\",\"description\":\"\",\"potentialAction\":[{\"@type\":\"SearchAction\",\"target\":{\"@type\":\"EntryPoint\",\"urlTemplate\":\"https:\/\/sulsc.com\/?s={search_term_string}\"},\"query-input\":\"required name=search_term_string\"}],\"inLanguage\":\"en-US\"},{\"@type\":\"Person\",\"@id\":\"https:\/\/sulsc.com\/#\/schema\/person\/84d2fc571684f6248ba83092f07750a3\",\"name\":\"Reda\u00e7\u00e3o Sul SC\",\"image\":{\"@type\":\"ImageObject\",\"inLanguage\":\"en-US\",\"@id\":\"https:\/\/sulsc.com\/#\/schema\/person\/image\/e08d7fe2cc4ed596372063bbe852b8d0\",\"url\":\"https:\/\/sulsc.com\/wp-content\/uploads\/2023\/09\/redacao.png\",\"contentUrl\":\"https:\/\/sulsc.com\/wp-content\/uploads\/2023\/09\/redacao.png\",\"caption\":\"Reda\u00e7\u00e3o Sul SC\"},\"description\":\"Foco em um jornalismo imparcial, voltado \u00e0 qualidade dos seus conte\u00fados e, assim, levar informa\u00e7\u00e3o de valor que agregue \u00e0 vida dos leitores. Esta \u00e9 grande miss\u00e3o do Portal de Not\u00edcias Sul SC. N\u00e3o \u00e9 quantidade que muda o mundo, sempre foi e seguir\u00e1 sendo qualidade!\",\"sameAs\":[\"https:\/\/sulsc.com\/\",\"https:\/\/www.facebook.com\/profile.php?id=61559278119680\",\"https:\/\/www.instagram.com\/sulscportal\/?hl=pt-br\",\"https:\/\/twitter.com\/https:\/\/twitter.com\/PortalSulSC\",\"https:\/\/www.youtube.com\/channel\/UCv_BE8GeySluDov2n8qhVmw\"],\"url\":\"https:\/\/sulsc.com\/index.php\/author\/redacao\/\"}]}<\/script>\n<!-- \/ Yoast SEO plugin. -->","yoast_head_json":{"title":"Condenado perde idoneidade e \u00e9 preso em flagrante com arma de uso restrito em Capivari de Baixo -","robots":{"index":"index","follow":"follow","max-snippet":"max-snippet:-1","max-image-preview":"max-image-preview:large","max-video-preview":"max-video-preview:-1"},"canonical":"https:\/\/sulsc.com\/index.php\/2025\/10\/09\/condenado-perde-idoneidade-e-preso-em-flagrante-com-arma-de-uso-restrito-em-capivari-de-baixo\/","og_locale":"en_US","og_type":"article","og_title":"Condenado perde idoneidade e \u00e9 preso em flagrante com arma de uso restrito em Capivari de Baixo -","og_description":"A Pol\u00edcia Civil de Capivari de Baixo, com o apoio da Ag\u00eancia de Intelig\u00eancia da PM, deflagrou, nesta quarta-feira (09), uma opera\u00e7\u00e3o policial visando ao cumprimento de mandado de busca e apreens\u00e3o expedido pelo Ju\u00edzo das Garantias da Vara Regional de Tubar\u00e3o. O mandado foi representado pelo Minist\u00e9rio P\u00fablico, ap\u00f3s o recebimento de expediente do &hellip; Condenado perde idoneidade e \u00e9 preso em flagrante com arma de uso restrito em Capivari de Baixo Read More &raquo;","og_url":"https:\/\/sulsc.com\/index.php\/2025\/10\/09\/condenado-perde-idoneidade-e-preso-em-flagrante-com-arma-de-uso-restrito-em-capivari-de-baixo\/","article_author":"https:\/\/www.facebook.com\/profile.php?id=61559278119680","article_published_time":"2025-10-09T20:05:43+00:00","article_modified_time":"2025-10-09T20:17:29+00:00","og_image":[{"width":1170,"height":766,"url":"http:\/\/sulsc.com\/wp-content\/uploads\/2023\/12\/prisao.jpeg","type":"image\/jpeg"}],"author":"Reda\u00e7\u00e3o Sul SC","twitter_card":"summary_large_image","twitter_creator":"@https:\/\/twitter.com\/PortalSulSC","twitter_misc":{"Written by":"Reda\u00e7\u00e3o Sul SC","Est. reading time":"2 minutes"},"schema":{"@context":"https:\/\/schema.org","@graph":[{"@type":"WebPage","@id":"https:\/\/sulsc.com\/index.php\/2025\/10\/09\/condenado-perde-idoneidade-e-preso-em-flagrante-com-arma-de-uso-restrito-em-capivari-de-baixo\/","url":"https:\/\/sulsc.com\/index.php\/2025\/10\/09\/condenado-perde-idoneidade-e-preso-em-flagrante-com-arma-de-uso-restrito-em-capivari-de-baixo\/","name":"Condenado perde idoneidade e \u00e9 preso em flagrante com arma de uso restrito em Capivari de Baixo -","isPartOf":{"@id":"https:\/\/sulsc.com\/#website"},"datePublished":"2025-10-09T20:05:43+00:00","dateModified":"2025-10-09T20:17:29+00:00","author":{"@id":"https:\/\/sulsc.com\/#\/schema\/person\/84d2fc571684f6248ba83092f07750a3"},"breadcrumb":{"@id":"https:\/\/sulsc.com\/index.php\/2025\/10\/09\/condenado-perde-idoneidade-e-preso-em-flagrante-com-arma-de-uso-restrito-em-capivari-de-baixo\/#breadcrumb"},"inLanguage":"en-US","potentialAction":[{"@type":"ReadAction","target":["https:\/\/sulsc.com\/index.php\/2025\/10\/09\/condenado-perde-idoneidade-e-preso-em-flagrante-com-arma-de-uso-restrito-em-capivari-de-baixo\/"]}]},{"@type":"BreadcrumbList","@id":"https:\/\/sulsc.com\/index.php\/2025\/10\/09\/condenado-perde-idoneidade-e-preso-em-flagrante-com-arma-de-uso-restrito-em-capivari-de-baixo\/#breadcrumb","itemListElement":[{"@type":"ListItem","position":1,"name":"In\u00edcio","item":"https:\/\/sulsc.com\/"},{"@type":"ListItem","position":2,"name":"Condenado perde idoneidade e \u00e9 preso em flagrante com arma de uso restrito em Capivari de Baixo"}]},{"@type":"WebSite","@id":"https:\/\/sulsc.com\/#website","url":"https:\/\/sulsc.com\/","name":"","description":"","potentialAction":[{"@type":"SearchAction","target":{"@type":"EntryPoint","urlTemplate":"https:\/\/sulsc.com\/?s={search_term_string}"},"query-input":"required name=search_term_string"}],"inLanguage":"en-US"},{"@type":"Person","@id":"https:\/\/sulsc.com\/#\/schema\/person\/84d2fc571684f6248ba83092f07750a3","name":"Reda\u00e7\u00e3o Sul SC","image":{"@type":"ImageObject","inLanguage":"en-US","@id":"https:\/\/sulsc.com\/#\/schema\/person\/image\/e08d7fe2cc4ed596372063bbe852b8d0","url":"https:\/\/sulsc.com\/wp-content\/uploads\/2023\/09\/redacao.png","contentUrl":"https:\/\/sulsc.com\/wp-content\/uploads\/2023\/09\/redacao.png","caption":"Reda\u00e7\u00e3o Sul SC"},"description":"Foco em um jornalismo imparcial, voltado \u00e0 qualidade dos seus conte\u00fados e, assim, levar informa\u00e7\u00e3o de valor que agregue \u00e0 vida dos leitores. Esta \u00e9 grande miss\u00e3o do Portal de Not\u00edcias Sul SC. N\u00e3o \u00e9 quantidade que muda o mundo, sempre foi e seguir\u00e1 sendo qualidade!","sameAs":["https:\/\/sulsc.com\/","https:\/\/www.facebook.com\/profile.php?id=61559278119680","https:\/\/www.instagram.com\/sulscportal\/?hl=pt-br","https:\/\/twitter.com\/https:\/\/twitter.com\/PortalSulSC","https:\/\/www.youtube.com\/channel\/UCv_BE8GeySluDov2n8qhVmw"],"url":"https:\/\/sulsc.com\/index.php\/author\/redacao\/"}]}},"authors":[],"_links":{"self":[{"href":"https:\/\/sulsc.com\/index.php\/wp-json\/wp\/v2\/posts\/28221"}],"collection":[{"href":"https:\/\/sulsc.com\/index.php\/wp-json\/wp\/v2\/posts"}],"about":[{"href":"https:\/\/sulsc.com\/index.php\/wp-json\/wp\/v2\/types\/post"}],"author":[{"embeddable":true,"href":"https:\/\/sulsc.com\/index.php\/wp-json\/wp\/v2\/users\/3"}],"replies":[{"embeddable":true,"href":"https:\/\/sulsc.com\/index.php\/wp-json\/wp\/v2\/comments?post=28221"}],"version-history":[{"count":2,"href":"https:\/\/sulsc.com\/index.php\/wp-json\/wp\/v2\/posts\/28221\/revisions"}],"predecessor-version":[{"id":28228,"href":"https:\/\/sulsc.com\/index.php\/wp-json\/wp\/v2\/posts\/28221\/revisions\/28228"}],"wp:featuredmedia":[{"embeddable":true,"href":"https:\/\/sulsc.com\/index.php\/wp-json\/wp\/v2\/media\/5754"}],"wp:attachment":[{"href":"https:\/\/sulsc.com\/index.php\/wp-json\/wp\/v2\/media?parent=28221"}],"wp:term":[{"taxonomy":"category","embeddable":true,"href":"https:\/\/sulsc.com\/index.php\/wp-json\/wp\/v2\/categories?post=28221"},{"taxonomy":"post_tag","embeddable":true,"href":"https:\/\/sulsc.com\/index.php\/wp-json\/wp\/v2\/tags?post=28221"}],"curies":[{"name":"wp","href":"https:\/\/api.w.org\/{rel}","templated":true}]}}