{"id":28258,"date":"2025-10-11T07:59:09","date_gmt":"2025-10-11T10:59:09","guid":{"rendered":"https:\/\/sulsc.com\/?p=28258"},"modified":"2025-10-11T07:59:09","modified_gmt":"2025-10-11T10:59:09","slug":"sabado-ensolarado-com-maximas-acima-dos-28oc-no-litoral-sul-e-aviso-meteorologico-para-esta-noite","status":"publish","type":"post","link":"https:\/\/sulsc.com\/index.php\/2025\/10\/11\/sabado-ensolarado-com-maximas-acima-dos-28oc-no-litoral-sul-e-aviso-meteorologico-para-esta-noite\/","title":{"rendered":"S\u00e1bado ensolarado com m\u00e1ximas acima dos 28\u00baC no litoral sul e aviso meteorol\u00f3gico para est\u00e1 noite"},"content":{"rendered":"<p>Neste s\u00e1bado (11), a circula\u00e7\u00e3o mar\u00edtima perde for\u00e7a, mas mant\u00e9m maior nebulosidade e condi\u00e7\u00f5es para chuvas fracas r\u00e1pidas, especialmente nos extremos do dia, entre o Vale do Itaja\u00ed, Grd. Florian\u00f3polis e Litoral Norte. Nas demais \u00e1reas, o sol aparece entre nuvens.<\/p>\n<p><strong>Temperaturas<\/strong><\/p>\n<p>No amanhecer, as temperaturas ficam mais altas do que nos dias anteriores. \u00c0 tarde, as temperaturas sobem mais devido ao quadro pr\u00e9-frontal, ficando pr\u00f3ximas dos 31\u00b0C\/33\u00b0C no Oeste. No Litoral Sul, chegam a 28\u00b0C\/30\u00b0C e nas demais regi\u00f5es variam entre 22\u00b0C e 26\u00b0C, com valores menores nas \u00e1reas serranas.<\/p>\n<p><img fetchpriority=\"high\" decoding=\"async\" class=\"aligncenter size-full wp-image-28259\" src=\"http:\/\/sulsc.com\/wp-content\/uploads\/2025\/10\/image-67-1024x700-1.png\" alt=\"\" width=\"1024\" height=\"700\" srcset=\"https:\/\/sulsc.com\/wp-content\/uploads\/2025\/10\/image-67-1024x700-1.png 1024w, https:\/\/sulsc.com\/wp-content\/uploads\/2025\/10\/image-67-1024x700-1-300x205.png 300w, https:\/\/sulsc.com\/wp-content\/uploads\/2025\/10\/image-67-1024x700-1-768x525.png 768w\" sizes=\"(max-width: 1024px) 100vw, 1024px\" \/><\/p>\n<p><img decoding=\"async\" class=\"aligncenter size-full wp-image-22836\" src=\"http:\/\/sulsc.com\/wp-content\/uploads\/2025\/04\/Tempo-2.png\" alt=\"\" width=\"1024\" height=\"189\" srcset=\"https:\/\/sulsc.com\/wp-content\/uploads\/2025\/04\/Tempo-2.png 1024w, https:\/\/sulsc.com\/wp-content\/uploads\/2025\/04\/Tempo-2-300x55.png 300w, https:\/\/sulsc.com\/wp-content\/uploads\/2025\/04\/Tempo-2-768x142.png 768w\" sizes=\"(max-width: 1024px) 100vw, 1024px\" \/><\/p>\n<p><strong>Vento:<\/strong> nordeste, fraco a moderado, com rajadas, mais intensas de 50 a 70km\/h no oeste e sul do estado.<\/p>\n<p><strong>Sistema predominante:<\/strong> alta press\u00e3o no litoral Sul do Brasil.<\/p>\n<p><img decoding=\"async\" class=\"aligncenter size-full wp-image-28261\" src=\"http:\/\/sulsc.com\/wp-content\/uploads\/2025\/10\/WhatsApp-Image-2025-04-08-at-15.16.01-1-1-1024x576-2.jpeg\" alt=\"\" width=\"1024\" height=\"576\" srcset=\"https:\/\/sulsc.com\/wp-content\/uploads\/2025\/10\/WhatsApp-Image-2025-04-08-at-15.16.01-1-1-1024x576-2.jpeg 1024w, https:\/\/sulsc.com\/wp-content\/uploads\/2025\/10\/WhatsApp-Image-2025-04-08-at-15.16.01-1-1-1024x576-2-300x169.jpeg 300w, https:\/\/sulsc.com\/wp-content\/uploads\/2025\/10\/WhatsApp-Image-2025-04-08-at-15.16.01-1-1-1024x576-2-768x432.jpeg 768w\" sizes=\"(max-width: 1024px) 100vw, 1024px\" \/><\/p>\n<p>Uma frente fria, associada a um ciclone extratropical com centro entre a Argentina e o Uruguai, deixa o tempo inst\u00e1vel a partir da noite deste s\u00e1bado (11) e durante o domingo (12) em Santa Catarina, trazendo condi\u00e7\u00f5es para temporais com chuva pontualmente intensa, acompanhados por raios, rajadas de vento e eventual precipita\u00e7\u00e3o de granizo.<\/p>\n<div id=\"metaslider-id-25573\" style=\"width: 100%;\" class=\"ml-slider-3-99-0 metaslider metaslider-flex metaslider-25573 ml-slider has-onhover-arrows ms-theme-default-base has-dots-nav\" role=\"region\" aria-label=\"Meio\" data-width=\"1200\">\n    <div id=\"metaslider_container_25573\">\n        <div id=\"metaslider_25573\">\n            <ul class='slides'>\n                <li style=\"display: block; width: 100%;\" class=\"slide-25684 ms-image \" aria-roledescription=\"slide\" data-date=\"2025-07-24 07:55:40\"><img src=\"https:\/\/sulsc.com\/wp-content\/uploads\/2025\/07\/Marr-2-1000x166.jpg\" height=\"200\" width=\"1200\" alt=\"\" class=\"slider-25573 slide-25684 msDefaultImage\" title=\"Marr 2\" \/><\/li>\n                <li style=\"display: none; width: 100%;\" class=\"slide-32412 ms-image \" aria-roledescription=\"slide\" data-date=\"2026-02-18 13:59:46\"><img src=\"https:\/\/sulsc.com\/wp-content\/uploads\/2026\/02\/40dc1580-cad5-4867-bc58-c4243821ad38-1000x166.jpeg\" height=\"200\" width=\"1200\" alt=\"\" class=\"slider-25573 slide-32412 msDefaultImage\" title=\"40dc1580-cad5-4867-bc58-c4243821ad38\" \/><\/li>\n                <li style=\"display: none; width: 100%;\" class=\"slide-32766 ms-image \" aria-roledescription=\"slide\" data-date=\"2026-03-03 17:22:59\"><img src=\"https:\/\/sulsc.com\/wp-content\/uploads\/2026\/03\/271ce739-f268-41c5-8051-3de1a1750359-1000x166.jpeg\" height=\"200\" width=\"1200\" alt=\"\" class=\"slider-25573 slide-32766 msDefaultImage\" title=\"271ce739-f268-41c5-8051-3de1a1750359\" \/><\/li>\n            <\/ul>\n        <\/div>\n        \n    <\/div>\n<\/div>\n<p>O risco \u00e9 moderado a alto para ocorr\u00eancias associadas a alagamento e enxurradas pontuais, destelhamentos, quedas de galhos e \u00e1rvores e danos na rede el\u00e9trica.<\/p>\n<p>Na noite de s\u00e1bado (11), os temporais isolados ocorrem preferencilamente no Grande Oeste e podem vir acompanhados de vendavais e eventual queda de granizo.<\/p>\n<p><img loading=\"lazy\" decoding=\"async\" class=\"aligncenter size-full wp-image-28262\" src=\"http:\/\/sulsc.com\/wp-content\/uploads\/2025\/10\/Captura-de-tela-2025-10-11-072318-1024x584-1.png\" alt=\"\" width=\"1024\" height=\"584\" srcset=\"https:\/\/sulsc.com\/wp-content\/uploads\/2025\/10\/Captura-de-tela-2025-10-11-072318-1024x584-1.png 1024w, https:\/\/sulsc.com\/wp-content\/uploads\/2025\/10\/Captura-de-tela-2025-10-11-072318-1024x584-1-300x171.png 300w, https:\/\/sulsc.com\/wp-content\/uploads\/2025\/10\/Captura-de-tela-2025-10-11-072318-1024x584-1-768x438.png 768w\" sizes=\"(max-width: 1024px) 100vw, 1024px\" \/><\/p>\n<p>J\u00e1 no domingo (12), a chuva ocorre de forma mais ampla no estado, devido ao avan\u00e7o da frente fria. No oeste a chuva come\u00e7a na madrugada e avan\u00e7a gradualmente para as demais regi\u00f5es do estado no decorrer do dia.<\/p>\n<p>Fonte: Defesa Civil &#8211; SC\/Epagri-Ciram<\/p>\n<p>&nbsp;<\/p>\n","protected":false},"excerpt":{"rendered":"<p>Neste s\u00e1bado (11), a circula\u00e7\u00e3o mar\u00edtima perde for\u00e7a, mas mant\u00e9m maior nebulosidade e condi\u00e7\u00f5es para chuvas fracas r\u00e1pidas, especialmente nos extremos do dia, entre o Vale do Itaja\u00ed, Grd. Florian\u00f3polis e Litoral Norte. Nas demais \u00e1reas, o sol aparece entre nuvens. Temperaturas No amanhecer, as temperaturas ficam mais altas do que nos dias anteriores. \u00c0 &hellip;<\/p>\n<p class=\"read-more\"> <a class=\"\" href=\"https:\/\/sulsc.com\/index.php\/2025\/10\/11\/sabado-ensolarado-com-maximas-acima-dos-28oc-no-litoral-sul-e-aviso-meteorologico-para-esta-noite\/\"> <span class=\"screen-reader-text\">S\u00e1bado ensolarado com m\u00e1ximas acima dos 28\u00baC no litoral sul e aviso meteorol\u00f3gico para est\u00e1 noite<\/span> Read More &raquo;<\/a><\/p>\n","protected":false},"author":3,"featured_media":12650,"comment_status":"open","ping_status":"open","sticky":false,"template":"","format":"standard","meta":{"site-sidebar-layout":"default","site-content-layout":"","ast-site-content-layout":"default","site-content-style":"default","site-sidebar-style":"default","ast-global-header-display":"","ast-banner-title-visibility":"","ast-main-header-display":"","ast-hfb-above-header-display":"","ast-hfb-below-header-display":"","ast-hfb-mobile-header-display":"","site-post-title":"","ast-breadcrumbs-content":"","ast-featured-img":"","footer-sml-layout":"","theme-transparent-header-meta":"default","adv-header-id-meta":"","stick-header-meta":"","header-above-stick-meta":"","header-main-stick-meta":"","header-below-stick-meta":"","astra-migrate-meta-layouts":"set","footnotes":""},"categories":[2354,2231,1,14,38,12],"tags":[90],"yoast_head":"<!-- This site is optimized with the Yoast SEO plugin v21.4 - https:\/\/yoast.com\/wordpress\/plugins\/seo\/ -->\n<title>S\u00e1bado ensolarado com m\u00e1ximas acima dos 28\u00baC no litoral sul e aviso meteorol\u00f3gico para est\u00e1 noite -<\/title>\n<meta name=\"robots\" content=\"index, follow, max-snippet:-1, max-image-preview:large, max-video-preview:-1\" \/>\n<link rel=\"canonical\" href=\"https:\/\/sulsc.com\/index.php\/2025\/10\/11\/sabado-ensolarado-com-maximas-acima-dos-28oc-no-litoral-sul-e-aviso-meteorologico-para-esta-noite\/\" \/>\n<meta property=\"og:locale\" content=\"en_US\" \/>\n<meta property=\"og:type\" content=\"article\" \/>\n<meta property=\"og:title\" content=\"S\u00e1bado ensolarado com m\u00e1ximas acima dos 28\u00baC no litoral sul e aviso meteorol\u00f3gico para est\u00e1 noite -\" \/>\n<meta property=\"og:description\" content=\"Neste s\u00e1bado (11), a circula\u00e7\u00e3o mar\u00edtima perde for\u00e7a, mas mant\u00e9m maior nebulosidade e condi\u00e7\u00f5es para chuvas fracas r\u00e1pidas, especialmente nos extremos do dia, entre o Vale do Itaja\u00ed, Grd. Florian\u00f3polis e Litoral Norte. Nas demais \u00e1reas, o sol aparece entre nuvens. Temperaturas No amanhecer, as temperaturas ficam mais altas do que nos dias anteriores. \u00c0 &hellip; S\u00e1bado ensolarado com m\u00e1ximas acima dos 28\u00baC no litoral sul e aviso meteorol\u00f3gico para est\u00e1 noite Read More &raquo;\" \/>\n<meta property=\"og:url\" content=\"https:\/\/sulsc.com\/index.php\/2025\/10\/11\/sabado-ensolarado-com-maximas-acima-dos-28oc-no-litoral-sul-e-aviso-meteorologico-para-esta-noite\/\" \/>\n<meta property=\"article:author\" content=\"https:\/\/www.facebook.com\/profile.php?id=61559278119680\" \/>\n<meta property=\"article:published_time\" content=\"2025-10-11T10:59:09+00:00\" \/>\n<meta property=\"og:image\" content=\"http:\/\/sulsc.com\/wp-content\/uploads\/2024\/05\/tempo.jpeg\" \/>\n\t<meta property=\"og:image:width\" content=\"1076\" \/>\n\t<meta property=\"og:image:height\" content=\"1058\" \/>\n\t<meta property=\"og:image:type\" content=\"image\/jpeg\" \/>\n<meta name=\"author\" content=\"Reda\u00e7\u00e3o Sul SC\" \/>\n<meta name=\"twitter:card\" content=\"summary_large_image\" \/>\n<meta name=\"twitter:creator\" content=\"@https:\/\/twitter.com\/PortalSulSC\" \/>\n<meta name=\"twitter:label1\" content=\"Written by\" \/>\n\t<meta name=\"twitter:data1\" content=\"Reda\u00e7\u00e3o Sul SC\" \/>\n\t<meta name=\"twitter:label2\" content=\"Est. reading time\" \/>\n\t<meta name=\"twitter:data2\" content=\"2 minutes\" \/>\n<script type=\"application\/ld+json\" class=\"yoast-schema-graph\">{\"@context\":\"https:\/\/schema.org\",\"@graph\":[{\"@type\":\"WebPage\",\"@id\":\"https:\/\/sulsc.com\/index.php\/2025\/10\/11\/sabado-ensolarado-com-maximas-acima-dos-28oc-no-litoral-sul-e-aviso-meteorologico-para-esta-noite\/\",\"url\":\"https:\/\/sulsc.com\/index.php\/2025\/10\/11\/sabado-ensolarado-com-maximas-acima-dos-28oc-no-litoral-sul-e-aviso-meteorologico-para-esta-noite\/\",\"name\":\"S\u00e1bado ensolarado com m\u00e1ximas acima dos 28\u00baC no litoral sul e aviso meteorol\u00f3gico para est\u00e1 noite -\",\"isPartOf\":{\"@id\":\"https:\/\/sulsc.com\/#website\"},\"datePublished\":\"2025-10-11T10:59:09+00:00\",\"dateModified\":\"2025-10-11T10:59:09+00:00\",\"author\":{\"@id\":\"https:\/\/sulsc.com\/#\/schema\/person\/84d2fc571684f6248ba83092f07750a3\"},\"breadcrumb\":{\"@id\":\"https:\/\/sulsc.com\/index.php\/2025\/10\/11\/sabado-ensolarado-com-maximas-acima-dos-28oc-no-litoral-sul-e-aviso-meteorologico-para-esta-noite\/#breadcrumb\"},\"inLanguage\":\"en-US\",\"potentialAction\":[{\"@type\":\"ReadAction\",\"target\":[\"https:\/\/sulsc.com\/index.php\/2025\/10\/11\/sabado-ensolarado-com-maximas-acima-dos-28oc-no-litoral-sul-e-aviso-meteorologico-para-esta-noite\/\"]}]},{\"@type\":\"BreadcrumbList\",\"@id\":\"https:\/\/sulsc.com\/index.php\/2025\/10\/11\/sabado-ensolarado-com-maximas-acima-dos-28oc-no-litoral-sul-e-aviso-meteorologico-para-esta-noite\/#breadcrumb\",\"itemListElement\":[{\"@type\":\"ListItem\",\"position\":1,\"name\":\"In\u00edcio\",\"item\":\"https:\/\/sulsc.com\/\"},{\"@type\":\"ListItem\",\"position\":2,\"name\":\"S\u00e1bado ensolarado com m\u00e1ximas acima dos 28\u00baC no litoral sul e aviso meteorol\u00f3gico para est\u00e1 noite\"}]},{\"@type\":\"WebSite\",\"@id\":\"https:\/\/sulsc.com\/#website\",\"url\":\"https:\/\/sulsc.com\/\",\"name\":\"\",\"description\":\"\",\"potentialAction\":[{\"@type\":\"SearchAction\",\"target\":{\"@type\":\"EntryPoint\",\"urlTemplate\":\"https:\/\/sulsc.com\/?s={search_term_string}\"},\"query-input\":\"required name=search_term_string\"}],\"inLanguage\":\"en-US\"},{\"@type\":\"Person\",\"@id\":\"https:\/\/sulsc.com\/#\/schema\/person\/84d2fc571684f6248ba83092f07750a3\",\"name\":\"Reda\u00e7\u00e3o Sul SC\",\"image\":{\"@type\":\"ImageObject\",\"inLanguage\":\"en-US\",\"@id\":\"https:\/\/sulsc.com\/#\/schema\/person\/image\/e08d7fe2cc4ed596372063bbe852b8d0\",\"url\":\"https:\/\/sulsc.com\/wp-content\/uploads\/2023\/09\/redacao.png\",\"contentUrl\":\"https:\/\/sulsc.com\/wp-content\/uploads\/2023\/09\/redacao.png\",\"caption\":\"Reda\u00e7\u00e3o Sul SC\"},\"description\":\"Foco em um jornalismo imparcial, voltado \u00e0 qualidade dos seus conte\u00fados e, assim, levar informa\u00e7\u00e3o de valor que agregue \u00e0 vida dos leitores. Esta \u00e9 grande miss\u00e3o do Portal de Not\u00edcias Sul SC. N\u00e3o \u00e9 quantidade que muda o mundo, sempre foi e seguir\u00e1 sendo qualidade!\",\"sameAs\":[\"https:\/\/sulsc.com\/\",\"https:\/\/www.facebook.com\/profile.php?id=61559278119680\",\"https:\/\/www.instagram.com\/sulscportal\/?hl=pt-br\",\"https:\/\/twitter.com\/https:\/\/twitter.com\/PortalSulSC\",\"https:\/\/www.youtube.com\/channel\/UCv_BE8GeySluDov2n8qhVmw\"],\"url\":\"https:\/\/sulsc.com\/index.php\/author\/redacao\/\"}]}<\/script>\n<!-- \/ Yoast SEO plugin. -->","yoast_head_json":{"title":"S\u00e1bado ensolarado com m\u00e1ximas acima dos 28\u00baC no litoral sul e aviso meteorol\u00f3gico para est\u00e1 noite -","robots":{"index":"index","follow":"follow","max-snippet":"max-snippet:-1","max-image-preview":"max-image-preview:large","max-video-preview":"max-video-preview:-1"},"canonical":"https:\/\/sulsc.com\/index.php\/2025\/10\/11\/sabado-ensolarado-com-maximas-acima-dos-28oc-no-litoral-sul-e-aviso-meteorologico-para-esta-noite\/","og_locale":"en_US","og_type":"article","og_title":"S\u00e1bado ensolarado com m\u00e1ximas acima dos 28\u00baC no litoral sul e aviso meteorol\u00f3gico para est\u00e1 noite -","og_description":"Neste s\u00e1bado (11), a circula\u00e7\u00e3o mar\u00edtima perde for\u00e7a, mas mant\u00e9m maior nebulosidade e condi\u00e7\u00f5es para chuvas fracas r\u00e1pidas, especialmente nos extremos do dia, entre o Vale do Itaja\u00ed, Grd. Florian\u00f3polis e Litoral Norte. Nas demais \u00e1reas, o sol aparece entre nuvens. Temperaturas No amanhecer, as temperaturas ficam mais altas do que nos dias anteriores. \u00c0 &hellip; S\u00e1bado ensolarado com m\u00e1ximas acima dos 28\u00baC no litoral sul e aviso meteorol\u00f3gico para est\u00e1 noite Read More &raquo;","og_url":"https:\/\/sulsc.com\/index.php\/2025\/10\/11\/sabado-ensolarado-com-maximas-acima-dos-28oc-no-litoral-sul-e-aviso-meteorologico-para-esta-noite\/","article_author":"https:\/\/www.facebook.com\/profile.php?id=61559278119680","article_published_time":"2025-10-11T10:59:09+00:00","og_image":[{"width":1076,"height":1058,"url":"http:\/\/sulsc.com\/wp-content\/uploads\/2024\/05\/tempo.jpeg","type":"image\/jpeg"}],"author":"Reda\u00e7\u00e3o Sul SC","twitter_card":"summary_large_image","twitter_creator":"@https:\/\/twitter.com\/PortalSulSC","twitter_misc":{"Written by":"Reda\u00e7\u00e3o Sul SC","Est. reading time":"2 minutes"},"schema":{"@context":"https:\/\/schema.org","@graph":[{"@type":"WebPage","@id":"https:\/\/sulsc.com\/index.php\/2025\/10\/11\/sabado-ensolarado-com-maximas-acima-dos-28oc-no-litoral-sul-e-aviso-meteorologico-para-esta-noite\/","url":"https:\/\/sulsc.com\/index.php\/2025\/10\/11\/sabado-ensolarado-com-maximas-acima-dos-28oc-no-litoral-sul-e-aviso-meteorologico-para-esta-noite\/","name":"S\u00e1bado ensolarado com m\u00e1ximas acima dos 28\u00baC no litoral sul e aviso meteorol\u00f3gico para est\u00e1 noite -","isPartOf":{"@id":"https:\/\/sulsc.com\/#website"},"datePublished":"2025-10-11T10:59:09+00:00","dateModified":"2025-10-11T10:59:09+00:00","author":{"@id":"https:\/\/sulsc.com\/#\/schema\/person\/84d2fc571684f6248ba83092f07750a3"},"breadcrumb":{"@id":"https:\/\/sulsc.com\/index.php\/2025\/10\/11\/sabado-ensolarado-com-maximas-acima-dos-28oc-no-litoral-sul-e-aviso-meteorologico-para-esta-noite\/#breadcrumb"},"inLanguage":"en-US","potentialAction":[{"@type":"ReadAction","target":["https:\/\/sulsc.com\/index.php\/2025\/10\/11\/sabado-ensolarado-com-maximas-acima-dos-28oc-no-litoral-sul-e-aviso-meteorologico-para-esta-noite\/"]}]},{"@type":"BreadcrumbList","@id":"https:\/\/sulsc.com\/index.php\/2025\/10\/11\/sabado-ensolarado-com-maximas-acima-dos-28oc-no-litoral-sul-e-aviso-meteorologico-para-esta-noite\/#breadcrumb","itemListElement":[{"@type":"ListItem","position":1,"name":"In\u00edcio","item":"https:\/\/sulsc.com\/"},{"@type":"ListItem","position":2,"name":"S\u00e1bado ensolarado com m\u00e1ximas acima dos 28\u00baC no litoral sul e aviso meteorol\u00f3gico para est\u00e1 noite"}]},{"@type":"WebSite","@id":"https:\/\/sulsc.com\/#website","url":"https:\/\/sulsc.com\/","name":"","description":"","potentialAction":[{"@type":"SearchAction","target":{"@type":"EntryPoint","urlTemplate":"https:\/\/sulsc.com\/?s={search_term_string}"},"query-input":"required name=search_term_string"}],"inLanguage":"en-US"},{"@type":"Person","@id":"https:\/\/sulsc.com\/#\/schema\/person\/84d2fc571684f6248ba83092f07750a3","name":"Reda\u00e7\u00e3o Sul SC","image":{"@type":"ImageObject","inLanguage":"en-US","@id":"https:\/\/sulsc.com\/#\/schema\/person\/image\/e08d7fe2cc4ed596372063bbe852b8d0","url":"https:\/\/sulsc.com\/wp-content\/uploads\/2023\/09\/redacao.png","contentUrl":"https:\/\/sulsc.com\/wp-content\/uploads\/2023\/09\/redacao.png","caption":"Reda\u00e7\u00e3o Sul SC"},"description":"Foco em um jornalismo imparcial, voltado \u00e0 qualidade dos seus conte\u00fados e, assim, levar informa\u00e7\u00e3o de valor que agregue \u00e0 vida dos leitores. Esta \u00e9 grande miss\u00e3o do Portal de Not\u00edcias Sul SC. N\u00e3o \u00e9 quantidade que muda o mundo, sempre foi e seguir\u00e1 sendo qualidade!","sameAs":["https:\/\/sulsc.com\/","https:\/\/www.facebook.com\/profile.php?id=61559278119680","https:\/\/www.instagram.com\/sulscportal\/?hl=pt-br","https:\/\/twitter.com\/https:\/\/twitter.com\/PortalSulSC","https:\/\/www.youtube.com\/channel\/UCv_BE8GeySluDov2n8qhVmw"],"url":"https:\/\/sulsc.com\/index.php\/author\/redacao\/"}]}},"authors":[],"_links":{"self":[{"href":"https:\/\/sulsc.com\/index.php\/wp-json\/wp\/v2\/posts\/28258"}],"collection":[{"href":"https:\/\/sulsc.com\/index.php\/wp-json\/wp\/v2\/posts"}],"about":[{"href":"https:\/\/sulsc.com\/index.php\/wp-json\/wp\/v2\/types\/post"}],"author":[{"embeddable":true,"href":"https:\/\/sulsc.com\/index.php\/wp-json\/wp\/v2\/users\/3"}],"replies":[{"embeddable":true,"href":"https:\/\/sulsc.com\/index.php\/wp-json\/wp\/v2\/comments?post=28258"}],"version-history":[{"count":1,"href":"https:\/\/sulsc.com\/index.php\/wp-json\/wp\/v2\/posts\/28258\/revisions"}],"predecessor-version":[{"id":28263,"href":"https:\/\/sulsc.com\/index.php\/wp-json\/wp\/v2\/posts\/28258\/revisions\/28263"}],"wp:featuredmedia":[{"embeddable":true,"href":"https:\/\/sulsc.com\/index.php\/wp-json\/wp\/v2\/media\/12650"}],"wp:attachment":[{"href":"https:\/\/sulsc.com\/index.php\/wp-json\/wp\/v2\/media?parent=28258"}],"wp:term":[{"taxonomy":"category","embeddable":true,"href":"https:\/\/sulsc.com\/index.php\/wp-json\/wp\/v2\/categories?post=28258"},{"taxonomy":"post_tag","embeddable":true,"href":"https:\/\/sulsc.com\/index.php\/wp-json\/wp\/v2\/tags?post=28258"}],"curies":[{"name":"wp","href":"https:\/\/api.w.org\/{rel}","templated":true}]}}