{"id":2830,"date":"2023-10-25T11:00:00","date_gmt":"2023-10-25T14:00:00","guid":{"rendered":"https:\/\/sulsc.com\/?p=2830"},"modified":"2023-10-25T11:12:31","modified_gmt":"2023-10-25T14:12:31","slug":"plano-municipal-de-cultura-de-tubarao-comeca-a-ser-construido","status":"publish","type":"post","link":"https:\/\/sulsc.com\/index.php\/2023\/10\/25\/plano-municipal-de-cultura-de-tubarao-comeca-a-ser-construido\/","title":{"rendered":"Plano Municipal de Cultura de Tubar\u00e3o come\u00e7a a ser constru\u00eddo"},"content":{"rendered":"<p>Os integrantes do N\u00facleo Executivo da Funda\u00e7\u00e3o Municipal de Cultura de Tubar\u00e3o realizaram nesta semana, a primeira reuni\u00e3o com t\u00e9cnicos do Senac, para tratar do Plano Municipal de Cultura (PMC). A constru\u00e7\u00e3o do plano ser\u00e1 em quatro etapas: Diagn\u00f3stico Situacional, Sensibiliza\u00e7\u00e3o e Mobiliza\u00e7\u00e3o, Plano de A\u00e7\u00e3o e Valida\u00e7\u00e3o das Metas.<\/p>\n<p>Todo o processo contar\u00e1 com a assessoria t\u00e9cnica do Senac e ser\u00e1 desenvolvimento de acordo com a pol\u00edtica cultural federal. O encontro com os t\u00e9cnicos Luiz Fernando Albalustro e Suelen Francez serviu para alinhar os processos de produ\u00e7\u00e3o do plano que iniciou neste m\u00eas de outubro, com a constru\u00e7\u00e3o coletiva e atividades internas do N\u00facleo Executivo do PMC, formado por servidores da Funda\u00e7\u00e3o Municipal de Cultura de Tubar\u00e3o.<\/p>\n<p>O Plano Municipal de Cultura de Tubar\u00e3o \u00e9 uma iniciativa da prefeitura de Tubar\u00e3o, por meio da Funda\u00e7\u00e3o Municipal de Cultura, \u00e9 e um dos pilares do Sistema Municipal de Cultura. Com o PMC, os munic\u00edpios conseguem gerir a governan\u00e7a da cultura, por isso o plano deve conter uma estrutura que condiz com as necessidades e especificidades de uma pol\u00edtica p\u00fablica cultural democr\u00e1tica refletida na realidade e diagn\u00f3stico dos munic\u00edpios.<\/p>\n<p><img fetchpriority=\"high\" decoding=\"async\" class=\"alignnone size-full wp-image-2831\" src=\"http:\/\/sulsc.com\/wp-content\/uploads\/2023\/10\/Plano-Municipal-de-Cultura-de-Tubarao-comeca-a-ser-construido-02.jpg\" alt=\"\" width=\"1024\" height=\"768\" srcset=\"https:\/\/sulsc.com\/wp-content\/uploads\/2023\/10\/Plano-Municipal-de-Cultura-de-Tubarao-comeca-a-ser-construido-02.jpg 1024w, https:\/\/sulsc.com\/wp-content\/uploads\/2023\/10\/Plano-Municipal-de-Cultura-de-Tubarao-comeca-a-ser-construido-02-300x225.jpg 300w, https:\/\/sulsc.com\/wp-content\/uploads\/2023\/10\/Plano-Municipal-de-Cultura-de-Tubarao-comeca-a-ser-construido-02-768x576.jpg 768w\" sizes=\"(max-width: 1024px) 100vw, 1024px\" \/><\/p>\n<p>Mapeamento, diagn\u00f3stico da cultura municipal e posicionamento do munic\u00edpio frente a cultura definem as diretrizes do PMC. As diretrizes, por sua vez, v\u00e3o receitar a constru\u00e7\u00e3o e direcionamentos das metas e, consequentemente, das estrat\u00e9gias e indicadores. O Plano Municipal de Cultura deve ser articulado como uma constru\u00e7\u00e3o coletiva que reflita a realidade da cultura, os anseios e voca\u00e7\u00f5es dos setores culturais e criativos da regi\u00e3o.<\/p>\n<p>A expectativa \u00e9 de que no final do m\u00eas de junho de 2024 aconte\u00e7a a Confer\u00eancia Municipal do PMC, evento em que o plano ser\u00e1 apresentado \u00e0 sociedade pelo executivo municipal para ser encaminhado ao legislativo municipal, para ser aprovado como Lei Municipal, tornando-se definitivamente uma pol\u00edtica p\u00fablica do munic\u00edpio.<\/p>\n<p>&nbsp;<\/p>\n<p>Fonte: Pref. Tubar\u00e3o<\/p>\n","protected":false},"excerpt":{"rendered":"<p>Os integrantes do N\u00facleo Executivo da Funda\u00e7\u00e3o Municipal de Cultura de Tubar\u00e3o realizaram nesta semana, a primeira reuni\u00e3o com t\u00e9cnicos do Senac, para tratar do Plano Municipal de Cultura (PMC). A constru\u00e7\u00e3o do plano ser\u00e1 em quatro etapas: Diagn\u00f3stico Situacional, Sensibiliza\u00e7\u00e3o e Mobiliza\u00e7\u00e3o, Plano de A\u00e7\u00e3o e Valida\u00e7\u00e3o das Metas. Todo o processo contar\u00e1 com &hellip;<\/p>\n<p class=\"read-more\"> <a class=\"\" href=\"https:\/\/sulsc.com\/index.php\/2023\/10\/25\/plano-municipal-de-cultura-de-tubarao-comeca-a-ser-construido\/\"> <span class=\"screen-reader-text\">Plano Municipal de Cultura de Tubar\u00e3o come\u00e7a a ser constru\u00eddo<\/span> Read More &raquo;<\/a><\/p>\n","protected":false},"author":3,"featured_media":2832,"comment_status":"open","ping_status":"open","sticky":false,"template":"","format":"standard","meta":{"site-sidebar-layout":"default","site-content-layout":"","ast-site-content-layout":"default","site-content-style":"default","site-sidebar-style":"default","ast-global-header-display":"","ast-banner-title-visibility":"","ast-main-header-display":"","ast-hfb-above-header-display":"","ast-hfb-below-header-display":"","ast-hfb-mobile-header-display":"","site-post-title":"","ast-breadcrumbs-content":"","ast-featured-img":"","footer-sml-layout":"","theme-transparent-header-meta":"default","adv-header-id-meta":"","stick-header-meta":"","header-above-stick-meta":"","header-main-stick-meta":"","header-below-stick-meta":"","astra-migrate-meta-layouts":"set","footnotes":""},"categories":[18,1,21],"tags":[],"yoast_head":"<!-- This site is optimized with the Yoast SEO plugin v21.4 - https:\/\/yoast.com\/wordpress\/plugins\/seo\/ -->\n<title>Plano Municipal de Cultura de Tubar\u00e3o come\u00e7a a ser constru\u00eddo -<\/title>\n<meta name=\"robots\" content=\"index, follow, max-snippet:-1, max-image-preview:large, max-video-preview:-1\" \/>\n<link rel=\"canonical\" href=\"https:\/\/sulsc.com\/index.php\/2023\/10\/25\/plano-municipal-de-cultura-de-tubarao-comeca-a-ser-construido\/\" \/>\n<meta property=\"og:locale\" content=\"en_US\" \/>\n<meta property=\"og:type\" content=\"article\" \/>\n<meta property=\"og:title\" content=\"Plano Municipal de Cultura de Tubar\u00e3o come\u00e7a a ser constru\u00eddo -\" \/>\n<meta property=\"og:description\" content=\"Os integrantes do N\u00facleo Executivo da Funda\u00e7\u00e3o Municipal de Cultura de Tubar\u00e3o realizaram nesta semana, a primeira reuni\u00e3o com t\u00e9cnicos do Senac, para tratar do Plano Municipal de Cultura (PMC). A constru\u00e7\u00e3o do plano ser\u00e1 em quatro etapas: Diagn\u00f3stico Situacional, Sensibiliza\u00e7\u00e3o e Mobiliza\u00e7\u00e3o, Plano de A\u00e7\u00e3o e Valida\u00e7\u00e3o das Metas. Todo o processo contar\u00e1 com &hellip; Plano Municipal de Cultura de Tubar\u00e3o come\u00e7a a ser constru\u00eddo Read More &raquo;\" \/>\n<meta property=\"og:url\" content=\"https:\/\/sulsc.com\/index.php\/2023\/10\/25\/plano-municipal-de-cultura-de-tubarao-comeca-a-ser-construido\/\" \/>\n<meta property=\"article:author\" content=\"https:\/\/www.facebook.com\/profile.php?id=61559278119680\" \/>\n<meta property=\"article:published_time\" content=\"2023-10-25T14:00:00+00:00\" \/>\n<meta property=\"article:modified_time\" content=\"2023-10-25T14:12:31+00:00\" \/>\n<meta property=\"og:image\" content=\"http:\/\/sulsc.com\/wp-content\/uploads\/2023\/10\/Plano-Municipal-de-Cultura-de-Tubarao-comeca-a-ser-construido.jpg\" \/>\n\t<meta property=\"og:image:width\" content=\"800\" \/>\n\t<meta property=\"og:image:height\" content=\"445\" \/>\n\t<meta property=\"og:image:type\" content=\"image\/jpeg\" \/>\n<meta name=\"author\" content=\"Reda\u00e7\u00e3o Sul SC\" \/>\n<meta name=\"twitter:card\" content=\"summary_large_image\" \/>\n<meta name=\"twitter:creator\" content=\"@https:\/\/twitter.com\/PortalSulSC\" \/>\n<meta name=\"twitter:label1\" content=\"Written by\" \/>\n\t<meta name=\"twitter:data1\" content=\"Reda\u00e7\u00e3o Sul SC\" \/>\n\t<meta name=\"twitter:label2\" content=\"Est. reading time\" \/>\n\t<meta name=\"twitter:data2\" content=\"2 minutes\" \/>\n<script type=\"application\/ld+json\" class=\"yoast-schema-graph\">{\"@context\":\"https:\/\/schema.org\",\"@graph\":[{\"@type\":\"WebPage\",\"@id\":\"https:\/\/sulsc.com\/index.php\/2023\/10\/25\/plano-municipal-de-cultura-de-tubarao-comeca-a-ser-construido\/\",\"url\":\"https:\/\/sulsc.com\/index.php\/2023\/10\/25\/plano-municipal-de-cultura-de-tubarao-comeca-a-ser-construido\/\",\"name\":\"Plano Municipal de Cultura de Tubar\u00e3o come\u00e7a a ser constru\u00eddo -\",\"isPartOf\":{\"@id\":\"https:\/\/sulsc.com\/#website\"},\"datePublished\":\"2023-10-25T14:00:00+00:00\",\"dateModified\":\"2023-10-25T14:12:31+00:00\",\"author\":{\"@id\":\"https:\/\/sulsc.com\/#\/schema\/person\/84d2fc571684f6248ba83092f07750a3\"},\"breadcrumb\":{\"@id\":\"https:\/\/sulsc.com\/index.php\/2023\/10\/25\/plano-municipal-de-cultura-de-tubarao-comeca-a-ser-construido\/#breadcrumb\"},\"inLanguage\":\"en-US\",\"potentialAction\":[{\"@type\":\"ReadAction\",\"target\":[\"https:\/\/sulsc.com\/index.php\/2023\/10\/25\/plano-municipal-de-cultura-de-tubarao-comeca-a-ser-construido\/\"]}]},{\"@type\":\"BreadcrumbList\",\"@id\":\"https:\/\/sulsc.com\/index.php\/2023\/10\/25\/plano-municipal-de-cultura-de-tubarao-comeca-a-ser-construido\/#breadcrumb\",\"itemListElement\":[{\"@type\":\"ListItem\",\"position\":1,\"name\":\"In\u00edcio\",\"item\":\"https:\/\/sulsc.com\/\"},{\"@type\":\"ListItem\",\"position\":2,\"name\":\"Plano Municipal de Cultura de Tubar\u00e3o come\u00e7a a ser constru\u00eddo\"}]},{\"@type\":\"WebSite\",\"@id\":\"https:\/\/sulsc.com\/#website\",\"url\":\"https:\/\/sulsc.com\/\",\"name\":\"\",\"description\":\"\",\"potentialAction\":[{\"@type\":\"SearchAction\",\"target\":{\"@type\":\"EntryPoint\",\"urlTemplate\":\"https:\/\/sulsc.com\/?s={search_term_string}\"},\"query-input\":\"required name=search_term_string\"}],\"inLanguage\":\"en-US\"},{\"@type\":\"Person\",\"@id\":\"https:\/\/sulsc.com\/#\/schema\/person\/84d2fc571684f6248ba83092f07750a3\",\"name\":\"Reda\u00e7\u00e3o Sul SC\",\"image\":{\"@type\":\"ImageObject\",\"inLanguage\":\"en-US\",\"@id\":\"https:\/\/sulsc.com\/#\/schema\/person\/image\/e08d7fe2cc4ed596372063bbe852b8d0\",\"url\":\"https:\/\/sulsc.com\/wp-content\/uploads\/2023\/09\/redacao.png\",\"contentUrl\":\"https:\/\/sulsc.com\/wp-content\/uploads\/2023\/09\/redacao.png\",\"caption\":\"Reda\u00e7\u00e3o Sul SC\"},\"description\":\"Foco em um jornalismo imparcial, voltado \u00e0 qualidade dos seus conte\u00fados e, assim, levar informa\u00e7\u00e3o de valor que agregue \u00e0 vida dos leitores. Esta \u00e9 grande miss\u00e3o do Portal de Not\u00edcias Sul SC. N\u00e3o \u00e9 quantidade que muda o mundo, sempre foi e seguir\u00e1 sendo qualidade!\",\"sameAs\":[\"https:\/\/sulsc.com\/\",\"https:\/\/www.facebook.com\/profile.php?id=61559278119680\",\"https:\/\/www.instagram.com\/sulscportal\/?hl=pt-br\",\"https:\/\/twitter.com\/https:\/\/twitter.com\/PortalSulSC\",\"https:\/\/www.youtube.com\/channel\/UCv_BE8GeySluDov2n8qhVmw\"],\"url\":\"https:\/\/sulsc.com\/index.php\/author\/redacao\/\"}]}<\/script>\n<!-- \/ Yoast SEO plugin. -->","yoast_head_json":{"title":"Plano Municipal de Cultura de Tubar\u00e3o come\u00e7a a ser constru\u00eddo -","robots":{"index":"index","follow":"follow","max-snippet":"max-snippet:-1","max-image-preview":"max-image-preview:large","max-video-preview":"max-video-preview:-1"},"canonical":"https:\/\/sulsc.com\/index.php\/2023\/10\/25\/plano-municipal-de-cultura-de-tubarao-comeca-a-ser-construido\/","og_locale":"en_US","og_type":"article","og_title":"Plano Municipal de Cultura de Tubar\u00e3o come\u00e7a a ser constru\u00eddo -","og_description":"Os integrantes do N\u00facleo Executivo da Funda\u00e7\u00e3o Municipal de Cultura de Tubar\u00e3o realizaram nesta semana, a primeira reuni\u00e3o com t\u00e9cnicos do Senac, para tratar do Plano Municipal de Cultura (PMC). A constru\u00e7\u00e3o do plano ser\u00e1 em quatro etapas: Diagn\u00f3stico Situacional, Sensibiliza\u00e7\u00e3o e Mobiliza\u00e7\u00e3o, Plano de A\u00e7\u00e3o e Valida\u00e7\u00e3o das Metas. Todo o processo contar\u00e1 com &hellip; Plano Municipal de Cultura de Tubar\u00e3o come\u00e7a a ser constru\u00eddo Read More &raquo;","og_url":"https:\/\/sulsc.com\/index.php\/2023\/10\/25\/plano-municipal-de-cultura-de-tubarao-comeca-a-ser-construido\/","article_author":"https:\/\/www.facebook.com\/profile.php?id=61559278119680","article_published_time":"2023-10-25T14:00:00+00:00","article_modified_time":"2023-10-25T14:12:31+00:00","og_image":[{"width":800,"height":445,"url":"http:\/\/sulsc.com\/wp-content\/uploads\/2023\/10\/Plano-Municipal-de-Cultura-de-Tubarao-comeca-a-ser-construido.jpg","type":"image\/jpeg"}],"author":"Reda\u00e7\u00e3o Sul SC","twitter_card":"summary_large_image","twitter_creator":"@https:\/\/twitter.com\/PortalSulSC","twitter_misc":{"Written by":"Reda\u00e7\u00e3o Sul SC","Est. reading time":"2 minutes"},"schema":{"@context":"https:\/\/schema.org","@graph":[{"@type":"WebPage","@id":"https:\/\/sulsc.com\/index.php\/2023\/10\/25\/plano-municipal-de-cultura-de-tubarao-comeca-a-ser-construido\/","url":"https:\/\/sulsc.com\/index.php\/2023\/10\/25\/plano-municipal-de-cultura-de-tubarao-comeca-a-ser-construido\/","name":"Plano Municipal de Cultura de Tubar\u00e3o come\u00e7a a ser constru\u00eddo -","isPartOf":{"@id":"https:\/\/sulsc.com\/#website"},"datePublished":"2023-10-25T14:00:00+00:00","dateModified":"2023-10-25T14:12:31+00:00","author":{"@id":"https:\/\/sulsc.com\/#\/schema\/person\/84d2fc571684f6248ba83092f07750a3"},"breadcrumb":{"@id":"https:\/\/sulsc.com\/index.php\/2023\/10\/25\/plano-municipal-de-cultura-de-tubarao-comeca-a-ser-construido\/#breadcrumb"},"inLanguage":"en-US","potentialAction":[{"@type":"ReadAction","target":["https:\/\/sulsc.com\/index.php\/2023\/10\/25\/plano-municipal-de-cultura-de-tubarao-comeca-a-ser-construido\/"]}]},{"@type":"BreadcrumbList","@id":"https:\/\/sulsc.com\/index.php\/2023\/10\/25\/plano-municipal-de-cultura-de-tubarao-comeca-a-ser-construido\/#breadcrumb","itemListElement":[{"@type":"ListItem","position":1,"name":"In\u00edcio","item":"https:\/\/sulsc.com\/"},{"@type":"ListItem","position":2,"name":"Plano Municipal de Cultura de Tubar\u00e3o come\u00e7a a ser constru\u00eddo"}]},{"@type":"WebSite","@id":"https:\/\/sulsc.com\/#website","url":"https:\/\/sulsc.com\/","name":"","description":"","potentialAction":[{"@type":"SearchAction","target":{"@type":"EntryPoint","urlTemplate":"https:\/\/sulsc.com\/?s={search_term_string}"},"query-input":"required name=search_term_string"}],"inLanguage":"en-US"},{"@type":"Person","@id":"https:\/\/sulsc.com\/#\/schema\/person\/84d2fc571684f6248ba83092f07750a3","name":"Reda\u00e7\u00e3o Sul SC","image":{"@type":"ImageObject","inLanguage":"en-US","@id":"https:\/\/sulsc.com\/#\/schema\/person\/image\/e08d7fe2cc4ed596372063bbe852b8d0","url":"https:\/\/sulsc.com\/wp-content\/uploads\/2023\/09\/redacao.png","contentUrl":"https:\/\/sulsc.com\/wp-content\/uploads\/2023\/09\/redacao.png","caption":"Reda\u00e7\u00e3o Sul SC"},"description":"Foco em um jornalismo imparcial, voltado \u00e0 qualidade dos seus conte\u00fados e, assim, levar informa\u00e7\u00e3o de valor que agregue \u00e0 vida dos leitores. Esta \u00e9 grande miss\u00e3o do Portal de Not\u00edcias Sul SC. N\u00e3o \u00e9 quantidade que muda o mundo, sempre foi e seguir\u00e1 sendo qualidade!","sameAs":["https:\/\/sulsc.com\/","https:\/\/www.facebook.com\/profile.php?id=61559278119680","https:\/\/www.instagram.com\/sulscportal\/?hl=pt-br","https:\/\/twitter.com\/https:\/\/twitter.com\/PortalSulSC","https:\/\/www.youtube.com\/channel\/UCv_BE8GeySluDov2n8qhVmw"],"url":"https:\/\/sulsc.com\/index.php\/author\/redacao\/"}]}},"authors":[],"_links":{"self":[{"href":"https:\/\/sulsc.com\/index.php\/wp-json\/wp\/v2\/posts\/2830"}],"collection":[{"href":"https:\/\/sulsc.com\/index.php\/wp-json\/wp\/v2\/posts"}],"about":[{"href":"https:\/\/sulsc.com\/index.php\/wp-json\/wp\/v2\/types\/post"}],"author":[{"embeddable":true,"href":"https:\/\/sulsc.com\/index.php\/wp-json\/wp\/v2\/users\/3"}],"replies":[{"embeddable":true,"href":"https:\/\/sulsc.com\/index.php\/wp-json\/wp\/v2\/comments?post=2830"}],"version-history":[{"count":1,"href":"https:\/\/sulsc.com\/index.php\/wp-json\/wp\/v2\/posts\/2830\/revisions"}],"predecessor-version":[{"id":2833,"href":"https:\/\/sulsc.com\/index.php\/wp-json\/wp\/v2\/posts\/2830\/revisions\/2833"}],"wp:featuredmedia":[{"embeddable":true,"href":"https:\/\/sulsc.com\/index.php\/wp-json\/wp\/v2\/media\/2832"}],"wp:attachment":[{"href":"https:\/\/sulsc.com\/index.php\/wp-json\/wp\/v2\/media?parent=2830"}],"wp:term":[{"taxonomy":"category","embeddable":true,"href":"https:\/\/sulsc.com\/index.php\/wp-json\/wp\/v2\/categories?post=2830"},{"taxonomy":"post_tag","embeddable":true,"href":"https:\/\/sulsc.com\/index.php\/wp-json\/wp\/v2\/tags?post=2830"}],"curies":[{"name":"wp","href":"https:\/\/api.w.org\/{rel}","templated":true}]}}