{"id":28349,"date":"2025-10-14T10:16:19","date_gmt":"2025-10-14T13:16:19","guid":{"rendered":"https:\/\/sulsc.com\/?p=28349"},"modified":"2025-10-14T10:16:19","modified_gmt":"2025-10-14T13:16:19","slug":"internacao-forcada-e-maus-tratos-clinica-na-praia-do-rosa-e-alvo-de-inquerito-policial","status":"publish","type":"post","link":"https:\/\/sulsc.com\/index.php\/2025\/10\/14\/internacao-forcada-e-maus-tratos-clinica-na-praia-do-rosa-e-alvo-de-inquerito-policial\/","title":{"rendered":"Interna\u00e7\u00e3o For\u00e7ada e Maus Tratos &#8211; Clinica na Praia do Rosa \u00e9 alvo de inqu\u00e9rito policial"},"content":{"rendered":"<p>Inqu\u00e9rito Policial Investiga Cl\u00ednica de Interna\u00e7\u00e3o na Praia do Rosa por Suspeita de C\u00e1rcere Privado e Maus-Tratos<\/p>\n<p>A Pol\u00edcia Civil de Imbituba instaurou inqu\u00e9rito para apurar den\u00fancias graves de c\u00e1rcere privado e maus-tratos em uma cl\u00ednica de interna\u00e7\u00e3o localizada na Praia do Rosa, em Imbituba.<\/p>\n<p>A investiga\u00e7\u00e3o teve in\u00edcio ap\u00f3s uma fiscaliza\u00e7\u00e3o da Prefeitura Municipal em 08\/10\/2025, na qual policiais civis acompanhavam os fiscais. Durante essa a\u00e7\u00e3o, diversos pacientes relataram estarem internados contra a pr\u00f3pria vontade e serem v\u00edtimas de maus-tratos.<\/p>\n<div id=\"metaslider-id-25573\" style=\"width: 100%;\" class=\"ml-slider-3-99-0 metaslider metaslider-flex metaslider-25573 ml-slider has-onhover-arrows ms-theme-default-base has-dots-nav\" role=\"region\" aria-label=\"Meio\" data-width=\"1200\">\n    <div id=\"metaslider_container_25573\">\n        <div id=\"metaslider_25573\">\n            <ul class='slides'>\n                <li style=\"display: block; width: 100%;\" class=\"slide-25684 ms-image \" aria-roledescription=\"slide\" data-date=\"2025-07-24 07:55:40\"><img src=\"https:\/\/sulsc.com\/wp-content\/uploads\/2025\/07\/Marr-2-1000x166.jpg\" height=\"200\" width=\"1200\" alt=\"\" class=\"slider-25573 slide-25684 msDefaultImage\" title=\"Marr 2\" \/><\/li>\n                <li style=\"display: none; width: 100%;\" class=\"slide-32412 ms-image \" aria-roledescription=\"slide\" data-date=\"2026-02-18 13:59:46\"><img src=\"https:\/\/sulsc.com\/wp-content\/uploads\/2026\/02\/40dc1580-cad5-4867-bc58-c4243821ad38-1000x166.jpeg\" height=\"200\" width=\"1200\" alt=\"\" class=\"slider-25573 slide-32412 msDefaultImage\" title=\"40dc1580-cad5-4867-bc58-c4243821ad38\" \/><\/li>\n                <li style=\"display: none; width: 100%;\" class=\"slide-32766 ms-image \" aria-roledescription=\"slide\" data-date=\"2026-03-03 17:22:59\"><img src=\"https:\/\/sulsc.com\/wp-content\/uploads\/2026\/03\/271ce739-f268-41c5-8051-3de1a1750359-1000x166.jpeg\" height=\"200\" width=\"1200\" alt=\"\" class=\"slider-25573 slide-32766 msDefaultImage\" title=\"271ce739-f268-41c5-8051-3de1a1750359\" \/><\/li>\n            <\/ul>\n        <\/div>\n        \n    <\/div>\n<\/div>\n<p>Nos dias subsequentes, 09 e 10\/10\/2025, equipes da Delegacia de Pol\u00edcia Civil da Comarca de Imbituba realizaram dilig\u00eancias no local, colhendo depoimentos de mais de vinte pacientes internados e apreendendo evid\u00eancias.<\/p>\n<p><strong>Relatos dos pacientes apontam:<\/strong><\/p>\n<p>Alimenta\u00e7\u00e3o insuficiente.<br \/>\nInterna\u00e7\u00e3o for\u00e7ada com uso de for\u00e7a f\u00edsica.<br \/>\nAplica\u00e7\u00e3o de sedativos como m\u00e9todo de disciplina.<br \/>\nProibi\u00e7\u00e3o de comunica\u00e7\u00e3o livre com parentes, sem a supervis\u00e3o de respons\u00e1veis pela cl\u00ednica.<\/p>\n<p>Com base nos fatos coletados, o inqu\u00e9rito policial foi formalmente instaurado para investigar os crimes de c\u00e1rcere privado e maus-tratos. As investiga\u00e7\u00f5es continuam em andamento sob a condu\u00e7\u00e3o da Pol\u00edcia Civil.<\/p>\n<p>&nbsp;<\/p>\n<p><img fetchpriority=\"high\" decoding=\"async\" class=\"aligncenter size-full wp-image-1176\" src=\"http:\/\/sulsc.com\/wp-content\/uploads\/2023\/09\/policia-civil.jpg\" alt=\"\" width=\"950\" height=\"633\" srcset=\"https:\/\/sulsc.com\/wp-content\/uploads\/2023\/09\/policia-civil.jpg 950w, https:\/\/sulsc.com\/wp-content\/uploads\/2023\/09\/policia-civil-300x200.jpg 300w, https:\/\/sulsc.com\/wp-content\/uploads\/2023\/09\/policia-civil-768x512.jpg 768w\" sizes=\"(max-width: 950px) 100vw, 950px\" \/><\/p>\n<p>Divulga\u00e7\u00e3o\/SulSC<\/p>\n","protected":false},"excerpt":{"rendered":"<p>Inqu\u00e9rito Policial Investiga Cl\u00ednica de Interna\u00e7\u00e3o na Praia do Rosa por Suspeita de C\u00e1rcere Privado e Maus-Tratos A Pol\u00edcia Civil de Imbituba instaurou inqu\u00e9rito para apurar den\u00fancias graves de c\u00e1rcere privado e maus-tratos em uma cl\u00ednica de interna\u00e7\u00e3o localizada na Praia do Rosa, em Imbituba. A investiga\u00e7\u00e3o teve in\u00edcio ap\u00f3s uma fiscaliza\u00e7\u00e3o da Prefeitura Municipal &hellip;<\/p>\n<p class=\"read-more\"> <a class=\"\" href=\"https:\/\/sulsc.com\/index.php\/2025\/10\/14\/internacao-forcada-e-maus-tratos-clinica-na-praia-do-rosa-e-alvo-de-inquerito-policial\/\"> <span class=\"screen-reader-text\">Interna\u00e7\u00e3o For\u00e7ada e Maus Tratos &#8211; Clinica na Praia do Rosa \u00e9 alvo de inqu\u00e9rito policial<\/span> Read More &raquo;<\/a><\/p>\n","protected":false},"author":3,"featured_media":1176,"comment_status":"open","ping_status":"open","sticky":false,"template":"","format":"standard","meta":{"site-sidebar-layout":"default","site-content-layout":"","ast-site-content-layout":"default","site-content-style":"default","site-sidebar-style":"default","ast-global-header-display":"","ast-banner-title-visibility":"","ast-main-header-display":"","ast-hfb-above-header-display":"","ast-hfb-below-header-display":"","ast-hfb-mobile-header-display":"","site-post-title":"","ast-breadcrumbs-content":"","ast-featured-img":"","footer-sml-layout":"","theme-transparent-header-meta":"default","adv-header-id-meta":"","stick-header-meta":"","header-above-stick-meta":"","header-main-stick-meta":"","header-below-stick-meta":"","astra-migrate-meta-layouts":"set","footnotes":""},"categories":[2231,41,14,8,12],"tags":[185],"yoast_head":"<!-- This site is optimized with the Yoast SEO plugin v21.4 - https:\/\/yoast.com\/wordpress\/plugins\/seo\/ -->\n<title>Interna\u00e7\u00e3o For\u00e7ada e Maus Tratos - Clinica na Praia do Rosa \u00e9 alvo de inqu\u00e9rito policial -<\/title>\n<meta name=\"robots\" content=\"index, follow, max-snippet:-1, max-image-preview:large, max-video-preview:-1\" \/>\n<link rel=\"canonical\" href=\"https:\/\/sulsc.com\/index.php\/2025\/10\/14\/internacao-forcada-e-maus-tratos-clinica-na-praia-do-rosa-e-alvo-de-inquerito-policial\/\" \/>\n<meta property=\"og:locale\" content=\"en_US\" \/>\n<meta property=\"og:type\" content=\"article\" \/>\n<meta property=\"og:title\" content=\"Interna\u00e7\u00e3o For\u00e7ada e Maus Tratos - Clinica na Praia do Rosa \u00e9 alvo de inqu\u00e9rito policial -\" \/>\n<meta property=\"og:description\" content=\"Inqu\u00e9rito Policial Investiga Cl\u00ednica de Interna\u00e7\u00e3o na Praia do Rosa por Suspeita de C\u00e1rcere Privado e Maus-Tratos A Pol\u00edcia Civil de Imbituba instaurou inqu\u00e9rito para apurar den\u00fancias graves de c\u00e1rcere privado e maus-tratos em uma cl\u00ednica de interna\u00e7\u00e3o localizada na Praia do Rosa, em Imbituba. A investiga\u00e7\u00e3o teve in\u00edcio ap\u00f3s uma fiscaliza\u00e7\u00e3o da Prefeitura Municipal &hellip; Interna\u00e7\u00e3o For\u00e7ada e Maus Tratos &#8211; Clinica na Praia do Rosa \u00e9 alvo de inqu\u00e9rito policial Read More &raquo;\" \/>\n<meta property=\"og:url\" content=\"https:\/\/sulsc.com\/index.php\/2025\/10\/14\/internacao-forcada-e-maus-tratos-clinica-na-praia-do-rosa-e-alvo-de-inquerito-policial\/\" \/>\n<meta property=\"article:author\" content=\"https:\/\/www.facebook.com\/profile.php?id=61559278119680\" \/>\n<meta property=\"article:published_time\" content=\"2025-10-14T13:16:19+00:00\" \/>\n<meta property=\"og:image\" content=\"http:\/\/sulsc.com\/wp-content\/uploads\/2023\/09\/policia-civil.jpg\" \/>\n\t<meta property=\"og:image:width\" content=\"950\" \/>\n\t<meta property=\"og:image:height\" content=\"633\" \/>\n\t<meta property=\"og:image:type\" content=\"image\/jpeg\" \/>\n<meta name=\"author\" content=\"Reda\u00e7\u00e3o Sul SC\" \/>\n<meta name=\"twitter:card\" content=\"summary_large_image\" \/>\n<meta name=\"twitter:creator\" content=\"@https:\/\/twitter.com\/PortalSulSC\" \/>\n<meta name=\"twitter:label1\" content=\"Written by\" \/>\n\t<meta name=\"twitter:data1\" content=\"Reda\u00e7\u00e3o Sul SC\" \/>\n\t<meta name=\"twitter:label2\" content=\"Est. reading time\" \/>\n\t<meta name=\"twitter:data2\" content=\"1 minute\" \/>\n<script type=\"application\/ld+json\" class=\"yoast-schema-graph\">{\"@context\":\"https:\/\/schema.org\",\"@graph\":[{\"@type\":\"WebPage\",\"@id\":\"https:\/\/sulsc.com\/index.php\/2025\/10\/14\/internacao-forcada-e-maus-tratos-clinica-na-praia-do-rosa-e-alvo-de-inquerito-policial\/\",\"url\":\"https:\/\/sulsc.com\/index.php\/2025\/10\/14\/internacao-forcada-e-maus-tratos-clinica-na-praia-do-rosa-e-alvo-de-inquerito-policial\/\",\"name\":\"Interna\u00e7\u00e3o For\u00e7ada e Maus Tratos - Clinica na Praia do Rosa \u00e9 alvo de inqu\u00e9rito policial -\",\"isPartOf\":{\"@id\":\"https:\/\/sulsc.com\/#website\"},\"datePublished\":\"2025-10-14T13:16:19+00:00\",\"dateModified\":\"2025-10-14T13:16:19+00:00\",\"author\":{\"@id\":\"https:\/\/sulsc.com\/#\/schema\/person\/84d2fc571684f6248ba83092f07750a3\"},\"breadcrumb\":{\"@id\":\"https:\/\/sulsc.com\/index.php\/2025\/10\/14\/internacao-forcada-e-maus-tratos-clinica-na-praia-do-rosa-e-alvo-de-inquerito-policial\/#breadcrumb\"},\"inLanguage\":\"en-US\",\"potentialAction\":[{\"@type\":\"ReadAction\",\"target\":[\"https:\/\/sulsc.com\/index.php\/2025\/10\/14\/internacao-forcada-e-maus-tratos-clinica-na-praia-do-rosa-e-alvo-de-inquerito-policial\/\"]}]},{\"@type\":\"BreadcrumbList\",\"@id\":\"https:\/\/sulsc.com\/index.php\/2025\/10\/14\/internacao-forcada-e-maus-tratos-clinica-na-praia-do-rosa-e-alvo-de-inquerito-policial\/#breadcrumb\",\"itemListElement\":[{\"@type\":\"ListItem\",\"position\":1,\"name\":\"In\u00edcio\",\"item\":\"https:\/\/sulsc.com\/\"},{\"@type\":\"ListItem\",\"position\":2,\"name\":\"Interna\u00e7\u00e3o For\u00e7ada e Maus Tratos &#8211; Clinica na Praia do Rosa \u00e9 alvo de inqu\u00e9rito policial\"}]},{\"@type\":\"WebSite\",\"@id\":\"https:\/\/sulsc.com\/#website\",\"url\":\"https:\/\/sulsc.com\/\",\"name\":\"\",\"description\":\"\",\"potentialAction\":[{\"@type\":\"SearchAction\",\"target\":{\"@type\":\"EntryPoint\",\"urlTemplate\":\"https:\/\/sulsc.com\/?s={search_term_string}\"},\"query-input\":\"required name=search_term_string\"}],\"inLanguage\":\"en-US\"},{\"@type\":\"Person\",\"@id\":\"https:\/\/sulsc.com\/#\/schema\/person\/84d2fc571684f6248ba83092f07750a3\",\"name\":\"Reda\u00e7\u00e3o Sul SC\",\"image\":{\"@type\":\"ImageObject\",\"inLanguage\":\"en-US\",\"@id\":\"https:\/\/sulsc.com\/#\/schema\/person\/image\/e08d7fe2cc4ed596372063bbe852b8d0\",\"url\":\"https:\/\/sulsc.com\/wp-content\/uploads\/2023\/09\/redacao.png\",\"contentUrl\":\"https:\/\/sulsc.com\/wp-content\/uploads\/2023\/09\/redacao.png\",\"caption\":\"Reda\u00e7\u00e3o Sul SC\"},\"description\":\"Foco em um jornalismo imparcial, voltado \u00e0 qualidade dos seus conte\u00fados e, assim, levar informa\u00e7\u00e3o de valor que agregue \u00e0 vida dos leitores. Esta \u00e9 grande miss\u00e3o do Portal de Not\u00edcias Sul SC. N\u00e3o \u00e9 quantidade que muda o mundo, sempre foi e seguir\u00e1 sendo qualidade!\",\"sameAs\":[\"https:\/\/sulsc.com\/\",\"https:\/\/www.facebook.com\/profile.php?id=61559278119680\",\"https:\/\/www.instagram.com\/sulscportal\/?hl=pt-br\",\"https:\/\/twitter.com\/https:\/\/twitter.com\/PortalSulSC\",\"https:\/\/www.youtube.com\/channel\/UCv_BE8GeySluDov2n8qhVmw\"],\"url\":\"https:\/\/sulsc.com\/index.php\/author\/redacao\/\"}]}<\/script>\n<!-- \/ Yoast SEO plugin. -->","yoast_head_json":{"title":"Interna\u00e7\u00e3o For\u00e7ada e Maus Tratos - Clinica na Praia do Rosa \u00e9 alvo de inqu\u00e9rito policial -","robots":{"index":"index","follow":"follow","max-snippet":"max-snippet:-1","max-image-preview":"max-image-preview:large","max-video-preview":"max-video-preview:-1"},"canonical":"https:\/\/sulsc.com\/index.php\/2025\/10\/14\/internacao-forcada-e-maus-tratos-clinica-na-praia-do-rosa-e-alvo-de-inquerito-policial\/","og_locale":"en_US","og_type":"article","og_title":"Interna\u00e7\u00e3o For\u00e7ada e Maus Tratos - Clinica na Praia do Rosa \u00e9 alvo de inqu\u00e9rito policial -","og_description":"Inqu\u00e9rito Policial Investiga Cl\u00ednica de Interna\u00e7\u00e3o na Praia do Rosa por Suspeita de C\u00e1rcere Privado e Maus-Tratos A Pol\u00edcia Civil de Imbituba instaurou inqu\u00e9rito para apurar den\u00fancias graves de c\u00e1rcere privado e maus-tratos em uma cl\u00ednica de interna\u00e7\u00e3o localizada na Praia do Rosa, em Imbituba. A investiga\u00e7\u00e3o teve in\u00edcio ap\u00f3s uma fiscaliza\u00e7\u00e3o da Prefeitura Municipal &hellip; Interna\u00e7\u00e3o For\u00e7ada e Maus Tratos &#8211; Clinica na Praia do Rosa \u00e9 alvo de inqu\u00e9rito policial Read More &raquo;","og_url":"https:\/\/sulsc.com\/index.php\/2025\/10\/14\/internacao-forcada-e-maus-tratos-clinica-na-praia-do-rosa-e-alvo-de-inquerito-policial\/","article_author":"https:\/\/www.facebook.com\/profile.php?id=61559278119680","article_published_time":"2025-10-14T13:16:19+00:00","og_image":[{"width":950,"height":633,"url":"http:\/\/sulsc.com\/wp-content\/uploads\/2023\/09\/policia-civil.jpg","type":"image\/jpeg"}],"author":"Reda\u00e7\u00e3o Sul SC","twitter_card":"summary_large_image","twitter_creator":"@https:\/\/twitter.com\/PortalSulSC","twitter_misc":{"Written by":"Reda\u00e7\u00e3o Sul SC","Est. reading time":"1 minute"},"schema":{"@context":"https:\/\/schema.org","@graph":[{"@type":"WebPage","@id":"https:\/\/sulsc.com\/index.php\/2025\/10\/14\/internacao-forcada-e-maus-tratos-clinica-na-praia-do-rosa-e-alvo-de-inquerito-policial\/","url":"https:\/\/sulsc.com\/index.php\/2025\/10\/14\/internacao-forcada-e-maus-tratos-clinica-na-praia-do-rosa-e-alvo-de-inquerito-policial\/","name":"Interna\u00e7\u00e3o For\u00e7ada e Maus Tratos - Clinica na Praia do Rosa \u00e9 alvo de inqu\u00e9rito policial -","isPartOf":{"@id":"https:\/\/sulsc.com\/#website"},"datePublished":"2025-10-14T13:16:19+00:00","dateModified":"2025-10-14T13:16:19+00:00","author":{"@id":"https:\/\/sulsc.com\/#\/schema\/person\/84d2fc571684f6248ba83092f07750a3"},"breadcrumb":{"@id":"https:\/\/sulsc.com\/index.php\/2025\/10\/14\/internacao-forcada-e-maus-tratos-clinica-na-praia-do-rosa-e-alvo-de-inquerito-policial\/#breadcrumb"},"inLanguage":"en-US","potentialAction":[{"@type":"ReadAction","target":["https:\/\/sulsc.com\/index.php\/2025\/10\/14\/internacao-forcada-e-maus-tratos-clinica-na-praia-do-rosa-e-alvo-de-inquerito-policial\/"]}]},{"@type":"BreadcrumbList","@id":"https:\/\/sulsc.com\/index.php\/2025\/10\/14\/internacao-forcada-e-maus-tratos-clinica-na-praia-do-rosa-e-alvo-de-inquerito-policial\/#breadcrumb","itemListElement":[{"@type":"ListItem","position":1,"name":"In\u00edcio","item":"https:\/\/sulsc.com\/"},{"@type":"ListItem","position":2,"name":"Interna\u00e7\u00e3o For\u00e7ada e Maus Tratos &#8211; Clinica na Praia do Rosa \u00e9 alvo de inqu\u00e9rito policial"}]},{"@type":"WebSite","@id":"https:\/\/sulsc.com\/#website","url":"https:\/\/sulsc.com\/","name":"","description":"","potentialAction":[{"@type":"SearchAction","target":{"@type":"EntryPoint","urlTemplate":"https:\/\/sulsc.com\/?s={search_term_string}"},"query-input":"required name=search_term_string"}],"inLanguage":"en-US"},{"@type":"Person","@id":"https:\/\/sulsc.com\/#\/schema\/person\/84d2fc571684f6248ba83092f07750a3","name":"Reda\u00e7\u00e3o Sul SC","image":{"@type":"ImageObject","inLanguage":"en-US","@id":"https:\/\/sulsc.com\/#\/schema\/person\/image\/e08d7fe2cc4ed596372063bbe852b8d0","url":"https:\/\/sulsc.com\/wp-content\/uploads\/2023\/09\/redacao.png","contentUrl":"https:\/\/sulsc.com\/wp-content\/uploads\/2023\/09\/redacao.png","caption":"Reda\u00e7\u00e3o Sul SC"},"description":"Foco em um jornalismo imparcial, voltado \u00e0 qualidade dos seus conte\u00fados e, assim, levar informa\u00e7\u00e3o de valor que agregue \u00e0 vida dos leitores. Esta \u00e9 grande miss\u00e3o do Portal de Not\u00edcias Sul SC. N\u00e3o \u00e9 quantidade que muda o mundo, sempre foi e seguir\u00e1 sendo qualidade!","sameAs":["https:\/\/sulsc.com\/","https:\/\/www.facebook.com\/profile.php?id=61559278119680","https:\/\/www.instagram.com\/sulscportal\/?hl=pt-br","https:\/\/twitter.com\/https:\/\/twitter.com\/PortalSulSC","https:\/\/www.youtube.com\/channel\/UCv_BE8GeySluDov2n8qhVmw"],"url":"https:\/\/sulsc.com\/index.php\/author\/redacao\/"}]}},"authors":[],"_links":{"self":[{"href":"https:\/\/sulsc.com\/index.php\/wp-json\/wp\/v2\/posts\/28349"}],"collection":[{"href":"https:\/\/sulsc.com\/index.php\/wp-json\/wp\/v2\/posts"}],"about":[{"href":"https:\/\/sulsc.com\/index.php\/wp-json\/wp\/v2\/types\/post"}],"author":[{"embeddable":true,"href":"https:\/\/sulsc.com\/index.php\/wp-json\/wp\/v2\/users\/3"}],"replies":[{"embeddable":true,"href":"https:\/\/sulsc.com\/index.php\/wp-json\/wp\/v2\/comments?post=28349"}],"version-history":[{"count":1,"href":"https:\/\/sulsc.com\/index.php\/wp-json\/wp\/v2\/posts\/28349\/revisions"}],"predecessor-version":[{"id":28352,"href":"https:\/\/sulsc.com\/index.php\/wp-json\/wp\/v2\/posts\/28349\/revisions\/28352"}],"wp:featuredmedia":[{"embeddable":true,"href":"https:\/\/sulsc.com\/index.php\/wp-json\/wp\/v2\/media\/1176"}],"wp:attachment":[{"href":"https:\/\/sulsc.com\/index.php\/wp-json\/wp\/v2\/media?parent=28349"}],"wp:term":[{"taxonomy":"category","embeddable":true,"href":"https:\/\/sulsc.com\/index.php\/wp-json\/wp\/v2\/categories?post=28349"},{"taxonomy":"post_tag","embeddable":true,"href":"https:\/\/sulsc.com\/index.php\/wp-json\/wp\/v2\/tags?post=28349"}],"curies":[{"name":"wp","href":"https:\/\/api.w.org\/{rel}","templated":true}]}}