{"id":2839,"date":"2023-10-25T17:00:57","date_gmt":"2023-10-25T20:00:57","guid":{"rendered":"https:\/\/sulsc.com\/?p=2839"},"modified":"2023-10-25T13:40:19","modified_gmt":"2023-10-25T16:40:19","slug":"professora-de-yoga-lanca-livro-chacras-e-as-dimensoes-da-consciencia","status":"publish","type":"post","link":"https:\/\/sulsc.com\/index.php\/2023\/10\/25\/professora-de-yoga-lanca-livro-chacras-e-as-dimensoes-da-consciencia\/","title":{"rendered":"Professora de Yoga lan\u00e7a livro Chacras e as dimens\u00f5es da consci\u00eancia"},"content":{"rendered":"<p>Professora de educa\u00e7\u00e3o f\u00edsica por muitos anos e do Yoga h\u00e1 mais de 30 anos, Maria Santana Alves lan\u00e7a nesta sexta-feira (27) o seu livro Chacras e as Dimens\u00f5es da Consci\u00eancia. O evento, que acontece no Galp\u00e3o Farol, no bairro Congonhas, re\u00fane seus alunos em ter\u00e1 roda de mantra, dan\u00e7a indiana e um jantar indiano.<\/p>\n<p>O livro Chacras e as Dimens\u00f5es da Consci\u00eancia, \u00e9 resultado de um trabalho que tem por objetivo estudar, compreender e -aprofundar o conhecimento do comportamento do ser humano a partir o sistema dos chacras. Segundo Santana, para atingir tal fim, \u201coptamos por um estudo te\u00f3rico de autores com uma vis\u00e3o energ\u00e9tica da natureza humana na perspectiva da dimens\u00e3o da consci\u00eancia\u201d.<\/p>\n<p>Em n\u00edvel metodol\u00f3gico, Santana se valeu de uma ampla literatura cient\u00edfica bem como das experi\u00eancias de longos anos de trabalho como professora de Yoga e Renascedora. O objetivo \u00e9 apresentar esses conhecimentos, como tamb\u00e9m propor sua pr\u00e1tica aos professores de Yoga e a todos que se preocupam com o indiv\u00edduo a ser cuidado. \u201cChacras \u00e9 um tema apaixonante, n\u00e3o s\u00f3 por ser t\u00e3o antigo e t\u00e3o moderno ao mesmo tempo, mas por sua abordagem multidimensional do Ser\u201d, acentua.<\/p>\n<figure id=\"attachment_2840\" aria-describedby=\"caption-attachment-2840\" style=\"width: 1024px\" class=\"wp-caption alignnone\"><img fetchpriority=\"high\" decoding=\"async\" class=\"size-large wp-image-2840\" src=\"http:\/\/sulsc.com\/wp-content\/uploads\/2023\/10\/Professora-de-Yoga-lanca-livro-Chacras-e-as-dimensoes-da-consciencia-1-1024x768.jpeg\" alt=\"\" width=\"1024\" height=\"768\" srcset=\"https:\/\/sulsc.com\/wp-content\/uploads\/2023\/10\/Professora-de-Yoga-lanca-livro-Chacras-e-as-dimensoes-da-consciencia-1-1024x768.jpeg 1024w, https:\/\/sulsc.com\/wp-content\/uploads\/2023\/10\/Professora-de-Yoga-lanca-livro-Chacras-e-as-dimensoes-da-consciencia-1-300x225.jpeg 300w, https:\/\/sulsc.com\/wp-content\/uploads\/2023\/10\/Professora-de-Yoga-lanca-livro-Chacras-e-as-dimensoes-da-consciencia-1-768x576.jpeg 768w, https:\/\/sulsc.com\/wp-content\/uploads\/2023\/10\/Professora-de-Yoga-lanca-livro-Chacras-e-as-dimensoes-da-consciencia-1.jpeg 1280w\" sizes=\"(max-width: 1024px) 100vw, 1024px\" \/><figcaption id=\"caption-attachment-2840\" class=\"wp-caption-text\">Maria Santana, autora do livro, \u00e9 professora de Yoga h\u00e1 mais de 30 anos<\/figcaption><\/figure>\n<p>Segundo Santana, abordar o sistema de chacras neste momento em que se come\u00e7a a entender os seres humanos a partir de uma vis\u00e3o totalmente nova e multidimensional e n\u00e3o como meras m\u00e1quinas biol\u00f3gicas, mas como um sistema \u00fanico de energia, \u201cn\u00f3s d\u00e1 a op\u00e7\u00e3o de come\u00e7ar a entender o processo de transforma\u00e7\u00e3o do homem a partir da sua natureza energ\u00e9tica\u201d.<\/p>\n<p>Segundo a professora de Yoga, \u00e9 fundamental descobrir que o corpo f\u00edsico celular \u00e9 nutrido, estruturado e quase invisivelmente guiado por uma variedade de sistemas de energia espiritual e vital. \u201cOs chacras s\u00e3o transformadores espec\u00edficos de energia sutil. Eles transformam sinais dessa energia em sinais de bio-informa\u00e7\u00e3o qu\u00edmica e hormonal que d\u00e3o instru\u00e7\u00f5es e conduzem v\u00e1rios processos fisiol\u00f3gicos no corpo. Os chacras s\u00e3o processadores de energias espiritual e emocional\u201d, conclui.<\/p>\n","protected":false},"excerpt":{"rendered":"<p>Professora de educa\u00e7\u00e3o f\u00edsica por muitos anos e do Yoga h\u00e1 mais de 30 anos, Maria Santana Alves lan\u00e7a nesta sexta-feira (27) o seu livro Chacras e as Dimens\u00f5es da Consci\u00eancia. O evento, que acontece no Galp\u00e3o Farol, no bairro Congonhas, re\u00fane seus alunos em ter\u00e1 roda de mantra, dan\u00e7a indiana e um jantar indiano. &hellip;<\/p>\n<p class=\"read-more\"> <a class=\"\" href=\"https:\/\/sulsc.com\/index.php\/2023\/10\/25\/professora-de-yoga-lanca-livro-chacras-e-as-dimensoes-da-consciencia\/\"> <span class=\"screen-reader-text\">Professora de Yoga lan\u00e7a livro Chacras e as dimens\u00f5es da consci\u00eancia<\/span> Read More &raquo;<\/a><\/p>\n","protected":false},"author":3,"featured_media":2841,"comment_status":"open","ping_status":"open","sticky":false,"template":"","format":"standard","meta":{"site-sidebar-layout":"default","site-content-layout":"","ast-site-content-layout":"default","site-content-style":"default","site-sidebar-style":"default","ast-global-header-display":"","ast-banner-title-visibility":"","ast-main-header-display":"","ast-hfb-above-header-display":"","ast-hfb-below-header-display":"","ast-hfb-mobile-header-display":"","site-post-title":"","ast-breadcrumbs-content":"","ast-featured-img":"","footer-sml-layout":"","theme-transparent-header-meta":"default","adv-header-id-meta":"","stick-header-meta":"","header-above-stick-meta":"","header-main-stick-meta":"","header-below-stick-meta":"","astra-migrate-meta-layouts":"set","footnotes":""},"categories":[1,21],"tags":[],"yoast_head":"<!-- This site is optimized with the Yoast SEO plugin v21.4 - https:\/\/yoast.com\/wordpress\/plugins\/seo\/ -->\n<title>Professora de Yoga lan\u00e7a livro Chacras e as dimens\u00f5es da consci\u00eancia -<\/title>\n<meta name=\"robots\" content=\"index, follow, max-snippet:-1, max-image-preview:large, max-video-preview:-1\" \/>\n<link rel=\"canonical\" href=\"https:\/\/sulsc.com\/index.php\/2023\/10\/25\/professora-de-yoga-lanca-livro-chacras-e-as-dimensoes-da-consciencia\/\" \/>\n<meta property=\"og:locale\" content=\"en_US\" \/>\n<meta property=\"og:type\" content=\"article\" \/>\n<meta property=\"og:title\" content=\"Professora de Yoga lan\u00e7a livro Chacras e as dimens\u00f5es da consci\u00eancia -\" \/>\n<meta property=\"og:description\" content=\"Professora de educa\u00e7\u00e3o f\u00edsica por muitos anos e do Yoga h\u00e1 mais de 30 anos, Maria Santana Alves lan\u00e7a nesta sexta-feira (27) o seu livro Chacras e as Dimens\u00f5es da Consci\u00eancia. O evento, que acontece no Galp\u00e3o Farol, no bairro Congonhas, re\u00fane seus alunos em ter\u00e1 roda de mantra, dan\u00e7a indiana e um jantar indiano. &hellip; Professora de Yoga lan\u00e7a livro Chacras e as dimens\u00f5es da consci\u00eancia Read More &raquo;\" \/>\n<meta property=\"og:url\" content=\"https:\/\/sulsc.com\/index.php\/2023\/10\/25\/professora-de-yoga-lanca-livro-chacras-e-as-dimensoes-da-consciencia\/\" \/>\n<meta property=\"article:author\" content=\"https:\/\/www.facebook.com\/profile.php?id=61559278119680\" \/>\n<meta property=\"article:published_time\" content=\"2023-10-25T20:00:57+00:00\" \/>\n<meta property=\"article:modified_time\" content=\"2023-10-25T16:40:19+00:00\" \/>\n<meta property=\"og:image\" content=\"https:\/\/sulsc.com\/wp-content\/uploads\/2023\/10\/Professora-de-Yoga-lanca-livro-Chacras-e-as-dimensoes-da-consciencia-2.jpeg\" \/>\n\t<meta property=\"og:image:width\" content=\"1280\" \/>\n\t<meta property=\"og:image:height\" content=\"960\" \/>\n\t<meta property=\"og:image:type\" content=\"image\/jpeg\" \/>\n<meta name=\"author\" content=\"Reda\u00e7\u00e3o Sul SC\" \/>\n<meta name=\"twitter:card\" content=\"summary_large_image\" \/>\n<meta name=\"twitter:creator\" content=\"@https:\/\/twitter.com\/PortalSulSC\" \/>\n<meta name=\"twitter:label1\" content=\"Written by\" \/>\n\t<meta name=\"twitter:data1\" content=\"Reda\u00e7\u00e3o Sul SC\" \/>\n\t<meta name=\"twitter:label2\" content=\"Est. reading time\" \/>\n\t<meta name=\"twitter:data2\" content=\"3 minutes\" \/>\n<script type=\"application\/ld+json\" class=\"yoast-schema-graph\">{\"@context\":\"https:\/\/schema.org\",\"@graph\":[{\"@type\":\"WebPage\",\"@id\":\"https:\/\/sulsc.com\/index.php\/2023\/10\/25\/professora-de-yoga-lanca-livro-chacras-e-as-dimensoes-da-consciencia\/\",\"url\":\"https:\/\/sulsc.com\/index.php\/2023\/10\/25\/professora-de-yoga-lanca-livro-chacras-e-as-dimensoes-da-consciencia\/\",\"name\":\"Professora de Yoga lan\u00e7a livro Chacras e as dimens\u00f5es da consci\u00eancia -\",\"isPartOf\":{\"@id\":\"https:\/\/sulsc.com\/#website\"},\"datePublished\":\"2023-10-25T20:00:57+00:00\",\"dateModified\":\"2023-10-25T16:40:19+00:00\",\"author\":{\"@id\":\"https:\/\/sulsc.com\/#\/schema\/person\/84d2fc571684f6248ba83092f07750a3\"},\"breadcrumb\":{\"@id\":\"https:\/\/sulsc.com\/index.php\/2023\/10\/25\/professora-de-yoga-lanca-livro-chacras-e-as-dimensoes-da-consciencia\/#breadcrumb\"},\"inLanguage\":\"en-US\",\"potentialAction\":[{\"@type\":\"ReadAction\",\"target\":[\"https:\/\/sulsc.com\/index.php\/2023\/10\/25\/professora-de-yoga-lanca-livro-chacras-e-as-dimensoes-da-consciencia\/\"]}]},{\"@type\":\"BreadcrumbList\",\"@id\":\"https:\/\/sulsc.com\/index.php\/2023\/10\/25\/professora-de-yoga-lanca-livro-chacras-e-as-dimensoes-da-consciencia\/#breadcrumb\",\"itemListElement\":[{\"@type\":\"ListItem\",\"position\":1,\"name\":\"In\u00edcio\",\"item\":\"https:\/\/sulsc.com\/\"},{\"@type\":\"ListItem\",\"position\":2,\"name\":\"Professora de Yoga lan\u00e7a livro Chacras e as dimens\u00f5es da consci\u00eancia\"}]},{\"@type\":\"WebSite\",\"@id\":\"https:\/\/sulsc.com\/#website\",\"url\":\"https:\/\/sulsc.com\/\",\"name\":\"\",\"description\":\"\",\"potentialAction\":[{\"@type\":\"SearchAction\",\"target\":{\"@type\":\"EntryPoint\",\"urlTemplate\":\"https:\/\/sulsc.com\/?s={search_term_string}\"},\"query-input\":\"required name=search_term_string\"}],\"inLanguage\":\"en-US\"},{\"@type\":\"Person\",\"@id\":\"https:\/\/sulsc.com\/#\/schema\/person\/84d2fc571684f6248ba83092f07750a3\",\"name\":\"Reda\u00e7\u00e3o Sul SC\",\"image\":{\"@type\":\"ImageObject\",\"inLanguage\":\"en-US\",\"@id\":\"https:\/\/sulsc.com\/#\/schema\/person\/image\/e08d7fe2cc4ed596372063bbe852b8d0\",\"url\":\"https:\/\/sulsc.com\/wp-content\/uploads\/2023\/09\/redacao.png\",\"contentUrl\":\"https:\/\/sulsc.com\/wp-content\/uploads\/2023\/09\/redacao.png\",\"caption\":\"Reda\u00e7\u00e3o Sul SC\"},\"description\":\"Foco em um jornalismo imparcial, voltado \u00e0 qualidade dos seus conte\u00fados e, assim, levar informa\u00e7\u00e3o de valor que agregue \u00e0 vida dos leitores. Esta \u00e9 grande miss\u00e3o do Portal de Not\u00edcias Sul SC. N\u00e3o \u00e9 quantidade que muda o mundo, sempre foi e seguir\u00e1 sendo qualidade!\",\"sameAs\":[\"https:\/\/sulsc.com\/\",\"https:\/\/www.facebook.com\/profile.php?id=61559278119680\",\"https:\/\/www.instagram.com\/sulscportal\/?hl=pt-br\",\"https:\/\/twitter.com\/https:\/\/twitter.com\/PortalSulSC\",\"https:\/\/www.youtube.com\/channel\/UCv_BE8GeySluDov2n8qhVmw\"],\"url\":\"https:\/\/sulsc.com\/index.php\/author\/redacao\/\"}]}<\/script>\n<!-- \/ Yoast SEO plugin. -->","yoast_head_json":{"title":"Professora de Yoga lan\u00e7a livro Chacras e as dimens\u00f5es da consci\u00eancia -","robots":{"index":"index","follow":"follow","max-snippet":"max-snippet:-1","max-image-preview":"max-image-preview:large","max-video-preview":"max-video-preview:-1"},"canonical":"https:\/\/sulsc.com\/index.php\/2023\/10\/25\/professora-de-yoga-lanca-livro-chacras-e-as-dimensoes-da-consciencia\/","og_locale":"en_US","og_type":"article","og_title":"Professora de Yoga lan\u00e7a livro Chacras e as dimens\u00f5es da consci\u00eancia -","og_description":"Professora de educa\u00e7\u00e3o f\u00edsica por muitos anos e do Yoga h\u00e1 mais de 30 anos, Maria Santana Alves lan\u00e7a nesta sexta-feira (27) o seu livro Chacras e as Dimens\u00f5es da Consci\u00eancia. O evento, que acontece no Galp\u00e3o Farol, no bairro Congonhas, re\u00fane seus alunos em ter\u00e1 roda de mantra, dan\u00e7a indiana e um jantar indiano. &hellip; Professora de Yoga lan\u00e7a livro Chacras e as dimens\u00f5es da consci\u00eancia Read More &raquo;","og_url":"https:\/\/sulsc.com\/index.php\/2023\/10\/25\/professora-de-yoga-lanca-livro-chacras-e-as-dimensoes-da-consciencia\/","article_author":"https:\/\/www.facebook.com\/profile.php?id=61559278119680","article_published_time":"2023-10-25T20:00:57+00:00","article_modified_time":"2023-10-25T16:40:19+00:00","og_image":[{"width":1280,"height":960,"url":"https:\/\/sulsc.com\/wp-content\/uploads\/2023\/10\/Professora-de-Yoga-lanca-livro-Chacras-e-as-dimensoes-da-consciencia-2.jpeg","type":"image\/jpeg"}],"author":"Reda\u00e7\u00e3o Sul SC","twitter_card":"summary_large_image","twitter_creator":"@https:\/\/twitter.com\/PortalSulSC","twitter_misc":{"Written by":"Reda\u00e7\u00e3o Sul SC","Est. reading time":"3 minutes"},"schema":{"@context":"https:\/\/schema.org","@graph":[{"@type":"WebPage","@id":"https:\/\/sulsc.com\/index.php\/2023\/10\/25\/professora-de-yoga-lanca-livro-chacras-e-as-dimensoes-da-consciencia\/","url":"https:\/\/sulsc.com\/index.php\/2023\/10\/25\/professora-de-yoga-lanca-livro-chacras-e-as-dimensoes-da-consciencia\/","name":"Professora de Yoga lan\u00e7a livro Chacras e as dimens\u00f5es da consci\u00eancia -","isPartOf":{"@id":"https:\/\/sulsc.com\/#website"},"datePublished":"2023-10-25T20:00:57+00:00","dateModified":"2023-10-25T16:40:19+00:00","author":{"@id":"https:\/\/sulsc.com\/#\/schema\/person\/84d2fc571684f6248ba83092f07750a3"},"breadcrumb":{"@id":"https:\/\/sulsc.com\/index.php\/2023\/10\/25\/professora-de-yoga-lanca-livro-chacras-e-as-dimensoes-da-consciencia\/#breadcrumb"},"inLanguage":"en-US","potentialAction":[{"@type":"ReadAction","target":["https:\/\/sulsc.com\/index.php\/2023\/10\/25\/professora-de-yoga-lanca-livro-chacras-e-as-dimensoes-da-consciencia\/"]}]},{"@type":"BreadcrumbList","@id":"https:\/\/sulsc.com\/index.php\/2023\/10\/25\/professora-de-yoga-lanca-livro-chacras-e-as-dimensoes-da-consciencia\/#breadcrumb","itemListElement":[{"@type":"ListItem","position":1,"name":"In\u00edcio","item":"https:\/\/sulsc.com\/"},{"@type":"ListItem","position":2,"name":"Professora de Yoga lan\u00e7a livro Chacras e as dimens\u00f5es da consci\u00eancia"}]},{"@type":"WebSite","@id":"https:\/\/sulsc.com\/#website","url":"https:\/\/sulsc.com\/","name":"","description":"","potentialAction":[{"@type":"SearchAction","target":{"@type":"EntryPoint","urlTemplate":"https:\/\/sulsc.com\/?s={search_term_string}"},"query-input":"required name=search_term_string"}],"inLanguage":"en-US"},{"@type":"Person","@id":"https:\/\/sulsc.com\/#\/schema\/person\/84d2fc571684f6248ba83092f07750a3","name":"Reda\u00e7\u00e3o Sul SC","image":{"@type":"ImageObject","inLanguage":"en-US","@id":"https:\/\/sulsc.com\/#\/schema\/person\/image\/e08d7fe2cc4ed596372063bbe852b8d0","url":"https:\/\/sulsc.com\/wp-content\/uploads\/2023\/09\/redacao.png","contentUrl":"https:\/\/sulsc.com\/wp-content\/uploads\/2023\/09\/redacao.png","caption":"Reda\u00e7\u00e3o Sul SC"},"description":"Foco em um jornalismo imparcial, voltado \u00e0 qualidade dos seus conte\u00fados e, assim, levar informa\u00e7\u00e3o de valor que agregue \u00e0 vida dos leitores. Esta \u00e9 grande miss\u00e3o do Portal de Not\u00edcias Sul SC. N\u00e3o \u00e9 quantidade que muda o mundo, sempre foi e seguir\u00e1 sendo qualidade!","sameAs":["https:\/\/sulsc.com\/","https:\/\/www.facebook.com\/profile.php?id=61559278119680","https:\/\/www.instagram.com\/sulscportal\/?hl=pt-br","https:\/\/twitter.com\/https:\/\/twitter.com\/PortalSulSC","https:\/\/www.youtube.com\/channel\/UCv_BE8GeySluDov2n8qhVmw"],"url":"https:\/\/sulsc.com\/index.php\/author\/redacao\/"}]}},"authors":[],"_links":{"self":[{"href":"https:\/\/sulsc.com\/index.php\/wp-json\/wp\/v2\/posts\/2839"}],"collection":[{"href":"https:\/\/sulsc.com\/index.php\/wp-json\/wp\/v2\/posts"}],"about":[{"href":"https:\/\/sulsc.com\/index.php\/wp-json\/wp\/v2\/types\/post"}],"author":[{"embeddable":true,"href":"https:\/\/sulsc.com\/index.php\/wp-json\/wp\/v2\/users\/3"}],"replies":[{"embeddable":true,"href":"https:\/\/sulsc.com\/index.php\/wp-json\/wp\/v2\/comments?post=2839"}],"version-history":[{"count":1,"href":"https:\/\/sulsc.com\/index.php\/wp-json\/wp\/v2\/posts\/2839\/revisions"}],"predecessor-version":[{"id":2842,"href":"https:\/\/sulsc.com\/index.php\/wp-json\/wp\/v2\/posts\/2839\/revisions\/2842"}],"wp:featuredmedia":[{"embeddable":true,"href":"https:\/\/sulsc.com\/index.php\/wp-json\/wp\/v2\/media\/2841"}],"wp:attachment":[{"href":"https:\/\/sulsc.com\/index.php\/wp-json\/wp\/v2\/media?parent=2839"}],"wp:term":[{"taxonomy":"category","embeddable":true,"href":"https:\/\/sulsc.com\/index.php\/wp-json\/wp\/v2\/categories?post=2839"},{"taxonomy":"post_tag","embeddable":true,"href":"https:\/\/sulsc.com\/index.php\/wp-json\/wp\/v2\/tags?post=2839"}],"curies":[{"name":"wp","href":"https:\/\/api.w.org\/{rel}","templated":true}]}}