{"id":2848,"date":"2023-10-25T14:30:40","date_gmt":"2023-10-25T17:30:40","guid":{"rendered":"https:\/\/sulsc.com\/?p=2848"},"modified":"2023-10-25T13:04:29","modified_gmt":"2023-10-25T16:04:29","slug":"escolas-de-tubarao-serao-contempladas-com-recursos-para-equipar-salas-de-atendimento-especializado","status":"publish","type":"post","link":"https:\/\/sulsc.com\/index.php\/2023\/10\/25\/escolas-de-tubarao-serao-contempladas-com-recursos-para-equipar-salas-de-atendimento-especializado\/","title":{"rendered":"Escolas de Tubar\u00e3o ser\u00e3o contempladas com recursos para equipar salas de atendimento especializado"},"content":{"rendered":"<p>Recursos destinados exclusivamente para equipar salas Multifuncionais do Atendimento Educacional Especializado (AEE) contemplar\u00e3o mais cinco escolas do munic\u00edpio de Tubar\u00e3o.\u00a0Os recursos ser\u00e3o oriundos do Programa Dinheiro Direto na Escola (PDDE interativo), uma ferramenta de apoio \u00e0 gest\u00e3o escolar desenvolvida pelo Minist\u00e9rio da Educa\u00e7\u00e3o, em parceria com as Secretarias de Educa\u00e7\u00e3o e que est\u00e1 dispon\u00edvel para todas as escolas p\u00fablicas cadastradas no Censo Escolar.<\/p>\n<p>Dessa forma, as unidades escolares da rede municipal de ensino Arino Bressan, S\u00e3o Judas Tadeu, Faustina da Luz Patr\u00edcio, Manoel Rufino Francisco e S\u00e3o Martinho receber\u00e3o, cada uma, o aporte financeiro de R$ 20 mil, R$ 16 mil para o capital e R$ 4 mil de custeio. Esses recursos ser\u00e3o utilizados para equipar salas do Atendimento Educacional Especializado, na aquisi\u00e7\u00e3o ou adequa\u00e7\u00e3o de itens que comp\u00f5em essas salas.<\/p>\n<p>No in\u00edcio do m\u00eas de outubro, a Funda\u00e7\u00e3o Municipal de Educa\u00e7\u00e3o de Tubar\u00e3o anunciou que as escolas municipais Jo\u00e3o Hil\u00e1rio de Mello, Maria Em\u00edlia Rocha, Jo\u00e3o Paulo I e CEI Theresa da Silva Rosendo haviam sido contempladas tamb\u00e9m com recursos na ordem de R$ 20 mil cada para aquisi\u00e7\u00e3o de equipamentos destinados ao atendimento priorit\u00e1rio inclusivo.<\/p>\n<p><img fetchpriority=\"high\" decoding=\"async\" class=\"alignnone size-full wp-image-2850\" src=\"http:\/\/sulsc.com\/wp-content\/uploads\/2023\/10\/Escolas-de-Tubarao-serao-contempladas-com-recursos-para-equipar-salas-de-atendimento-especializado-01.jpg\" alt=\"\" width=\"768\" height=\"445\" srcset=\"https:\/\/sulsc.com\/wp-content\/uploads\/2023\/10\/Escolas-de-Tubarao-serao-contempladas-com-recursos-para-equipar-salas-de-atendimento-especializado-01.jpg 768w, https:\/\/sulsc.com\/wp-content\/uploads\/2023\/10\/Escolas-de-Tubarao-serao-contempladas-com-recursos-para-equipar-salas-de-atendimento-especializado-01-300x174.jpg 300w\" sizes=\"(max-width: 768px) 100vw, 768px\" \/><\/p>\n<p>Dessa forma, nove unidades da rede municipal de ensino poder\u00e3o incrementar o Atendimento Educacional especializado (AEE), por meio da aquisi\u00e7\u00e3o de equipamentos especializados para as atividades desenvolvidas no AEE, que se diferenciam daquelas realizadas na sala de aula comum.<\/p>\n<p>\u201cEle \u00e9 promovido prioritariamente em salas com recursos multifuncionais da pr\u00f3pria escola, em outra escola de ensino regular ou em polos de atendimento educacional especializado. E esses recursos v\u00e3o ser importantes para ampliarmos a rede de atendimento e a acessibilidade dos estudantes que fazem parte da educa\u00e7\u00e3o especial inclusiva\u201d, analisa a diretora-presidente da Funda\u00e7\u00e3o Municipal de Educa\u00e7\u00e3o, Anete Dacorr\u00e9gio Volpato Wilbert.<\/p>\n<p>As atividades buscam o desenvolvimento de habilidades cognitivas, socioafetivas, psicomotoras, comunicacionais, lingu\u00edsticas, identit\u00e1rias e culturais dos estudantes com necessidades educacionais espec\u00edficas dos estudantes com defici\u00eancia, transtorno do espectro autista (TEA) e altas habilidades ou superdota\u00e7\u00e3o. As a\u00e7\u00f5es pedag\u00f3gicas realizadas pelo professor especializado visam apoiar as atividades realizadas pelo professor na classe comum.<\/p>\n<p>Segundo pesquisa efetivada pelas profissionais do AEE, a \u00faltima vez em que o munic\u00edpio recebeu esse tipo de equipamento foi em 2009. \u201cDesde ent\u00e3o, sem recursos espec\u00edficos, as salas do AEE n\u00e3o dispunham de infraestrutura adequada para atendimento\u201d, revela a professora Silvana Nogueira, integrante da equipe do AEE.<\/p>\n<p>&nbsp;<\/p>\n<p>Fonte: Pref. Tubar\u00e3o<\/p>\n","protected":false},"excerpt":{"rendered":"<p>Recursos destinados exclusivamente para equipar salas Multifuncionais do Atendimento Educacional Especializado (AEE) contemplar\u00e3o mais cinco escolas do munic\u00edpio de Tubar\u00e3o.\u00a0Os recursos ser\u00e3o oriundos do Programa Dinheiro Direto na Escola (PDDE interativo), uma ferramenta de apoio \u00e0 gest\u00e3o escolar desenvolvida pelo Minist\u00e9rio da Educa\u00e7\u00e3o, em parceria com as Secretarias de Educa\u00e7\u00e3o e que est\u00e1 dispon\u00edvel para &hellip;<\/p>\n<p class=\"read-more\"> <a class=\"\" href=\"https:\/\/sulsc.com\/index.php\/2023\/10\/25\/escolas-de-tubarao-serao-contempladas-com-recursos-para-equipar-salas-de-atendimento-especializado\/\"> <span class=\"screen-reader-text\">Escolas de Tubar\u00e3o ser\u00e3o contempladas com recursos para equipar salas de atendimento especializado<\/span> Read More &raquo;<\/a><\/p>\n","protected":false},"author":3,"featured_media":2849,"comment_status":"open","ping_status":"open","sticky":false,"template":"","format":"standard","meta":{"site-sidebar-layout":"default","site-content-layout":"","ast-site-content-layout":"default","site-content-style":"default","site-sidebar-style":"default","ast-global-header-display":"","ast-banner-title-visibility":"","ast-main-header-display":"","ast-hfb-above-header-display":"","ast-hfb-below-header-display":"","ast-hfb-mobile-header-display":"","site-post-title":"","ast-breadcrumbs-content":"","ast-featured-img":"","footer-sml-layout":"","theme-transparent-header-meta":"default","adv-header-id-meta":"","stick-header-meta":"","header-above-stick-meta":"","header-main-stick-meta":"","header-below-stick-meta":"","astra-migrate-meta-layouts":"set","footnotes":""},"categories":[1,21],"tags":[],"yoast_head":"<!-- This site is optimized with the Yoast SEO plugin v21.4 - https:\/\/yoast.com\/wordpress\/plugins\/seo\/ -->\n<title>Escolas de Tubar\u00e3o ser\u00e3o contempladas com recursos para equipar salas de atendimento especializado -<\/title>\n<meta name=\"robots\" content=\"index, follow, max-snippet:-1, max-image-preview:large, max-video-preview:-1\" \/>\n<link rel=\"canonical\" href=\"https:\/\/sulsc.com\/index.php\/2023\/10\/25\/escolas-de-tubarao-serao-contempladas-com-recursos-para-equipar-salas-de-atendimento-especializado\/\" \/>\n<meta property=\"og:locale\" content=\"en_US\" \/>\n<meta property=\"og:type\" content=\"article\" \/>\n<meta property=\"og:title\" content=\"Escolas de Tubar\u00e3o ser\u00e3o contempladas com recursos para equipar salas de atendimento especializado -\" \/>\n<meta property=\"og:description\" content=\"Recursos destinados exclusivamente para equipar salas Multifuncionais do Atendimento Educacional Especializado (AEE) contemplar\u00e3o mais cinco escolas do munic\u00edpio de Tubar\u00e3o.\u00a0Os recursos ser\u00e3o oriundos do Programa Dinheiro Direto na Escola (PDDE interativo), uma ferramenta de apoio \u00e0 gest\u00e3o escolar desenvolvida pelo Minist\u00e9rio da Educa\u00e7\u00e3o, em parceria com as Secretarias de Educa\u00e7\u00e3o e que est\u00e1 dispon\u00edvel para &hellip; Escolas de Tubar\u00e3o ser\u00e3o contempladas com recursos para equipar salas de atendimento especializado Read More &raquo;\" \/>\n<meta property=\"og:url\" content=\"https:\/\/sulsc.com\/index.php\/2023\/10\/25\/escolas-de-tubarao-serao-contempladas-com-recursos-para-equipar-salas-de-atendimento-especializado\/\" \/>\n<meta property=\"article:author\" content=\"https:\/\/www.facebook.com\/profile.php?id=61559278119680\" \/>\n<meta property=\"article:published_time\" content=\"2023-10-25T17:30:40+00:00\" \/>\n<meta property=\"article:modified_time\" content=\"2023-10-25T16:04:29+00:00\" \/>\n<meta property=\"og:image\" content=\"https:\/\/sulsc.com\/wp-content\/uploads\/2023\/10\/Escolas-de-Tubarao-serao-contempladas-com-recursos-para-equipar-salas-de-atendimento-especializado-02.jpg\" \/>\n\t<meta property=\"og:image:width\" content=\"768\" \/>\n\t<meta property=\"og:image:height\" content=\"1024\" \/>\n\t<meta property=\"og:image:type\" content=\"image\/jpeg\" \/>\n<meta name=\"author\" content=\"Reda\u00e7\u00e3o Sul SC\" \/>\n<meta name=\"twitter:card\" content=\"summary_large_image\" \/>\n<meta name=\"twitter:creator\" content=\"@https:\/\/twitter.com\/PortalSulSC\" \/>\n<meta name=\"twitter:label1\" content=\"Written by\" \/>\n\t<meta name=\"twitter:data1\" content=\"Reda\u00e7\u00e3o Sul SC\" \/>\n\t<meta name=\"twitter:label2\" content=\"Est. reading time\" \/>\n\t<meta name=\"twitter:data2\" content=\"3 minutes\" \/>\n<script type=\"application\/ld+json\" class=\"yoast-schema-graph\">{\"@context\":\"https:\/\/schema.org\",\"@graph\":[{\"@type\":\"WebPage\",\"@id\":\"https:\/\/sulsc.com\/index.php\/2023\/10\/25\/escolas-de-tubarao-serao-contempladas-com-recursos-para-equipar-salas-de-atendimento-especializado\/\",\"url\":\"https:\/\/sulsc.com\/index.php\/2023\/10\/25\/escolas-de-tubarao-serao-contempladas-com-recursos-para-equipar-salas-de-atendimento-especializado\/\",\"name\":\"Escolas de Tubar\u00e3o ser\u00e3o contempladas com recursos para equipar salas de atendimento especializado -\",\"isPartOf\":{\"@id\":\"https:\/\/sulsc.com\/#website\"},\"datePublished\":\"2023-10-25T17:30:40+00:00\",\"dateModified\":\"2023-10-25T16:04:29+00:00\",\"author\":{\"@id\":\"https:\/\/sulsc.com\/#\/schema\/person\/84d2fc571684f6248ba83092f07750a3\"},\"breadcrumb\":{\"@id\":\"https:\/\/sulsc.com\/index.php\/2023\/10\/25\/escolas-de-tubarao-serao-contempladas-com-recursos-para-equipar-salas-de-atendimento-especializado\/#breadcrumb\"},\"inLanguage\":\"en-US\",\"potentialAction\":[{\"@type\":\"ReadAction\",\"target\":[\"https:\/\/sulsc.com\/index.php\/2023\/10\/25\/escolas-de-tubarao-serao-contempladas-com-recursos-para-equipar-salas-de-atendimento-especializado\/\"]}]},{\"@type\":\"BreadcrumbList\",\"@id\":\"https:\/\/sulsc.com\/index.php\/2023\/10\/25\/escolas-de-tubarao-serao-contempladas-com-recursos-para-equipar-salas-de-atendimento-especializado\/#breadcrumb\",\"itemListElement\":[{\"@type\":\"ListItem\",\"position\":1,\"name\":\"In\u00edcio\",\"item\":\"https:\/\/sulsc.com\/\"},{\"@type\":\"ListItem\",\"position\":2,\"name\":\"Escolas de Tubar\u00e3o ser\u00e3o contempladas com recursos para equipar salas de atendimento especializado\"}]},{\"@type\":\"WebSite\",\"@id\":\"https:\/\/sulsc.com\/#website\",\"url\":\"https:\/\/sulsc.com\/\",\"name\":\"\",\"description\":\"\",\"potentialAction\":[{\"@type\":\"SearchAction\",\"target\":{\"@type\":\"EntryPoint\",\"urlTemplate\":\"https:\/\/sulsc.com\/?s={search_term_string}\"},\"query-input\":\"required name=search_term_string\"}],\"inLanguage\":\"en-US\"},{\"@type\":\"Person\",\"@id\":\"https:\/\/sulsc.com\/#\/schema\/person\/84d2fc571684f6248ba83092f07750a3\",\"name\":\"Reda\u00e7\u00e3o Sul SC\",\"image\":{\"@type\":\"ImageObject\",\"inLanguage\":\"en-US\",\"@id\":\"https:\/\/sulsc.com\/#\/schema\/person\/image\/e08d7fe2cc4ed596372063bbe852b8d0\",\"url\":\"https:\/\/sulsc.com\/wp-content\/uploads\/2023\/09\/redacao.png\",\"contentUrl\":\"https:\/\/sulsc.com\/wp-content\/uploads\/2023\/09\/redacao.png\",\"caption\":\"Reda\u00e7\u00e3o Sul SC\"},\"description\":\"Foco em um jornalismo imparcial, voltado \u00e0 qualidade dos seus conte\u00fados e, assim, levar informa\u00e7\u00e3o de valor que agregue \u00e0 vida dos leitores. Esta \u00e9 grande miss\u00e3o do Portal de Not\u00edcias Sul SC. N\u00e3o \u00e9 quantidade que muda o mundo, sempre foi e seguir\u00e1 sendo qualidade!\",\"sameAs\":[\"https:\/\/sulsc.com\/\",\"https:\/\/www.facebook.com\/profile.php?id=61559278119680\",\"https:\/\/www.instagram.com\/sulscportal\/?hl=pt-br\",\"https:\/\/twitter.com\/https:\/\/twitter.com\/PortalSulSC\",\"https:\/\/www.youtube.com\/channel\/UCv_BE8GeySluDov2n8qhVmw\"],\"url\":\"https:\/\/sulsc.com\/index.php\/author\/redacao\/\"}]}<\/script>\n<!-- \/ Yoast SEO plugin. -->","yoast_head_json":{"title":"Escolas de Tubar\u00e3o ser\u00e3o contempladas com recursos para equipar salas de atendimento especializado -","robots":{"index":"index","follow":"follow","max-snippet":"max-snippet:-1","max-image-preview":"max-image-preview:large","max-video-preview":"max-video-preview:-1"},"canonical":"https:\/\/sulsc.com\/index.php\/2023\/10\/25\/escolas-de-tubarao-serao-contempladas-com-recursos-para-equipar-salas-de-atendimento-especializado\/","og_locale":"en_US","og_type":"article","og_title":"Escolas de Tubar\u00e3o ser\u00e3o contempladas com recursos para equipar salas de atendimento especializado -","og_description":"Recursos destinados exclusivamente para equipar salas Multifuncionais do Atendimento Educacional Especializado (AEE) contemplar\u00e3o mais cinco escolas do munic\u00edpio de Tubar\u00e3o.\u00a0Os recursos ser\u00e3o oriundos do Programa Dinheiro Direto na Escola (PDDE interativo), uma ferramenta de apoio \u00e0 gest\u00e3o escolar desenvolvida pelo Minist\u00e9rio da Educa\u00e7\u00e3o, em parceria com as Secretarias de Educa\u00e7\u00e3o e que est\u00e1 dispon\u00edvel para &hellip; Escolas de Tubar\u00e3o ser\u00e3o contempladas com recursos para equipar salas de atendimento especializado Read More &raquo;","og_url":"https:\/\/sulsc.com\/index.php\/2023\/10\/25\/escolas-de-tubarao-serao-contempladas-com-recursos-para-equipar-salas-de-atendimento-especializado\/","article_author":"https:\/\/www.facebook.com\/profile.php?id=61559278119680","article_published_time":"2023-10-25T17:30:40+00:00","article_modified_time":"2023-10-25T16:04:29+00:00","og_image":[{"width":768,"height":1024,"url":"https:\/\/sulsc.com\/wp-content\/uploads\/2023\/10\/Escolas-de-Tubarao-serao-contempladas-com-recursos-para-equipar-salas-de-atendimento-especializado-02.jpg","type":"image\/jpeg"}],"author":"Reda\u00e7\u00e3o Sul SC","twitter_card":"summary_large_image","twitter_creator":"@https:\/\/twitter.com\/PortalSulSC","twitter_misc":{"Written by":"Reda\u00e7\u00e3o Sul SC","Est. reading time":"3 minutes"},"schema":{"@context":"https:\/\/schema.org","@graph":[{"@type":"WebPage","@id":"https:\/\/sulsc.com\/index.php\/2023\/10\/25\/escolas-de-tubarao-serao-contempladas-com-recursos-para-equipar-salas-de-atendimento-especializado\/","url":"https:\/\/sulsc.com\/index.php\/2023\/10\/25\/escolas-de-tubarao-serao-contempladas-com-recursos-para-equipar-salas-de-atendimento-especializado\/","name":"Escolas de Tubar\u00e3o ser\u00e3o contempladas com recursos para equipar salas de atendimento especializado -","isPartOf":{"@id":"https:\/\/sulsc.com\/#website"},"datePublished":"2023-10-25T17:30:40+00:00","dateModified":"2023-10-25T16:04:29+00:00","author":{"@id":"https:\/\/sulsc.com\/#\/schema\/person\/84d2fc571684f6248ba83092f07750a3"},"breadcrumb":{"@id":"https:\/\/sulsc.com\/index.php\/2023\/10\/25\/escolas-de-tubarao-serao-contempladas-com-recursos-para-equipar-salas-de-atendimento-especializado\/#breadcrumb"},"inLanguage":"en-US","potentialAction":[{"@type":"ReadAction","target":["https:\/\/sulsc.com\/index.php\/2023\/10\/25\/escolas-de-tubarao-serao-contempladas-com-recursos-para-equipar-salas-de-atendimento-especializado\/"]}]},{"@type":"BreadcrumbList","@id":"https:\/\/sulsc.com\/index.php\/2023\/10\/25\/escolas-de-tubarao-serao-contempladas-com-recursos-para-equipar-salas-de-atendimento-especializado\/#breadcrumb","itemListElement":[{"@type":"ListItem","position":1,"name":"In\u00edcio","item":"https:\/\/sulsc.com\/"},{"@type":"ListItem","position":2,"name":"Escolas de Tubar\u00e3o ser\u00e3o contempladas com recursos para equipar salas de atendimento especializado"}]},{"@type":"WebSite","@id":"https:\/\/sulsc.com\/#website","url":"https:\/\/sulsc.com\/","name":"","description":"","potentialAction":[{"@type":"SearchAction","target":{"@type":"EntryPoint","urlTemplate":"https:\/\/sulsc.com\/?s={search_term_string}"},"query-input":"required name=search_term_string"}],"inLanguage":"en-US"},{"@type":"Person","@id":"https:\/\/sulsc.com\/#\/schema\/person\/84d2fc571684f6248ba83092f07750a3","name":"Reda\u00e7\u00e3o Sul SC","image":{"@type":"ImageObject","inLanguage":"en-US","@id":"https:\/\/sulsc.com\/#\/schema\/person\/image\/e08d7fe2cc4ed596372063bbe852b8d0","url":"https:\/\/sulsc.com\/wp-content\/uploads\/2023\/09\/redacao.png","contentUrl":"https:\/\/sulsc.com\/wp-content\/uploads\/2023\/09\/redacao.png","caption":"Reda\u00e7\u00e3o Sul SC"},"description":"Foco em um jornalismo imparcial, voltado \u00e0 qualidade dos seus conte\u00fados e, assim, levar informa\u00e7\u00e3o de valor que agregue \u00e0 vida dos leitores. Esta \u00e9 grande miss\u00e3o do Portal de Not\u00edcias Sul SC. N\u00e3o \u00e9 quantidade que muda o mundo, sempre foi e seguir\u00e1 sendo qualidade!","sameAs":["https:\/\/sulsc.com\/","https:\/\/www.facebook.com\/profile.php?id=61559278119680","https:\/\/www.instagram.com\/sulscportal\/?hl=pt-br","https:\/\/twitter.com\/https:\/\/twitter.com\/PortalSulSC","https:\/\/www.youtube.com\/channel\/UCv_BE8GeySluDov2n8qhVmw"],"url":"https:\/\/sulsc.com\/index.php\/author\/redacao\/"}]}},"authors":[],"_links":{"self":[{"href":"https:\/\/sulsc.com\/index.php\/wp-json\/wp\/v2\/posts\/2848"}],"collection":[{"href":"https:\/\/sulsc.com\/index.php\/wp-json\/wp\/v2\/posts"}],"about":[{"href":"https:\/\/sulsc.com\/index.php\/wp-json\/wp\/v2\/types\/post"}],"author":[{"embeddable":true,"href":"https:\/\/sulsc.com\/index.php\/wp-json\/wp\/v2\/users\/3"}],"replies":[{"embeddable":true,"href":"https:\/\/sulsc.com\/index.php\/wp-json\/wp\/v2\/comments?post=2848"}],"version-history":[{"count":1,"href":"https:\/\/sulsc.com\/index.php\/wp-json\/wp\/v2\/posts\/2848\/revisions"}],"predecessor-version":[{"id":2851,"href":"https:\/\/sulsc.com\/index.php\/wp-json\/wp\/v2\/posts\/2848\/revisions\/2851"}],"wp:featuredmedia":[{"embeddable":true,"href":"https:\/\/sulsc.com\/index.php\/wp-json\/wp\/v2\/media\/2849"}],"wp:attachment":[{"href":"https:\/\/sulsc.com\/index.php\/wp-json\/wp\/v2\/media?parent=2848"}],"wp:term":[{"taxonomy":"category","embeddable":true,"href":"https:\/\/sulsc.com\/index.php\/wp-json\/wp\/v2\/categories?post=2848"},{"taxonomy":"post_tag","embeddable":true,"href":"https:\/\/sulsc.com\/index.php\/wp-json\/wp\/v2\/tags?post=2848"}],"curies":[{"name":"wp","href":"https:\/\/api.w.org\/{rel}","templated":true}]}}