{"id":28497,"date":"2025-10-17T07:57:40","date_gmt":"2025-10-17T10:57:40","guid":{"rendered":"https:\/\/sulsc.com\/?p=28497"},"modified":"2025-10-17T07:57:40","modified_gmt":"2025-10-17T10:57:40","slug":"sexta-feira-com-maximas-de-30oc-com-temporais-e-chuva-intensa-entre-a-tarde-e-a-noite","status":"publish","type":"post","link":"https:\/\/sulsc.com\/index.php\/2025\/10\/17\/sexta-feira-com-maximas-de-30oc-com-temporais-e-chuva-intensa-entre-a-tarde-e-a-noite\/","title":{"rendered":"Sexta-feira com m\u00e1ximas de 30\u00baC com temporais e chuva intensa entre a tarde e a noite"},"content":{"rendered":"<p><span dir=\"auto\" style=\"vertical-align: inherit;\"><span dir=\"auto\" style=\"vertical-align: inherit;\">Na sexta-feira (17), o processo de forma\u00e7\u00e3o de uma nova frente fria favoreceu a ocorr\u00eancia de temporais com chuva intensa, podendo provocar alagamentos e enxurradas. Essas instabilidades ocorrem inicialmente no Oeste e nas \u00e1reas de divis\u00e3o como o Rio Grande do Sul, avan\u00e7ando para as demais regi\u00f5es no decorrer do dia. O risco de ocorr\u00eancias adversas \u00e9 moderado a alto.<\/span><\/span><\/p>\n<p><strong><span dir=\"auto\" style=\"vertical-align: inherit;\"><span dir=\"auto\" style=\"vertical-align: inherit;\">Temperaturas<\/span><\/span><\/strong><\/p>\n<p><span dir=\"auto\" style=\"vertical-align: inherit;\"><span dir=\"auto\" style=\"vertical-align: inherit;\">O tempo mais fechado mant\u00e9m as temperaturas mais amenas, ficando pr\u00f3ximo na casa dos 20\u00b0C do Grande Oeste aos Planaltos. No litoral e em todo o Vale do Itaja\u00ed, as m\u00e1ximas se aproximam dos 30\u00b0C no in\u00edcio da tarde, com sensa\u00e7\u00e3o de abafamento, mas no decorrer do dia deve cair por conta da chuva.<\/span><\/span><\/p>\n<p><img fetchpriority=\"high\" decoding=\"async\" class=\"aligncenter size-full wp-image-28498\" src=\"http:\/\/sulsc.com\/wp-content\/uploads\/2025\/10\/image-8-1024x694-1.jpeg\" alt=\"\" width=\"1024\" height=\"694\" srcset=\"https:\/\/sulsc.com\/wp-content\/uploads\/2025\/10\/image-8-1024x694-1.jpeg 1024w, https:\/\/sulsc.com\/wp-content\/uploads\/2025\/10\/image-8-1024x694-1-300x203.jpeg 300w, https:\/\/sulsc.com\/wp-content\/uploads\/2025\/10\/image-8-1024x694-1-768x521.jpeg 768w\" sizes=\"(max-width: 1024px) 100vw, 1024px\" \/><\/p>\n<p><img decoding=\"async\" class=\"aligncenter size-full wp-image-22836\" src=\"http:\/\/sulsc.com\/wp-content\/uploads\/2025\/04\/Tempo-2.png\" alt=\"\" width=\"1024\" height=\"189\" srcset=\"https:\/\/sulsc.com\/wp-content\/uploads\/2025\/04\/Tempo-2.png 1024w, https:\/\/sulsc.com\/wp-content\/uploads\/2025\/04\/Tempo-2-300x55.png 300w, https:\/\/sulsc.com\/wp-content\/uploads\/2025\/04\/Tempo-2-768x142.png 768w\" sizes=\"(max-width: 1024px) 100vw, 1024px\" \/><\/p>\n<p><strong><span dir=\"auto\" style=\"vertical-align: inherit;\"><span dir=\"auto\" style=\"vertical-align: inherit;\">Vento:<\/span><\/span><\/strong><span dir=\"auto\" style=\"vertical-align: inherit;\"><span dir=\"auto\" style=\"vertical-align: inherit;\"> nordeste a sul, fraco a moderado. <\/span><\/span><br \/>\n<strong><span dir=\"auto\" style=\"vertical-align: inherit;\"><span dir=\"auto\" style=\"vertical-align: inherit;\">Sistema predominante:<\/span><\/span><\/strong><span dir=\"auto\" style=\"vertical-align: inherit;\"><span dir=\"auto\" style=\"vertical-align: inherit;\"> forma\u00e7\u00e3o de Frente Fria no Sul do Brasil.<\/span><\/span><\/p>\n<div id=\"metaslider-id-25573\" style=\"width: 100%;\" class=\"ml-slider-3-99-0 metaslider metaslider-flex metaslider-25573 ml-slider has-onhover-arrows ms-theme-default-base has-dots-nav\" role=\"region\" aria-label=\"Meio\" data-width=\"1200\">\n    <div id=\"metaslider_container_25573\">\n        <div id=\"metaslider_25573\">\n            <ul class='slides'>\n                <li style=\"display: block; width: 100%;\" class=\"slide-25684 ms-image \" aria-roledescription=\"slide\" data-date=\"2025-07-24 07:55:40\"><img src=\"https:\/\/sulsc.com\/wp-content\/uploads\/2025\/07\/Marr-2-1000x166.jpg\" height=\"200\" width=\"1200\" alt=\"\" class=\"slider-25573 slide-25684 msDefaultImage\" title=\"Marr 2\" \/><\/li>\n                <li style=\"display: none; width: 100%;\" class=\"slide-32412 ms-image \" aria-roledescription=\"slide\" data-date=\"2026-02-18 13:59:46\"><img src=\"https:\/\/sulsc.com\/wp-content\/uploads\/2026\/02\/40dc1580-cad5-4867-bc58-c4243821ad38-1000x166.jpeg\" height=\"200\" width=\"1200\" alt=\"\" class=\"slider-25573 slide-32412 msDefaultImage\" title=\"40dc1580-cad5-4867-bc58-c4243821ad38\" \/><\/li>\n                <li style=\"display: none; width: 100%;\" class=\"slide-32766 ms-image \" aria-roledescription=\"slide\" data-date=\"2026-03-03 17:22:59\"><img src=\"https:\/\/sulsc.com\/wp-content\/uploads\/2026\/03\/271ce739-f268-41c5-8051-3de1a1750359-1000x166.jpeg\" height=\"200\" width=\"1200\" alt=\"\" class=\"slider-25573 slide-32766 msDefaultImage\" title=\"271ce739-f268-41c5-8051-3de1a1750359\" \/><\/li>\n            <\/ul>\n        <\/div>\n        \n    <\/div>\n<\/div>\n<p><strong><span dir=\"auto\" style=\"vertical-align: inherit;\"><span dir=\"auto\" style=\"vertical-align: inherit;\">Amanh\u00e3 s\u00e1bado (18),<\/span><\/span><\/strong><span dir=\"auto\" style=\"vertical-align: inherit;\"><span dir=\"auto\" style=\"vertical-align: inherit;\"> o tempo ser\u00e1 assustador com chuva em SC, devido a uma frente fria. Melhora do tempo \u00e0 noite. Risco de temporais isolados na madrugada e in\u00edcio da manh\u00e3. As temperaturas ficar\u00e3o em decl\u00ednio no estado com o avan\u00e7o de uma massa de ar mais frio. <\/span><\/span><br \/>\n<strong><span dir=\"auto\" style=\"vertical-align: inherit;\"><span dir=\"auto\" style=\"vertical-align: inherit;\">Vento:<\/span><\/span><\/strong><span dir=\"auto\" style=\"vertical-align: inherit;\"><span dir=\"auto\" style=\"vertical-align: inherit;\"> predominantemente de sul, moderado, com rajadas mais intensas e persistentes no litoral (de 50 a 70Km\/h).<\/span><\/span><\/p>\n<p><span dir=\"auto\" style=\"vertical-align: inherit;\"><span dir=\"auto\" style=\"vertical-align: inherit;\">Fonte: Defesa Civil SC\/Epagri-Ciram<\/span><\/span><\/p>\n","protected":false},"excerpt":{"rendered":"<p>Na sexta-feira (17), o processo de forma\u00e7\u00e3o de uma nova frente fria favoreceu a ocorr\u00eancia de temporais com chuva intensa, podendo provocar alagamentos e enxurradas. Essas instabilidades ocorrem inicialmente no Oeste e nas \u00e1reas de divis\u00e3o como o Rio Grande do Sul, avan\u00e7ando para as demais regi\u00f5es no decorrer do dia. O risco de ocorr\u00eancias &hellip;<\/p>\n<p class=\"read-more\"> <a class=\"\" href=\"https:\/\/sulsc.com\/index.php\/2025\/10\/17\/sexta-feira-com-maximas-de-30oc-com-temporais-e-chuva-intensa-entre-a-tarde-e-a-noite\/\"> <span class=\"screen-reader-text\">Sexta-feira com m\u00e1ximas de 30\u00baC com temporais e chuva intensa entre a tarde e a noite<\/span> Read More &raquo;<\/a><\/p>\n","protected":false},"author":3,"featured_media":28499,"comment_status":"open","ping_status":"open","sticky":false,"template":"","format":"standard","meta":{"site-sidebar-layout":"default","site-content-layout":"","ast-site-content-layout":"default","site-content-style":"default","site-sidebar-style":"default","ast-global-header-display":"","ast-banner-title-visibility":"","ast-main-header-display":"","ast-hfb-above-header-display":"","ast-hfb-below-header-display":"","ast-hfb-mobile-header-display":"","site-post-title":"","ast-breadcrumbs-content":"","ast-featured-img":"","footer-sml-layout":"","theme-transparent-header-meta":"default","adv-header-id-meta":"","stick-header-meta":"","header-above-stick-meta":"","header-main-stick-meta":"","header-below-stick-meta":"","astra-migrate-meta-layouts":"set","footnotes":""},"categories":[2354,2231,1,14,38,12],"tags":[89],"yoast_head":"<!-- This site is optimized with the Yoast SEO plugin v21.4 - https:\/\/yoast.com\/wordpress\/plugins\/seo\/ -->\n<title>Sexta-feira com m\u00e1ximas de 30\u00baC com temporais e chuva intensa entre a tarde e a noite -<\/title>\n<meta name=\"robots\" content=\"index, follow, max-snippet:-1, max-image-preview:large, max-video-preview:-1\" \/>\n<link rel=\"canonical\" href=\"https:\/\/sulsc.com\/index.php\/2025\/10\/17\/sexta-feira-com-maximas-de-30oc-com-temporais-e-chuva-intensa-entre-a-tarde-e-a-noite\/\" \/>\n<meta property=\"og:locale\" content=\"en_US\" \/>\n<meta property=\"og:type\" content=\"article\" \/>\n<meta property=\"og:title\" content=\"Sexta-feira com m\u00e1ximas de 30\u00baC com temporais e chuva intensa entre a tarde e a noite -\" \/>\n<meta property=\"og:description\" content=\"Na sexta-feira (17), o processo de forma\u00e7\u00e3o de uma nova frente fria favoreceu a ocorr\u00eancia de temporais com chuva intensa, podendo provocar alagamentos e enxurradas. Essas instabilidades ocorrem inicialmente no Oeste e nas \u00e1reas de divis\u00e3o como o Rio Grande do Sul, avan\u00e7ando para as demais regi\u00f5es no decorrer do dia. O risco de ocorr\u00eancias &hellip; Sexta-feira com m\u00e1ximas de 30\u00baC com temporais e chuva intensa entre a tarde e a noite Read More &raquo;\" \/>\n<meta property=\"og:url\" content=\"https:\/\/sulsc.com\/index.php\/2025\/10\/17\/sexta-feira-com-maximas-de-30oc-com-temporais-e-chuva-intensa-entre-a-tarde-e-a-noite\/\" \/>\n<meta property=\"article:author\" content=\"https:\/\/www.facebook.com\/profile.php?id=61559278119680\" \/>\n<meta property=\"article:published_time\" content=\"2025-10-17T10:57:40+00:00\" \/>\n<meta property=\"og:image\" content=\"http:\/\/sulsc.com\/wp-content\/uploads\/2025\/10\/847d97b4-0910-49a6-93f3-c2313d7c94ed.jpg\" \/>\n\t<meta property=\"og:image:width\" content=\"960\" \/>\n\t<meta property=\"og:image:height\" content=\"540\" \/>\n\t<meta property=\"og:image:type\" content=\"image\/jpeg\" \/>\n<meta name=\"author\" content=\"Reda\u00e7\u00e3o Sul SC\" \/>\n<meta name=\"twitter:card\" content=\"summary_large_image\" \/>\n<meta name=\"twitter:creator\" content=\"@https:\/\/twitter.com\/PortalSulSC\" \/>\n<meta name=\"twitter:label1\" content=\"Written by\" \/>\n\t<meta name=\"twitter:data1\" content=\"Reda\u00e7\u00e3o Sul SC\" \/>\n\t<meta name=\"twitter:label2\" content=\"Est. reading time\" \/>\n\t<meta name=\"twitter:data2\" content=\"2 minutes\" \/>\n<script type=\"application\/ld+json\" class=\"yoast-schema-graph\">{\"@context\":\"https:\/\/schema.org\",\"@graph\":[{\"@type\":\"WebPage\",\"@id\":\"https:\/\/sulsc.com\/index.php\/2025\/10\/17\/sexta-feira-com-maximas-de-30oc-com-temporais-e-chuva-intensa-entre-a-tarde-e-a-noite\/\",\"url\":\"https:\/\/sulsc.com\/index.php\/2025\/10\/17\/sexta-feira-com-maximas-de-30oc-com-temporais-e-chuva-intensa-entre-a-tarde-e-a-noite\/\",\"name\":\"Sexta-feira com m\u00e1ximas de 30\u00baC com temporais e chuva intensa entre a tarde e a noite -\",\"isPartOf\":{\"@id\":\"https:\/\/sulsc.com\/#website\"},\"datePublished\":\"2025-10-17T10:57:40+00:00\",\"dateModified\":\"2025-10-17T10:57:40+00:00\",\"author\":{\"@id\":\"https:\/\/sulsc.com\/#\/schema\/person\/84d2fc571684f6248ba83092f07750a3\"},\"breadcrumb\":{\"@id\":\"https:\/\/sulsc.com\/index.php\/2025\/10\/17\/sexta-feira-com-maximas-de-30oc-com-temporais-e-chuva-intensa-entre-a-tarde-e-a-noite\/#breadcrumb\"},\"inLanguage\":\"en-US\",\"potentialAction\":[{\"@type\":\"ReadAction\",\"target\":[\"https:\/\/sulsc.com\/index.php\/2025\/10\/17\/sexta-feira-com-maximas-de-30oc-com-temporais-e-chuva-intensa-entre-a-tarde-e-a-noite\/\"]}]},{\"@type\":\"BreadcrumbList\",\"@id\":\"https:\/\/sulsc.com\/index.php\/2025\/10\/17\/sexta-feira-com-maximas-de-30oc-com-temporais-e-chuva-intensa-entre-a-tarde-e-a-noite\/#breadcrumb\",\"itemListElement\":[{\"@type\":\"ListItem\",\"position\":1,\"name\":\"In\u00edcio\",\"item\":\"https:\/\/sulsc.com\/\"},{\"@type\":\"ListItem\",\"position\":2,\"name\":\"Sexta-feira com m\u00e1ximas de 30\u00baC com temporais e chuva intensa entre a tarde e a noite\"}]},{\"@type\":\"WebSite\",\"@id\":\"https:\/\/sulsc.com\/#website\",\"url\":\"https:\/\/sulsc.com\/\",\"name\":\"\",\"description\":\"\",\"potentialAction\":[{\"@type\":\"SearchAction\",\"target\":{\"@type\":\"EntryPoint\",\"urlTemplate\":\"https:\/\/sulsc.com\/?s={search_term_string}\"},\"query-input\":\"required name=search_term_string\"}],\"inLanguage\":\"en-US\"},{\"@type\":\"Person\",\"@id\":\"https:\/\/sulsc.com\/#\/schema\/person\/84d2fc571684f6248ba83092f07750a3\",\"name\":\"Reda\u00e7\u00e3o Sul SC\",\"image\":{\"@type\":\"ImageObject\",\"inLanguage\":\"en-US\",\"@id\":\"https:\/\/sulsc.com\/#\/schema\/person\/image\/e08d7fe2cc4ed596372063bbe852b8d0\",\"url\":\"https:\/\/sulsc.com\/wp-content\/uploads\/2023\/09\/redacao.png\",\"contentUrl\":\"https:\/\/sulsc.com\/wp-content\/uploads\/2023\/09\/redacao.png\",\"caption\":\"Reda\u00e7\u00e3o Sul SC\"},\"description\":\"Foco em um jornalismo imparcial, voltado \u00e0 qualidade dos seus conte\u00fados e, assim, levar informa\u00e7\u00e3o de valor que agregue \u00e0 vida dos leitores. Esta \u00e9 grande miss\u00e3o do Portal de Not\u00edcias Sul SC. N\u00e3o \u00e9 quantidade que muda o mundo, sempre foi e seguir\u00e1 sendo qualidade!\",\"sameAs\":[\"https:\/\/sulsc.com\/\",\"https:\/\/www.facebook.com\/profile.php?id=61559278119680\",\"https:\/\/www.instagram.com\/sulscportal\/?hl=pt-br\",\"https:\/\/twitter.com\/https:\/\/twitter.com\/PortalSulSC\",\"https:\/\/www.youtube.com\/channel\/UCv_BE8GeySluDov2n8qhVmw\"],\"url\":\"https:\/\/sulsc.com\/index.php\/author\/redacao\/\"}]}<\/script>\n<!-- \/ Yoast SEO plugin. -->","yoast_head_json":{"title":"Sexta-feira com m\u00e1ximas de 30\u00baC com temporais e chuva intensa entre a tarde e a noite -","robots":{"index":"index","follow":"follow","max-snippet":"max-snippet:-1","max-image-preview":"max-image-preview:large","max-video-preview":"max-video-preview:-1"},"canonical":"https:\/\/sulsc.com\/index.php\/2025\/10\/17\/sexta-feira-com-maximas-de-30oc-com-temporais-e-chuva-intensa-entre-a-tarde-e-a-noite\/","og_locale":"en_US","og_type":"article","og_title":"Sexta-feira com m\u00e1ximas de 30\u00baC com temporais e chuva intensa entre a tarde e a noite -","og_description":"Na sexta-feira (17), o processo de forma\u00e7\u00e3o de uma nova frente fria favoreceu a ocorr\u00eancia de temporais com chuva intensa, podendo provocar alagamentos e enxurradas. Essas instabilidades ocorrem inicialmente no Oeste e nas \u00e1reas de divis\u00e3o como o Rio Grande do Sul, avan\u00e7ando para as demais regi\u00f5es no decorrer do dia. O risco de ocorr\u00eancias &hellip; Sexta-feira com m\u00e1ximas de 30\u00baC com temporais e chuva intensa entre a tarde e a noite Read More &raquo;","og_url":"https:\/\/sulsc.com\/index.php\/2025\/10\/17\/sexta-feira-com-maximas-de-30oc-com-temporais-e-chuva-intensa-entre-a-tarde-e-a-noite\/","article_author":"https:\/\/www.facebook.com\/profile.php?id=61559278119680","article_published_time":"2025-10-17T10:57:40+00:00","og_image":[{"width":960,"height":540,"url":"http:\/\/sulsc.com\/wp-content\/uploads\/2025\/10\/847d97b4-0910-49a6-93f3-c2313d7c94ed.jpg","type":"image\/jpeg"}],"author":"Reda\u00e7\u00e3o Sul SC","twitter_card":"summary_large_image","twitter_creator":"@https:\/\/twitter.com\/PortalSulSC","twitter_misc":{"Written by":"Reda\u00e7\u00e3o Sul SC","Est. reading time":"2 minutes"},"schema":{"@context":"https:\/\/schema.org","@graph":[{"@type":"WebPage","@id":"https:\/\/sulsc.com\/index.php\/2025\/10\/17\/sexta-feira-com-maximas-de-30oc-com-temporais-e-chuva-intensa-entre-a-tarde-e-a-noite\/","url":"https:\/\/sulsc.com\/index.php\/2025\/10\/17\/sexta-feira-com-maximas-de-30oc-com-temporais-e-chuva-intensa-entre-a-tarde-e-a-noite\/","name":"Sexta-feira com m\u00e1ximas de 30\u00baC com temporais e chuva intensa entre a tarde e a noite -","isPartOf":{"@id":"https:\/\/sulsc.com\/#website"},"datePublished":"2025-10-17T10:57:40+00:00","dateModified":"2025-10-17T10:57:40+00:00","author":{"@id":"https:\/\/sulsc.com\/#\/schema\/person\/84d2fc571684f6248ba83092f07750a3"},"breadcrumb":{"@id":"https:\/\/sulsc.com\/index.php\/2025\/10\/17\/sexta-feira-com-maximas-de-30oc-com-temporais-e-chuva-intensa-entre-a-tarde-e-a-noite\/#breadcrumb"},"inLanguage":"en-US","potentialAction":[{"@type":"ReadAction","target":["https:\/\/sulsc.com\/index.php\/2025\/10\/17\/sexta-feira-com-maximas-de-30oc-com-temporais-e-chuva-intensa-entre-a-tarde-e-a-noite\/"]}]},{"@type":"BreadcrumbList","@id":"https:\/\/sulsc.com\/index.php\/2025\/10\/17\/sexta-feira-com-maximas-de-30oc-com-temporais-e-chuva-intensa-entre-a-tarde-e-a-noite\/#breadcrumb","itemListElement":[{"@type":"ListItem","position":1,"name":"In\u00edcio","item":"https:\/\/sulsc.com\/"},{"@type":"ListItem","position":2,"name":"Sexta-feira com m\u00e1ximas de 30\u00baC com temporais e chuva intensa entre a tarde e a noite"}]},{"@type":"WebSite","@id":"https:\/\/sulsc.com\/#website","url":"https:\/\/sulsc.com\/","name":"","description":"","potentialAction":[{"@type":"SearchAction","target":{"@type":"EntryPoint","urlTemplate":"https:\/\/sulsc.com\/?s={search_term_string}"},"query-input":"required name=search_term_string"}],"inLanguage":"en-US"},{"@type":"Person","@id":"https:\/\/sulsc.com\/#\/schema\/person\/84d2fc571684f6248ba83092f07750a3","name":"Reda\u00e7\u00e3o Sul SC","image":{"@type":"ImageObject","inLanguage":"en-US","@id":"https:\/\/sulsc.com\/#\/schema\/person\/image\/e08d7fe2cc4ed596372063bbe852b8d0","url":"https:\/\/sulsc.com\/wp-content\/uploads\/2023\/09\/redacao.png","contentUrl":"https:\/\/sulsc.com\/wp-content\/uploads\/2023\/09\/redacao.png","caption":"Reda\u00e7\u00e3o Sul SC"},"description":"Foco em um jornalismo imparcial, voltado \u00e0 qualidade dos seus conte\u00fados e, assim, levar informa\u00e7\u00e3o de valor que agregue \u00e0 vida dos leitores. Esta \u00e9 grande miss\u00e3o do Portal de Not\u00edcias Sul SC. N\u00e3o \u00e9 quantidade que muda o mundo, sempre foi e seguir\u00e1 sendo qualidade!","sameAs":["https:\/\/sulsc.com\/","https:\/\/www.facebook.com\/profile.php?id=61559278119680","https:\/\/www.instagram.com\/sulscportal\/?hl=pt-br","https:\/\/twitter.com\/https:\/\/twitter.com\/PortalSulSC","https:\/\/www.youtube.com\/channel\/UCv_BE8GeySluDov2n8qhVmw"],"url":"https:\/\/sulsc.com\/index.php\/author\/redacao\/"}]}},"authors":[],"_links":{"self":[{"href":"https:\/\/sulsc.com\/index.php\/wp-json\/wp\/v2\/posts\/28497"}],"collection":[{"href":"https:\/\/sulsc.com\/index.php\/wp-json\/wp\/v2\/posts"}],"about":[{"href":"https:\/\/sulsc.com\/index.php\/wp-json\/wp\/v2\/types\/post"}],"author":[{"embeddable":true,"href":"https:\/\/sulsc.com\/index.php\/wp-json\/wp\/v2\/users\/3"}],"replies":[{"embeddable":true,"href":"https:\/\/sulsc.com\/index.php\/wp-json\/wp\/v2\/comments?post=28497"}],"version-history":[{"count":1,"href":"https:\/\/sulsc.com\/index.php\/wp-json\/wp\/v2\/posts\/28497\/revisions"}],"predecessor-version":[{"id":28500,"href":"https:\/\/sulsc.com\/index.php\/wp-json\/wp\/v2\/posts\/28497\/revisions\/28500"}],"wp:featuredmedia":[{"embeddable":true,"href":"https:\/\/sulsc.com\/index.php\/wp-json\/wp\/v2\/media\/28499"}],"wp:attachment":[{"href":"https:\/\/sulsc.com\/index.php\/wp-json\/wp\/v2\/media?parent=28497"}],"wp:term":[{"taxonomy":"category","embeddable":true,"href":"https:\/\/sulsc.com\/index.php\/wp-json\/wp\/v2\/categories?post=28497"},{"taxonomy":"post_tag","embeddable":true,"href":"https:\/\/sulsc.com\/index.php\/wp-json\/wp\/v2\/tags?post=28497"}],"curies":[{"name":"wp","href":"https:\/\/api.w.org\/{rel}","templated":true}]}}